{"id":12757,"date":"2016-05-12T03:17:59","date_gmt":"2016-05-12T03:17:59","guid":{"rendered":"http:\/\/www.grieta.org.mx\/?p=12757"},"modified":"2016-05-23T03:19:54","modified_gmt":"2016-05-23T03:19:54","slug":"nueva-brigada-militar-para-norte-del-pais-con-inversion-privada","status":"publish","type":"post","link":"http:\/\/www.grieta.org.mx\/index.php\/2016\/05\/12\/nueva-brigada-militar-para-norte-del-pais-con-inversion-privada\/","title":{"rendered":"Nueva brigada militar para norte del pa\u00eds, con inversi\u00f3n privada"},"content":{"rendered":"<p>Torre\u00f3n, Coah. El secretario de la Defensa Nacional, General Salvador Cienfuegos Zepeda, encabez\u00f3 la firma de un convenio para la construcci\u00f3n de una brigada de la polic\u00eda militar en el municipio de San Pedro de las Colonias que tendr\u00e1 una inversi\u00f3n compartida entre la iniciativa privada y los gobiernos de Coahuila, Durango y Chihuahua de m\u00e1s de 500 millones de pesos.<\/p>\n<p>En el evento realizado en la sede del cuartel general de la XI Regi\u00f3n Militar estuvieron presentes los gobernadores de las tres entidades y los altos mandos del ej\u00e9rcito mexicano, quienes destacaron la importancia de que el sector empresarial se sume a la colaboraci\u00f3n entre los gobiernos de los estados y la federaci\u00f3n en materia de seguridad.<\/p>\n<p>En este sentido, el gobernador de Coahuila, Rub\u00e9n Moreira Vald\u00e9s, destac\u00f3 que en los \u00faltimos meses la iniciativa privada ha colaborado en la construcci\u00f3n de un nuevo cuartel de infanter\u00eda en el municipio de Frontera, as\u00ed como en la edificaci\u00f3n de instalaciones para un regimiento de caballer\u00eda en Piedras Negras. Ambos con un costo total de 300 millones de pesos cada uno.<\/p>\n<p>Moreira se\u00f1al\u00f3 que el nuevo cuartel que se construir\u00e1 en San Pedro de las Colonias tendr\u00e1 capacidad para albergar a 3 mil efectivos y que los principales grupos empresariales de la zona de La Laguna se han sumado a este esfuerzo.<\/p>\n<p>A nombre de la Secretar\u00eda de la Defensa Nacional, el general Uribe Toledo Sibaja se\u00f1al\u00f3 que la construcci\u00f3n de cuarteles militares en zonas estrat\u00e9gicas con el apoyo empresarial y de los gobiernos locales forma parte de la estrategia impulsada desde hace tres a\u00f1os para acercar a la sociedad civil con el ej\u00e9rcito.<\/p>\n<p>En este contexto, dijo, el Ej\u00e9rcito mexicano ha reajustado tambi\u00e9n su despliegue militar \u201ca fin de estar acorde con las prioridades actuales de seguridad que hay en el pa\u00eds\u201d, incrementando tambi\u00e9n la cobertura territorial de las unidades y reduciendo los tiempo de respuesta \u201cante cualquier eventualidad\u201d.<\/p>\n<p><a href=\"http:\/\/www.jornada.unam.mx\/ultimas\/2016\/05\/12\/nueva-brigada-militar-para-norte-del-pais-con-inversion-privada\" target=\"_blank\">http:\/\/www.jornada.unam.mx\/ultimas\/2016\/05\/12\/nueva-brigada-militar-para-norte-del-pais-con-inversion-privada<\/a><\/p>\n","protected":false},"excerpt":{"rendered":"<p>Torre\u00f3n, Coah. El secretario de la Defensa Nacional, General Salvador Cienfuegos Zepeda, encabez\u00f3 la firma de un convenio para la construcci\u00f3n de una brigada de la polic\u00eda militar en el &hellip; <a href=\"http:\/\/www.grieta.org.mx\/index.php\/2016\/05\/12\/nueva-brigada-militar-para-norte-del-pais-con-inversion-privada\/\" class=\"more-link\">Leer m\u00e1s<\/a><\/p>\n","protected":false},"author":2,"featured_media":21928,"comment_status":"closed","ping_status":"closed","sticky":false,"template":"","format":"standard","meta":{"ngg_post_thumbnail":0,"_jetpack_newsletter_access":"","_jetpack_dont_email_post_to_subs":false,"_jetpack_newsletter_tier_id":0,"_jetpack_memberships_contains_paywalled_content":false,"_jetpack_memberships_contains_paid_content":false,"footnotes":""},"categories":[80,250,173],"tags":[614,252],"class_list":["post-12757","post","type-post","status-publish","format-standard","has-post-thumbnail","hentry","category-cintillo","category-coahuila","category-durango","tag-militarizacion","tag-privatizacion","entry"],"jetpack_featured_media_url":"http:\/\/www.grieta.org.mx\/wp-content\/uploads\/2018\/03\/14524434_1106112876131411_958039263622046936_o.jpg","jetpack_sharing_enabled":true,"jetpack_shortlink":"https:\/\/wp.me\/p7ZJR4-3jL","jetpack_likes_enabled":false,"jetpack-related-posts":[{"id":10653,"url":"http:\/\/www.grieta.org.mx\/index.php\/2016\/05\/22\/militarizacion-en-coahuila\/","url_meta":{"origin":12757,"position":0},"title":"Militarizaci\u00f3n en Coahuila","author":"grieta","date":"22 mayo, 2016","format":false,"excerpt":"19\/05\/16. Llega un nuevo contingente del Ej\u00e9rcito con 400 elementos a PN Capital Coahuila 12\/05\/16. Nueva brigada militar para norte del pa\u00eds, con inversi\u00f3n privada La Jornada 05\/04\/16. Avanza Coahuila en infraestructura militar Z\u00f3calo Saltillo 05\/01\/16. \u00a1Ent\u00e9rate! Sedena construir\u00e1 cuartel militar en Coahuila Uno Tv","rel":"","context":"En &quot;Coahuila&quot;","block_context":{"text":"Coahuila","link":"http:\/\/www.grieta.org.mx\/index.php\/category\/noticias-nacionales\/coahuila\/"},"img":{"alt_text":"","src":"https:\/\/i0.wp.com\/www.grieta.org.mx\/wp-content\/uploads\/2018\/03\/14524434_1106112876131411_958039263622046936_o.jpg?resize=350%2C200","width":350,"height":200,"srcset":"https:\/\/i0.wp.com\/www.grieta.org.mx\/wp-content\/uploads\/2018\/03\/14524434_1106112876131411_958039263622046936_o.jpg?resize=350%2C200 1x, https:\/\/i0.wp.com\/www.grieta.org.mx\/wp-content\/uploads\/2018\/03\/14524434_1106112876131411_958039263622046936_o.jpg?resize=525%2C300 1.5x, https:\/\/i0.wp.com\/www.grieta.org.mx\/wp-content\/uploads\/2018\/03\/14524434_1106112876131411_958039263622046936_o.jpg?resize=700%2C400 2x"},"classes":[]},{"id":10651,"url":"http:\/\/www.grieta.org.mx\/index.php\/2016\/01\/05\/enterate-sedena-construira-cuartel-militar-en-coahuila\/","url_meta":{"origin":12757,"position":1},"title":"\u00a1Ent\u00e9rate! Sedena construir\u00e1 cuartel militar en Coahuila","author":"grieta","date":"5 enero, 2016","format":false,"excerpt":"Magda Guardiola \u00bfEn qu\u00e9 consiste? Ser\u00e1 ubicado en 300 hect\u00e1reas del municipio de San Pedro de las Colonias y concentrar\u00e1 tres mil efectivos; se estima que el costo de esta brigada sea de 500 millones de pesos y que inicie operaciones en 2017. El dato... Este nuevo cuartel ser\u00e1 m\u00e1s\u2026","rel":"","context":"En &quot;CINTILLO&quot;","block_context":{"text":"CINTILLO","link":"http:\/\/www.grieta.org.mx\/index.php\/category\/cintillo\/"},"img":{"alt_text":"","src":"https:\/\/i0.wp.com\/www.grieta.org.mx\/wp-content\/uploads\/2018\/03\/14524434_1106112876131411_958039263622046936_o.jpg?resize=350%2C200","width":350,"height":200,"srcset":"https:\/\/i0.wp.com\/www.grieta.org.mx\/wp-content\/uploads\/2018\/03\/14524434_1106112876131411_958039263622046936_o.jpg?resize=350%2C200 1x, https:\/\/i0.wp.com\/www.grieta.org.mx\/wp-content\/uploads\/2018\/03\/14524434_1106112876131411_958039263622046936_o.jpg?resize=525%2C300 1.5x, https:\/\/i0.wp.com\/www.grieta.org.mx\/wp-content\/uploads\/2018\/03\/14524434_1106112876131411_958039263622046936_o.jpg?resize=700%2C400 2x"},"classes":[]},{"id":23060,"url":"http:\/\/www.grieta.org.mx\/index.php\/2017\/05\/16\/en-durango-y-coahuila-hubo-7-homicidios-de-periodistas\/","url_meta":{"origin":12757,"position":2},"title":"En Durango y Coahuila hubo 7 homicidios de periodistas","author":"grieta","date":"16 mayo, 2017","format":false,"excerpt":"Redacci\u00f3n\/El Siglo de Torre\u00f3n La Procuradur\u00eda General de la Rep\u00fablica inform\u00f3 que en un per\u00edodo de 7 a\u00f1os en Coahuila fueron registrados dos asesinatos a periodistas, mientras que en Durango sumaron 5, de los cuales 4 sucedieron en solo un a\u00f1o. De acuerdo a la Fiscal\u00eda Especial Para la Atenci\u00f3n\u2026","rel":"","context":"En &quot;CINTILLO&quot;","block_context":{"text":"CINTILLO","link":"http:\/\/www.grieta.org.mx\/index.php\/category\/cintillo\/"},"img":{"alt_text":"","src":"https:\/\/i0.wp.com\/www.grieta.org.mx\/wp-content\/uploads\/2018\/05\/p1.jpeg?resize=350%2C200","width":350,"height":200,"srcset":"https:\/\/i0.wp.com\/www.grieta.org.mx\/wp-content\/uploads\/2018\/05\/p1.jpeg?resize=350%2C200 1x, https:\/\/i0.wp.com\/www.grieta.org.mx\/wp-content\/uploads\/2018\/05\/p1.jpeg?resize=525%2C300 1.5x, https:\/\/i0.wp.com\/www.grieta.org.mx\/wp-content\/uploads\/2018\/05\/p1.jpeg?resize=700%2C400 2x, https:\/\/i0.wp.com\/www.grieta.org.mx\/wp-content\/uploads\/2018\/05\/p1.jpeg?resize=1050%2C600 3x"},"classes":[]},{"id":10649,"url":"http:\/\/www.grieta.org.mx\/index.php\/2016\/04\/05\/avanza-coahuila-en-infraestructura-militar\/","url_meta":{"origin":12757,"position":3},"title":"Avanza Coahuila en infraestructura militar","author":"grieta","date":"5 abril, 2016","format":false,"excerpt":"Torre\u00f3n, Coah.- Coahuila avanza en la construcci\u00f3n de m\u00e1s infraestructura militar; as\u00ed se dio a conocer en la reuni\u00f3n de trabajo que sostuvo el Gobernador Rub\u00e9n Moreira con el subsecretario de la Defensa Nacional, General No\u00e9 Sandoval Alc\u00e1zar. Coahuila construye un gran cuartel militar para un regimiento de Caballer\u00eda en\u2026","rel":"","context":"En &quot;CINTILLO&quot;","block_context":{"text":"CINTILLO","link":"http:\/\/www.grieta.org.mx\/index.php\/category\/cintillo\/"},"img":{"alt_text":"","src":"https:\/\/i0.wp.com\/www.grieta.org.mx\/wp-content\/uploads\/2018\/03\/14524434_1106112876131411_958039263622046936_o.jpg?resize=350%2C200","width":350,"height":200,"srcset":"https:\/\/i0.wp.com\/www.grieta.org.mx\/wp-content\/uploads\/2018\/03\/14524434_1106112876131411_958039263622046936_o.jpg?resize=350%2C200 1x, https:\/\/i0.wp.com\/www.grieta.org.mx\/wp-content\/uploads\/2018\/03\/14524434_1106112876131411_958039263622046936_o.jpg?resize=525%2C300 1.5x, https:\/\/i0.wp.com\/www.grieta.org.mx\/wp-content\/uploads\/2018\/03\/14524434_1106112876131411_958039263622046936_o.jpg?resize=700%2C400 2x"},"classes":[]},{"id":1272,"url":"http:\/\/www.grieta.org.mx\/index.php\/2015\/11\/19\/penoles-ve-vientos-de-cambio-en-durango\/","url_meta":{"origin":12757,"position":4},"title":"Pe\u00f1oles ve \u201cvientos de cambio\u201d en Durango","author":"grieta","date":"19 noviembre, 2015","format":false,"excerpt":"La posibilidad de crear un parque e\u00f3lico en la entidad es real, seg\u00fan inform\u00f3 Fernando Alan\u00eds Ortega, director General de la metal\u00fargica, en su participaci\u00f3n en el Symposium Realidad Energ\u00e9tica. Torre\u00f3n, Coahuila \u00b7 Durango es uno de los candidatos para que Industrias Pe\u00f1oles instale una nueva planta de energ\u00eda e\u00f3lica,\u2026","rel":"","context":"En &quot;CINTILLO&quot;","block_context":{"text":"CINTILLO","link":"http:\/\/www.grieta.org.mx\/index.php\/category\/cintillo\/"},"img":{"alt_text":"","src":"https:\/\/i0.wp.com\/www.grieta.org.mx\/wp-content\/uploads\/2018\/03\/14524434_1106112876131411_958039263622046936_o.jpg?resize=350%2C200","width":350,"height":200,"srcset":"https:\/\/i0.wp.com\/www.grieta.org.mx\/wp-content\/uploads\/2018\/03\/14524434_1106112876131411_958039263622046936_o.jpg?resize=350%2C200 1x, https:\/\/i0.wp.com\/www.grieta.org.mx\/wp-content\/uploads\/2018\/03\/14524434_1106112876131411_958039263622046936_o.jpg?resize=525%2C300 1.5x, https:\/\/i0.wp.com\/www.grieta.org.mx\/wp-content\/uploads\/2018\/03\/14524434_1106112876131411_958039263622046936_o.jpg?resize=700%2C400 2x"},"classes":[]},{"id":64829,"url":"http:\/\/www.grieta.org.mx\/index.php\/2022\/07\/20\/medicos-pasantes-de-la-laguna-marchan-por-un-servicio-social-seguro-coahuila-y-durango\/","url_meta":{"origin":12757,"position":5},"title":"M\u00e9dicos pasantes de La Laguna marchan por un servicio social seguro (Coahuila y Durango)","author":"grieta","date":"20 julio, 2022","format":false,"excerpt":"El SIglo de Torre\u00f3n FOTOGRAF\u00cdAS: \u00c9RICK SOTOMAYOR | EMMANUEL AZUARA | FERNANDO COMPE\u00c1N | ANG\u00c9LICA SANDOVAL Este mi\u00e9rcoles, se reunieron estudiantes de Medicina en Torre\u00f3n y Lerdo para marchar de forma simult\u00e1nea por un servicio social seguro, esto a ra\u00edz de lo ocurrido con el joven Eric Andrade. El m\u00e9dico\u2026","rel":"","context":"En &quot;CINTILLO&quot;","block_context":{"text":"CINTILLO","link":"http:\/\/www.grieta.org.mx\/index.php\/category\/cintillo\/"},"img":{"alt_text":"","src":"https:\/\/i0.wp.com\/www.grieta.org.mx\/wp-content\/uploads\/2022\/08\/27421199.jpeg?resize=350%2C200","width":350,"height":200,"srcset":"https:\/\/i0.wp.com\/www.grieta.org.mx\/wp-content\/uploads\/2022\/08\/27421199.jpeg?resize=350%2C200 1x, https:\/\/i0.wp.com\/www.grieta.org.mx\/wp-content\/uploads\/2022\/08\/27421199.jpeg?resize=525%2C300 1.5x, https:\/\/i0.wp.com\/www.grieta.org.mx\/wp-content\/uploads\/2022\/08\/27421199.jpeg?resize=700%2C400 2x, https:\/\/i0.wp.com\/www.grieta.org.mx\/wp-content\/uploads\/2022\/08\/27421199.jpeg?resize=1050%2C600 3x, https:\/\/i0.wp.com\/www.grieta.org.mx\/wp-content\/uploads\/2022\/08\/27421199.jpeg?resize=1400%2C800 4x"},"classes":[]}],"_links":{"self":[{"href":"http:\/\/www.grieta.org.mx\/index.php\/wp-json\/wp\/v2\/posts\/12757","targetHints":{"allow":["GET"]}}],"collection":[{"href":"http:\/\/www.grieta.org.mx\/index.php\/wp-json\/wp\/v2\/posts"}],"about":[{"href":"http:\/\/www.grieta.org.mx\/index.php\/wp-json\/wp\/v2\/types\/post"}],"author":[{"embeddable":true,"href":"http:\/\/www.grieta.org.mx\/index.php\/wp-json\/wp\/v2\/users\/2"}],"replies":[{"embeddable":true,"href":"http:\/\/www.grieta.org.mx\/index.php\/wp-json\/wp\/v2\/comments?post=12757"}],"version-history":[{"count":1,"href":"http:\/\/www.grieta.org.mx\/index.php\/wp-json\/wp\/v2\/posts\/12757\/revisions"}],"predecessor-version":[{"id":12758,"href":"http:\/\/www.grieta.org.mx\/index.php\/wp-json\/wp\/v2\/posts\/12757\/revisions\/12758"}],"wp:featuredmedia":[{"embeddable":true,"href":"http:\/\/www.grieta.org.mx\/index.php\/wp-json\/wp\/v2\/media\/21928"}],"wp:attachment":[{"href":"http:\/\/www.grieta.org.mx\/index.php\/wp-json\/wp\/v2\/media?parent=12757"}],"wp:term":[{"taxonomy":"category","embeddable":true,"href":"http:\/\/www.grieta.org.mx\/index.php\/wp-json\/wp\/v2\/categories?post=12757"},{"taxonomy":"post_tag","embeddable":true,"href":"http:\/\/www.grieta.org.mx\/index.php\/wp-json\/wp\/v2\/tags?post=12757"}],"curies":[{"name":"wp","href":"https:\/\/api.w.org\/{rel}","templated":true}]}}