{"id":12500,"date":"2016-04-30T08:35:05","date_gmt":"2016-04-30T08:35:05","guid":{"rendered":"http:\/\/www.grieta.org.mx\/?p=12500"},"modified":"2016-05-19T12:16:32","modified_gmt":"2016-05-19T12:16:32","slug":"radio-zapata-desde-el-corazon-del-territorio-comunitario","status":"publish","type":"post","link":"http:\/\/www.grieta.org.mx\/index.php\/2016\/04\/30\/radio-zapata-desde-el-corazon-del-territorio-comunitario\/","title":{"rendered":"Radio Zapata, desde territorio comunitario"},"content":{"rendered":"<p>Comune info (Diario Italiano)<\/p>\n<p><a href=\"http:\/\/comune-info.net\/autori\/n-jimenez-e-j-l-santillan\/\">N. Jimmenez e J. L. Santill\u00e1n<\/a>,<\/p>\n<p>Rehabilitar una radio comunitaria que pretende a trav\u00e9s de la comunicaci\u00f3n mejorar las condiciones de vida de los pueblos Guerrerenses, en el estado con los m\u00e1s altos \u00edndices de violencia y el tercero en pobreza extrema. Es el reto de una organizaci\u00f3n ind\u00edgena que con apoyo de la sociedad civil organizada en M\u00e9xico, invitan al mundo entero a materializar este sue\u00f1o.<\/p>\n<p>Frente al monopolio empresarial de la radio en M\u00e9xico [1], las radios comunitarias son espacios de vital importancia para la difusi\u00f3n y revitalizaci\u00f3n de las lengua y cultura ind\u00edgena. El 15 de noviembre de 2014 Radio Zapata 94.1 FM, inici\u00f3 transmisiones, en el ejido de Buena Vista, Municipio de San Luis Acatl\u00e1n, en el Estado de Guerrero.<\/p>\n<p>El contenido y programaci\u00f3n de esta radio comunitaria es dise\u00f1ado por las y los habitantes de la regi\u00f3n, a partir de las necesidades particulares de los pueblos. Radio Zapata se propone desde la programaci\u00f3n radiof\u00f3nica en espa\u00f1ol y en lenguas ind\u00edgenas, cinco objetivos b\u00e1sicos:<\/p>\n<ul>\n<li>Fungir como un espacio de comunicaci\u00f3n y de difusi\u00f3n para las comunidades.<\/li>\n<li>Revitalizar la cultura y las lenguas ind\u00edgenas \u00d1amnku\u00e9 (amuzgo), Na\u2019Savi(mixteco), Me\u00b4ph\u00e1\u00e1 (tlapaneco) y N\u00e1huatl.<\/li>\n<li>Brindar alternativas culturales y educativas como un medio para eliminar la violencia.<\/li>\n<li>Fomentar el desarrollo integral de las comunidades impulsando el consumo y la producci\u00f3n local.<\/li>\n<li>Combatir la violencia y discriminaci\u00f3n hacia las mujeres as\u00ed como proporcionar informaci\u00f3n confiable sobre salud sexual y reproductiva.<\/li>\n<\/ul>\n<p>En junio del 2015 la tormenta tropical Carlos, evolucion\u00f3 a hurac\u00e1n categor\u00eda I, destruy\u00f3 gran parte del equipo de transmisiones de la radiodifusora, adem\u00e1s del techado de la casa de salud de la comunidad. Debido a la falta de recursos econ\u00f3micos y a pesar de la determinaci\u00f3n de las asambleas comunitarias para reconstruir la radio, solo se ha logrado restablecer, a trav\u00e9s de jornadas de trabajo voluntario, una peque\u00f1a parte del equipo y el techo de la casa de salud.<\/p>\n<p>El pasado 11 de Abril del 2016 el CIPOG-EZ dio a conocer una campa\u00f1a de recaudaci\u00f3n econ\u00f3mica para rehabilitar la radio comunitaria [2]. La cual se materializo a trav\u00e9s de la plataforma de crowdfunding goteo.org, la campa\u00f1a de cofinanciamiento solidario \u201cRadio Zapata, tejiendo comunidad desde el coraz\u00f3n de la monta\u00f1a\u201d. Con ella se espera recaudar el recurso necesario para rehabilitar la radio y de esta forma contribuir a que las comunidades ind\u00edgenas de la Costa-Monta\u00f1a, sigan fortaleciendo su autonom\u00eda, por la defensa de su cultura y su territorio.<\/p>\n<p>Radio Zapata constituye el segundo eslab\u00f3n en la construcci\u00f3n de un proyecto regional comunitario llamado \u201cLa Casa de Saberes\u201d. El cual busca resolver diversas problem\u00e1ticas a trav\u00e9s de la formaci\u00f3n pedag\u00f3gica de promotores locales en \u00e1reas fundamentales como son: el acceso a la salud, la revitalizaci\u00f3n de la lengua y la cultura, el acceso a la informaci\u00f3n, el resguardo de la memoria hist\u00f3rica, y el fortalecimiento del mercado local.<\/p>\n<p>El contexto de las radios comunitarias en Am\u00e9rica Latina es de &#8220;legislaciones nacionales\u00a0 que mantienen un control por los gobiernos del espacio radioel\u00e9ctrico que discrimina activamente a los medios comunitarios, frente a las emisoras estatales y comerciales&#8221; [3].<\/p>\n<p>El contexto local de Radio Zapata, es adem\u00e1s sumamente complejo, basta hacer un breve recuento en algunas a\u00e9reas estrat\u00e9gicas para entender su importancia geopol\u00edtica y el nivel de impunidad que se vive en la entidad.<\/p>\n<p>El caso m\u00e1s conocido recientemente es el asesinato de tres personas y la desaparici\u00f3n forzada de 43 estudiantes de la Escuela Normal Rural Ra\u00fal Isidro Burgos, conocida como Ayotzinapa. 9 de los j\u00f3venes desaparecidos hasta este momento, son originarios de la regi\u00f3n Costa-Monta\u00f1a, donde Radio Zapata ha dado seguimiento al caso, informando en diversas lenguas ind\u00edgenas, a los 21 municipios en los que tiene cobertura.<\/p>\n<p>En \u00e9l estado conviven comunidades ind\u00edgenas de distintos pueblos como los Nahua, Mixtecos, Tlapanecos y Amuzgos. Cada una conserva su propia lengua y tradiciones lo cual genera una riqueza biocultural invaluable. De acuerdo a los rigurosos estudios de la &#8220;Revista mexicana de biodiversidad&#8221; el estado de\u00a0 Guerrero es el cuarto m\u00e1s importante a nivel nacional biol\u00f3gicamente hablando [4].<\/p>\n<p>Para 2012 el gobierno de M\u00e9xico ya hab\u00eda concesionado 56 millones 7 mil 745 hect\u00e1reas a empresas mineras transnacionales, lo que representa el 28% del territorio nacional. En Guerrero esta cifra corresponde al 23% del territorio estatal.<\/p>\n<p>El Consejo Nacional de Evaluaci\u00f3n de la Pol\u00edtica de Desarrollo Social (Coneval) en su reporte de Medici\u00f3n de la Pobreza 2014, determino al estado de Guerrero como el tercer lugar a nivel nacional, con m\u00e1s altos \u00edndices de pobreza. Porcentaje de su poblaci\u00f3n en pobreza: 65.2%. Personas en situaci\u00f3n de pobreza: 2.31 millones. Personas en situaci\u00f3n de pobreza extrema: 868,100 [5].<\/p>\n<p>En Febrero del 2015 la organizaci\u00f3n InSight Crime public\u00f3 que &#8220;los grupos criminales de M\u00e9xico se afanan por satisfacer la creciente demanda de hero\u00edna en Estados Unidos&#8221;&#8230;\u00a0 &#8220;Solamente en Guerrero, los enfrentamientos obligaron a m\u00e1s de 2.900 personas a abandonar sus hogares entre enero de 2013 y julio de 2014&#8221; [6]. Algunos especialistas aseguran que en el estado de Guerrero se produce entre el 60% y el 85% de la goma de opio a nivel nacional.<\/p>\n<p>Bajo este escenario el Consejo Ind\u00edgena y Popular de Guerrero- Emiliano Zapata (CIPOG-EZ), que nace en 2008, tiene sus ra\u00edces hist\u00f3ricas en m\u00e1s 30 comunidades ind\u00edgenas en la Regi\u00f3n Costa-Monta\u00f1a de Guerrero, muchas de \u00e9stas conforman el n\u00facleo agrario mixteco de Buena Vista y decidieron impulsar Radio Zapata en 2013.<\/p>\n<p>El CIPOG-EZ hace un llamado a transformar la solidaridad en una acci\u00f3n concreta, la donaci\u00f3n que cada uno de nosotros pueda aportar, les permitir\u00e1 a estos pueblos ind\u00edgenas continuar el reto que se propusieron y est\u00e1n construyendo.<\/p>\n<p><a href=\"http:\/\/comune-info.net\/2016\/04\/radio-zapata-parla-la-comunita\/#_ftnref1\">[1]<\/a> http:\/\/www.proceso.com.mx\/4582\/radio-y-tv-mexicanas-monopolio-de-ocho-grupos<\/p>\n<p><a href=\"%5b2%5d\">[2]<\/a> https:\/\/cipogez.wordpress.com\/2016\/03\/30\/comunicado-sobre-actividades-del-cipog-ez-y-campana-en-solidaridad-con-radio-zapata\/<\/p>\n<p><a href=\"%5b3%5d\">[3]<\/a> http:\/\/www.ipsnoticias.net\/1996\/11\/america-latina-radios-comunitarias-buscan-liberar-las-ondas\/<\/p>\n<p><a href=\"%5b4%5d\">[4]<\/a> http:\/\/www.scielo.org.mx\/scielo.php?script=sci_arttext&amp;pid=S1870-34532015000100226<\/p>\n<p><a href=\"%5b5%5d\">[5]<\/a> http:\/\/www.forbes.com.mx\/los-10-estados-con-mas-pobres-en-mexico\/<\/p>\n<p><a href=\"%5b6%5d\">[6]<\/a> http:\/\/es.insightcrime.org\/analisis\/produccion-de-amapola-en-mexico-abastece-la-creciente-demanda-de-heroina-en-estados-unidos<\/p>\n<p>Traducci\u00f3n al Italiano<\/p>\n<p><a href=\"http:\/\/comune-info.net\/2016\/04\/radio-zapata-parla-la-comunita\/\"><strong>Radio Zapata. Come parla la comunit\u00e0 <\/strong><\/a><\/p>\n<p><a href=\"http:\/\/comune-info.net\/autori\/n-jimenez-e-j-l-santillan\/\">Jimenez e J. L. Santill\u00e1n<\/a><\/p>\n<p><strong>Un sogno che nasce dal cuore, diventa parola e fa sentire la sua voce in una regione molto vasta dello stato messicano del Guerrero, il pi\u00f9 colpito dalla violenza e il terzo per la condizione estrema di povert\u00e0 nel paese. Radio Zapata \u00e8 la sola esperienza radiofonica comunitaria e non commerciale che ogni giorno parla, anche nelle loro lingue, alle diverse popolazioni indigene che vivono su quelle alture del Guerrero. Nel giugno dello scorso anno, un uragano ha quasi completamente distrutto le attrezzature dell\u2019emittente e quelle di una clinica delle comunit\u00e0 locali. Per questo \u00e8 in corso una campagna di solidariet\u00e0 che contribuisca a completare la ricostruzione di un\u2019esperienza di autonomia essenziale per la cultura politica di chi si ribella a un destino che calpesta abitualmente la dignit\u00e0 delle persone.<\/strong><\/p>\n<p><strong>Riabilitare una radio comunitaria.<\/strong> <strong>Uno strumento semplice, che attraverso le onde quotidiane della comunicazione, cerca di migliorare le condizioni di vita del suo popolo indigeno. E\u2019 <\/strong>questa la sfida del Consiglio Indigeno e Popolare di Guerrero \u2013 Emiliano Zapata (Consejo Ind\u00edgena y Popular de Guerrero- Emiliano Zapata, CIPOG-EZ), un\u2019organizzazione comunitaria che dalle alture di Guerrero \u2013 lo stato messicano con i pi\u00fa alti indici violenza e al terzo posto per la povert\u00e1 estrema \u2013 invita il mondo a far parte di questo progetto.<\/p>\n<p>Il monopolio privato del business radiof\u00f3nico in Messico <a name=\"_ftnref1\"><\/a><a href=\"http:\/\/comune-info.net\/2016\/04\/radio-zapata-parla-la-comunita\/#_ftn1\">[1]<\/a> non concentra soltanto i profitti multimilionari, ma soprattutto<strong> impone un modello culturale unico per tutto il paese, un fatto riconosciuto in tutto il mondo a partire dalle proteste dell\u2019EZLN nel 1994 a favore <\/strong>della diversit\u00e1 dei popoli indigeni che compongono il Messico. In quest\u2019ottica, le radio comunitarie hanno svolto e svolgono di fatto un<strong> ruolo contro-egemonico e di resistenza, per il diritto alla comunicazione e quello alla difesa delle proprie tradizioni e radici culturali. <\/strong>E\u2019 la voce di mille voci di resistenza, che da 22 anni afferma la dignit\u00e1 della popolazione ind\u00edgena.<\/p>\n<p>Purtroppo, il quadro legale a cui sono sottoposte le radio comunitaire in paesi come il Messico, <strong>discrimina profondamente le iniziative comunitarie rispetto alle emissioni statali e commerciali <\/strong><a name=\"_ftnref2\"><\/a><a href=\"http:\/\/comune-info.net\/2016\/04\/radio-zapata-parla-la-comunita\/#_ftn2\">[2]<\/a>, controllando r\u00edgidamente gli spazi nell\u2019etere. Radio Zapata 94.1 FM, situata nell\u2019<em>ejido<a name=\"_ftnref3\"><\/a> <\/em><a href=\"http:\/\/comune-info.net\/2016\/04\/radio-zapata-parla-la-comunita\/#_ftn3\">[3]<\/a> di Buena Vista, Municipio de San Luis Acatl\u00e1n, nello stato di Guerrero, rappresenta l\u2019unica voce non commerciale degli abitanti della zona, che in modo autonomo e quotidiano <strong>organizzano il proprio palinsesto in spagnolo e in lingua indigena,<\/strong> contribuendo a:<\/p>\n<ul>\n<li>Tenere aperto uno spazio di comunicazione e diffusione delle e per le comunit\u00e1 locali raggiunte.<\/li>\n<li>Rivitalizzare la cultura e le lingue indigene \u00d1amnku\u00e9, Na\u2019Savi, Me\u00b4ph\u00e1\u00e1 e N\u00e1huatl.<\/li>\n<li>Offrire alternative culturali ed educative come strumento per ridurre la violenza.<\/li>\n<li>Promuovere lo sviluppo integrale delle comunit\u00e1 tramite consumo e produzione locale.<\/li>\n<li>Combattere la violenza e la discriminazione di genere.<\/li>\n<\/ul>\n<p>Il contesto in cui si sviluppa e resiste Radio Zapata \u00e9 sommamente complesso; oltre alle statistiche, \u00e9 sufficiente pensare ai nefasti eventi degli ultimi mesi.<strong> Il caso pi\u00f9 tristemente famoso dell\u2019impunit\u00e1 governativa \u00e9 quello della scomparsa dei 43 studenti della Scuola Rurale Ra\u00fal Isidro Burgos, nella zona di Ayotzinapa<\/strong>. Nove dei giovani scomparsi sono originari della regione costa-montagna, dove Radio Zapata ha dato ampia diffusione al caso, informando in diverse lingue indigene dei 21 municipi che copre il suo raggio d\u2019azione. In questo stato, infatti, convivono Nahua, Mixtecos, Tlapanecos e Amuzgos, ognuno con la sua lingua nativa.<\/p>\n<p>Nel 2015 l\u2019organizzazione InSight Crime ha pubblicato<strong> un\u2019indagine sui gruppi criminali del Messico che \u201csi affannano per soddisfare la crescente domanda di eorina negli USA<\/strong>\u2026 Solamente in Guerrero, tra gennaio 2013 e luglio 2014, i conflitti hanno obbligato oltre 2.900 persone ad abbandonare le proprie case <a name=\"_ftnref4\"><\/a><a href=\"http:\/\/comune-info.net\/2016\/04\/radio-zapata-parla-la-comunita\/#_ftn4\">[4]<\/a>\u201d. Alcuni specialisti assicurano che nello stato di Guerrero si produce tra<strong> il 60 e l\u201985% della pasta d\u2019oppio dell\u2019intero territorio nazionale.<\/strong><\/p>\n<p>Altro grave problema \u00e9 rappresentato dalle <strong>enormi concessioni stipulate con imprese straniere e nazionali\u00a0 per lo sviluppo di mega-progetti.<\/strong> Nel 2012 il governo messicano aveva gi\u00e1 concesso 56.7 milioni di ettari a transnazionali minerarie, corrispondenti a circa il 28% del territorio nazionale. Nel Guerrero, questa cifra corrisponde al 23% del territorio. Per uno stato in cui il 77.8% delle terre \u00e9 suddiviso in territori comunali (<em>ejidos<\/em>) e comunit\u00e1, <strong>l\u2019ingegneria del conflitto alimentata dal governo messicano per garantire la realizzazione dei mega-progetti estrattivi, ha generato un ambiente favorevole alla proliferazione di\u00a0 gruppi paramilitari e\/o del crimine organizzato.<\/strong><\/p>\n<p>In questo scenario, il CIPOG-EZ \u00a0ha iniziato a chiamare la popolazione per trasformare la solidariet\u00e1 in azione concreta e visibile. Nel giugno 2015, l\u2019uragano Carlos ha colpito il terreno comunale di Buenavista, <strong>distruggendo gran parte delle apparecchiature di Radio Zapata, oltre al tetto della clinica comunitaria.<\/strong> A causa della mancanza di risorse, e nonostante la determinazione delle assemblee comunitarie, la ricostruzione di Radio Zapata non \u00e9 ancora stata completata. Grazie alle giornate di lavoro volontario, sono state riparateper ora soltanto una <strong>piccola parte delle apparecchiature e una porzione del tetto della clinica polivalente.<\/strong><\/p>\n<p>Radio Zapata rappresenta il secondo anello nella costruzione di un progetto comunitario regionale comunitario, chiamato \u201cLa Casa dei Saperi\u201d (<em>\u201cLa Casa de Saberes\u201d<\/em>) che, attraverso <strong>la formazione di promotori locali, vuole affrontare problematiche fondamentali come l\u2019accesso alla salute, all\u2019informazione, la rivitalizzazione della lingua, della cultura nativa,<\/strong> recuperando la memoria storica delle diverse comunit\u00e1 e del territorio.<\/p>\n<p>L\u201911 aprile il CIPOG- EZ ha lanciato, sul suo sito web<a name=\"_ftnref5\"><\/a> <a href=\"http:\/\/comune-info.net\/2016\/04\/radio-zapata-parla-la-comunita\/#_ftn5\">[5]<\/a>, la campagna di fundraising <a href=\"http:\/\/www.goteo.org\/project\/radio-zapata\">\u201cRadio Zapata, tessendo comunit\u00e1 dal cuore della montagna\u201d<\/a>, con l \u2018obiettivo di raccogliere fondi per poter ripristinare completamente le trasmissioni. Attraverso la piattaforma crowdfunding goteo.org vi invitiamo a partecipare alla solidariet\u00e0 con le comunit\u00e1 di Costa Chica-Montagna di Guerrero. Ogni donazione pu\u00f3 contribuire alla lotta di ogni giorno.<\/p>\n<p><a name=\"_ftn1\"><\/a><a href=\"http:\/\/comune-info.net\/2016\/04\/radio-zapata-parla-la-comunita\/#_ftnref1\">[1]<\/a> \u201cRadio y TV mexicanas, monopolio de ocho grupos\u201d. Rivista Proceso, N\u00ba 2059, disponibile in: <a href=\"http:\/\/www.proceso.com.mx\/4582\/radio-y-tv-mexicanas-monopolio-de-ocho-grupos\">http:\/\/www.proceso.com.mx\/4582\/radio-y-tv-mexicanas-monopolio-de-ocho-grupos<\/a><\/p>\n<p><a name=\"_ftn2\"><\/a><a href=\"http:\/\/comune-info.net\/2016\/04\/radio-zapata-parla-la-comunita\/#_ftnref2\">[2]<\/a>\u201cAm\u00e9rica Latina: Radios comunitarias buscan liberar las ondas\u201d Inter Press Service, Agenzia di Notizie, disponibile in: <a href=\"http:\/\/www.ipsnoticias.net\/1996\/11\/america-latina-radios-comunitarias-buscan-liberar-las-ondas\/\">http:\/\/www.ipsnoticias.net\/1996\/11\/america-latina-radios-comunitarias-buscan-liberar-las-ondas\/<\/a><\/p>\n<p><a name=\"_ftn3\"><\/a><a href=\"http:\/\/comune-info.net\/2016\/04\/radio-zapata-parla-la-comunita\/#_ftnref3\">[3]<\/a> Terreno comunale.<\/p>\n<p><a name=\"_ftn4\"><\/a><a href=\"http:\/\/comune-info.net\/2016\/04\/radio-zapata-parla-la-comunita\/#_ftnref4\">[4]<\/a> \u201cProducci\u00f3n de amapola en M\u00e9xico abastece la creciente demanda de hero\u00edna en Estados Unidos\u201d, InSight Crime, Centro de Ricerca sul \u00a0Crimine Organizzato, disponibile in; <a href=\"http:\/\/es.insightcrime.org\/analisis\/produccion-de-amapola-en-mexico-abastece-la-creciente-demanda-de-heroina-en-estados-unidos\">http:\/\/es.insightcrime.org\/analisis\/produccion-de-amapola-en-mexico-abastece-la-creciente-demanda-de-heroina-en-estados-unidos<\/a><\/p>\n<p><a name=\"_ftn5\"><\/a><a href=\"http:\/\/comune-info.net\/2016\/04\/radio-zapata-parla-la-comunita\/#_ftnref5\">[5]<\/a> \u201cComunicado de actividades del CIPOG-EZ y campa\u00f1a en solidaridad con Radio Zapata\u201d disponibile in <a href=\"https:\/\/cipogez.wordpress.com\/2016\/03\/30\/comunicado-sobre-actividades-del-cipog-ez-y-campana-en-solidaridad-con-radio-zapata\/\">https:\/\/cipogez.wordpress.com\/2016\/03\/30\/comunicado-sobre-actividades-del-cipog-ez-y-campana-en-solidaridad-con-radio-zapata\/<\/a><\/p>\n<p><a href=\"http:\/\/comune-info.net\/2016\/04\/radio-zapata-parla-la-comunita\/\">http:\/\/comune-info.net\/2016\/04\/radio-zapata-parla-la-comunita\/<\/a><\/p>\n<p>&nbsp;<\/p>\n","protected":false},"excerpt":{"rendered":"<p>Comune info (Diario Italiano) N. Jimmenez e J. L. Santill\u00e1n, Rehabilitar una radio comunitaria que pretende a trav\u00e9s de la comunicaci\u00f3n mejorar las condiciones de vida de los pueblos Guerrerenses, &hellip; <a href=\"http:\/\/www.grieta.org.mx\/index.php\/2016\/04\/30\/radio-zapata-desde-el-corazon-del-territorio-comunitario\/\" class=\"more-link\">Leer m\u00e1s<\/a><\/p>\n","protected":false},"author":2,"featured_media":21928,"comment_status":"closed","ping_status":"closed","sticky":false,"template":"","format":"standard","meta":{"ngg_post_thumbnail":0,"_jetpack_newsletter_access":"","_jetpack_dont_email_post_to_subs":false,"_jetpack_newsletter_tier_id":0,"_jetpack_memberships_contains_paywalled_content":false,"_jetpack_memberships_contains_paid_content":false,"footnotes":""},"categories":[80],"tags":[624,563],"class_list":["post-12500","post","type-post","status-publish","format-standard","has-post-thumbnail","hentry","category-cintillo","tag-radio-zapata","tag-radios-comunitarias","entry"],"jetpack_featured_media_url":"http:\/\/www.grieta.org.mx\/wp-content\/uploads\/2018\/03\/14524434_1106112876131411_958039263622046936_o.jpg","jetpack_sharing_enabled":true,"jetpack_shortlink":"https:\/\/wp.me\/p7ZJR4-3fC","jetpack_likes_enabled":false,"jetpack-related-posts":[{"id":11033,"url":"http:\/\/www.grieta.org.mx\/index.php\/2016\/03\/30\/comunicado-sobre-actividades-del-cipog-ez-y-campana-en-solidaridad-con-radio-zapata\/","url_meta":{"origin":12500,"position":0},"title":"Comunicado sobre actividades del CIPOG-EZ y campa\u00f1a en solidaridad con Radio Zapata","author":"grieta","date":"30 marzo, 2016","format":false,"excerpt":"Comisi\u00f3n Radio Zapata Al EZLN, Al Congreso Nacional Ind\u00edgena, A la sexta nacional e internacional, A las mujeres y hombres, rebeldes y dignos de M\u00e9xico y el mundo, Nosotros, nosotras, hombres, mujeres, ni\u00f1os y ancianos del Consejo Ind\u00edgena y Popular de Guerrero - Emiliano Zapata (CIPOG-EZ). Queremos informarles algunos pasos\u2026","rel":"","context":"En &quot;CINTILLO&quot;","block_context":{"text":"CINTILLO","link":"http:\/\/www.grieta.org.mx\/index.php\/category\/cintillo\/"},"img":{"alt_text":"","src":"https:\/\/i0.wp.com\/www.grieta.org.mx\/wp-content\/uploads\/2018\/03\/14524434_1106112876131411_958039263622046936_o.jpg?resize=350%2C200","width":350,"height":200,"srcset":"https:\/\/i0.wp.com\/www.grieta.org.mx\/wp-content\/uploads\/2018\/03\/14524434_1106112876131411_958039263622046936_o.jpg?resize=350%2C200 1x, https:\/\/i0.wp.com\/www.grieta.org.mx\/wp-content\/uploads\/2018\/03\/14524434_1106112876131411_958039263622046936_o.jpg?resize=525%2C300 1.5x, https:\/\/i0.wp.com\/www.grieta.org.mx\/wp-content\/uploads\/2018\/03\/14524434_1106112876131411_958039263622046936_o.jpg?resize=700%2C400 2x"},"classes":[]},{"id":13584,"url":"http:\/\/www.grieta.org.mx\/index.php\/2016\/05\/31\/radio-zapata-abriendo-monte\/","url_meta":{"origin":12500,"position":1},"title":"Noticias sobre radios comunitarias en Guerrero","author":"grieta","date":"31 mayo, 2016","format":false,"excerpt":"Noticias sobre Radio Zapata 31\/05\/16. Compartici\u00f3n Radio Zapata y Radio Tlanixco, en el marco de la Red Contra la Repres\u00edon Subversiones 30\/04\/16 Radio Zapata, desde el coraz\u00f3n del Territorio Comunitario Comune info 16\/04\/15 Reabrir el monte con la palabra: Radio Zapata Subversiones 16\/04\/15 \u00a1La lucha sigue, Radio Zapata 94.1 VIVE!\u2026","rel":"","context":"En &quot;Guerrero&quot;","block_context":{"text":"Guerrero","link":"http:\/\/www.grieta.org.mx\/index.php\/category\/noticias-nacionales\/guerrero\/"},"img":{"alt_text":"","src":"https:\/\/i0.wp.com\/www.grieta.org.mx\/wp-content\/uploads\/2018\/03\/14524434_1106112876131411_958039263622046936_o.jpg?resize=350%2C200","width":350,"height":200,"srcset":"https:\/\/i0.wp.com\/www.grieta.org.mx\/wp-content\/uploads\/2018\/03\/14524434_1106112876131411_958039263622046936_o.jpg?resize=350%2C200 1x, https:\/\/i0.wp.com\/www.grieta.org.mx\/wp-content\/uploads\/2018\/03\/14524434_1106112876131411_958039263622046936_o.jpg?resize=525%2C300 1.5x, https:\/\/i0.wp.com\/www.grieta.org.mx\/wp-content\/uploads\/2018\/03\/14524434_1106112876131411_958039263622046936_o.jpg?resize=700%2C400 2x"},"classes":[]},{"id":13572,"url":"http:\/\/www.grieta.org.mx\/index.php\/2016\/05\/31\/comparticion-radio-zapata-y-radio-tlanixco-en-el-marcode-la-red-con-la-reprsion\/","url_meta":{"origin":12500,"position":2},"title":"Compartici\u00f3n Radio Zapata y Radio Tlanixco, en el marco de la Red Contra la Repres\u00edon","author":"grieta","date":"31 mayo, 2016","format":false,"excerpt":"Y llegamos hasta all\u00e1, en el o\u00eddo de muchas personas Agencia Subversiones Nadia Jim\u00e9nez y Susana Norman El 16 de mayo, en la sede de UNIOS, se realizo el foro \u00abConstruyendo donde los de arriba destruyen\u00bb. Las dos experiencias de comunicaci\u00f3n comunitaria radial, Radio Zapata y Radio Tlanixco Manantial de\u2026","rel":"","context":"En &quot;CINTILLO&quot;","block_context":{"text":"CINTILLO","link":"http:\/\/www.grieta.org.mx\/index.php\/category\/cintillo\/"},"img":{"alt_text":"","src":"https:\/\/i0.wp.com\/www.grieta.org.mx\/wp-content\/uploads\/2018\/03\/14524434_1106112876131411_958039263622046936_o.jpg?resize=350%2C200","width":350,"height":200,"srcset":"https:\/\/i0.wp.com\/www.grieta.org.mx\/wp-content\/uploads\/2018\/03\/14524434_1106112876131411_958039263622046936_o.jpg?resize=350%2C200 1x, https:\/\/i0.wp.com\/www.grieta.org.mx\/wp-content\/uploads\/2018\/03\/14524434_1106112876131411_958039263622046936_o.jpg?resize=525%2C300 1.5x, https:\/\/i0.wp.com\/www.grieta.org.mx\/wp-content\/uploads\/2018\/03\/14524434_1106112876131411_958039263622046936_o.jpg?resize=700%2C400 2x"},"classes":[]},{"id":14128,"url":"http:\/\/www.grieta.org.mx\/index.php\/2014\/04\/10\/inauguracion-radio-zapata\/","url_meta":{"origin":12500,"position":3},"title":"Inauguraci\u00f3n Radio Zapata","author":"grieta","date":"10 abril, 2014","format":false,"excerpt":"CIPOG-EZ \/ Radio Zapata Hoy nosotros, ni\u00f1os, ni\u00f1as, abuelos y abuelas, hombres y mujeres, integrantes del CIPOG-EZ mantenemos en alto los principios y la dignidad de los que pelearon por las tierras de los pueblos originarios. Despu\u00e9s de la traici\u00f3n de Chinameca y del \u201creparto agrario\u201d, nuevamente llegan todas las\u2026","rel":"","context":"En &quot;CINTILLO&quot;","block_context":{"text":"CINTILLO","link":"http:\/\/www.grieta.org.mx\/index.php\/category\/cintillo\/"},"img":{"alt_text":"","src":"https:\/\/i0.wp.com\/www.grieta.org.mx\/wp-content\/uploads\/2018\/03\/14524434_1106112876131411_958039263622046936_o.jpg?resize=350%2C200","width":350,"height":200,"srcset":"https:\/\/i0.wp.com\/www.grieta.org.mx\/wp-content\/uploads\/2018\/03\/14524434_1106112876131411_958039263622046936_o.jpg?resize=350%2C200 1x, https:\/\/i0.wp.com\/www.grieta.org.mx\/wp-content\/uploads\/2018\/03\/14524434_1106112876131411_958039263622046936_o.jpg?resize=525%2C300 1.5x, https:\/\/i0.wp.com\/www.grieta.org.mx\/wp-content\/uploads\/2018\/03\/14524434_1106112876131411_958039263622046936_o.jpg?resize=700%2C400 2x"},"classes":[]},{"id":9229,"url":"http:\/\/www.grieta.org.mx\/index.php\/2015\/04\/16\/la-lucha-sigue-radio-zapata-94-1-vive\/","url_meta":{"origin":12500,"position":4},"title":"\u00a1LA LUCHA SIGUE, RADIO ZAPATA 94.1 VIVE!","author":"grieta","date":"16 abril, 2015","format":false,"excerpt":"Tejiendo Organizaci\u00f3n REvolucionaria En las monta\u00f1as de la costa chica de guerrero, se levanta un faro de lucha comunitaria, del despertar de la conciencia, su nombre, Radio Zapata 94.1FM. Se localiza en la comunidad de Cerro Zapote, resguardada en el coraz\u00f3n del territorio del Consejo Ind\u00edgena y Popular de Guerrero\u2026","rel":"","context":"En &quot;CINTILLO&quot;","block_context":{"text":"CINTILLO","link":"http:\/\/www.grieta.org.mx\/index.php\/category\/cintillo\/"},"img":{"alt_text":"","src":"https:\/\/i0.wp.com\/www.grieta.org.mx\/wp-content\/uploads\/2018\/03\/14524434_1106112876131411_958039263622046936_o.jpg?resize=350%2C200","width":350,"height":200,"srcset":"https:\/\/i0.wp.com\/www.grieta.org.mx\/wp-content\/uploads\/2018\/03\/14524434_1106112876131411_958039263622046936_o.jpg?resize=350%2C200 1x, https:\/\/i0.wp.com\/www.grieta.org.mx\/wp-content\/uploads\/2018\/03\/14524434_1106112876131411_958039263622046936_o.jpg?resize=525%2C300 1.5x, https:\/\/i0.wp.com\/www.grieta.org.mx\/wp-content\/uploads\/2018\/03\/14524434_1106112876131411_958039263622046936_o.jpg?resize=700%2C400 2x"},"classes":[]},{"id":1745,"url":"http:\/\/www.grieta.org.mx\/index.php\/2015\/04\/20\/asesinan-al-director-de-una-radio-comunitaria-en-oaxaca\/","url_meta":{"origin":12500,"position":5},"title":"Asesinan al director de una radio comunitaria en Oaxaca","author":"grieta","date":"20 abril, 2015","format":false,"excerpt":"Reporteros sin Fronteras, Oaxaca Reporteros sin Fronteras (RSF) denuncia el asesinado de Abel Manuel Bautista Raymundo, director y fundador de Radio Spacio 96.1, de FM, perpetrado el 14 de abril, en Juxtlahuaca. M\u00e9xico es el pa\u00eds m\u00e1s mort\u00edfero del continente americano para los actores de la informaci\u00f3n. Seg\u00fan informaci\u00f3n recabada\u2026","rel":"","context":"En &quot;CINTILLO&quot;","block_context":{"text":"CINTILLO","link":"http:\/\/www.grieta.org.mx\/index.php\/category\/cintillo\/"},"img":{"alt_text":"","src":"https:\/\/i0.wp.com\/www.grieta.org.mx\/wp-content\/uploads\/2018\/03\/14524434_1106112876131411_958039263622046936_o.jpg?resize=350%2C200","width":350,"height":200,"srcset":"https:\/\/i0.wp.com\/www.grieta.org.mx\/wp-content\/uploads\/2018\/03\/14524434_1106112876131411_958039263622046936_o.jpg?resize=350%2C200 1x, https:\/\/i0.wp.com\/www.grieta.org.mx\/wp-content\/uploads\/2018\/03\/14524434_1106112876131411_958039263622046936_o.jpg?resize=525%2C300 1.5x, https:\/\/i0.wp.com\/www.grieta.org.mx\/wp-content\/uploads\/2018\/03\/14524434_1106112876131411_958039263622046936_o.jpg?resize=700%2C400 2x"},"classes":[]}],"_links":{"self":[{"href":"http:\/\/www.grieta.org.mx\/index.php\/wp-json\/wp\/v2\/posts\/12500","targetHints":{"allow":["GET"]}}],"collection":[{"href":"http:\/\/www.grieta.org.mx\/index.php\/wp-json\/wp\/v2\/posts"}],"about":[{"href":"http:\/\/www.grieta.org.mx\/index.php\/wp-json\/wp\/v2\/types\/post"}],"author":[{"embeddable":true,"href":"http:\/\/www.grieta.org.mx\/index.php\/wp-json\/wp\/v2\/users\/2"}],"replies":[{"embeddable":true,"href":"http:\/\/www.grieta.org.mx\/index.php\/wp-json\/wp\/v2\/comments?post=12500"}],"version-history":[{"count":1,"href":"http:\/\/www.grieta.org.mx\/index.php\/wp-json\/wp\/v2\/posts\/12500\/revisions"}],"predecessor-version":[{"id":12597,"href":"http:\/\/www.grieta.org.mx\/index.php\/wp-json\/wp\/v2\/posts\/12500\/revisions\/12597"}],"wp:featuredmedia":[{"embeddable":true,"href":"http:\/\/www.grieta.org.mx\/index.php\/wp-json\/wp\/v2\/media\/21928"}],"wp:attachment":[{"href":"http:\/\/www.grieta.org.mx\/index.php\/wp-json\/wp\/v2\/media?parent=12500"}],"wp:term":[{"taxonomy":"category","embeddable":true,"href":"http:\/\/www.grieta.org.mx\/index.php\/wp-json\/wp\/v2\/categories?post=12500"},{"taxonomy":"post_tag","embeddable":true,"href":"http:\/\/www.grieta.org.mx\/index.php\/wp-json\/wp\/v2\/tags?post=12500"}],"curies":[{"name":"wp","href":"https:\/\/api.w.org\/{rel}","templated":true}]}}