{"id":12471,"date":"2016-04-24T00:29:45","date_gmt":"2016-04-24T00:29:45","guid":{"rendered":"http:\/\/www.grieta.org.mx\/?p=12471"},"modified":"2016-05-18T00:31:22","modified_gmt":"2016-05-18T00:31:22","slug":"alto-al-feminicidio-pide-vivasnosqueremos-en-mitin","status":"publish","type":"post","link":"http:\/\/www.grieta.org.mx\/index.php\/2016\/04\/24\/alto-al-feminicidio-pide-vivasnosqueremos-en-mitin\/","title":{"rendered":"Alto al feminicidio pide #VivasNosQueremos en mitin"},"content":{"rendered":"<p>Cecilia Sierra<\/p>\n<p>MORELIA, Mich., 24 de abril de 2016. &#8211; . Un grupo de mujeres j\u00f3venes, con amigos y familiares marcharon la tarde de este domingo de las instalaciones de las viejas intalaciones de la Central de Autobuses a la plaza Benito Ju\u00e1rez. Un grupo de aproximadamente cien mujeres caminaron con cartulinas al frente, con lecturas de \u00a1No m\u00e1s feminicidios! \u00a1Alto a la violencia! y #VivasNosQueremos.<\/p>\n<p>El recorrido fue partiendo de la calle de Valent\u00edn G\u00f3mez Farias, pasando por Santiago Tapia, haciendo una parada frente a la fuente del Jard\u00edn de las Rosas, para de ah\u00ed dirigirse a la Avenida Madero y reunirse posteriormente con sus compa\u00f1eras en el mit\u00edn de la Plaza Benito Ju\u00e1rez. <\/p>\n<p>Hay que se\u00f1alar que en esta marcha hubo una gran participaci\u00f3n del sexo masculino, incluso de aquellos que no estaban en conocimiento de la movilizaci\u00f3n se sumaron al ver la causa. <\/p>\n<p>Los hombres se mostraron solidarios a la causa, acompa\u00f1aron a sus amistades, colaboraron como Fernando Cervantes, que sin saber a que se deb\u00eda la movilizaci\u00f3n opt\u00f3 por sumarse.<\/p>\n<p><a href=\"https:\/\/www.quadratin.com.mx\/sucesos\/Alto-al-feminicidio-pide-VivasNosQueremos-mitin\/\" target=\"_blank\">https:\/\/www.quadratin.com.mx\/sucesos\/Alto-al-feminicidio-pide-VivasNosQueremos-mitin\/<\/a><\/p>\n","protected":false},"excerpt":{"rendered":"<p>Cecilia Sierra MORELIA, Mich., 24 de abril de 2016. &#8211; . Un grupo de mujeres j\u00f3venes, con amigos y familiares marcharon la tarde de este domingo de las instalaciones de &hellip; <a href=\"http:\/\/www.grieta.org.mx\/index.php\/2016\/04\/24\/alto-al-feminicidio-pide-vivasnosqueremos-en-mitin\/\" class=\"more-link\">Leer m\u00e1s<\/a><\/p>\n","protected":false},"author":2,"featured_media":21928,"comment_status":"closed","ping_status":"closed","sticky":false,"template":"","format":"standard","meta":{"ngg_post_thumbnail":0,"_jetpack_newsletter_access":"","_jetpack_dont_email_post_to_subs":false,"_jetpack_newsletter_tier_id":0,"_jetpack_memberships_contains_paywalled_content":false,"_jetpack_memberships_contains_paid_content":false,"footnotes":""},"categories":[80,82],"tags":[94],"class_list":["post-12471","post","type-post","status-publish","format-standard","has-post-thumbnail","hentry","category-cintillo","category-michoacan","tag-violencia-contra-mujeres","entry"],"jetpack_featured_media_url":"http:\/\/www.grieta.org.mx\/wp-content\/uploads\/2018\/03\/14524434_1106112876131411_958039263622046936_o.jpg","jetpack_sharing_enabled":true,"jetpack_shortlink":"https:\/\/wp.me\/p7ZJR4-3f9","jetpack_likes_enabled":false,"jetpack-related-posts":[{"id":12470,"url":"http:\/\/www.grieta.org.mx\/index.php\/2016\/06\/04\/movilizacion-contra-la-violencia-hacia-las-mujeres-en-michoacan\/","url_meta":{"origin":12471,"position":0},"title":"Movilizaciones contra la violencia hacia las mujeres en Michoac\u00e1n","author":"grieta","date":"4 junio, 2016","format":false,"excerpt":"Protesta contra la violencia de g\u00e9nero en Michoac\u00e1n 04\/06\/16. Protestan contra la violencia de g\u00e9nero en Michoac\u00e1n La Jornada Acciones en el contexto de la Movilizaci\u00f3n nacional contra las violencias machistas en Michoac\u00e1n 24\/04\/16. Alto al feminicidio pide #VivasNosQueremos en mitin Quadratin","rel":"","context":"En &quot;Feminicidios&quot;","block_context":{"text":"Feminicidios","link":"http:\/\/www.grieta.org.mx\/index.php\/category\/temas-nacionales\/feminicidios\/"},"img":{"alt_text":"","src":"https:\/\/i0.wp.com\/www.grieta.org.mx\/wp-content\/uploads\/2018\/03\/14524434_1106112876131411_958039263622046936_o.jpg?resize=350%2C200","width":350,"height":200,"srcset":"https:\/\/i0.wp.com\/www.grieta.org.mx\/wp-content\/uploads\/2018\/03\/14524434_1106112876131411_958039263622046936_o.jpg?resize=350%2C200 1x, https:\/\/i0.wp.com\/www.grieta.org.mx\/wp-content\/uploads\/2018\/03\/14524434_1106112876131411_958039263622046936_o.jpg?resize=525%2C300 1.5x, https:\/\/i0.wp.com\/www.grieta.org.mx\/wp-content\/uploads\/2018\/03\/14524434_1106112876131411_958039263622046936_o.jpg?resize=700%2C400 2x"},"classes":[]},{"id":11429,"url":"http:\/\/www.grieta.org.mx\/index.php\/2016\/04\/25\/movilizacion-contra-la-violencia-hacia-las-mujeres-en-jalisco\/","url_meta":{"origin":12471,"position":1},"title":"Movilizaci\u00f3n contra la violencia hacia las mujeres en Jalisco","author":"grieta","date":"25 abril, 2016","format":false,"excerpt":"25\/04\/16. #VivasNosQueremos protesta por JaliscoCr\u00f3nica Jalisco","rel":"","context":"En &quot;Jalisco&quot;","block_context":{"text":"Jalisco","link":"http:\/\/www.grieta.org.mx\/index.php\/category\/noticias-nacionales\/jalisco\/"},"img":{"alt_text":"","src":"https:\/\/i0.wp.com\/www.grieta.org.mx\/wp-content\/uploads\/2018\/03\/14524434_1106112876131411_958039263622046936_o.jpg?resize=350%2C200","width":350,"height":200,"srcset":"https:\/\/i0.wp.com\/www.grieta.org.mx\/wp-content\/uploads\/2018\/03\/14524434_1106112876131411_958039263622046936_o.jpg?resize=350%2C200 1x, https:\/\/i0.wp.com\/www.grieta.org.mx\/wp-content\/uploads\/2018\/03\/14524434_1106112876131411_958039263622046936_o.jpg?resize=525%2C300 1.5x, https:\/\/i0.wp.com\/www.grieta.org.mx\/wp-content\/uploads\/2018\/03\/14524434_1106112876131411_958039263622046936_o.jpg?resize=700%2C400 2x"},"classes":[]},{"id":11643,"url":"http:\/\/www.grieta.org.mx\/index.php\/2016\/04\/25\/vivas-nos-queremos-gritan-mujeres-ante-la-violencia-machista\/","url_meta":{"origin":12471,"position":2},"title":"\u00a1Vivas nos Queremos!, gritan mujeres ante la violencia machista","author":"grieta","date":"25 abril, 2016","format":false,"excerpt":"Conchita Rodr\u00edguez\/Revista Perfiles Con la consigna \u00a1VIVAS NOS QUEREMOS!, inici\u00f3 el pasado domingo la Movilizaci\u00f3n contra las violencias machistas, convocada para ayer domingo, y que parti\u00f3 del llamado Parque de la Dignidad, para concluir en la Plaza Principal de esta ciudad. Esta iniciativa que, inicialmente se plane\u00f3 para la Cd.\u2026","rel":"","context":"En &quot;CINTILLO&quot;","block_context":{"text":"CINTILLO","link":"http:\/\/www.grieta.org.mx\/index.php\/category\/cintillo\/"},"img":{"alt_text":"","src":"https:\/\/i0.wp.com\/www.grieta.org.mx\/wp-content\/uploads\/2018\/03\/14524434_1106112876131411_958039263622046936_o.jpg?resize=350%2C200","width":350,"height":200,"srcset":"https:\/\/i0.wp.com\/www.grieta.org.mx\/wp-content\/uploads\/2018\/03\/14524434_1106112876131411_958039263622046936_o.jpg?resize=350%2C200 1x, https:\/\/i0.wp.com\/www.grieta.org.mx\/wp-content\/uploads\/2018\/03\/14524434_1106112876131411_958039263622046936_o.jpg?resize=525%2C300 1.5x, https:\/\/i0.wp.com\/www.grieta.org.mx\/wp-content\/uploads\/2018\/03\/14524434_1106112876131411_958039263622046936_o.jpg?resize=700%2C400 2x"},"classes":[]},{"id":38100,"url":"http:\/\/www.grieta.org.mx\/index.php\/2019\/08\/16\/disculpen-las-molestias-pero-nos-estan-matando-feministas-michoacan\/","url_meta":{"origin":12471,"position":3},"title":"Disculpen las molestias, pero nos est\u00e1n matando: feministas (Michoac\u00e1n)","author":"grieta","date":"16 agosto, 2019","format":false,"excerpt":"Javier Vel\u00e1zquez \/Contramuro, 16 de agosto de 2019 M\u00e1s de 100 feministas se manifestaron esta tarde en la plaza Benito Ju\u00e1rez para exigir un alto a los homicidios en contra de ellas Morelia, Michoac\u00e1n.- Con diversas consignas acerca de las violaciones que han sufrido varias mujeres en el pa\u00eds, en\u2026","rel":"","context":"En &quot;CINTILLO&quot;","block_context":{"text":"CINTILLO","link":"http:\/\/www.grieta.org.mx\/index.php\/category\/cintillo\/"},"img":{"alt_text":"","src":"https:\/\/i0.wp.com\/www.grieta.org.mx\/wp-content\/uploads\/2019\/08\/WhatsApp-Image-2019-08-16-at-8.09.20-PM1-1000x500.jpeg?resize=350%2C200","width":350,"height":200,"srcset":"https:\/\/i0.wp.com\/www.grieta.org.mx\/wp-content\/uploads\/2019\/08\/WhatsApp-Image-2019-08-16-at-8.09.20-PM1-1000x500.jpeg?resize=350%2C200 1x, https:\/\/i0.wp.com\/www.grieta.org.mx\/wp-content\/uploads\/2019\/08\/WhatsApp-Image-2019-08-16-at-8.09.20-PM1-1000x500.jpeg?resize=525%2C300 1.5x, https:\/\/i0.wp.com\/www.grieta.org.mx\/wp-content\/uploads\/2019\/08\/WhatsApp-Image-2019-08-16-at-8.09.20-PM1-1000x500.jpeg?resize=700%2C400 2x"},"classes":[]},{"id":11238,"url":"http:\/\/www.grieta.org.mx\/index.php\/2016\/04\/25\/feministas-realizan-marcha-contra-la-violencia-de-genero\/","url_meta":{"origin":12471,"position":4},"title":"Feministas realizan marcha contra la violencia de g\u00e9nero","author":"grieta","date":"25 abril, 2016","format":false,"excerpt":"Colectivos feministas en La Laguna realizaron una protesta contra la violencia machista. Fue a las 18:00 horas del domingo que se concentraron con mantas y letreros, frente a la Fuente del Pensador en la Alameda Zaragoza de Torre\u00f3n. Las manifestantes gritaron consignas contra la cultura del abuso a las mujeres,\u2026","rel":"","context":"En &quot;CINTILLO&quot;","block_context":{"text":"CINTILLO","link":"http:\/\/www.grieta.org.mx\/index.php\/category\/cintillo\/"},"img":{"alt_text":"","src":"https:\/\/i0.wp.com\/www.grieta.org.mx\/wp-content\/uploads\/2018\/03\/14524434_1106112876131411_958039263622046936_o.jpg?resize=350%2C200","width":350,"height":200,"srcset":"https:\/\/i0.wp.com\/www.grieta.org.mx\/wp-content\/uploads\/2018\/03\/14524434_1106112876131411_958039263622046936_o.jpg?resize=350%2C200 1x, https:\/\/i0.wp.com\/www.grieta.org.mx\/wp-content\/uploads\/2018\/03\/14524434_1106112876131411_958039263622046936_o.jpg?resize=525%2C300 1.5x, https:\/\/i0.wp.com\/www.grieta.org.mx\/wp-content\/uploads\/2018\/03\/14524434_1106112876131411_958039263622046936_o.jpg?resize=700%2C400 2x"},"classes":[]},{"id":11514,"url":"http:\/\/www.grieta.org.mx\/index.php\/2016\/04\/25\/realizan-marcha-contra-la-violencia-machista-en-slp\/","url_meta":{"origin":12471,"position":5},"title":"Realizan marcha contra la violencia machista en SLP","author":"grieta","date":"25 abril, 2016","format":false,"excerpt":"Al un\u00edsono cientos de mujeres corearon \"No me da la gana ser sumisa y abnegada...\", durante una marcha efectuada ayer, organizada por colectivos, para exigir poner un alto definitivo a la violencia machista. La protesta, cuyo recorrido parti\u00f3 del jard\u00edn de Tlaxcala, sigui\u00f3 por Eje Vial y termin\u00f3 en la\u2026","rel":"","context":"En &quot;CINTILLO&quot;","block_context":{"text":"CINTILLO","link":"http:\/\/www.grieta.org.mx\/index.php\/category\/cintillo\/"},"img":{"alt_text":"","src":"https:\/\/i0.wp.com\/www.grieta.org.mx\/wp-content\/uploads\/2018\/03\/14524434_1106112876131411_958039263622046936_o.jpg?resize=350%2C200","width":350,"height":200,"srcset":"https:\/\/i0.wp.com\/www.grieta.org.mx\/wp-content\/uploads\/2018\/03\/14524434_1106112876131411_958039263622046936_o.jpg?resize=350%2C200 1x, https:\/\/i0.wp.com\/www.grieta.org.mx\/wp-content\/uploads\/2018\/03\/14524434_1106112876131411_958039263622046936_o.jpg?resize=525%2C300 1.5x, https:\/\/i0.wp.com\/www.grieta.org.mx\/wp-content\/uploads\/2018\/03\/14524434_1106112876131411_958039263622046936_o.jpg?resize=700%2C400 2x"},"classes":[]}],"_links":{"self":[{"href":"http:\/\/www.grieta.org.mx\/index.php\/wp-json\/wp\/v2\/posts\/12471","targetHints":{"allow":["GET"]}}],"collection":[{"href":"http:\/\/www.grieta.org.mx\/index.php\/wp-json\/wp\/v2\/posts"}],"about":[{"href":"http:\/\/www.grieta.org.mx\/index.php\/wp-json\/wp\/v2\/types\/post"}],"author":[{"embeddable":true,"href":"http:\/\/www.grieta.org.mx\/index.php\/wp-json\/wp\/v2\/users\/2"}],"replies":[{"embeddable":true,"href":"http:\/\/www.grieta.org.mx\/index.php\/wp-json\/wp\/v2\/comments?post=12471"}],"version-history":[{"count":1,"href":"http:\/\/www.grieta.org.mx\/index.php\/wp-json\/wp\/v2\/posts\/12471\/revisions"}],"predecessor-version":[{"id":12472,"href":"http:\/\/www.grieta.org.mx\/index.php\/wp-json\/wp\/v2\/posts\/12471\/revisions\/12472"}],"wp:featuredmedia":[{"embeddable":true,"href":"http:\/\/www.grieta.org.mx\/index.php\/wp-json\/wp\/v2\/media\/21928"}],"wp:attachment":[{"href":"http:\/\/www.grieta.org.mx\/index.php\/wp-json\/wp\/v2\/media?parent=12471"}],"wp:term":[{"taxonomy":"category","embeddable":true,"href":"http:\/\/www.grieta.org.mx\/index.php\/wp-json\/wp\/v2\/categories?post=12471"},{"taxonomy":"post_tag","embeddable":true,"href":"http:\/\/www.grieta.org.mx\/index.php\/wp-json\/wp\/v2\/tags?post=12471"}],"curies":[{"name":"wp","href":"https:\/\/api.w.org\/{rel}","templated":true}]}}