{"id":12470,"date":"2016-06-04T00:32:48","date_gmt":"2016-06-04T00:32:48","guid":{"rendered":"http:\/\/www.grieta.org.mx\/?p=12470"},"modified":"2016-06-07T00:30:38","modified_gmt":"2016-06-07T00:30:38","slug":"movilizacion-contra-la-violencia-hacia-las-mujeres-en-michoacan","status":"publish","type":"post","link":"http:\/\/www.grieta.org.mx\/index.php\/2016\/06\/04\/movilizacion-contra-la-violencia-hacia-las-mujeres-en-michoacan\/","title":{"rendered":"Movilizaciones contra la violencia hacia las mujeres en Michoac\u00e1n"},"content":{"rendered":"<hr>\n<p><subtit>Protesta contra la violencia de g\u00e9nero en Michoac\u00e1n<\/subtit><\/p>\n<hr>\n<p><strong>04\/06\/16. <\/strong><a href=\"http:\/\/www.grieta.org.mx\/index.php\/2016\/06\/04\/protestan-contra-la-violencia-de-genero-en-michoacan\/\">Protestan contra la violencia de g\u00e9nero en Michoac\u00e1n<\/a><br \/>\n<em>La Jornada<\/em><\/p>\n<hr>\n<p><subtit>Acciones en el contexto de la Movilizaci\u00f3n nacional contra las violencias machistas en Michoac\u00e1n<\/subtit><\/p>\n<hr>\n<p><strong>24\/04\/16. <\/strong><a href=\"http:\/\/www.grieta.org.mx\/index.php\/2016\/04\/24\/alto-al-feminicidio-pide-vivasnosqueremos-en-mitin\/\">Alto al feminicidio pide #VivasNosQueremos en mitin<\/a><br \/>\n<em>Quadratin<\/em><\/p>\n","protected":false},"excerpt":{"rendered":"<p>Protesta contra la violencia de g\u00e9nero en Michoac\u00e1n 04\/06\/16. Protestan contra la violencia de g\u00e9nero en Michoac\u00e1n La Jornada Acciones en el contexto de la Movilizaci\u00f3n nacional contra las violencias &hellip; <a href=\"http:\/\/www.grieta.org.mx\/index.php\/2016\/06\/04\/movilizacion-contra-la-violencia-hacia-las-mujeres-en-michoacan\/\" class=\"more-link\">Leer m\u00e1s<\/a><\/p>\n","protected":false},"author":2,"featured_media":21928,"comment_status":"closed","ping_status":"closed","sticky":false,"template":"","format":"standard","meta":{"ngg_post_thumbnail":0,"_jetpack_newsletter_access":"","_jetpack_dont_email_post_to_subs":false,"_jetpack_newsletter_tier_id":0,"_jetpack_memberships_contains_paywalled_content":false,"_jetpack_memberships_contains_paid_content":false,"footnotes":""},"categories":[84,21,2],"tags":[],"class_list":["post-12470","post","type-post","status-publish","format-standard","has-post-thumbnail","hentry","category-feminicidios","category-michoacan","category-noticias-nacionales","entry"],"jetpack_featured_media_url":"http:\/\/www.grieta.org.mx\/wp-content\/uploads\/2018\/03\/14524434_1106112876131411_958039263622046936_o.jpg","jetpack_sharing_enabled":true,"jetpack_shortlink":"https:\/\/wp.me\/p7ZJR4-3f8","jetpack_likes_enabled":false,"jetpack-related-posts":[{"id":13707,"url":"http:\/\/www.grieta.org.mx\/index.php\/2016\/06\/04\/protestan-contra-la-violencia-de-genero-en-michoacan\/","url_meta":{"origin":12470,"position":0},"title":"Protestan contra la violencia de g\u00e9nero en Michoac\u00e1n","author":"grieta","date":"4 junio, 2016","format":false,"excerpt":"Ernesto Mart\u00ednez Elorriaga Morelia, Mich. En la Plaza Vasco de Quiroga de P\u00e1tzcuaro, unas 500 personas se manifestaron para exigir se frene la violencia contra las mujeres, concretamente, sin mencionarlo, se refirieron a los dos j\u00f3venes asesinadas que fueron localizadas desnudas en la presa de Cointzio, ubicada en la periferia\u2026","rel":"","context":"En &quot;CINTILLO&quot;","block_context":{"text":"CINTILLO","link":"http:\/\/www.grieta.org.mx\/index.php\/category\/cintillo\/"},"img":{"alt_text":"","src":"https:\/\/i0.wp.com\/www.grieta.org.mx\/wp-content\/uploads\/2018\/03\/14524434_1106112876131411_958039263622046936_o.jpg?resize=350%2C200","width":350,"height":200,"srcset":"https:\/\/i0.wp.com\/www.grieta.org.mx\/wp-content\/uploads\/2018\/03\/14524434_1106112876131411_958039263622046936_o.jpg?resize=350%2C200 1x, https:\/\/i0.wp.com\/www.grieta.org.mx\/wp-content\/uploads\/2018\/03\/14524434_1106112876131411_958039263622046936_o.jpg?resize=525%2C300 1.5x, https:\/\/i0.wp.com\/www.grieta.org.mx\/wp-content\/uploads\/2018\/03\/14524434_1106112876131411_958039263622046936_o.jpg?resize=700%2C400 2x"},"classes":[]},{"id":54041,"url":"http:\/\/www.grieta.org.mx\/index.php\/2020\/10\/03\/de-161-asesinadas-en-michoacan-solo-13-fueron-tipificadas-como-feminicidios\/","url_meta":{"origin":12470,"position":1},"title":"De 161 asesinadas en Michoac\u00e1n, s\u00f3lo 13 fueron tipificadas como feminicidios","author":"grieta","date":"3 octubre, 2020","format":false,"excerpt":"Mujeres piden a pol\u00edticos y gobernantes pasar de los mensajes a las acciones a favor del derecho de las mujeres a una vida sin violencia Zuhey Medina | El Sol de Morelia, 03 de octubre de 2020 Morelia, Michoac\u00e1n (OEM Infomex).- En lo que va de este 2020 se han\u2026","rel":"","context":"En &quot;CINTILLO&quot;","block_context":{"text":"CINTILLO","link":"http:\/\/www.grieta.org.mx\/index.php\/category\/cintillo\/"},"img":{"alt_text":"","src":"https:\/\/i0.wp.com\/www.grieta.org.mx\/wp-content\/uploads\/2020\/10\/feministas-1.jpg?resize=350%2C200","width":350,"height":200},"classes":[]},{"id":46012,"url":"http:\/\/www.grieta.org.mx\/index.php\/2020\/03\/06\/michoacan-en-los-primeros-lugares-en-homicidios-de-mujeres-y-violencia-de-genero\/","url_meta":{"origin":12470,"position":2},"title":"Michoac\u00e1n en los primeros lugares en homicidios de mujeres y violencia de g\u00e9nero","author":"grieta","date":"6 marzo, 2020","format":false,"excerpt":"Benjamin Alvarez\/ contramuro.com, 06 de marzo de 2020 Morelia, Michoac\u00e1n.- Durante enero de este a\u00f1o, Michoac\u00e1n se coloc\u00f3 en cuarto lugar a nivel nacional en cuanto al n\u00famero de feminicidios y homicidios dolosos contra las mujeres, seg\u00fan el reporte del Secretariado Ejecutivo del Sistema Nacional de Seguridad P\u00fablica (SESNSP). De\u2026","rel":"","context":"En &quot;CINTILLO&quot;","block_context":{"text":"CINTILLO","link":"http:\/\/www.grieta.org.mx\/index.php\/category\/cintillo\/"},"img":{"alt_text":"","src":"https:\/\/i0.wp.com\/www.grieta.org.mx\/wp-content\/uploads\/2020\/03\/7F543F6E-2149-4BAF-AF48-455DDCA17FF1.jpeg?resize=350%2C200","width":350,"height":200,"srcset":"https:\/\/i0.wp.com\/www.grieta.org.mx\/wp-content\/uploads\/2020\/03\/7F543F6E-2149-4BAF-AF48-455DDCA17FF1.jpeg?resize=350%2C200 1x, https:\/\/i0.wp.com\/www.grieta.org.mx\/wp-content\/uploads\/2020\/03\/7F543F6E-2149-4BAF-AF48-455DDCA17FF1.jpeg?resize=525%2C300 1.5x, https:\/\/i0.wp.com\/www.grieta.org.mx\/wp-content\/uploads\/2020\/03\/7F543F6E-2149-4BAF-AF48-455DDCA17FF1.jpeg?resize=700%2C400 2x, https:\/\/i0.wp.com\/www.grieta.org.mx\/wp-content\/uploads\/2020\/03\/7F543F6E-2149-4BAF-AF48-455DDCA17FF1.jpeg?resize=1050%2C600 3x"},"classes":[]},{"id":7389,"url":"http:\/\/www.grieta.org.mx\/index.php\/2016\/03\/15\/denuncian-alza-de-feminicidios-en-michoacan\/","url_meta":{"origin":12470,"position":3},"title":"Denuncian alza de feminicidios en Michoac\u00e1n","author":"Admin","date":"15 marzo, 2016","format":false,"excerpt":"MORELIA, Mich., 15 de marzo de 2016.- La ma\u00f1ana de este mi\u00e9rcoles la Red de Mujeres Contra la Violencia Feminicida (Revifem) denunci\u00f3 el incremento de feminicidios en Michoac\u00e1n en al menos cuatro regiones de la entidad. Seg\u00fan cifras anunciadas por la Revifem en la entidad 19 de cada 100 mujeres\u2026","rel":"","context":"En &quot;CINTILLO&quot;","block_context":{"text":"CINTILLO","link":"http:\/\/www.grieta.org.mx\/index.php\/category\/cintillo\/"},"img":{"alt_text":"","src":"https:\/\/i0.wp.com\/www.grieta.org.mx\/wp-content\/uploads\/2018\/03\/14524434_1106112876131411_958039263622046936_o.jpg?resize=350%2C200","width":350,"height":200,"srcset":"https:\/\/i0.wp.com\/www.grieta.org.mx\/wp-content\/uploads\/2018\/03\/14524434_1106112876131411_958039263622046936_o.jpg?resize=350%2C200 1x, https:\/\/i0.wp.com\/www.grieta.org.mx\/wp-content\/uploads\/2018\/03\/14524434_1106112876131411_958039263622046936_o.jpg?resize=525%2C300 1.5x, https:\/\/i0.wp.com\/www.grieta.org.mx\/wp-content\/uploads\/2018\/03\/14524434_1106112876131411_958039263622046936_o.jpg?resize=700%2C400 2x"},"classes":[]},{"id":749,"url":"http:\/\/www.grieta.org.mx\/index.php\/2016\/01\/28\/exigen-alerta-de-genero-en-michoacan-tras-feminicidio-en-uruapan\/","url_meta":{"origin":12470,"position":4},"title":"Exigen alerta de g\u00e9nero en Michoac\u00e1n tras feminicidio en Uruapan","author":"grieta","date":"28 enero, 2016","format":false,"excerpt":"MORELIA, Mich., 28 de enero de 2016.- Empleados del Poder Judicial del Estado exigieron el esclarecimiento del homicidio de la proyectista y abogada, Elsa Mar\u00eda S\u00e1nchez Mart\u00ednez, asesinada el mi\u00e9rcoles en la ciudad de Uruapan y demandaron la declaratoria de Alerta de G\u00e9nero para Michoac\u00e1n. Asimismo, los bur\u00f3cratas cuestionaron el\u2026","rel":"","context":"En &quot;CINTILLO&quot;","block_context":{"text":"CINTILLO","link":"http:\/\/www.grieta.org.mx\/index.php\/category\/cintillo\/"},"img":{"alt_text":"","src":"https:\/\/i0.wp.com\/www.grieta.org.mx\/wp-content\/uploads\/2018\/03\/14524434_1106112876131411_958039263622046936_o.jpg?resize=350%2C200","width":350,"height":200,"srcset":"https:\/\/i0.wp.com\/www.grieta.org.mx\/wp-content\/uploads\/2018\/03\/14524434_1106112876131411_958039263622046936_o.jpg?resize=350%2C200 1x, https:\/\/i0.wp.com\/www.grieta.org.mx\/wp-content\/uploads\/2018\/03\/14524434_1106112876131411_958039263622046936_o.jpg?resize=525%2C300 1.5x, https:\/\/i0.wp.com\/www.grieta.org.mx\/wp-content\/uploads\/2018\/03\/14524434_1106112876131411_958039263622046936_o.jpg?resize=700%2C400 2x"},"classes":[]},{"id":11940,"url":"http:\/\/www.grieta.org.mx\/index.php\/2016\/05\/07\/morelia-municipio-con-mas-feminicidios-en-michoacan-este-ano\/","url_meta":{"origin":12470,"position":5},"title":"Morelia, municipio con m\u00e1s feminicidios en Michoac\u00e1n este a\u00f1o","author":"grieta","date":"7 mayo, 2016","format":false,"excerpt":"F\u00e1tima Alfaro MORELIA, Mich., 7 de mayo de 2016.- Morelia encabeza, con seis casos registrados, a los municipios michoacanos en cuanto a feminicidios cometidos en 2016, asever\u00f3 Ana Luisa Barajas P\u00e9rez, integrante de la Red de Mujeres en Contra de la Violencia Feminicida en Michoac\u00e1n. Luego de recordar que en\u2026","rel":"","context":"En &quot;CINTILLO&quot;","block_context":{"text":"CINTILLO","link":"http:\/\/www.grieta.org.mx\/index.php\/category\/cintillo\/"},"img":{"alt_text":"","src":"https:\/\/i0.wp.com\/www.grieta.org.mx\/wp-content\/uploads\/2018\/03\/14524434_1106112876131411_958039263622046936_o.jpg?resize=350%2C200","width":350,"height":200,"srcset":"https:\/\/i0.wp.com\/www.grieta.org.mx\/wp-content\/uploads\/2018\/03\/14524434_1106112876131411_958039263622046936_o.jpg?resize=350%2C200 1x, https:\/\/i0.wp.com\/www.grieta.org.mx\/wp-content\/uploads\/2018\/03\/14524434_1106112876131411_958039263622046936_o.jpg?resize=525%2C300 1.5x, https:\/\/i0.wp.com\/www.grieta.org.mx\/wp-content\/uploads\/2018\/03\/14524434_1106112876131411_958039263622046936_o.jpg?resize=700%2C400 2x"},"classes":[]}],"_links":{"self":[{"href":"http:\/\/www.grieta.org.mx\/index.php\/wp-json\/wp\/v2\/posts\/12470","targetHints":{"allow":["GET"]}}],"collection":[{"href":"http:\/\/www.grieta.org.mx\/index.php\/wp-json\/wp\/v2\/posts"}],"about":[{"href":"http:\/\/www.grieta.org.mx\/index.php\/wp-json\/wp\/v2\/types\/post"}],"author":[{"embeddable":true,"href":"http:\/\/www.grieta.org.mx\/index.php\/wp-json\/wp\/v2\/users\/2"}],"replies":[{"embeddable":true,"href":"http:\/\/www.grieta.org.mx\/index.php\/wp-json\/wp\/v2\/comments?post=12470"}],"version-history":[{"count":1,"href":"http:\/\/www.grieta.org.mx\/index.php\/wp-json\/wp\/v2\/posts\/12470\/revisions"}],"predecessor-version":[{"id":13756,"href":"http:\/\/www.grieta.org.mx\/index.php\/wp-json\/wp\/v2\/posts\/12470\/revisions\/13756"}],"wp:featuredmedia":[{"embeddable":true,"href":"http:\/\/www.grieta.org.mx\/index.php\/wp-json\/wp\/v2\/media\/21928"}],"wp:attachment":[{"href":"http:\/\/www.grieta.org.mx\/index.php\/wp-json\/wp\/v2\/media?parent=12470"}],"wp:term":[{"taxonomy":"category","embeddable":true,"href":"http:\/\/www.grieta.org.mx\/index.php\/wp-json\/wp\/v2\/categories?post=12470"},{"taxonomy":"post_tag","embeddable":true,"href":"http:\/\/www.grieta.org.mx\/index.php\/wp-json\/wp\/v2\/tags?post=12470"}],"curies":[{"name":"wp","href":"https:\/\/api.w.org\/{rel}","templated":true}]}}