{"id":1241,"date":"2015-11-06T19:11:25","date_gmt":"2015-11-06T19:11:25","guid":{"rendered":"http:\/\/50.22.11.12\/~grietaor\/?p=1241"},"modified":"2016-03-03T19:15:14","modified_gmt":"2016-03-03T19:15:14","slug":"exige-sehi-acciones-vs-cementera-por-incidente","status":"publish","type":"post","link":"http:\/\/www.grieta.org.mx\/index.php\/2015\/11\/06\/exige-sehi-acciones-vs-cementera-por-incidente\/","title":{"rendered":"Exige Sehi acciones vs cementera por incidente"},"content":{"rendered":"<p>La existencia de contratos de la empresa con gobiernos de estados pertenecientes al Valle de M\u00e9xico para incinerar basura en los hornos de calentamiento, dijo, son palpables y ponen en riesgo la seguridad de la poblaci\u00f3n.<\/p>\n<p>Por el incidente ocurrido en la planta cementera de Cemex en Huichapan, el presidente de la Sociedad Ecologista Hidalguense (Sehi), Marco Antonio Moreno Gayt\u00e1n, demand\u00f3 acciones \u201ccontundentes\u201d por parte de parte de la Procuradur\u00eda Federal de Protecci\u00f3n al Ambiente (Profepa), que impidan mayores da\u00f1os al ecosistema y a la poblaci\u00f3n.<\/p>\n<p>La existencia de contratos de la empresa con gobiernos de estados pertenecientes al Valle de M\u00e9xico para incinerar basura en los hornos de calentamiento, dijo, son palpables y ponen en riesgo la seguridad de la poblaci\u00f3n.<\/p>\n<p>El ambientalista demand\u00f3 que las autoridades no s\u00f3lo requieran a la empresa limpiar la ceniza y polvos que lanz\u00f3 (poco despu\u00e9s de una explosi\u00f3n) por la incineraci\u00f3n de residuos, sino que clausure las instalaciones en tanto no existan condiciones de seguridad para que no vuelva a ocurrir un suceso similar.<\/p>\n<p>\u201cEl hecho de que la empresa Cemex se comprometi\u00f3 de inmediato a limpiar la zona afectada, principalmente en la zona de El Maney, s\u00f3lo quiere borrar las evidencias y la dimensi\u00f3n que alcanza ese tipo de accidentes a que est\u00e1n propensos los vecinos y los propios trabajadores\u201d, consider\u00f3.<\/p>\n<p>El activista tambi\u00e9n demand\u00f3 de la Comisi\u00f3n de los Derechos Humanos del Estado de Hidalgo, que preside Jos\u00e9 Alfredo Sep\u00falveda Fayad, inicie una investigaci\u00f3n de oficio \u201cpor la forma deliberada\u201d en que la Profepa se niega a actuar en contra de la empresa, aun cuando se vulneran los derechos a la salud de los vecinos.<\/p>\n<p>Este esquema, dijo Moreno Gayt\u00e1n, se repite de manera \u201cimpune\u201d en todas las regiones donde existe una planta cementera en la entidad, aun cuando las autoridades se vanaglorien de que Hidalgo es el primer estado productor de ese material para la construcci\u00f3n.<\/p>\n<p><a href=\"http:\/\/www.criteriohidalgo.com\/notas.asp?id=339097\" target=\"_blank\">www.criteriohidalgo.com\/notas.asp?id=339097<\/a><\/p>\n","protected":false},"excerpt":{"rendered":"<p>La existencia de contratos de la empresa con gobiernos de estados pertenecientes al Valle de M\u00e9xico para incinerar basura en los hornos de calentamiento, dijo, son palpables y ponen en &hellip; <a href=\"http:\/\/www.grieta.org.mx\/index.php\/2015\/11\/06\/exige-sehi-acciones-vs-cementera-por-incidente\/\" class=\"more-link\">Leer m\u00e1s<\/a><\/p>\n","protected":false},"author":2,"featured_media":21928,"comment_status":"closed","ping_status":"open","sticky":false,"template":"","format":"standard","meta":{"ngg_post_thumbnail":0,"_jetpack_newsletter_access":"","_jetpack_dont_email_post_to_subs":false,"_jetpack_newsletter_tier_id":0,"_jetpack_memberships_contains_paywalled_content":false,"_jetpack_memberships_contains_paid_content":false,"footnotes":""},"categories":[80,129],"tags":[91],"class_list":["post-1241","post","type-post","status-publish","format-standard","has-post-thumbnail","hentry","category-cintillo","category-hidalgo","tag-contaminacion-ambiental","entry"],"jetpack_featured_media_url":"http:\/\/www.grieta.org.mx\/wp-content\/uploads\/2018\/03\/14524434_1106112876131411_958039263622046936_o.jpg","jetpack_sharing_enabled":true,"jetpack_shortlink":"https:\/\/wp.me\/p7ZJR4-k1","jetpack_likes_enabled":false,"jetpack-related-posts":[{"id":1177,"url":"http:\/\/www.grieta.org.mx\/index.php\/2015\/10\/26\/que-graco-se-quede-con-su-basura-exigen-en-hidalgo\/","url_meta":{"origin":1241,"position":0},"title":"Que Graco se quede con su basura, exigen en Hidalgo","author":"grieta","date":"26 octubre, 2015","format":false,"excerpt":"JAIME LU\u00cdS BRITO * Reprochan la firma de pacto en lo oscurito con cementos Cruz Azul * Demandan a Graco desde Hidalgo cancelar su proyecto de basura * Pretende llevar toneladas de desechos a Tula, para ser incinerados por la cementera Cruz Azul * Que se queden con su basura\u2026","rel":"","context":"En &quot;CINTILLO&quot;","block_context":{"text":"CINTILLO","link":"http:\/\/www.grieta.org.mx\/index.php\/category\/cintillo\/"},"img":{"alt_text":"","src":"https:\/\/i0.wp.com\/www.grieta.org.mx\/wp-content\/uploads\/2018\/03\/14524434_1106112876131411_958039263622046936_o.jpg?resize=350%2C200","width":350,"height":200,"srcset":"https:\/\/i0.wp.com\/www.grieta.org.mx\/wp-content\/uploads\/2018\/03\/14524434_1106112876131411_958039263622046936_o.jpg?resize=350%2C200 1x, https:\/\/i0.wp.com\/www.grieta.org.mx\/wp-content\/uploads\/2018\/03\/14524434_1106112876131411_958039263622046936_o.jpg?resize=525%2C300 1.5x, https:\/\/i0.wp.com\/www.grieta.org.mx\/wp-content\/uploads\/2018\/03\/14524434_1106112876131411_958039263622046936_o.jpg?resize=700%2C400 2x"},"classes":[]},{"id":1186,"url":"http:\/\/www.grieta.org.mx\/index.php\/2015\/12\/11\/mantendra-la-sehi-manifestaciones-contra-quema-de-desechos-en-cementeras\/","url_meta":{"origin":1241,"position":1},"title":"Mantendr\u00e1 la SEHI manifestaciones contra quema de desechos en cementeras","author":"grieta","date":"11 diciembre, 2015","format":false,"excerpt":"Advierte el dirigente de la Sociedad Ecologista Hidalguense (Sehi), Marco Antonio Moreno Gayt\u00e1n, que continuar\u00e1n las movilizaciones que llevan a cabo en la alianza denominada Acci\u00f3n Comunitaria Ambiental, para que se declaren ilegales los convenios que realizan las cementeras con los gobiernos estatales para la quema de desechos que afectan\u2026","rel":"","context":"En &quot;CINTILLO&quot;","block_context":{"text":"CINTILLO","link":"http:\/\/www.grieta.org.mx\/index.php\/category\/cintillo\/"},"img":{"alt_text":"","src":"https:\/\/i0.wp.com\/www.grieta.org.mx\/wp-content\/uploads\/2018\/03\/14524434_1106112876131411_958039263622046936_o.jpg?resize=350%2C200","width":350,"height":200,"srcset":"https:\/\/i0.wp.com\/www.grieta.org.mx\/wp-content\/uploads\/2018\/03\/14524434_1106112876131411_958039263622046936_o.jpg?resize=350%2C200 1x, https:\/\/i0.wp.com\/www.grieta.org.mx\/wp-content\/uploads\/2018\/03\/14524434_1106112876131411_958039263622046936_o.jpg?resize=525%2C300 1.5x, https:\/\/i0.wp.com\/www.grieta.org.mx\/wp-content\/uploads\/2018\/03\/14524434_1106112876131411_958039263622046936_o.jpg?resize=700%2C400 2x"},"classes":[]},{"id":1246,"url":"http:\/\/www.grieta.org.mx\/index.php\/2015\/11\/19\/vecinos-de-huichapan-denuncian-contaminacion-por-explosion-en-cemex\/","url_meta":{"origin":1241,"position":2},"title":"Vecinos de Huichapan denuncian contaminaci\u00f3n por explosi\u00f3n en Cemex","author":"grieta","date":"19 noviembre, 2015","format":false,"excerpt":"19\/11\/15. Emplazan vecinos de Maney a Cemex para cumplir con normas ambientales y de saludReloj Ciudadano 15\/11\/15. Afectados por explosiones de Cemex en Huichapan ser\u00e1n atendidosQuadrat\u00edn Hidalgo 06\/11\/15. Enorme lluvia de cenizas cre\u00f3 cementeraEl Sol de Hidalgo 06\/11\/15. Exige Sehi acciones vs cementera por incidenteCriterio Hidalgo","rel":"","context":"En &quot;Hidalgo&quot;","block_context":{"text":"Hidalgo","link":"http:\/\/www.grieta.org.mx\/index.php\/category\/noticias-nacionales\/hidalgo\/"},"img":{"alt_text":"","src":"https:\/\/i0.wp.com\/www.grieta.org.mx\/wp-content\/uploads\/2018\/03\/14524434_1106112876131411_958039263622046936_o.jpg?resize=350%2C200","width":350,"height":200,"srcset":"https:\/\/i0.wp.com\/www.grieta.org.mx\/wp-content\/uploads\/2018\/03\/14524434_1106112876131411_958039263622046936_o.jpg?resize=350%2C200 1x, https:\/\/i0.wp.com\/www.grieta.org.mx\/wp-content\/uploads\/2018\/03\/14524434_1106112876131411_958039263622046936_o.jpg?resize=525%2C300 1.5x, https:\/\/i0.wp.com\/www.grieta.org.mx\/wp-content\/uploads\/2018\/03\/14524434_1106112876131411_958039263622046936_o.jpg?resize=700%2C400 2x"},"classes":[]},{"id":1176,"url":"http:\/\/www.grieta.org.mx\/index.php\/2015\/10\/27\/acusa-a-cruz-azul-de-incineracion-en-secreto\/","url_meta":{"origin":1241,"position":3},"title":"Acusa a Cruz Azul de incineraci\u00f3n en secreto","author":"grieta","date":"27 octubre, 2015","format":false,"excerpt":"Jes\u00fas Gonz\u00e1lez Jorge Tadeo y Refugio Chore\u00f1o, l\u00edderes del Frente de Comunidades contra la Incineraci\u00f3n de la Industria Cementera, se\u00f1alaron que, sin consultar al gobierno de Hidalgo, la cooperativa Cruz Azul en Tula firm\u00f3 un convenio \u201csecreto\u201d con autoridades de Morelos para incinerar miles de toneladas de basura provenientes de\u2026","rel":"","context":"En &quot;CINTILLO&quot;","block_context":{"text":"CINTILLO","link":"http:\/\/www.grieta.org.mx\/index.php\/category\/cintillo\/"},"img":{"alt_text":"","src":"https:\/\/i0.wp.com\/www.grieta.org.mx\/wp-content\/uploads\/2018\/03\/14524434_1106112876131411_958039263622046936_o.jpg?resize=350%2C200","width":350,"height":200,"srcset":"https:\/\/i0.wp.com\/www.grieta.org.mx\/wp-content\/uploads\/2018\/03\/14524434_1106112876131411_958039263622046936_o.jpg?resize=350%2C200 1x, https:\/\/i0.wp.com\/www.grieta.org.mx\/wp-content\/uploads\/2018\/03\/14524434_1106112876131411_958039263622046936_o.jpg?resize=525%2C300 1.5x, https:\/\/i0.wp.com\/www.grieta.org.mx\/wp-content\/uploads\/2018\/03\/14524434_1106112876131411_958039263622046936_o.jpg?resize=700%2C400 2x"},"classes":[]},{"id":34644,"url":"http:\/\/www.grieta.org.mx\/index.php\/2019\/05\/24\/cemex-quema-6-mil-toneladas-de-desechos-en-planta-de-tepeaca-gaia-puebla-e-hidalgo\/","url_meta":{"origin":1241,"position":4},"title":"Cemex quema 6 mil toneladas de desechos en planta de Tepeaca: GAIA (Puebla e Hidalgo)","author":"Admin","date":"24 mayo, 2019","format":false,"excerpt":"Yadira Llaven Anzures \/La Jornada de Oriente El ambientalista Jorge Tadeo Vargas, miembro de la Alianza Global por Alternativas a la Incineraci\u00f3n (GAIA por sus siglas en ingl\u00e9s), revel\u00f3 que el gobierno de la Ciudad de M\u00e9xico y la empresa Cementos de M\u00e9xico (Cemex). mantienen un convenio vigente para el\u2026","rel":"","context":"En &quot;CINTILLO&quot;","block_context":{"text":"CINTILLO","link":"http:\/\/www.grieta.org.mx\/index.php\/category\/cintillo\/"},"img":{"alt_text":"","src":"https:\/\/i0.wp.com\/www.grieta.org.mx\/wp-content\/uploads\/2019\/06\/Captura-de-pantalla-2019-06-11-02.31.08.png?resize=350%2C200","width":350,"height":200,"srcset":"https:\/\/i0.wp.com\/www.grieta.org.mx\/wp-content\/uploads\/2019\/06\/Captura-de-pantalla-2019-06-11-02.31.08.png?resize=350%2C200 1x, https:\/\/i0.wp.com\/www.grieta.org.mx\/wp-content\/uploads\/2019\/06\/Captura-de-pantalla-2019-06-11-02.31.08.png?resize=525%2C300 1.5x"},"classes":[]},{"id":1238,"url":"http:\/\/www.grieta.org.mx\/index.php\/2015\/11\/19\/emplazan-vecinos-de-maney-a-cemex-para-cumplir-con-normas-ambientales-y-de-salud\/","url_meta":{"origin":1241,"position":5},"title":"Emplazan vecinos de Maney a Cemex para cumplir con normas ambientales y de salud","author":"grieta","date":"19 noviembre, 2015","format":false,"excerpt":"Yuri R. Ruiz Huichapan.\u2013 Sin llegar a acuerdos concretos y responsabilidad por parte de las autoridades de la cementera Cemex-Huichapan, habitantes de la comunidad de Maney en Huichapan, adem\u00e1s de sus alrededores, emplazaron a los directivos, encabezados por Edmon Guti\u00e9rrez, para que hicieran un estudio de impacto ambiental y de\u2026","rel":"","context":"En &quot;CINTILLO&quot;","block_context":{"text":"CINTILLO","link":"http:\/\/www.grieta.org.mx\/index.php\/category\/cintillo\/"},"img":{"alt_text":"","src":"https:\/\/i0.wp.com\/www.grieta.org.mx\/wp-content\/uploads\/2018\/03\/14524434_1106112876131411_958039263622046936_o.jpg?resize=350%2C200","width":350,"height":200,"srcset":"https:\/\/i0.wp.com\/www.grieta.org.mx\/wp-content\/uploads\/2018\/03\/14524434_1106112876131411_958039263622046936_o.jpg?resize=350%2C200 1x, https:\/\/i0.wp.com\/www.grieta.org.mx\/wp-content\/uploads\/2018\/03\/14524434_1106112876131411_958039263622046936_o.jpg?resize=525%2C300 1.5x, https:\/\/i0.wp.com\/www.grieta.org.mx\/wp-content\/uploads\/2018\/03\/14524434_1106112876131411_958039263622046936_o.jpg?resize=700%2C400 2x"},"classes":[]}],"_links":{"self":[{"href":"http:\/\/www.grieta.org.mx\/index.php\/wp-json\/wp\/v2\/posts\/1241","targetHints":{"allow":["GET"]}}],"collection":[{"href":"http:\/\/www.grieta.org.mx\/index.php\/wp-json\/wp\/v2\/posts"}],"about":[{"href":"http:\/\/www.grieta.org.mx\/index.php\/wp-json\/wp\/v2\/types\/post"}],"author":[{"embeddable":true,"href":"http:\/\/www.grieta.org.mx\/index.php\/wp-json\/wp\/v2\/users\/2"}],"replies":[{"embeddable":true,"href":"http:\/\/www.grieta.org.mx\/index.php\/wp-json\/wp\/v2\/comments?post=1241"}],"version-history":[{"count":1,"href":"http:\/\/www.grieta.org.mx\/index.php\/wp-json\/wp\/v2\/posts\/1241\/revisions"}],"predecessor-version":[{"id":1245,"href":"http:\/\/www.grieta.org.mx\/index.php\/wp-json\/wp\/v2\/posts\/1241\/revisions\/1245"}],"wp:featuredmedia":[{"embeddable":true,"href":"http:\/\/www.grieta.org.mx\/index.php\/wp-json\/wp\/v2\/media\/21928"}],"wp:attachment":[{"href":"http:\/\/www.grieta.org.mx\/index.php\/wp-json\/wp\/v2\/media?parent=1241"}],"wp:term":[{"taxonomy":"category","embeddable":true,"href":"http:\/\/www.grieta.org.mx\/index.php\/wp-json\/wp\/v2\/categories?post=1241"},{"taxonomy":"post_tag","embeddable":true,"href":"http:\/\/www.grieta.org.mx\/index.php\/wp-json\/wp\/v2\/tags?post=1241"}],"curies":[{"name":"wp","href":"https:\/\/api.w.org\/{rel}","templated":true}]}}