{"id":1240,"date":"2015-11-06T19:11:19","date_gmt":"2015-11-06T19:11:19","guid":{"rendered":"http:\/\/50.22.11.12\/~grietaor\/?p=1240"},"modified":"2016-03-03T19:14:15","modified_gmt":"2016-03-03T19:14:15","slug":"enorme-lluvia-de-cenizas-creo-cementera","status":"publish","type":"post","link":"http:\/\/www.grieta.org.mx\/index.php\/2015\/11\/06\/enorme-lluvia-de-cenizas-creo-cementera\/","title":{"rendered":"Enorme lluvia de cenizas cre\u00f3 cementera"},"content":{"rendered":"<p>Alma Leticia S\u00e1nchez<\/p>\n<p>Huichaoan, Hidalgo.- Quemadores de Cementos de M\u00e9xico (Cemex), en este municipio, salieron de control y provocaron una explosi\u00f3n que a su vez gener\u00f3 una gigantesca fumarola que arroj\u00f3 cenizas.<\/p>\n<p>La comunidad El Maney, la m\u00e1s cercana a la planta, fue la principal afectada y en respuesta al evento se manifestaron afuera de las instalaciones de la empresa para exigir la reparaci\u00f3n de los da\u00f1os a su salud, as\u00ed como al medio ambiente de la regi\u00f3n.<\/p>\n<p>Al respecto, en entrevista con algunos pobladores, informaron que fue un hecho que alert\u00f3 a gran parte de la poblaci\u00f3n.<\/p>\n<p>Se\u00f1alaron que se registr\u00f3 alrededor de las 7:30 de la ma\u00f1ana, cuando ya hay mucha actividad entre pobladores por el ingreso a clases.<\/p>\n<p>Mencionaron que escucharon un fuerte ruido, \u201ccomo si algo hubiera explotado, salimos de las casas y vimos que de la cementera sal\u00eda una enorme columna de humo, era gigantesca. Luego comenzaron a caer piedritas, muy peque\u00f1as, que al tocarlas se desas\u00edan en los dedos, entonces nos dimos cuenta que era ceniza\u201d.<\/p>\n<p>Mientras explicaban, otros mencionaban que Maney se cubri\u00f3 de una enorme nube oscura.<\/p>\n<p>Adem\u00e1s, detallaron problemas en su salud, como sentir la garganta irritada y los ojos llorosos, especialmente en ni\u00f1os.<\/p>\n<p>Las personas se organizaron y solicitaron la intervenci\u00f3n de su delegado para acudir a la empresa a fin de exigir una explicaci\u00f3n, pero especialmente la reparaci\u00f3n de los da\u00f1os, pues todo el territorio fue cubierto por cenizas.<\/p>\n<p>Conformaron una comisi\u00f3n vecinal que se traslad\u00f3 a la cementera de Cemex.<\/p>\n<p>Ah\u00ed, los atendi\u00f3 la encargada de recursos humanos que tambi\u00e9n, pobladores la conocen como la enlace con las comunidades a quien denominaron como Jessy \u201cN\u201d.<\/p>\n<p>Los entrevistados dijeron que Jessy justific\u00f3 al decir que fue un evento lejos del alcance de su mano, pues mencion\u00f3 que todo es computarizado y el personal no tuvo nada que ver.<\/p>\n<p>\u201cDe ah\u00ed surgieron las cenizas, de ah\u00ed sali\u00f3 la fumarola. La empresa es la responsable, no sabemos si fue un error humano o un error de las m\u00e1quinas, pero de Cemex fue la causante de los da\u00f1os a la comunidad\u201d, puntualizaron.<\/p>\n<p>Mencionaron que arribaron al sitio patrullas estatales junto con los polic\u00edas, pues recibieron el reporte que los manifestantes hab\u00edan retenido a la representante Jessy, \u201cfue un reporte falso, nunca hicimos tal situaci\u00f3n, tan es as\u00ed que los oficiales se retiraron luego\u201d.<\/p>\n<p>Su petici\u00f3n a la empresa fue solventar las afectaciones a su salud, as\u00ed como al medio ambiente en la regi\u00f3n y la respuesta fue satisfactoria.<\/p>\n<p><a href=\"http:\/\/www.oem.com.mx\/elsoldehidalgo\/notas\/n3995004.htm\" target=\"_blank\">www.oem.com.mx\/elsoldehidalgo\/notas\/n3995004.htm<\/a><\/p>\n","protected":false},"excerpt":{"rendered":"<p>Alma Leticia S\u00e1nchez Huichaoan, Hidalgo.- Quemadores de Cementos de M\u00e9xico (Cemex), en este municipio, salieron de control y provocaron una explosi\u00f3n que a su vez gener\u00f3 una gigantesca fumarola que &hellip; <a href=\"http:\/\/www.grieta.org.mx\/index.php\/2015\/11\/06\/enorme-lluvia-de-cenizas-creo-cementera\/\" class=\"more-link\">Leer m\u00e1s<\/a><\/p>\n","protected":false},"author":2,"featured_media":21928,"comment_status":"closed","ping_status":"open","sticky":false,"template":"","format":"standard","meta":{"ngg_post_thumbnail":0,"_jetpack_newsletter_access":"","_jetpack_dont_email_post_to_subs":false,"_jetpack_newsletter_tier_id":0,"_jetpack_memberships_contains_paywalled_content":false,"_jetpack_memberships_contains_paid_content":false,"footnotes":""},"categories":[80,129],"tags":[91],"class_list":["post-1240","post","type-post","status-publish","format-standard","has-post-thumbnail","hentry","category-cintillo","category-hidalgo","tag-contaminacion-ambiental","entry"],"jetpack_featured_media_url":"http:\/\/www.grieta.org.mx\/wp-content\/uploads\/2018\/03\/14524434_1106112876131411_958039263622046936_o.jpg","jetpack_sharing_enabled":true,"jetpack_shortlink":"https:\/\/wp.me\/p7ZJR4-k0","jetpack_likes_enabled":false,"jetpack-related-posts":[{"id":39163,"url":"http:\/\/www.grieta.org.mx\/index.php\/2019\/09\/11\/pobladores-con-altos-indices-de-manganeso-en-la-sangre-hidalgo\/","url_meta":{"origin":1240,"position":0},"title":"Pobladores con altos \u00edndices de manganeso en la sangre (Hidalgo)","author":"Admin","date":"11 septiembre, 2019","format":false,"excerpt":"Rub\u00e9n Ju\u00e1rez \/ El Sol de Hidalgo LOLOTLA, Hgo.- El presidente del Consejo de Vigilancia de la comunidad Chiconcuac, perteneciente a este municipio, Wenceslao Cruz Hern\u00e1ndez, se\u00f1al\u00f3 que varios de sus vecinos, al realizarles pruebas de laboratorio, salieron con altos \u00edndices de manganeso en la sangre, debido presuntamente a la\u2026","rel":"","context":"En &quot;CINTILLO&quot;","block_context":{"text":"CINTILLO","link":"http:\/\/www.grieta.org.mx\/index.php\/category\/cintillo\/"},"img":{"alt_text":"","src":"https:\/\/i0.wp.com\/www.grieta.org.mx\/wp-content\/uploads\/2019\/09\/Minera-Autlan-B.jpeg?resize=350%2C200","width":350,"height":200,"srcset":"https:\/\/i0.wp.com\/www.grieta.org.mx\/wp-content\/uploads\/2019\/09\/Minera-Autlan-B.jpeg?resize=350%2C200 1x, https:\/\/i0.wp.com\/www.grieta.org.mx\/wp-content\/uploads\/2019\/09\/Minera-Autlan-B.jpeg?resize=525%2C300 1.5x, https:\/\/i0.wp.com\/www.grieta.org.mx\/wp-content\/uploads\/2019\/09\/Minera-Autlan-B.jpeg?resize=700%2C400 2x"},"classes":[]},{"id":28709,"url":"http:\/\/www.grieta.org.mx\/index.php\/2019\/01\/27\/el-gasoducto-tuxpan-tula-no-se-ha-cancelado-puebla-veracruz-hidalgo\/","url_meta":{"origin":1240,"position":1},"title":"El gasoducto Tuxpan-Tula no se ha cancelado (Puebla, Veracruz, Hidalgo)","author":"grieta","date":"27 enero, 2019","format":false,"excerpt":"Aranzaz\u00fa Ayala Mart\u00ednez \/ Lado B En noviembre del a\u00f1o pasado la empresa TransCanada anunci\u00f3 la suspensi\u00f3n de la pol\u00e9mica obra del gasoducto Tuxpan-Tula, la cual provoc\u00f3 rechazo de pobladores de los estados de Puebla e Hidalgo por su intromisi\u00f3n en las comunidades, amenazar a la biodiversidad y por una\u2026","rel":"","context":"En &quot;26. Sierra Puebla&quot;","block_context":{"text":"26. Sierra Puebla","link":"http:\/\/www.grieta.org.mx\/index.php\/category\/espejos-de-la-resistencia\/26-sierra-puebla\/"},"img":{"alt_text":"","src":"https:\/\/i0.wp.com\/www.grieta.org.mx\/wp-content\/uploads\/2019\/02\/Gasoducto-1-3.jpg?resize=350%2C200","width":350,"height":200,"srcset":"https:\/\/i0.wp.com\/www.grieta.org.mx\/wp-content\/uploads\/2019\/02\/Gasoducto-1-3.jpg?resize=350%2C200 1x, https:\/\/i0.wp.com\/www.grieta.org.mx\/wp-content\/uploads\/2019\/02\/Gasoducto-1-3.jpg?resize=525%2C300 1.5x, https:\/\/i0.wp.com\/www.grieta.org.mx\/wp-content\/uploads\/2019\/02\/Gasoducto-1-3.jpg?resize=700%2C400 2x"},"classes":[]},{"id":38569,"url":"http:\/\/www.grieta.org.mx\/index.php\/2019\/08\/29\/en-hidalgo-dos-gasoductos-parados-por-conflictos-sociales\/","url_meta":{"origin":1240,"position":2},"title":"En Hidalgo, dos gasoductos parados por conflictos sociales","author":"Admin","date":"29 agosto, 2019","format":false,"excerpt":"Lorena Rosas \/ La Silla Rota PACHUCA.\u2013 Por el territorio de Hidalgo convergen dos de los siete gasoductos que proveer\u00e1n de gas natural a las centrales de generaci\u00f3n de la Comisi\u00f3n Federal de Electricidad (CFE), ambos con un avance de m\u00e1s del 80 por ciento, pero suspendidos por oposici\u00f3n de\u2026","rel":"","context":"En &quot;CINTILLO&quot;","block_context":{"text":"CINTILLO","link":"http:\/\/www.grieta.org.mx\/index.php\/category\/cintillo\/"},"img":{"alt_text":"","src":"https:\/\/i0.wp.com\/www.grieta.org.mx\/wp-content\/uploads\/2019\/08\/tcenergia.jpg?resize=350%2C200","width":350,"height":200,"srcset":"https:\/\/i0.wp.com\/www.grieta.org.mx\/wp-content\/uploads\/2019\/08\/tcenergia.jpg?resize=350%2C200 1x, https:\/\/i0.wp.com\/www.grieta.org.mx\/wp-content\/uploads\/2019\/08\/tcenergia.jpg?resize=525%2C300 1.5x, https:\/\/i0.wp.com\/www.grieta.org.mx\/wp-content\/uploads\/2019\/08\/tcenergia.jpg?resize=700%2C400 2x"},"classes":[]},{"id":17304,"url":"http:\/\/www.grieta.org.mx\/index.php\/2016\/07\/16\/insisten-pobladores-de-epazoyucan-detener-traslado-de-jales\/","url_meta":{"origin":1240,"position":3},"title":"Insisten pobladores de Epazoyucan detener traslado de jales","author":"grieta","date":"16 julio, 2016","format":false,"excerpt":"Norma L\u00f3pez Contin\u00faa la inconformidad de vecinos de Epazoyucan por la decisi\u00f3n de las autoridades del medio ambiente de entregar los permisos de traslados de los jales a la empresa Minera del Norte perteneciente al grupo Altos Hornos de M\u00e9xico. Pobladores del municipio han realizado diversas acciones en contra del\u2026","rel":"","context":"En &quot;CINTILLO&quot;","block_context":{"text":"CINTILLO","link":"http:\/\/www.grieta.org.mx\/index.php\/category\/cintillo\/"},"img":{"alt_text":"","src":"https:\/\/i0.wp.com\/www.grieta.org.mx\/wp-content\/uploads\/2018\/03\/14524434_1106112876131411_958039263622046936_o.jpg?resize=350%2C200","width":350,"height":200,"srcset":"https:\/\/i0.wp.com\/www.grieta.org.mx\/wp-content\/uploads\/2018\/03\/14524434_1106112876131411_958039263622046936_o.jpg?resize=350%2C200 1x, https:\/\/i0.wp.com\/www.grieta.org.mx\/wp-content\/uploads\/2018\/03\/14524434_1106112876131411_958039263622046936_o.jpg?resize=525%2C300 1.5x, https:\/\/i0.wp.com\/www.grieta.org.mx\/wp-content\/uploads\/2018\/03\/14524434_1106112876131411_958039263622046936_o.jpg?resize=700%2C400 2x"},"classes":[]},{"id":2564,"url":"http:\/\/www.grieta.org.mx\/index.php\/2015\/09\/17\/pobladores-de-huehuetla-toman-alcaldia-por-asesinato\/","url_meta":{"origin":1240,"position":4},"title":"Pobladores de Huehuetla toman alcald\u00eda por asesinato","author":"grieta","date":"17 septiembre, 2015","format":false,"excerpt":"17\/09\/15. Liberaron alcald\u00eda de HuehuetlaCriterio Hidalgo 15\/09\/15. Mantienen tomada alcald\u00eda de Huehuetla Criterio Hidalgo 15\/09\/15. Es polvor\u00edn Huehuetla El Sol de Hidalgo 14\/09\/15. Letras Minadas: Arde Huehuetla; piden destituci\u00f3n de edil y funcionariosQuadrat\u00edn","rel":"","context":"En &quot;Hidalgo&quot;","block_context":{"text":"Hidalgo","link":"http:\/\/www.grieta.org.mx\/index.php\/category\/noticias-nacionales\/hidalgo\/"},"img":{"alt_text":"","src":"https:\/\/i0.wp.com\/www.grieta.org.mx\/wp-content\/uploads\/2018\/03\/14524434_1106112876131411_958039263622046936_o.jpg?resize=350%2C200","width":350,"height":200,"srcset":"https:\/\/i0.wp.com\/www.grieta.org.mx\/wp-content\/uploads\/2018\/03\/14524434_1106112876131411_958039263622046936_o.jpg?resize=350%2C200 1x, https:\/\/i0.wp.com\/www.grieta.org.mx\/wp-content\/uploads\/2018\/03\/14524434_1106112876131411_958039263622046936_o.jpg?resize=525%2C300 1.5x, https:\/\/i0.wp.com\/www.grieta.org.mx\/wp-content\/uploads\/2018\/03\/14524434_1106112876131411_958039263622046936_o.jpg?resize=700%2C400 2x"},"classes":[]},{"id":1246,"url":"http:\/\/www.grieta.org.mx\/index.php\/2015\/11\/19\/vecinos-de-huichapan-denuncian-contaminacion-por-explosion-en-cemex\/","url_meta":{"origin":1240,"position":5},"title":"Vecinos de Huichapan denuncian contaminaci\u00f3n por explosi\u00f3n en Cemex","author":"grieta","date":"19 noviembre, 2015","format":false,"excerpt":"19\/11\/15. Emplazan vecinos de Maney a Cemex para cumplir con normas ambientales y de saludReloj Ciudadano 15\/11\/15. Afectados por explosiones de Cemex en Huichapan ser\u00e1n atendidosQuadrat\u00edn Hidalgo 06\/11\/15. Enorme lluvia de cenizas cre\u00f3 cementeraEl Sol de Hidalgo 06\/11\/15. Exige Sehi acciones vs cementera por incidenteCriterio Hidalgo","rel":"","context":"En &quot;Hidalgo&quot;","block_context":{"text":"Hidalgo","link":"http:\/\/www.grieta.org.mx\/index.php\/category\/noticias-nacionales\/hidalgo\/"},"img":{"alt_text":"","src":"https:\/\/i0.wp.com\/www.grieta.org.mx\/wp-content\/uploads\/2018\/03\/14524434_1106112876131411_958039263622046936_o.jpg?resize=350%2C200","width":350,"height":200,"srcset":"https:\/\/i0.wp.com\/www.grieta.org.mx\/wp-content\/uploads\/2018\/03\/14524434_1106112876131411_958039263622046936_o.jpg?resize=350%2C200 1x, https:\/\/i0.wp.com\/www.grieta.org.mx\/wp-content\/uploads\/2018\/03\/14524434_1106112876131411_958039263622046936_o.jpg?resize=525%2C300 1.5x, https:\/\/i0.wp.com\/www.grieta.org.mx\/wp-content\/uploads\/2018\/03\/14524434_1106112876131411_958039263622046936_o.jpg?resize=700%2C400 2x"},"classes":[]}],"_links":{"self":[{"href":"http:\/\/www.grieta.org.mx\/index.php\/wp-json\/wp\/v2\/posts\/1240","targetHints":{"allow":["GET"]}}],"collection":[{"href":"http:\/\/www.grieta.org.mx\/index.php\/wp-json\/wp\/v2\/posts"}],"about":[{"href":"http:\/\/www.grieta.org.mx\/index.php\/wp-json\/wp\/v2\/types\/post"}],"author":[{"embeddable":true,"href":"http:\/\/www.grieta.org.mx\/index.php\/wp-json\/wp\/v2\/users\/2"}],"replies":[{"embeddable":true,"href":"http:\/\/www.grieta.org.mx\/index.php\/wp-json\/wp\/v2\/comments?post=1240"}],"version-history":[{"count":1,"href":"http:\/\/www.grieta.org.mx\/index.php\/wp-json\/wp\/v2\/posts\/1240\/revisions"}],"predecessor-version":[{"id":1244,"href":"http:\/\/www.grieta.org.mx\/index.php\/wp-json\/wp\/v2\/posts\/1240\/revisions\/1244"}],"wp:featuredmedia":[{"embeddable":true,"href":"http:\/\/www.grieta.org.mx\/index.php\/wp-json\/wp\/v2\/media\/21928"}],"wp:attachment":[{"href":"http:\/\/www.grieta.org.mx\/index.php\/wp-json\/wp\/v2\/media?parent=1240"}],"wp:term":[{"taxonomy":"category","embeddable":true,"href":"http:\/\/www.grieta.org.mx\/index.php\/wp-json\/wp\/v2\/categories?post=1240"},{"taxonomy":"post_tag","embeddable":true,"href":"http:\/\/www.grieta.org.mx\/index.php\/wp-json\/wp\/v2\/tags?post=1240"}],"curies":[{"name":"wp","href":"https:\/\/api.w.org\/{rel}","templated":true}]}}