{"id":1239,"date":"2015-11-15T19:11:14","date_gmt":"2015-11-15T19:11:14","guid":{"rendered":"http:\/\/50.22.11.12\/~grietaor\/?p=1239"},"modified":"2016-03-03T19:13:33","modified_gmt":"2016-03-03T19:13:33","slug":"afectados-por-explosiones-de-cemex-en-huichapan-seran-atendidos","status":"publish","type":"post","link":"http:\/\/www.grieta.org.mx\/index.php\/2015\/11\/15\/afectados-por-explosiones-de-cemex-en-huichapan-seran-atendidos\/","title":{"rendered":"Afectados por explosiones de Cemex en Huichapan ser\u00e1n atendidos"},"content":{"rendered":"<p>Miguel \u00c1ngel Villeda<\/p>\n<p>HUICHAPAN, Hgo., 15 de noviembre de 2015.- Luego de que en d\u00edas pasados quemadores de Cementos de M\u00e9xico (Cemex) en Huichapan se salieron de control y provocaran una explosi\u00f3n que a su vez gener\u00f3 una gigantesca fumarola que arroj\u00f3 cenizas, y donde vecinos en especial de la comunidad El Maney salieran afectados, esta semana se reunir\u00e1n representantes de la empresa con vecinos de la comunidad.<\/p>\n<p>Tras una serie de inconformidades por parte de los vecinos, este mi\u00e9rcoles se tendr\u00e1 una reuni\u00f3n en el auditorio de la comunidad, donde estar\u00e1n representantes legales de la empresa, as\u00ed como personal de Gobernaci\u00f3n y vecinos de la comunidad, con el fin de ver las afectaciones que dejaron las cenizas.<\/p>\n<p>Aurelio Gonz\u00e1lez, delegado de la comunidad, asegur\u00f3 que parte de la flora y fauna quedaron severamente da\u00f1adas, adem\u00e1s, hay vecinos que hasta la fecha siguen sufriendo los da\u00f1os, tales como gripa o bien, se han visto afectados de los ojos, presuntamente debido a la nube de cenizas.<\/p>\n<p>Otro de los puntos es que el sembrad\u00edo de vecinos que se dedican al campo, sufrieron perdida total, por lo que se espera que dentro de la mesa de di\u00e1logo la empresa pueda apoyar econ\u00f3micamente a la comunidad.<\/p>\n<p>Tambi\u00e9n se contar\u00e1 con la presencia de integrantes del movimiento CUMA, quienes han estado apoyando a la comunidad del Maney.<\/p>\n<p><a href=\"http:\/\/hidalgo.quadratin.com.mx\/regiones\/Afectados-por-explosiones-de-Cemex-en-Huichapan-seran-atendidos\/\" target=\"_blank\">hidalgo.quadratin.com.mx\/regiones\/Afectados-por-explosiones-de-Cemex-en-Huichapan-seran-atendidos\/<\/a><\/p>\n","protected":false},"excerpt":{"rendered":"<p>Miguel \u00c1ngel Villeda HUICHAPAN, Hgo., 15 de noviembre de 2015.- Luego de que en d\u00edas pasados quemadores de Cementos de M\u00e9xico (Cemex) en Huichapan se salieron de control y provocaran &hellip; <a href=\"http:\/\/www.grieta.org.mx\/index.php\/2015\/11\/15\/afectados-por-explosiones-de-cemex-en-huichapan-seran-atendidos\/\" class=\"more-link\">Leer m\u00e1s<\/a><\/p>\n","protected":false},"author":2,"featured_media":21928,"comment_status":"closed","ping_status":"open","sticky":false,"template":"","format":"standard","meta":{"ngg_post_thumbnail":0,"_jetpack_newsletter_access":"","_jetpack_dont_email_post_to_subs":false,"_jetpack_newsletter_tier_id":0,"_jetpack_memberships_contains_paywalled_content":false,"_jetpack_memberships_contains_paid_content":false,"footnotes":""},"categories":[80,129],"tags":[91],"class_list":["post-1239","post","type-post","status-publish","format-standard","has-post-thumbnail","hentry","category-cintillo","category-hidalgo","tag-contaminacion-ambiental","entry"],"jetpack_featured_media_url":"http:\/\/www.grieta.org.mx\/wp-content\/uploads\/2018\/03\/14524434_1106112876131411_958039263622046936_o.jpg","jetpack_sharing_enabled":true,"jetpack_shortlink":"https:\/\/wp.me\/p7ZJR4-jZ","jetpack_likes_enabled":false,"jetpack-related-posts":[{"id":1246,"url":"http:\/\/www.grieta.org.mx\/index.php\/2015\/11\/19\/vecinos-de-huichapan-denuncian-contaminacion-por-explosion-en-cemex\/","url_meta":{"origin":1239,"position":0},"title":"Vecinos de Huichapan denuncian contaminaci\u00f3n por explosi\u00f3n en Cemex","author":"grieta","date":"19 noviembre, 2015","format":false,"excerpt":"19\/11\/15. Emplazan vecinos de Maney a Cemex para cumplir con normas ambientales y de saludReloj Ciudadano 15\/11\/15. Afectados por explosiones de Cemex en Huichapan ser\u00e1n atendidosQuadrat\u00edn Hidalgo 06\/11\/15. Enorme lluvia de cenizas cre\u00f3 cementeraEl Sol de Hidalgo 06\/11\/15. Exige Sehi acciones vs cementera por incidenteCriterio Hidalgo","rel":"","context":"En &quot;Hidalgo&quot;","block_context":{"text":"Hidalgo","link":"http:\/\/www.grieta.org.mx\/index.php\/category\/noticias-nacionales\/hidalgo\/"},"img":{"alt_text":"","src":"https:\/\/i0.wp.com\/www.grieta.org.mx\/wp-content\/uploads\/2018\/03\/14524434_1106112876131411_958039263622046936_o.jpg?resize=350%2C200","width":350,"height":200,"srcset":"https:\/\/i0.wp.com\/www.grieta.org.mx\/wp-content\/uploads\/2018\/03\/14524434_1106112876131411_958039263622046936_o.jpg?resize=350%2C200 1x, https:\/\/i0.wp.com\/www.grieta.org.mx\/wp-content\/uploads\/2018\/03\/14524434_1106112876131411_958039263622046936_o.jpg?resize=525%2C300 1.5x, https:\/\/i0.wp.com\/www.grieta.org.mx\/wp-content\/uploads\/2018\/03\/14524434_1106112876131411_958039263622046936_o.jpg?resize=700%2C400 2x"},"classes":[]},{"id":1238,"url":"http:\/\/www.grieta.org.mx\/index.php\/2015\/11\/19\/emplazan-vecinos-de-maney-a-cemex-para-cumplir-con-normas-ambientales-y-de-salud\/","url_meta":{"origin":1239,"position":1},"title":"Emplazan vecinos de Maney a Cemex para cumplir con normas ambientales y de salud","author":"grieta","date":"19 noviembre, 2015","format":false,"excerpt":"Yuri R. Ruiz Huichapan.\u2013 Sin llegar a acuerdos concretos y responsabilidad por parte de las autoridades de la cementera Cemex-Huichapan, habitantes de la comunidad de Maney en Huichapan, adem\u00e1s de sus alrededores, emplazaron a los directivos, encabezados por Edmon Guti\u00e9rrez, para que hicieran un estudio de impacto ambiental y de\u2026","rel":"","context":"En &quot;CINTILLO&quot;","block_context":{"text":"CINTILLO","link":"http:\/\/www.grieta.org.mx\/index.php\/category\/cintillo\/"},"img":{"alt_text":"","src":"https:\/\/i0.wp.com\/www.grieta.org.mx\/wp-content\/uploads\/2018\/03\/14524434_1106112876131411_958039263622046936_o.jpg?resize=350%2C200","width":350,"height":200,"srcset":"https:\/\/i0.wp.com\/www.grieta.org.mx\/wp-content\/uploads\/2018\/03\/14524434_1106112876131411_958039263622046936_o.jpg?resize=350%2C200 1x, https:\/\/i0.wp.com\/www.grieta.org.mx\/wp-content\/uploads\/2018\/03\/14524434_1106112876131411_958039263622046936_o.jpg?resize=525%2C300 1.5x, https:\/\/i0.wp.com\/www.grieta.org.mx\/wp-content\/uploads\/2018\/03\/14524434_1106112876131411_958039263622046936_o.jpg?resize=700%2C400 2x"},"classes":[]},{"id":34644,"url":"http:\/\/www.grieta.org.mx\/index.php\/2019\/05\/24\/cemex-quema-6-mil-toneladas-de-desechos-en-planta-de-tepeaca-gaia-puebla-e-hidalgo\/","url_meta":{"origin":1239,"position":2},"title":"Cemex quema 6 mil toneladas de desechos en planta de Tepeaca: GAIA (Puebla e Hidalgo)","author":"Admin","date":"24 mayo, 2019","format":false,"excerpt":"Yadira Llaven Anzures \/La Jornada de Oriente El ambientalista Jorge Tadeo Vargas, miembro de la Alianza Global por Alternativas a la Incineraci\u00f3n (GAIA por sus siglas en ingl\u00e9s), revel\u00f3 que el gobierno de la Ciudad de M\u00e9xico y la empresa Cementos de M\u00e9xico (Cemex). mantienen un convenio vigente para el\u2026","rel":"","context":"En &quot;CINTILLO&quot;","block_context":{"text":"CINTILLO","link":"http:\/\/www.grieta.org.mx\/index.php\/category\/cintillo\/"},"img":{"alt_text":"","src":"https:\/\/i0.wp.com\/www.grieta.org.mx\/wp-content\/uploads\/2019\/06\/Captura-de-pantalla-2019-06-11-02.31.08.png?resize=350%2C200","width":350,"height":200,"srcset":"https:\/\/i0.wp.com\/www.grieta.org.mx\/wp-content\/uploads\/2019\/06\/Captura-de-pantalla-2019-06-11-02.31.08.png?resize=350%2C200 1x, https:\/\/i0.wp.com\/www.grieta.org.mx\/wp-content\/uploads\/2019\/06\/Captura-de-pantalla-2019-06-11-02.31.08.png?resize=525%2C300 1.5x"},"classes":[]},{"id":1241,"url":"http:\/\/www.grieta.org.mx\/index.php\/2015\/11\/06\/exige-sehi-acciones-vs-cementera-por-incidente\/","url_meta":{"origin":1239,"position":3},"title":"Exige Sehi acciones vs cementera por incidente","author":"grieta","date":"6 noviembre, 2015","format":false,"excerpt":"La existencia de contratos de la empresa con gobiernos de estados pertenecientes al Valle de M\u00e9xico para incinerar basura en los hornos de calentamiento, dijo, son palpables y ponen en riesgo la seguridad de la poblaci\u00f3n. Por el incidente ocurrido en la planta cementera de Cemex en Huichapan, el presidente\u2026","rel":"","context":"En &quot;CINTILLO&quot;","block_context":{"text":"CINTILLO","link":"http:\/\/www.grieta.org.mx\/index.php\/category\/cintillo\/"},"img":{"alt_text":"","src":"https:\/\/i0.wp.com\/www.grieta.org.mx\/wp-content\/uploads\/2018\/03\/14524434_1106112876131411_958039263622046936_o.jpg?resize=350%2C200","width":350,"height":200,"srcset":"https:\/\/i0.wp.com\/www.grieta.org.mx\/wp-content\/uploads\/2018\/03\/14524434_1106112876131411_958039263622046936_o.jpg?resize=350%2C200 1x, https:\/\/i0.wp.com\/www.grieta.org.mx\/wp-content\/uploads\/2018\/03\/14524434_1106112876131411_958039263622046936_o.jpg?resize=525%2C300 1.5x, https:\/\/i0.wp.com\/www.grieta.org.mx\/wp-content\/uploads\/2018\/03\/14524434_1106112876131411_958039263622046936_o.jpg?resize=700%2C400 2x"},"classes":[]},{"id":1240,"url":"http:\/\/www.grieta.org.mx\/index.php\/2015\/11\/06\/enorme-lluvia-de-cenizas-creo-cementera\/","url_meta":{"origin":1239,"position":4},"title":"Enorme lluvia de cenizas cre\u00f3 cementera","author":"grieta","date":"6 noviembre, 2015","format":false,"excerpt":"Alma Leticia S\u00e1nchez Huichaoan, Hidalgo.- Quemadores de Cementos de M\u00e9xico (Cemex), en este municipio, salieron de control y provocaron una explosi\u00f3n que a su vez gener\u00f3 una gigantesca fumarola que arroj\u00f3 cenizas. La comunidad El Maney, la m\u00e1s cercana a la planta, fue la principal afectada y en respuesta al\u2026","rel":"","context":"En &quot;CINTILLO&quot;","block_context":{"text":"CINTILLO","link":"http:\/\/www.grieta.org.mx\/index.php\/category\/cintillo\/"},"img":{"alt_text":"","src":"https:\/\/i0.wp.com\/www.grieta.org.mx\/wp-content\/uploads\/2018\/03\/14524434_1106112876131411_958039263622046936_o.jpg?resize=350%2C200","width":350,"height":200,"srcset":"https:\/\/i0.wp.com\/www.grieta.org.mx\/wp-content\/uploads\/2018\/03\/14524434_1106112876131411_958039263622046936_o.jpg?resize=350%2C200 1x, https:\/\/i0.wp.com\/www.grieta.org.mx\/wp-content\/uploads\/2018\/03\/14524434_1106112876131411_958039263622046936_o.jpg?resize=525%2C300 1.5x, https:\/\/i0.wp.com\/www.grieta.org.mx\/wp-content\/uploads\/2018\/03\/14524434_1106112876131411_958039263622046936_o.jpg?resize=700%2C400 2x"},"classes":[]},{"id":10639,"url":"http:\/\/www.grieta.org.mx\/index.php\/2016\/04\/19\/no-permitiran-el-paso-al-gasoducto-aunque-les-den-obras-a-cambio\/","url_meta":{"origin":1239,"position":5},"title":"No permitir\u00e1n el paso al gasoducto aunque les den obras a cambio","author":"grieta","date":"19 abril, 2016","format":false,"excerpt":"ATOTONILCO DE TULA, Hgo.- En la tarde del viernes 15 de abril, vecinos de la comunidad de Ocampo y Progreso se reunieron con representantes de la empresa \u201cCalera Beltr\u00e1n\u201d para escuchar sobre el proyecto que existe para el paso del gasoducto. Los representantes de la empresa Calera Beltr\u00e1n expresaron que\u2026","rel":"","context":"En &quot;CINTILLO&quot;","block_context":{"text":"CINTILLO","link":"http:\/\/www.grieta.org.mx\/index.php\/category\/cintillo\/"},"img":{"alt_text":"","src":"https:\/\/i0.wp.com\/www.grieta.org.mx\/wp-content\/uploads\/2018\/03\/14524434_1106112876131411_958039263622046936_o.jpg?resize=350%2C200","width":350,"height":200,"srcset":"https:\/\/i0.wp.com\/www.grieta.org.mx\/wp-content\/uploads\/2018\/03\/14524434_1106112876131411_958039263622046936_o.jpg?resize=350%2C200 1x, https:\/\/i0.wp.com\/www.grieta.org.mx\/wp-content\/uploads\/2018\/03\/14524434_1106112876131411_958039263622046936_o.jpg?resize=525%2C300 1.5x, https:\/\/i0.wp.com\/www.grieta.org.mx\/wp-content\/uploads\/2018\/03\/14524434_1106112876131411_958039263622046936_o.jpg?resize=700%2C400 2x"},"classes":[]}],"_links":{"self":[{"href":"http:\/\/www.grieta.org.mx\/index.php\/wp-json\/wp\/v2\/posts\/1239","targetHints":{"allow":["GET"]}}],"collection":[{"href":"http:\/\/www.grieta.org.mx\/index.php\/wp-json\/wp\/v2\/posts"}],"about":[{"href":"http:\/\/www.grieta.org.mx\/index.php\/wp-json\/wp\/v2\/types\/post"}],"author":[{"embeddable":true,"href":"http:\/\/www.grieta.org.mx\/index.php\/wp-json\/wp\/v2\/users\/2"}],"replies":[{"embeddable":true,"href":"http:\/\/www.grieta.org.mx\/index.php\/wp-json\/wp\/v2\/comments?post=1239"}],"version-history":[{"count":1,"href":"http:\/\/www.grieta.org.mx\/index.php\/wp-json\/wp\/v2\/posts\/1239\/revisions"}],"predecessor-version":[{"id":1243,"href":"http:\/\/www.grieta.org.mx\/index.php\/wp-json\/wp\/v2\/posts\/1239\/revisions\/1243"}],"wp:featuredmedia":[{"embeddable":true,"href":"http:\/\/www.grieta.org.mx\/index.php\/wp-json\/wp\/v2\/media\/21928"}],"wp:attachment":[{"href":"http:\/\/www.grieta.org.mx\/index.php\/wp-json\/wp\/v2\/media?parent=1239"}],"wp:term":[{"taxonomy":"category","embeddable":true,"href":"http:\/\/www.grieta.org.mx\/index.php\/wp-json\/wp\/v2\/categories?post=1239"},{"taxonomy":"post_tag","embeddable":true,"href":"http:\/\/www.grieta.org.mx\/index.php\/wp-json\/wp\/v2\/tags?post=1239"}],"curies":[{"name":"wp","href":"https:\/\/api.w.org\/{rel}","templated":true}]}}