{"id":12299,"date":"2016-05-11T19:54:20","date_gmt":"2016-05-11T19:54:20","guid":{"rendered":"http:\/\/www.grieta.org.mx\/?p=12299"},"modified":"2016-05-15T19:57:17","modified_gmt":"2016-05-15T19:57:17","slug":"vecinos-vigilan-aztecas215-reclaman-planta-potabilizadora-de-agua-para-la-zona","status":"publish","type":"post","link":"http:\/\/www.grieta.org.mx\/index.php\/2016\/05\/11\/vecinos-vigilan-aztecas215-reclaman-planta-potabilizadora-de-agua-para-la-zona\/","title":{"rendered":"Vecinos vigilan #Aztecas215, reclaman planta potabilizadora de agua para la zona (CDMX)"},"content":{"rendered":"<p>Eliana Gilet<\/p>\n<p><img decoding=\"async\" data-attachment-id=\"12300\" data-permalink=\"http:\/\/www.grieta.org.mx\/index.php\/2016\/05\/11\/vecinos-vigilan-aztecas215-reclaman-planta-potabilizadora-de-agua-para-la-zona\/aztecas-8-800x600\/\" data-orig-file=\"http:\/\/www.grieta.org.mx\/wp-content\/uploads\/2016\/05\/aztecas-8-800x600.jpg\" data-orig-size=\"800,600\" data-comments-opened=\"0\" data-image-meta=\"{&quot;aperture&quot;:&quot;0&quot;,&quot;credit&quot;:&quot;&quot;,&quot;camera&quot;:&quot;&quot;,&quot;caption&quot;:&quot;&quot;,&quot;created_timestamp&quot;:&quot;0&quot;,&quot;copyright&quot;:&quot;&quot;,&quot;focal_length&quot;:&quot;0&quot;,&quot;iso&quot;:&quot;0&quot;,&quot;shutter_speed&quot;:&quot;0&quot;,&quot;title&quot;:&quot;&quot;,&quot;orientation&quot;:&quot;0&quot;}\" data-image-title=\"aztecas-8-800&amp;#215;600\" data-image-description=\"\" data-image-caption=\"\" data-medium-file=\"http:\/\/www.grieta.org.mx\/wp-content\/uploads\/2016\/05\/aztecas-8-800x600-300x225.jpg\" data-large-file=\"http:\/\/www.grieta.org.mx\/wp-content\/uploads\/2016\/05\/aztecas-8-800x600.jpg\" src=\"http:\/\/www.grieta.org.mx\/wp-content\/uploads\/2016\/05\/aztecas-8-800x600.jpg\" alt=\"aztecas-8-800x600\" width=\"100%\" class=\"aligncenter size-full wp-image-12300\" srcset=\"http:\/\/www.grieta.org.mx\/wp-content\/uploads\/2016\/05\/aztecas-8-800x600.jpg 800w, http:\/\/www.grieta.org.mx\/wp-content\/uploads\/2016\/05\/aztecas-8-800x600-300x225.jpg 300w, http:\/\/www.grieta.org.mx\/wp-content\/uploads\/2016\/05\/aztecas-8-800x600-768x576.jpg 768w\" sizes=\"(max-width: 800px) 100vw, 800px\" \/><\/p>\n<p>Desde hace al menos dos semanas, guardias permanentes vigilan el predio a medio construir de Avenida Aztecas 215. El predio ubicado en medio del pueblo Los Reyes, en la zona de los Pedregales, al sur de la ciudad de M\u00e9xico est\u00e1 custodiado por guardias de vecinos desde que lograron que la obra fuera detenida. Aunque el problema sigue pendiente.<\/p>\n<p>Sin contar con permiso y como se ver\u00e1, tambi\u00e9n sin informaci\u00f3n suficiente, las empresas SAZMACJ, s.a. de c.v., Promociones Quiero Vivienda Mexicana S.A. y Promotora de Inversi\u00f3n con nombre comercial \u201cQUIERO CASA\u201d, constru\u00edan un complejo habitacional de 377 departamentos y 683 cajones de estacionamiento.<\/p>\n<p>Hace m\u00e1s de un a\u00f1o, en abril de 2015, la empresa se hab\u00eda comprometido a realizar un estudio de mec\u00e1nica de suelos para descartar la presencia de agua subterr\u00e1nea en las zonas en d\u00f3nde pretend\u00eda cavar para hacer los cimientos de la obra. Los vecinos ten\u00edan en su poder un conjunto de estudios y planos que en el a\u00f1o 1998, el Comit\u00e9 Vecinal del Pueblo de Los Reyes consigui\u00f3 que la autoridad de aguas de la ciudad les facilitara, en que ten\u00edan la evidencia de que bajo ese edificio que se proyectaba corr\u00eda peligro uno de los puntos de recarga de los acu\u00edferos de la ciudad.<\/p>\n<p>\u201cCuando constuyeron no contaban con ese venero (corriente que brota del suelo naturalmente) entonces perforan tan profundo que revientan la corriente que, como si fuera una vena, empieza a manar el agua como en una cascada. Los vecinos accedimos a los videos filmados por los propios trabajadores de la empresa de cu\u00e1ndo rompen el manto rocoso\u201d explica Enrique uno de los vecinos organizados, miembro de la uni\u00f3n aut\u00f3noma de pueblos y barrios originarios del Distrito Federal.<\/p>\n<p>Relatan los vecinos que en una reuni\u00f3n mantenida con el Subsecretario de Gobierno del DF, Juan Jos\u00e9 Garc\u00eda Ochoa, este les platic\u00f3 la sorpresa de los trabajadores cuando encontraron agua al perforar. La empresa acudi\u00f3 al gobierno de la ciudad que conoce el problema desde su origen.<\/p>\n<p>\u201cCuando fracturaron el manto rocoso y empez\u00f3 a manar el agua, violaron tanto la ley de aguas como los reglamentos de la Ciudad. Cuando acudieron a las autoridades, est\u00e1s hicieron caso omiso. Entonces empezaron a sacar pipas de 45 mil litros de agua potable, que llenaban por las noches y luego vaciaban al drenaje. Es un ecocidio, esa pr\u00e1ctica est\u00e1 penada, pero que la situaci\u00f3n se sostuviera durante un a\u00f1o fue producto del contubernio con las autoridades centrales que hicieron la vista gorda\u201d<\/p>\n<p>Adem\u00e1s de las guardias de vecinos, se instal\u00f3 un plant\u00f3n frente al edificio a medio constru\u00edr, iniciaron acciones legales, as\u00ed como promovieron denuncias en todos los \u00e1mbitos del estado, incluido el poder legislativo. Acudieron a la Procuradur\u00eda Ambiental del DF, tambi\u00e9n se hicieron presentes representantes de la Comisi\u00f3n Nacional del Agua, (Conagua)<\/p>\n<p>\u201cEstamos frente a una explotaci\u00f3n clandestina de un bien p\u00fablico que escasea. Lo que hizo esta empresa provoc\u00f3 una afectaci\u00f3n h\u00eddrica para la ciudad entera, no s\u00f3lo a la zona de Coyoac\u00e1n y Los Pedregales. Con esa vena se comunican todas las corrientes que surten los pozos profundos de la Ciudad e M\u00e9xico hasta desembocar en el Lago de Texcoco. Aporta el 20 por ciento de los pozos profundos de la ciudad.\u201d<\/p>\n<p>La imagen en este momento es algo desoloadora. La empresa ya no retira el agua que mana mediantes pipas que ya extrajeron cientos de litros cada noche durante un a\u00f1o, un peque\u00f1o lago se form\u00f3 en el lugar, pero el problema es que el agua, con la fuerza que trae, busca por d\u00f3nde salir.<\/p>\n<p>\u201cEl agua est\u00e1 brotando por la Compa\u00f1\u00eda de Luz, en la zona cercana al cruce de la calle Monserrat con Avenida Pac\u00edfico. Est\u00e1 saliendo por all\u00e1 lo que ellos antes bombeaban, porque rompieron el conducto en el que viajaba. Todo lo que hicieron al retirarse fue taponera el predio con concreto\u201d<\/p>\n<p>La propuesta de los vecinos es que dada la importancia del predio y del recurso que guarda, reclama que all\u00ed se instale una planta de tratamiento de agua, alg\u00fan tipo de sistema de potabilizaci\u00f3n (como no hay en Los Pedregales) para que pase a funcionar como centro de suministro para la zona. Concretamente exigen la cancelaci\u00f3n de las obras y la expropiaci\u00f3n del predio afectado para los fines reci\u00e9n descritos.<\/p>\n<p><a href=\"http:\/\/desinformemonos.org.mx\/vecinos-vigilan-azteca215-reclaman-planta-potabilizadora-de-agua-para-la-zona\/\" target=\"_blank\">http:\/\/desinformemonos.org.mx\/vecinos-vigilan-azteca215-reclaman-planta-potabilizadora-de-agua-para-la-zona\/<\/a><\/p>\n","protected":false},"excerpt":{"rendered":"<p>Eliana Gilet Desde hace al menos dos semanas, guardias permanentes vigilan el predio a medio construir de Avenida Aztecas 215. El predio ubicado en medio del pueblo Los Reyes, en &hellip; <a href=\"http:\/\/www.grieta.org.mx\/index.php\/2016\/05\/11\/vecinos-vigilan-aztecas215-reclaman-planta-potabilizadora-de-agua-para-la-zona\/\" class=\"more-link\">Leer m\u00e1s<\/a><\/p>\n","protected":false},"author":2,"featured_media":21928,"comment_status":"closed","ping_status":"closed","sticky":false,"template":"","format":"standard","meta":{"ngg_post_thumbnail":0,"_jetpack_newsletter_access":"","_jetpack_dont_email_post_to_subs":false,"_jetpack_newsletter_tier_id":0,"_jetpack_memberships_contains_paywalled_content":false,"_jetpack_memberships_contains_paid_content":false,"footnotes":""},"categories":[598,80],"tags":[224,612,184],"class_list":["post-12299","post","type-post","status-publish","format-standard","has-post-thumbnail","hentry","category-cdmx","category-cintillo","tag-agua","tag-coyoacan","tag-despojo","entry"],"jetpack_featured_media_url":"http:\/\/www.grieta.org.mx\/wp-content\/uploads\/2018\/03\/14524434_1106112876131411_958039263622046936_o.jpg","jetpack_sharing_enabled":true,"jetpack_shortlink":"https:\/\/wp.me\/p7ZJR4-3cn","jetpack_likes_enabled":false,"jetpack-related-posts":[{"id":11577,"url":"http:\/\/www.grieta.org.mx\/index.php\/2016\/09\/02\/movilizaciones-contra-proyectos-inmobiliarios-en-la-ciudad-de-mexico\/","url_meta":{"origin":12299,"position":0},"title":"Protestas y organizaci\u00f3n contra proyectos inmobiliarios en la Ciudad de M\u00e9xico","author":"grieta","date":"2 septiembre, 2016","format":false,"excerpt":"01\/09\/16. Agua de predio de Aztecas 215 s\u00ed es potable: UNAM (CDMX)El Big data 01\/08\/16. Pobladores denuncian invasi\u00f3n descontrolada de construcciones en Xochimilco Desinform\u00e9monos 28\/07\/16. Vecinos de Xochimilco padecen \u201cefectos colaterales\u201d del boom inmobiliario El big data 24\/07\/16. Constructora rompi\u00f3 manantial en la CdMx y mil 500 millones de litros\u2026","rel":"","context":"En &quot;Ciudad de M\u00e9xico&quot;","block_context":{"text":"Ciudad de M\u00e9xico","link":"http:\/\/www.grieta.org.mx\/index.php\/category\/noticias-nacionales\/ciudad-de-mexico\/"},"img":{"alt_text":"","src":"https:\/\/i0.wp.com\/www.grieta.org.mx\/wp-content\/uploads\/2018\/03\/14524434_1106112876131411_958039263622046936_o.jpg?resize=350%2C200","width":350,"height":200,"srcset":"https:\/\/i0.wp.com\/www.grieta.org.mx\/wp-content\/uploads\/2018\/03\/14524434_1106112876131411_958039263622046936_o.jpg?resize=350%2C200 1x, https:\/\/i0.wp.com\/www.grieta.org.mx\/wp-content\/uploads\/2018\/03\/14524434_1106112876131411_958039263622046936_o.jpg?resize=525%2C300 1.5x, https:\/\/i0.wp.com\/www.grieta.org.mx\/wp-content\/uploads\/2018\/03\/14524434_1106112876131411_958039263622046936_o.jpg?resize=700%2C400 2x"},"classes":[]},{"id":8326,"url":"http:\/\/www.grieta.org.mx\/index.php\/2015\/07\/15\/vigilan-el-rio-atoyac\/","url_meta":{"origin":12299,"position":1},"title":"Vigilan el r\u00edo Atoyac","author":"Admin","date":"15 julio, 2015","format":false,"excerpt":"Amatl\u00e1n.- Vecinos de la comunidad de Ojo de Agua de la congregaci\u00f3n de Paraje Nuevo en Amatl\u00e1n de los Reyes, mantienen una constante vigilancia en el r\u00edo Atoyac, as\u00ed mismo mencionaron que contin\u00faa la consigna de no dar agua a la ciudad de C\u00f3rdoba y a las empresas Coca-Cola, grupo\u2026","rel":"","context":"En &quot;CINTILLO&quot;","block_context":{"text":"CINTILLO","link":"http:\/\/www.grieta.org.mx\/index.php\/category\/cintillo\/"},"img":{"alt_text":"","src":"https:\/\/i0.wp.com\/www.grieta.org.mx\/wp-content\/uploads\/2018\/03\/14524434_1106112876131411_958039263622046936_o.jpg?resize=350%2C200","width":350,"height":200,"srcset":"https:\/\/i0.wp.com\/www.grieta.org.mx\/wp-content\/uploads\/2018\/03\/14524434_1106112876131411_958039263622046936_o.jpg?resize=350%2C200 1x, https:\/\/i0.wp.com\/www.grieta.org.mx\/wp-content\/uploads\/2018\/03\/14524434_1106112876131411_958039263622046936_o.jpg?resize=525%2C300 1.5x, https:\/\/i0.wp.com\/www.grieta.org.mx\/wp-content\/uploads\/2018\/03\/14524434_1106112876131411_958039263622046936_o.jpg?resize=700%2C400 2x"},"classes":[]},{"id":12289,"url":"http:\/\/www.grieta.org.mx\/index.php\/2016\/04\/30\/marchan-para-exigir-la-expropiacion-del-predio-donde-esta-el-manantial-cdmx\/","url_meta":{"origin":12299,"position":2},"title":"Marchan para exigir la expropiaci\u00f3n del predio donde est\u00e1 el manantial (CDMX)","author":"grieta","date":"30 abril, 2016","format":false,"excerpt":"Roc\u00edo Gonz\u00e1lez Alvarado Residentes arman plant\u00f3n frente a la edificaci\u00f3n de departamentos Habitantes de Santo Domingo, Ajusco y la Candelaria se sumaron a la movilizaci\u00f3n de vecinos del pueblo de Los Reyes, Coyoac\u00e1n, quienes exigieron que expertos independientes analicen el agua que brota del predio Aztecas 215 para verificar que\u2026","rel":"","context":"En &quot;cdmx&quot;","block_context":{"text":"cdmx","link":"http:\/\/www.grieta.org.mx\/index.php\/category\/cdmx\/"},"img":{"alt_text":"","src":"https:\/\/i0.wp.com\/www.grieta.org.mx\/wp-content\/uploads\/2018\/03\/14524434_1106112876131411_958039263622046936_o.jpg?resize=350%2C200","width":350,"height":200,"srcset":"https:\/\/i0.wp.com\/www.grieta.org.mx\/wp-content\/uploads\/2018\/03\/14524434_1106112876131411_958039263622046936_o.jpg?resize=350%2C200 1x, https:\/\/i0.wp.com\/www.grieta.org.mx\/wp-content\/uploads\/2018\/03\/14524434_1106112876131411_958039263622046936_o.jpg?resize=525%2C300 1.5x, https:\/\/i0.wp.com\/www.grieta.org.mx\/wp-content\/uploads\/2018\/03\/14524434_1106112876131411_958039263622046936_o.jpg?resize=700%2C400 2x"},"classes":[]},{"id":17828,"url":"http:\/\/www.grieta.org.mx\/index.php\/2016\/07\/24\/constructora-rompio-manantial-en-la-cdmx-y-mil-500-millones-de-litros-de-agua-se-fueron-vecinos\/","url_meta":{"origin":12299,"position":3},"title":"Constructora rompi\u00f3 manantial en la CdMx y mil 500 millones de litros de agua se fueron: vecinos","author":"grieta","date":"24 julio, 2016","format":false,"excerpt":"Por Ivette Lira Activistas que han levantado la voz y han participado activamente para lograr que el Gobierno de la CdMx cancele un proyecto inmobiliario que ha gastado m\u00e1s de mil 500 millones de litros de agua en la delegaci\u00f3n Coyoac\u00e1n, son hostigados y criminalizados por autoridades capitalinas en apoyo\u2026","rel":"","context":"En &quot;cdmx&quot;","block_context":{"text":"cdmx","link":"http:\/\/www.grieta.org.mx\/index.php\/category\/cdmx\/"},"img":{"alt_text":"","src":"https:\/\/i0.wp.com\/www.grieta.org.mx\/wp-content\/uploads\/2018\/03\/14524434_1106112876131411_958039263622046936_o.jpg?resize=350%2C200","width":350,"height":200,"srcset":"https:\/\/i0.wp.com\/www.grieta.org.mx\/wp-content\/uploads\/2018\/03\/14524434_1106112876131411_958039263622046936_o.jpg?resize=350%2C200 1x, https:\/\/i0.wp.com\/www.grieta.org.mx\/wp-content\/uploads\/2018\/03\/14524434_1106112876131411_958039263622046936_o.jpg?resize=525%2C300 1.5x, https:\/\/i0.wp.com\/www.grieta.org.mx\/wp-content\/uploads\/2018\/03\/14524434_1106112876131411_958039263622046936_o.jpg?resize=700%2C400 2x"},"classes":[]},{"id":5249,"url":"http:\/\/www.grieta.org.mx\/index.php\/2016\/03\/14\/se-oponen-a-llegada-de-supermercado\/","url_meta":{"origin":12299,"position":4},"title":"Se oponen a llegada de supermercado","author":"grieta","date":"14 marzo, 2016","format":false,"excerpt":"M\u00f3nica Gordillo\/AM Quer\u00e9taro Los vecinos tambi\u00e9n manifestaron que la construcci\u00f3n del supermercado originar\u00e1 otras problem\u00e1ticas, como tr\u00e1fico vehicular y acumulaci\u00f3n de basura Ante el intenso escurrimiento de agua que se registra durante la \u00e9poca de lluvias, vecinos de Milenio III piden al municipio de Quer\u00e9taro que no permita la construcci\u00f3n\u2026","rel":"","context":"En &quot;CINTILLO&quot;","block_context":{"text":"CINTILLO","link":"http:\/\/www.grieta.org.mx\/index.php\/category\/cintillo\/"},"img":{"alt_text":"","src":"https:\/\/i0.wp.com\/www.grieta.org.mx\/wp-content\/uploads\/2018\/03\/14524434_1106112876131411_958039263622046936_o.jpg?resize=350%2C200","width":350,"height":200,"srcset":"https:\/\/i0.wp.com\/www.grieta.org.mx\/wp-content\/uploads\/2018\/03\/14524434_1106112876131411_958039263622046936_o.jpg?resize=350%2C200 1x, https:\/\/i0.wp.com\/www.grieta.org.mx\/wp-content\/uploads\/2018\/03\/14524434_1106112876131411_958039263622046936_o.jpg?resize=525%2C300 1.5x, https:\/\/i0.wp.com\/www.grieta.org.mx\/wp-content\/uploads\/2018\/03\/14524434_1106112876131411_958039263622046936_o.jpg?resize=700%2C400 2x"},"classes":[]},{"id":19218,"url":"http:\/\/www.grieta.org.mx\/index.php\/2016\/07\/14\/familia-se-defiende-de-guardias-por-un-terreno-en-donde-vivio-mas-de-50-anos-video\/","url_meta":{"origin":12299,"position":5},"title":"Familia se defiende de guardias por un terreno en donde vivi\u00f3 m\u00e1s de 50 a\u00f1os (VIDEO)","author":"grieta","date":"14 julio, 2016","format":false,"excerpt":"Con picos y palas hicieron frente a los uniformados que trabajan para la empresa Fraccionaria Tur\u00edstica Salvatierra en La Paz, BCS; alegan despojo. La Paz, BCS. A pesar de que el proceso judicial para determinar qui\u00e9n es el due\u00f1o de un terreno, la empresa Fraccionaria Tur\u00edstica Salvatierra volvi\u00f3 a hostigar\u2026","rel":"","context":"En &quot;CINTILLO&quot;","block_context":{"text":"CINTILLO","link":"http:\/\/www.grieta.org.mx\/index.php\/category\/cintillo\/"},"img":{"alt_text":"","src":"https:\/\/i0.wp.com\/www.grieta.org.mx\/wp-content\/uploads\/2018\/03\/14524434_1106112876131411_958039263622046936_o.jpg?resize=350%2C200","width":350,"height":200,"srcset":"https:\/\/i0.wp.com\/www.grieta.org.mx\/wp-content\/uploads\/2018\/03\/14524434_1106112876131411_958039263622046936_o.jpg?resize=350%2C200 1x, https:\/\/i0.wp.com\/www.grieta.org.mx\/wp-content\/uploads\/2018\/03\/14524434_1106112876131411_958039263622046936_o.jpg?resize=525%2C300 1.5x, https:\/\/i0.wp.com\/www.grieta.org.mx\/wp-content\/uploads\/2018\/03\/14524434_1106112876131411_958039263622046936_o.jpg?resize=700%2C400 2x"},"classes":[]}],"_links":{"self":[{"href":"http:\/\/www.grieta.org.mx\/index.php\/wp-json\/wp\/v2\/posts\/12299","targetHints":{"allow":["GET"]}}],"collection":[{"href":"http:\/\/www.grieta.org.mx\/index.php\/wp-json\/wp\/v2\/posts"}],"about":[{"href":"http:\/\/www.grieta.org.mx\/index.php\/wp-json\/wp\/v2\/types\/post"}],"author":[{"embeddable":true,"href":"http:\/\/www.grieta.org.mx\/index.php\/wp-json\/wp\/v2\/users\/2"}],"replies":[{"embeddable":true,"href":"http:\/\/www.grieta.org.mx\/index.php\/wp-json\/wp\/v2\/comments?post=12299"}],"version-history":[{"count":1,"href":"http:\/\/www.grieta.org.mx\/index.php\/wp-json\/wp\/v2\/posts\/12299\/revisions"}],"predecessor-version":[{"id":12302,"href":"http:\/\/www.grieta.org.mx\/index.php\/wp-json\/wp\/v2\/posts\/12299\/revisions\/12302"}],"wp:featuredmedia":[{"embeddable":true,"href":"http:\/\/www.grieta.org.mx\/index.php\/wp-json\/wp\/v2\/media\/21928"}],"wp:attachment":[{"href":"http:\/\/www.grieta.org.mx\/index.php\/wp-json\/wp\/v2\/media?parent=12299"}],"wp:term":[{"taxonomy":"category","embeddable":true,"href":"http:\/\/www.grieta.org.mx\/index.php\/wp-json\/wp\/v2\/categories?post=12299"},{"taxonomy":"post_tag","embeddable":true,"href":"http:\/\/www.grieta.org.mx\/index.php\/wp-json\/wp\/v2\/tags?post=12299"}],"curies":[{"name":"wp","href":"https:\/\/api.w.org\/{rel}","templated":true}]}}