{"id":12294,"date":"2016-05-12T19:38:26","date_gmt":"2016-05-12T19:38:26","guid":{"rendered":"http:\/\/www.grieta.org.mx\/?p=12294"},"modified":"2016-05-15T19:52:51","modified_gmt":"2016-05-15T19:52:51","slug":"la-defensa-del-poli-es-una-cuestion-de-autonomia-y-de-una-generacion-que-lo-siente-suyo","status":"publish","type":"post","link":"http:\/\/www.grieta.org.mx\/index.php\/2016\/05\/12\/la-defensa-del-poli-es-una-cuestion-de-autonomia-y-de-una-generacion-que-lo-siente-suyo\/","title":{"rendered":"La defensa del Poli es una cuesti\u00f3n de autonom\u00eda y de una generaci\u00f3n que lo siente suyo"},"content":{"rendered":"<p>Eliana Gilet<\/p>\n<p><img decoding=\"async\" data-attachment-id=\"12295\" data-permalink=\"http:\/\/www.grieta.org.mx\/index.php\/2016\/05\/12\/la-defensa-del-poli-es-una-cuestion-de-autonomia-y-de-una-generacion-que-lo-siente-suyo\/poli-ii\/\" data-orig-file=\"http:\/\/www.grieta.org.mx\/wp-content\/uploads\/2016\/05\/poli-ii.jpg\" data-orig-size=\"600,338\" data-comments-opened=\"0\" data-image-meta=\"{&quot;aperture&quot;:&quot;0&quot;,&quot;credit&quot;:&quot;&quot;,&quot;camera&quot;:&quot;&quot;,&quot;caption&quot;:&quot;&quot;,&quot;created_timestamp&quot;:&quot;0&quot;,&quot;copyright&quot;:&quot;&quot;,&quot;focal_length&quot;:&quot;0&quot;,&quot;iso&quot;:&quot;0&quot;,&quot;shutter_speed&quot;:&quot;0&quot;,&quot;title&quot;:&quot;&quot;,&quot;orientation&quot;:&quot;0&quot;}\" data-image-title=\"poli-ii\" data-image-description=\"\" data-image-caption=\"\" data-medium-file=\"http:\/\/www.grieta.org.mx\/wp-content\/uploads\/2016\/05\/poli-ii-300x169.jpg\" data-large-file=\"http:\/\/www.grieta.org.mx\/wp-content\/uploads\/2016\/05\/poli-ii.jpg\" src=\"http:\/\/www.grieta.org.mx\/wp-content\/uploads\/2016\/05\/poli-ii.jpg\" alt=\"poli-ii\" width=\"100%\" class=\"aligncenter size-full wp-image-12295\" srcset=\"http:\/\/www.grieta.org.mx\/wp-content\/uploads\/2016\/05\/poli-ii.jpg 600w, http:\/\/www.grieta.org.mx\/wp-content\/uploads\/2016\/05\/poli-ii-300x169.jpg 300w\" sizes=\"(max-width: 600px) 100vw, 600px\" \/><\/p>\n<p>\u201cLa movilizaci\u00f3n de hoy es para mostrar al gobierno federal y a la Secretar\u00eda de Educaci\u00f3n P\u00fablica que el movimiento est\u00e1 abierto al di\u00e1logo\u201d reson\u00f3 entre las centenas de estudiantes que se dieron cita en la \u201cPlaza Roja\u201d en el predio del Poli de Zacatenco.<\/p>\n<p>Los estudiantes de los 14 Centros de Estudios Cient\u00edficos y Tecnol\u00f3gicos que forman parte del Instituto Polit\u00e9cnico Nacional, las \u201cvocacionales\u201d de educaci\u00f3n media superior empezaron a ocuparse por sus estudiantes a partir del 14 de abril \u00faltimo, en que fue tomada la primera, la n\u00famero 5, ubicada en la colonia centro de la ciudad de M\u00e9xico.<\/p>\n<p>Las escuelas no tienen hasta el momento un posicionamiento en conjunto de c\u00f3mo proceder\u00e1n en relaci\u00f3n a la toma de los centros de estudio, ya que esa decisi\u00f3n depende de las asambleas locales de cada escuela, pero seg\u00fan los datos trascendidos en la prensa, 3 de ellas ya fueron desocupadas aunque los j\u00f3venes mantienen el paro de actividades. El Secretario de Educaci\u00f3n puso como medida de fuerza que s\u00f3lo abrir\u00e1 el di\u00e1logo cuando los estudiantes entreguen los edificios. As\u00ed la ocupaci\u00f3n pas\u00f3 a estar al centro de una puja que viene de lejos.<\/p>\n<p>La comunidad entera, no s\u00f3lo los estudiantes de las \u201cVoca\u201d est\u00e1n movilizados desde que a comienzos de abril desde que el Poli fue sometido a un cambio administrativo, que lo pone directamente bajo la \u00e9gida de un cargo pol\u00edtico: el del subsecretario de Educaci\u00f3n P\u00fablica.<\/p>\n<p>Desde entonces, tanto los estudiantes como docentes, administrativos, egresados e investigadores del Instituto reclaman ser recibidos por Nu\u00f1o, que sistem\u00e1ticamente ha negado el di\u00e1logo con la comunidad acad\u00e9mica del Poli, o al menos, con la parte que est\u00e1 movilizada.<\/p>\n<p>El diario La Jornada public\u00f3 hoy que \u201corganizaciones de egresados del Instituto Polit\u00e9cnico Nacional se han reunido con funcionarios federales con el fin de elaborar un proyecto de autonom\u00eda para el instituto, que de concretarse, podr\u00eda ser aplicado al margen de lo que decida el Congreso Nacional Polit\u00e9cnico que est\u00e1 organizando la Asamblea General Polit\u00e9cnica\u201d. El dato fue tomado de un documento firmado por Eduardo S\u00e1nchez Amaya, presidente del Consejo Nacional de la Sociedad de Ingenieros, fechado el 20 de abril y referido por el reportero Arturo S\u00e1nchez Jim\u00e9nez, para La Jornada.<\/p>\n<p>Y en esa frasesita est\u00e1 la clave de todo: la autonom\u00eda del instituto.<\/p>\n<p><img decoding=\"async\" data-attachment-id=\"12296\" data-permalink=\"http:\/\/www.grieta.org.mx\/index.php\/2016\/05\/12\/la-defensa-del-poli-es-una-cuestion-de-autonomia-y-de-una-generacion-que-lo-siente-suyo\/poli\/\" data-orig-file=\"http:\/\/www.grieta.org.mx\/wp-content\/uploads\/2016\/05\/poli.jpg\" data-orig-size=\"600,360\" data-comments-opened=\"0\" data-image-meta=\"{&quot;aperture&quot;:&quot;0&quot;,&quot;credit&quot;:&quot;&quot;,&quot;camera&quot;:&quot;&quot;,&quot;caption&quot;:&quot;&quot;,&quot;created_timestamp&quot;:&quot;0&quot;,&quot;copyright&quot;:&quot;&quot;,&quot;focal_length&quot;:&quot;0&quot;,&quot;iso&quot;:&quot;0&quot;,&quot;shutter_speed&quot;:&quot;0&quot;,&quot;title&quot;:&quot;&quot;,&quot;orientation&quot;:&quot;0&quot;}\" data-image-title=\"poli\" data-image-description=\"\" data-image-caption=\"\" data-medium-file=\"http:\/\/www.grieta.org.mx\/wp-content\/uploads\/2016\/05\/poli-300x180.jpg\" data-large-file=\"http:\/\/www.grieta.org.mx\/wp-content\/uploads\/2016\/05\/poli.jpg\" src=\"http:\/\/www.grieta.org.mx\/wp-content\/uploads\/2016\/05\/poli.jpg\" alt=\"poli\" width=\"100%\" class=\"aligncenter size-full wp-image-12296\" srcset=\"http:\/\/www.grieta.org.mx\/wp-content\/uploads\/2016\/05\/poli.jpg 600w, http:\/\/www.grieta.org.mx\/wp-content\/uploads\/2016\/05\/poli-300x180.jpg 300w\" sizes=\"(max-width: 600px) 100vw, 600px\" \/><\/p>\n<p>\u201cEl Secretario busca desestabilizar al Poli y a los chavos. El traspaso a la \u00e9gida de la subsecretar\u00eda de educaci\u00f3n no s\u00f3lo es inviable sino que trasgrede la ley org\u00e1nica del Instituto\u201d, apunta Tania, docente del Poli con sede en Tepepan.<\/p>\n<p>El Instituto Polit\u00e9cnico es, en realidad, una compleja red de distintos niveles de educaci\u00f3n, desde la media superior, las \u201cvoca\u201d de m\u00e1s arriba hasta llegar a institutos dedicados a la investigaci\u00f3n. Tiene una estructura m\u00e1s parecida a las grandes casas de estudios, como la Unam o la Uacm, que las escuelas de educaci\u00f3n superior, apuntan. Y esa complejidad es una riqueza para la comunidad acad\u00e9mica.<\/p>\n<p>\u201cLa inclusi\u00f3n en la subsecretar\u00eda ignora la magnitud y el alcance del Instituto. Tampoco se arregla la situaci\u00f3n como han dicho, devolvi\u00e9ndolo a la SEP. El art\u00edculo 2 de su ley org\u00e1nica lo define como un \u00f3rgano desconcentrado. Es por eso que tampoco el \u2018jefe directo\u2019 del Poli es la SEP. Aurelio Nu\u00f1o tiene mucho para explicar\u201d<\/p>\n<p>Lo que analizan los consultados para este art\u00edculo es que, demorando la reuni\u00f3n que exigen los estudiantes y con ellos, la comunidad acad\u00e9mica que los respalda, es que cuanto m\u00e1s se extienda el conflicto por el cambio de \u00e9gida y la ocupaci\u00f3n de los centros de estudio ante la falta de una respuesta oficial contundente de qu\u00e9 es lo que pretenden hacer con el Polit\u00e9cnico, m\u00e1s se demoran las tareas de organizaci\u00f3n del Congreso Nacional Polit\u00e9cnico.<\/p>\n<p>\u201cEl Congreso es algo in\u00e9dito, nunca se celebr\u00f3 algo como lo que se planea. Fue producto de la movilizaci\u00f3n de los estudiantes en 2014\u201d<br \/>\nS\u00f3lo la comisi\u00f3n organizadora del mismo cuenta con la participaci\u00f3n de todos los \u00f3rdenes: administrativos, docentes, estudiantes, investigadores, alumnos de posgrado, as\u00ed como autoridades del instituto y de la Asamblea General del Polit\u00e9cnico.<\/p>\n<p>\u201cEso est\u00e1 en el centro del debate. Al estar paradas las vocacionales, no se han elegido los miembros que participar\u00e1n de la comisi\u00f3n organizadora. Al mantener a las escuelas paradas, se para el avance de la organizaci\u00f3n del congreso\u201d<\/p>\n<p>\u00bfPor qu\u00e9 es tan importante el Congreso?<br \/>\n\u201cAdem\u00e1s de ser in\u00e9dito, y ser logro de la movilizaci\u00f3n del movimiento estudiantil de 2014, lo que va a discutirse entre toda la comunidad acad\u00e9mica es cu\u00e1l es el proyecto de instituto que se quiere, es decir, si va a reestructurarse el Poli, \u00bfhacia d\u00f3nde vamos?\u201d<\/p>\n<p>El punto central de esa discusi\u00f3n es la autonom\u00eda del Instituto. \u201cSeg\u00fan lo publicado en La Jornada, se ve c\u00f3mo la pretensi\u00f3n de la Secretar\u00eda de Educaci\u00f3n es imponer un proyecto sin que pase por la discusi\u00f3n de la comunidad acad\u00e9mica en pleno. Esa pretensi\u00f3n ya es raz\u00f3n suficiente para que ellos intenten evitar que el Congreso se realice\u201d<\/p>\n<p>Los otros dos puntos centrales de la discusi\u00f3n para el Congreso son el modelo educativo que se adopte y las formas de evaluaci\u00f3n, certificaci\u00f3n y acreditaciones de las carreras que ofrece. En ambos casos, lo que se pelea es que se profundice la intromisi\u00f3n de organismos internacionales y externos a la comunidad acad\u00e9mica, que bregan por un \u201cgiro hacia el mercado\u201d del Instituto.<\/p>\n<p>\u201cLos organismos internacionales pujan porque se elimine la parte te\u00f3rico conceptual de la mayor\u00eda de los contenidos que se imparten en el Poli, e insisten en que s\u00f3lo deben ense\u00f1arse herramientas \u00fatiles para el mercado laboral, inhibiendo la reflexi\u00f3n o las perspectivas te\u00f3ricas de los asuntos. Eso significa rasurar la mayor parte de los programas que hoy se imparten\u201d<\/p>\n<p>Ese mismo proceso se promueve tambi\u00e9n para los docentes a partir de los programas de capacitaci\u00f3n para el trabajo, explican. \u201cPromueven que los docentes tomemos talleres y cursos que apuntan a que la planta docente domine cosas como la \u2018competencia\u2019 o \u2018estrategias de aprendizaje\u2019 condicionado a los procesos de promoci\u00f3n docente\u201d<br \/>\nAs\u00ed, la posibilidad de acceder a un escalaf\u00f3n m\u00e1s alto en la estructura acad\u00e9mica y con eso una mejor\u00eda en la remuneraci\u00f3n recibida por el docente queda supeditada a su disposici\u00f3n a tomar estos cursos y aplicarlos en el aula.<\/p>\n<p>Otro punto importante de los lineamientos internacionales para la educaci\u00f3n local que se resisten desde la comunidad acad\u00e9mica son los mecanismos de certificaci\u00f3n y acreditaci\u00f3n de las carreras que imparte el Poli, sometidos a organismos externos al Instituto. Es decir, \u201cinstrumentos dise\u00f1ados desde el exterior de la realidad mexicana y tra\u00eddo por los organismos internacionales a nuestro \u00e1mbito, que no se adaptan ni responden a las necesidades a evaluarse sobre el sistema mexicano.\u201d<\/p>\n<p>Como se ve, todo est\u00e1 interconectado y vinculado con la cuesti\u00f3n de la autonom\u00eda.<br \/>\nEste jueves los j\u00f3venes se manifestaron con mucha alegr\u00eda. \u201cElegimos hacer un mitin pol\u00edtico cultural y el apoyo solidario de otros estudiantes, como los de Azcapotzalco o Culhuacan, s\u00f3lo por nombrar un par, ha sido importante\u201d explica C\u00e9sar, otro docente que sigue de cerca la movilizaci\u00f3n estudiantil y forma parte de la Comunidad Acad\u00e9mica del Instituto.<\/p>\n<p>\u201cEste movimiento estudiantil tiene un potencial anti-autoritario muy importante. Son j\u00f3venes que les han quitado todo, que ven como ya no tienen las seguridades de sus padres. 1,8 j\u00f3venes de cada 10 entran a este nivel de estudio y 1,2 lo hacen en las escuelas privadas. Eso significa que 7 de cada 10 j\u00f3venes se queda sin estudios. Esta escuela es lo \u00fanico que han logrado obtener y por eso protagonizan este proceso de defensa de la Instituci\u00f3n con esa entrega. La sienten suya.\u201d<\/p>\n<p>Fotos: mitin en la Plaza Roja de Zacatenco en defensa de la autonom\u00eda del Polit\u00e9cnico, jueves 12 de Mayo \/\/ Coordinadora 1DMX<\/p>\n<p><a href=\"http:\/\/desinformemonos.org.mx\/la-defensa-del-poli-es-una-cuestion-de-autonomia-y-de-una-generacion-que-lo-siente-suyo\/\" target=\"_blank\">http:\/\/desinformemonos.org.mx\/la-defensa-del-poli-es-una-cuestion-de-autonomia-y-de-una-generacion-que-lo-siente-suyo\/<\/a><\/p>\n","protected":false},"excerpt":{"rendered":"<p>Eliana Gilet \u201cLa movilizaci\u00f3n de hoy es para mostrar al gobierno federal y a la Secretar\u00eda de Educaci\u00f3n P\u00fablica que el movimiento est\u00e1 abierto al di\u00e1logo\u201d reson\u00f3 entre las centenas &hellip; <a href=\"http:\/\/www.grieta.org.mx\/index.php\/2016\/05\/12\/la-defensa-del-poli-es-una-cuestion-de-autonomia-y-de-una-generacion-que-lo-siente-suyo\/\" class=\"more-link\">Leer m\u00e1s<\/a><\/p>\n","protected":false},"author":2,"featured_media":21928,"comment_status":"closed","ping_status":"closed","sticky":false,"template":"","format":"standard","meta":{"ngg_post_thumbnail":0,"_jetpack_newsletter_access":"","_jetpack_dont_email_post_to_subs":false,"_jetpack_newsletter_tier_id":0,"_jetpack_memberships_contains_paywalled_content":false,"_jetpack_memberships_contains_paid_content":false,"footnotes":""},"categories":[598,80],"tags":[107,606],"class_list":["post-12294","post","type-post","status-publish","format-standard","has-post-thumbnail","hentry","category-cdmx","category-cintillo","tag-educacion","tag-ipn","entry"],"jetpack_featured_media_url":"http:\/\/www.grieta.org.mx\/wp-content\/uploads\/2018\/03\/14524434_1106112876131411_958039263622046936_o.jpg","jetpack_sharing_enabled":true,"jetpack_shortlink":"https:\/\/wp.me\/p7ZJR4-3ci","jetpack_likes_enabled":false,"jetpack-related-posts":[{"id":10730,"url":"http:\/\/www.grieta.org.mx\/index.php\/2016\/04\/16\/sep-intenta-nigunearnos-error-en-la-adscripcion-demuestra-que-no-tiene-plan-para-ipn-estudiantes\/","url_meta":{"origin":12294,"position":0},"title":"SEP intenta nigunearnos, error en la adscripci\u00f3n demuestra que no tiene plan para IPN: estudiantes","author":"grieta","date":"16 abril, 2016","format":false,"excerpt":"Sergio Rinc\u00f3n (16 de abril, 2016.Revoluci\u00f3nTRESPUNTOCERO).- La comunidad del Instituto Polit\u00e9cnico de Nacional (IPN) denunci\u00f3 que la Secretar\u00eda de Educaci\u00f3n P\u00fablica (SEP) intenta provocar un ambiente de incertidumbre, desinformaci\u00f3n e incluso dividir o afectar el movimiento estudiantil con los cambios y errores en las adscripciones publicadas en el Diario Oficial\u2026","rel":"","context":"En &quot;CINTILLO&quot;","block_context":{"text":"CINTILLO","link":"http:\/\/www.grieta.org.mx\/index.php\/category\/cintillo\/"},"img":{"alt_text":"","src":"https:\/\/i0.wp.com\/www.grieta.org.mx\/wp-content\/uploads\/2018\/03\/14524434_1106112876131411_958039263622046936_o.jpg?resize=350%2C200","width":350,"height":200,"srcset":"https:\/\/i0.wp.com\/www.grieta.org.mx\/wp-content\/uploads\/2018\/03\/14524434_1106112876131411_958039263622046936_o.jpg?resize=350%2C200 1x, https:\/\/i0.wp.com\/www.grieta.org.mx\/wp-content\/uploads\/2018\/03\/14524434_1106112876131411_958039263622046936_o.jpg?resize=525%2C300 1.5x, https:\/\/i0.wp.com\/www.grieta.org.mx\/wp-content\/uploads\/2018\/03\/14524434_1106112876131411_958039263622046936_o.jpg?resize=700%2C400 2x"},"classes":[]},{"id":37669,"url":"http:\/\/www.grieta.org.mx\/index.php\/2019\/08\/07\/estudiantes-excluidos-protestan-en-zocalo-de-cdmx\/","url_meta":{"origin":12294,"position":1},"title":"Estudiantes excluidos protestan en Z\u00f3calo de CdMx","author":"grieta","date":"7 agosto, 2019","format":false,"excerpt":"Redacci\u00f3n\/Milenio Digital Integrantes del Movimiento de Aspirantes Excluidos de Educaci\u00f3n Superior (MAES) protestan en el Z\u00f3calo de la Ciudad de M\u00e9xico, para exigir la ampliaci\u00f3n de la matr\u00edcula y el aumento al presupuesto para las universidades de todo el pa\u00eds. Los estudiantes llegaron a la Plaza de la Constituci\u00f3n tras\u2026","rel":"","context":"En &quot;CINTILLO&quot;","block_context":{"text":"CINTILLO","link":"http:\/\/www.grieta.org.mx\/index.php\/category\/cintillo\/"},"img":{"alt_text":"","src":"https:\/\/i0.wp.com\/www.grieta.org.mx\/wp-content\/uploads\/2018\/03\/14524434_1106112876131411_958039263622046936_o.jpg?resize=350%2C200","width":350,"height":200,"srcset":"https:\/\/i0.wp.com\/www.grieta.org.mx\/wp-content\/uploads\/2018\/03\/14524434_1106112876131411_958039263622046936_o.jpg?resize=350%2C200 1x, https:\/\/i0.wp.com\/www.grieta.org.mx\/wp-content\/uploads\/2018\/03\/14524434_1106112876131411_958039263622046936_o.jpg?resize=525%2C300 1.5x, https:\/\/i0.wp.com\/www.grieta.org.mx\/wp-content\/uploads\/2018\/03\/14524434_1106112876131411_958039263622046936_o.jpg?resize=700%2C400 2x"},"classes":[]},{"id":11409,"url":"http:\/\/www.grieta.org.mx\/index.php\/2016\/04\/23\/estudiantes-dan-plazo-a-director-del-ipn-para-esclarecer-acuerdos-con-sep\/","url_meta":{"origin":12294,"position":2},"title":"Estudiantes dan plazo a director del IPN para esclarecer acuerdos con SEP","author":"grieta","date":"23 abril, 2016","format":false,"excerpt":"Ricardo Ortiz Foto: Ricardo Ortiz\/Somoselmedio.org En caso de que no se presente, exigir\u00e1n su destituci\u00f3n del IPN Este jueves 21 de abril de 2016, cerca de dos mil estudiantes de diferentes escuelas, pertenecientes al Instituto Polit\u00e9cnico Nacional (IPN), realizaron una marcha alrededor de las 14:00 horas, misma que parti\u00f3 de\u2026","rel":"","context":"En &quot;cdmx&quot;","block_context":{"text":"cdmx","link":"http:\/\/www.grieta.org.mx\/index.php\/category\/cdmx\/"},"img":{"alt_text":"","src":"https:\/\/i0.wp.com\/www.grieta.org.mx\/wp-content\/uploads\/2018\/03\/14524434_1106112876131411_958039263622046936_o.jpg?resize=350%2C200","width":350,"height":200,"srcset":"https:\/\/i0.wp.com\/www.grieta.org.mx\/wp-content\/uploads\/2018\/03\/14524434_1106112876131411_958039263622046936_o.jpg?resize=350%2C200 1x, https:\/\/i0.wp.com\/www.grieta.org.mx\/wp-content\/uploads\/2018\/03\/14524434_1106112876131411_958039263622046936_o.jpg?resize=525%2C300 1.5x, https:\/\/i0.wp.com\/www.grieta.org.mx\/wp-content\/uploads\/2018\/03\/14524434_1106112876131411_958039263622046936_o.jpg?resize=700%2C400 2x"},"classes":[]},{"id":40690,"url":"http:\/\/www.grieta.org.mx\/index.php\/2019\/10\/29\/exigen-becas-alimenticias-para-las-estudiantes-de-la-normal-de-atequiza-solo-se-da-apoyo-a-los-varones-jalisco\/","url_meta":{"origin":12294,"position":3},"title":"Exigen becas alimenticias para las estudiantes de la Normal de Atequiza; solo se da apoyo a los varones (Jalisco)","author":"grieta","date":"29 octubre, 2019","format":false,"excerpt":"Foto: Ignacio P\u00e9rez Vega Otro reclamo de los normalistas es que se concluyan las obras de remodelaci\u00f3n que dej\u00f3 inconclusas en Atequiza el gobierno anterior Ignacio P\u00e9rez Vega \/ UDGTV Guadalajara, Jalisco. Estudiantes de la Normal Rural de Atequiza\u00a0se manifestaron para exigir que se les otorgue becas alimenticias a 250\u2026","rel":"","context":"En &quot;CINTILLO&quot;","block_context":{"text":"CINTILLO","link":"http:\/\/www.grieta.org.mx\/index.php\/category\/cintillo\/"},"img":{"alt_text":"","src":"https:\/\/i0.wp.com\/www.grieta.org.mx\/wp-content\/uploads\/2019\/10\/Normal-de-Atequiza-Ignacio-P%C3%A9rez-Vega-1.jpg?resize=350%2C200","width":350,"height":200,"srcset":"https:\/\/i0.wp.com\/www.grieta.org.mx\/wp-content\/uploads\/2019\/10\/Normal-de-Atequiza-Ignacio-P%C3%A9rez-Vega-1.jpg?resize=350%2C200 1x, https:\/\/i0.wp.com\/www.grieta.org.mx\/wp-content\/uploads\/2019\/10\/Normal-de-Atequiza-Ignacio-P%C3%A9rez-Vega-1.jpg?resize=525%2C300 1.5x, https:\/\/i0.wp.com\/www.grieta.org.mx\/wp-content\/uploads\/2019\/10\/Normal-de-Atequiza-Ignacio-P%C3%A9rez-Vega-1.jpg?resize=700%2C400 2x"},"classes":[]},{"id":56589,"url":"http:\/\/www.grieta.org.mx\/index.php\/2021\/01\/27\/frente-a-escasa-oferta-academica-estudiantes-exigen-a-la-udeg-garantizar-su-acceso-a-la-educacion-jalisco\/","url_meta":{"origin":12294,"position":4},"title":"Frente a escasa oferta acad\u00e9mica, estudiantes exigen a la UdeG garantizar su acceso a la educaci\u00f3n (Jalisco)","author":"grieta","date":"27 enero, 2021","format":false,"excerpt":"Imagen: Zona Docs M\u00e1s de 100 estudiantes de la Licenciatura de Psicolog\u00eda de la Universidad de Guadalajara (UdeG), denuncian que se ver\u00e1n afectados y afectadas a causa del rezago que ha provocado la poca oferta de cupos para las materias necesarias durante la carrera. \u00a0 Por ello, las y los\u2026","rel":"","context":"En &quot;CINTILLO&quot;","block_context":{"text":"CINTILLO","link":"http:\/\/www.grieta.org.mx\/index.php\/category\/cintillo\/"},"img":{"alt_text":"","src":"https:\/\/i0.wp.com\/www.grieta.org.mx\/wp-content\/uploads\/2021\/02\/Esm3TVmXcAA4vpD.jpg?resize=350%2C200","width":350,"height":200,"srcset":"https:\/\/i0.wp.com\/www.grieta.org.mx\/wp-content\/uploads\/2021\/02\/Esm3TVmXcAA4vpD.jpg?resize=350%2C200 1x, https:\/\/i0.wp.com\/www.grieta.org.mx\/wp-content\/uploads\/2021\/02\/Esm3TVmXcAA4vpD.jpg?resize=525%2C300 1.5x, https:\/\/i0.wp.com\/www.grieta.org.mx\/wp-content\/uploads\/2021\/02\/Esm3TVmXcAA4vpD.jpg?resize=700%2C400 2x"},"classes":[]},{"id":70491,"url":"http:\/\/www.grieta.org.mx\/index.php\/2024\/11\/15\/estudiantes-de-la-universidad-para-el-bienestar-benito-juarez-garcia-en-tihosuco-se-manifiestan-para-exigir-soluciones-a-inconformidades-quintana-roo\/","url_meta":{"origin":12294,"position":5},"title":"Estudiantes de la Universidad para el Bienestar Benito Ju\u00e1rez Garc\u00eda en Tihosuco se Manifiestan para Exigir Soluciones a Inconformidades (Quintana Roo)","author":"grieta","date":"15 noviembre, 2024","format":false,"excerpt":"El Punto Sobre la i FCP.-Desde el lunes 11 de noviembre hasta hoy viernes 15 de noviembre de 2024, estudiantes de la Universidad para el Bienestar Benito Ju\u00e1rez Garc\u00eda (UBBJ), sede Tihosuco, en el municipio de Felipe Carrillo Puerto, han estado realizando manifestaciones para expresar su descontento y exigir soluciones\u2026","rel":"","context":"En &quot;CINTILLO&quot;","block_context":{"text":"CINTILLO","link":"http:\/\/www.grieta.org.mx\/index.php\/category\/cintillo\/"},"img":{"alt_text":"","src":"https:\/\/i0.wp.com\/www.grieta.org.mx\/wp-content\/uploads\/2024\/11\/UniversidadTihosuco-e1732160861704.jpg?resize=350%2C200","width":350,"height":200,"srcset":"https:\/\/i0.wp.com\/www.grieta.org.mx\/wp-content\/uploads\/2024\/11\/UniversidadTihosuco-e1732160861704.jpg?resize=350%2C200 1x, https:\/\/i0.wp.com\/www.grieta.org.mx\/wp-content\/uploads\/2024\/11\/UniversidadTihosuco-e1732160861704.jpg?resize=525%2C300 1.5x, https:\/\/i0.wp.com\/www.grieta.org.mx\/wp-content\/uploads\/2024\/11\/UniversidadTihosuco-e1732160861704.jpg?resize=700%2C400 2x"},"classes":[]}],"_links":{"self":[{"href":"http:\/\/www.grieta.org.mx\/index.php\/wp-json\/wp\/v2\/posts\/12294","targetHints":{"allow":["GET"]}}],"collection":[{"href":"http:\/\/www.grieta.org.mx\/index.php\/wp-json\/wp\/v2\/posts"}],"about":[{"href":"http:\/\/www.grieta.org.mx\/index.php\/wp-json\/wp\/v2\/types\/post"}],"author":[{"embeddable":true,"href":"http:\/\/www.grieta.org.mx\/index.php\/wp-json\/wp\/v2\/users\/2"}],"replies":[{"embeddable":true,"href":"http:\/\/www.grieta.org.mx\/index.php\/wp-json\/wp\/v2\/comments?post=12294"}],"version-history":[{"count":1,"href":"http:\/\/www.grieta.org.mx\/index.php\/wp-json\/wp\/v2\/posts\/12294\/revisions"}],"predecessor-version":[{"id":12297,"href":"http:\/\/www.grieta.org.mx\/index.php\/wp-json\/wp\/v2\/posts\/12294\/revisions\/12297"}],"wp:featuredmedia":[{"embeddable":true,"href":"http:\/\/www.grieta.org.mx\/index.php\/wp-json\/wp\/v2\/media\/21928"}],"wp:attachment":[{"href":"http:\/\/www.grieta.org.mx\/index.php\/wp-json\/wp\/v2\/media?parent=12294"}],"wp:term":[{"taxonomy":"category","embeddable":true,"href":"http:\/\/www.grieta.org.mx\/index.php\/wp-json\/wp\/v2\/categories?post=12294"},{"taxonomy":"post_tag","embeddable":true,"href":"http:\/\/www.grieta.org.mx\/index.php\/wp-json\/wp\/v2\/tags?post=12294"}],"curies":[{"name":"wp","href":"https:\/\/api.w.org\/{rel}","templated":true}]}}