{"id":12282,"date":"2016-05-11T18:35:30","date_gmt":"2016-05-11T18:35:30","guid":{"rendered":"http:\/\/www.grieta.org.mx\/?p=12282"},"modified":"2016-05-15T18:37:20","modified_gmt":"2016-05-15T18:37:20","slug":"crean-frente-contra-obras-en-paradero-chapultepec","status":"publish","type":"post","link":"http:\/\/www.grieta.org.mx\/index.php\/2016\/05\/11\/crean-frente-contra-obras-en-paradero-chapultepec\/","title":{"rendered":"Crean frente contra obras en paradero Chapultepec"},"content":{"rendered":"<p>Vecinos informaron que en la zona se construir\u00e1n dos torres, un edificio de 41 niveles para oficina y otro de 16 para uso mixto; adem\u00e1s de un centro comercial de tres niveles.<\/p>\n<p>Vecinos de las delegaciones Cuauht\u00e9moc y Miguel Hidalgo formaron un frente en Defensa del Bosque de Chapultepec para detener la construcci\u00f3n de dos torres y un centro comercial que se tiene previsto en la zona que actualmente ocupa el paradero de Chapultepec.<\/p>\n<p>Inconformes se\u00f1alaron que no est\u00e1n en contra del Centro de Transferencia Modal sino de las dem\u00e1s construcciones por considerarlo un negocio con desventaja para los habitantes de la capital y para el mantenimiento del Bosque.<\/p>\n<p>En conferencia de prensa, habitantes de las colonias Ju\u00e1rez, Condesa, San Miguel Chapultepec, Roma y Polanco sostuvieron que el proyecto &#8220;es privatizador bajo el pretexto de que el Gobierno de la Ciudad no cuenta con recursos para renovar el Cetram&#8221; adem\u00e1s de que lo consideran una extensi\u00f3n del Corredor Cultural Chapultepec que fue rechazado en consulta ciudadana.<\/p>\n<p>Los inconformes se sustentan en documentaci\u00f3n filtrada en la cuenta de Twitter @CETRAMChapultep &#8220;en donde se nota que el proyecto se ha desarrollado a espaldas de la ciudadan\u00eda&#8221;, dijo Eduardo Farah colono de Chapultepec Polanco.<\/p>\n<p>Sergio Gonz\u00e1lez, habitante de la colonia Ju\u00e1rez, detall\u00f3 que de acuerdo a la informaci\u00f3n, en la zona del paradero de Chapultepec se construir\u00e1n dos torres, un edificio de 41 niveles para oficina y otro de 16 para uso mixto.<\/p>\n<p>Asimismo habr\u00eda un centro comercial de tres niveles con restaurantes, gimnasios, salas de cine y s\u00f3tanos con 378 cajones de estacionamiento.  Sin embargo, el pago como contraprestaci\u00f3n a la Ciudad de M\u00e9xico s\u00f3lo ser\u00e1 del 5.12% a 40 a\u00f1os.<\/p>\n<p>El concesionado seleccionado es Desarrollo Urban\u00edstico Chapultepec, S.A.P.I. de C. V., que est\u00e1 integrado por Anida Proyectos Inmobiliarios S.A. de C.V. y Espacia Avante S.A. de C.V.<\/p>\n<p>El proyecto es de coinversi\u00f3n p\u00fablico privada y se ubica en el l\u00edmite de las delegaciones Cuauht\u00e9moc con una superficie de 22 mil 429 metros y Miguel Hidalgo con  7 mil 804 metros.<\/p>\n<p>Adem\u00e1s de que se utilizar\u00eda un espacio de  mil 503 metros de la primera secci\u00f3n del Bosque de Chapultepec a la que en 2014 se le quit\u00f3 la declaratoria de \u00c1rea de Valor Ambiental (AVA).<\/p>\n<p>En conferencia de prensa los vecinos exigieron que se detengan las obras hasta que se haga una consulta y se realice un diagn\u00f3stico vinculatorio.<\/p>\n<p><a href=\"http:\/\/www.eluniversal.com.mx\/articulo\/metropoli\/cdmx\/2016\/05\/11\/crean-frente-contra-obras-en-paradero-chapultepec\" target=\"_blank\">http:\/\/www.eluniversal.com.mx\/articulo\/metropoli\/cdmx\/2016\/05\/11\/crean-frente-contra-obras-en-paradero-chapultepec<\/a><\/p>\n","protected":false},"excerpt":{"rendered":"<p>Vecinos informaron que en la zona se construir\u00e1n dos torres, un edificio de 41 niveles para oficina y otro de 16 para uso mixto; adem\u00e1s de un centro comercial de &hellip; <a href=\"http:\/\/www.grieta.org.mx\/index.php\/2016\/05\/11\/crean-frente-contra-obras-en-paradero-chapultepec\/\" class=\"more-link\">Leer m\u00e1s<\/a><\/p>\n","protected":false},"author":2,"featured_media":21928,"comment_status":"closed","ping_status":"closed","sticky":false,"template":"","format":"standard","meta":{"ngg_post_thumbnail":0,"_jetpack_newsletter_access":"","_jetpack_dont_email_post_to_subs":false,"_jetpack_newsletter_tier_id":0,"_jetpack_memberships_contains_paywalled_content":false,"_jetpack_memberships_contains_paid_content":false,"footnotes":""},"categories":[598,80],"tags":[658,184,96],"class_list":["post-12282","post","type-post","status-publish","format-standard","has-post-thumbnail","hentry","category-cdmx","category-cintillo","tag-cetram","tag-despojo","tag-megaproyectos","entry"],"jetpack_featured_media_url":"http:\/\/www.grieta.org.mx\/wp-content\/uploads\/2018\/03\/14524434_1106112876131411_958039263622046936_o.jpg","jetpack_sharing_enabled":true,"jetpack_shortlink":"https:\/\/wp.me\/p7ZJR4-3c6","jetpack_likes_enabled":false,"jetpack-related-posts":[{"id":9629,"url":"http:\/\/www.grieta.org.mx\/index.php\/2016\/02\/21\/vecinos-denuncian-amenaza-contra-el-bosque-de-chapultepec\/","url_meta":{"origin":12282,"position":0},"title":"Vecinos denuncian amenaza contra el Bosque de Chapultepec","author":"grieta","date":"21 febrero, 2016","format":false,"excerpt":"Somos el medio Mutilar\u00e1n el pulm\u00f3n de la #CDMX para hacer negocio Judith Flores CDMX, 21 de febrero de 2016.- Bajo las consignas \u201cSalvemos Chapultepec\u201d y \u201cEl bosque no se toca\u201d, vecinos de las colonias Roma, Ju\u00e1rez, Cuauht\u00e9moc y Polanco denunciaron que el jefe de gobierno Miguel \u00c1ngel Mancera y\u2026","rel":"","context":"En &quot;CINTILLO&quot;","block_context":{"text":"CINTILLO","link":"http:\/\/www.grieta.org.mx\/index.php\/category\/cintillo\/"},"img":{"alt_text":"","src":"https:\/\/i0.wp.com\/www.grieta.org.mx\/wp-content\/uploads\/2018\/03\/14524434_1106112876131411_958039263622046936_o.jpg?resize=350%2C200","width":350,"height":200,"srcset":"https:\/\/i0.wp.com\/www.grieta.org.mx\/wp-content\/uploads\/2018\/03\/14524434_1106112876131411_958039263622046936_o.jpg?resize=350%2C200 1x, https:\/\/i0.wp.com\/www.grieta.org.mx\/wp-content\/uploads\/2018\/03\/14524434_1106112876131411_958039263622046936_o.jpg?resize=525%2C300 1.5x, https:\/\/i0.wp.com\/www.grieta.org.mx\/wp-content\/uploads\/2018\/03\/14524434_1106112876131411_958039263622046936_o.jpg?resize=700%2C400 2x"},"classes":[]},{"id":19002,"url":"http:\/\/www.grieta.org.mx\/index.php\/2016\/08\/03\/proyecto-comercial-cetram-chapultepec-traera-afectaciones-sociales-y-ambientales\/","url_meta":{"origin":12282,"position":1},"title":"Proyecto comercial Cetram Chapultepec traer\u00e1 afectaciones sociales y ambientales","author":"grieta","date":"3 agosto, 2016","format":false,"excerpt":"Desinform\u00e9monos| Ciudad de M\u00e9xico. 3\/08\/2016.- Habitantes de la colonia Roma y Ju\u00e1rez, en la Ciudad de M\u00e9xico, exigen frenar trabajos del Centro de Transferencia Modal (Cetram) Chapultepec, que, se\u00f1alan, traer\u00e1 la privatizaci\u00f3n de una parte del bosque as\u00ed como altos costos econ\u00f3micos, sociales y ambientales a la ciudad con la\u2026","rel":"","context":"En &quot;cdmx&quot;","block_context":{"text":"cdmx","link":"http:\/\/www.grieta.org.mx\/index.php\/category\/cdmx\/"},"img":{"alt_text":"","src":"https:\/\/i0.wp.com\/www.grieta.org.mx\/wp-content\/uploads\/2018\/03\/14524434_1106112876131411_958039263622046936_o.jpg?resize=350%2C200","width":350,"height":200,"srcset":"https:\/\/i0.wp.com\/www.grieta.org.mx\/wp-content\/uploads\/2018\/03\/14524434_1106112876131411_958039263622046936_o.jpg?resize=350%2C200 1x, https:\/\/i0.wp.com\/www.grieta.org.mx\/wp-content\/uploads\/2018\/03\/14524434_1106112876131411_958039263622046936_o.jpg?resize=525%2C300 1.5x, https:\/\/i0.wp.com\/www.grieta.org.mx\/wp-content\/uploads\/2018\/03\/14524434_1106112876131411_958039263622046936_o.jpg?resize=700%2C400 2x"},"classes":[]},{"id":12278,"url":"http:\/\/www.grieta.org.mx\/index.php\/2016\/05\/03\/retiran-ambulantes-del-paradero-metro-chapultepec-ssp-cdmx-vigila-la-zona\/","url_meta":{"origin":12282,"position":2},"title":"Retiran ambulantes del paradero Metro Chapultepec; SSP-CDMX vigila la zona","author":"grieta","date":"3 mayo, 2016","format":false,"excerpt":"La acci\u00f3n se debe a obras de remodelaci\u00f3n y construcci\u00f3n del nuevo Cetram Foto: Cuartoscuro Polic\u00edas capitalinos fueron desplegados en el per\u00edmetro conformado por Chapultepec, Circuito Interior, Lieja y Reforma, a fin de vigilar que las inmediaciones de la estaci\u00f3n Chapultepec del metro se mantenga libre de vendedores ambulantes. La\u2026","rel":"","context":"En &quot;cdmx&quot;","block_context":{"text":"cdmx","link":"http:\/\/www.grieta.org.mx\/index.php\/category\/cdmx\/"},"img":{"alt_text":"","src":"https:\/\/i0.wp.com\/www.grieta.org.mx\/wp-content\/uploads\/2018\/03\/14524434_1106112876131411_958039263622046936_o.jpg?resize=350%2C200","width":350,"height":200,"srcset":"https:\/\/i0.wp.com\/www.grieta.org.mx\/wp-content\/uploads\/2018\/03\/14524434_1106112876131411_958039263622046936_o.jpg?resize=350%2C200 1x, https:\/\/i0.wp.com\/www.grieta.org.mx\/wp-content\/uploads\/2018\/03\/14524434_1106112876131411_958039263622046936_o.jpg?resize=525%2C300 1.5x, https:\/\/i0.wp.com\/www.grieta.org.mx\/wp-content\/uploads\/2018\/03\/14524434_1106112876131411_958039263622046936_o.jpg?resize=700%2C400 2x"},"classes":[]},{"id":10040,"url":"http:\/\/www.grieta.org.mx\/index.php\/2016\/03\/28\/la-amenaza-en-coapa\/","url_meta":{"origin":12282,"position":3},"title":"La amenaza en Coapa","author":"grieta","date":"28 marzo, 2016","format":false,"excerpt":"Reporte Indigo Vecinos de la zona piden a las autoridades de Tlalpan realizar una consulta ciudadana ante la construcci\u00f3n de un complejo comercial, que consideran podr\u00eda colapsar la vialidad Por Icela Lagunas Vecinos pedir\u00e1n al Instituto Electoral del Distrito Federal realizar una consulta ciudadana, similar a la que se aplic\u00f3\u2026","rel":"","context":"En &quot;CINTILLO&quot;","block_context":{"text":"CINTILLO","link":"http:\/\/www.grieta.org.mx\/index.php\/category\/cintillo\/"},"img":{"alt_text":"","src":"https:\/\/i0.wp.com\/www.grieta.org.mx\/wp-content\/uploads\/2018\/03\/14524434_1106112876131411_958039263622046936_o.jpg?resize=350%2C200","width":350,"height":200,"srcset":"https:\/\/i0.wp.com\/www.grieta.org.mx\/wp-content\/uploads\/2018\/03\/14524434_1106112876131411_958039263622046936_o.jpg?resize=350%2C200 1x, https:\/\/i0.wp.com\/www.grieta.org.mx\/wp-content\/uploads\/2018\/03\/14524434_1106112876131411_958039263622046936_o.jpg?resize=525%2C300 1.5x, https:\/\/i0.wp.com\/www.grieta.org.mx\/wp-content\/uploads\/2018\/03\/14524434_1106112876131411_958039263622046936_o.jpg?resize=700%2C400 2x"},"classes":[]},{"id":10739,"url":"http:\/\/www.grieta.org.mx\/index.php\/2016\/05\/31\/desalojo-de-puestos-de-trabajo-de-comerciantes-en-la-ciudad-de-mexico\/","url_meta":{"origin":12282,"position":4},"title":"Desalojos de comerciantes en la Ciudad de M\u00e9xico","author":"grieta","date":"31 mayo, 2016","format":false,"excerpt":"31\/05\/16. Denuncian comerciantes cacer\u00eda para quitarlos del paradero de CULa Jornada 11\/05\/16. Crean frente contra obras en paradero ChapultepecEl Universal 04\/05\/16. Se enfrentan granaderos y comerciantes frente al Z\u00f3calo (CDMX)Cr\u00f3nica del Poder 03\/05\/16. Retiran ambulantes del paradero Metro Chapultepec; SSP-CDMX vigila la zona24 Horas 28\/04\/16. Represi\u00f3n contra locatarios del mercado\u2026","rel":"","context":"En &quot;Ciudad de M\u00e9xico&quot;","block_context":{"text":"Ciudad de M\u00e9xico","link":"http:\/\/www.grieta.org.mx\/index.php\/category\/noticias-nacionales\/ciudad-de-mexico\/"},"img":{"alt_text":"","src":"https:\/\/i0.wp.com\/www.grieta.org.mx\/wp-content\/uploads\/2018\/03\/14524434_1106112876131411_958039263622046936_o.jpg?resize=350%2C200","width":350,"height":200,"srcset":"https:\/\/i0.wp.com\/www.grieta.org.mx\/wp-content\/uploads\/2018\/03\/14524434_1106112876131411_958039263622046936_o.jpg?resize=350%2C200 1x, https:\/\/i0.wp.com\/www.grieta.org.mx\/wp-content\/uploads\/2018\/03\/14524434_1106112876131411_958039263622046936_o.jpg?resize=525%2C300 1.5x, https:\/\/i0.wp.com\/www.grieta.org.mx\/wp-content\/uploads\/2018\/03\/14524434_1106112876131411_958039263622046936_o.jpg?resize=700%2C400 2x"},"classes":[]},{"id":9630,"url":"http:\/\/www.grieta.org.mx\/index.php\/2016\/08\/11\/oposicion-a-la-construccion-de-centros-comerciales-en-la-ciudad-de-mexico\/","url_meta":{"origin":12282,"position":5},"title":"Oposici\u00f3n a la construcci\u00f3n de Centros Comerciales en la Ciudad de M\u00e9xico","author":"grieta","date":"11 agosto, 2016","format":false,"excerpt":"11\/08\/16. Dudan vecinos que la demolici\u00f3n del Estadio Azul sea ben\u00e9fica (CDMX) El big data 03\/08\/16. Proyecto comercial Cetram Chapultepec traer\u00e1 afectaciones sociales y ambientales Desinform\u00e9monos 30\/06\/16. Rechazan apertura de Chedraui (CDMX) El Universal 21\/04\/16. Locatarios bloquean la circulaci\u00f3n de Rojo G\u00f3mez El Universal 28\/03\/16. La amenaza en Coapa Reporte\u2026","rel":"","context":"En &quot;Ciudad de M\u00e9xico&quot;","block_context":{"text":"Ciudad de M\u00e9xico","link":"http:\/\/www.grieta.org.mx\/index.php\/category\/noticias-nacionales\/ciudad-de-mexico\/"},"img":{"alt_text":"","src":"https:\/\/i0.wp.com\/www.grieta.org.mx\/wp-content\/uploads\/2018\/03\/14524434_1106112876131411_958039263622046936_o.jpg?resize=350%2C200","width":350,"height":200,"srcset":"https:\/\/i0.wp.com\/www.grieta.org.mx\/wp-content\/uploads\/2018\/03\/14524434_1106112876131411_958039263622046936_o.jpg?resize=350%2C200 1x, https:\/\/i0.wp.com\/www.grieta.org.mx\/wp-content\/uploads\/2018\/03\/14524434_1106112876131411_958039263622046936_o.jpg?resize=525%2C300 1.5x, https:\/\/i0.wp.com\/www.grieta.org.mx\/wp-content\/uploads\/2018\/03\/14524434_1106112876131411_958039263622046936_o.jpg?resize=700%2C400 2x"},"classes":[]}],"_links":{"self":[{"href":"http:\/\/www.grieta.org.mx\/index.php\/wp-json\/wp\/v2\/posts\/12282","targetHints":{"allow":["GET"]}}],"collection":[{"href":"http:\/\/www.grieta.org.mx\/index.php\/wp-json\/wp\/v2\/posts"}],"about":[{"href":"http:\/\/www.grieta.org.mx\/index.php\/wp-json\/wp\/v2\/types\/post"}],"author":[{"embeddable":true,"href":"http:\/\/www.grieta.org.mx\/index.php\/wp-json\/wp\/v2\/users\/2"}],"replies":[{"embeddable":true,"href":"http:\/\/www.grieta.org.mx\/index.php\/wp-json\/wp\/v2\/comments?post=12282"}],"version-history":[{"count":1,"href":"http:\/\/www.grieta.org.mx\/index.php\/wp-json\/wp\/v2\/posts\/12282\/revisions"}],"predecessor-version":[{"id":12283,"href":"http:\/\/www.grieta.org.mx\/index.php\/wp-json\/wp\/v2\/posts\/12282\/revisions\/12283"}],"wp:featuredmedia":[{"embeddable":true,"href":"http:\/\/www.grieta.org.mx\/index.php\/wp-json\/wp\/v2\/media\/21928"}],"wp:attachment":[{"href":"http:\/\/www.grieta.org.mx\/index.php\/wp-json\/wp\/v2\/media?parent=12282"}],"wp:term":[{"taxonomy":"category","embeddable":true,"href":"http:\/\/www.grieta.org.mx\/index.php\/wp-json\/wp\/v2\/categories?post=12282"},{"taxonomy":"post_tag","embeddable":true,"href":"http:\/\/www.grieta.org.mx\/index.php\/wp-json\/wp\/v2\/tags?post=12282"}],"curies":[{"name":"wp","href":"https:\/\/api.w.org\/{rel}","templated":true}]}}