{"id":12250,"date":"2016-05-12T05:03:27","date_gmt":"2016-05-12T05:03:27","guid":{"rendered":"http:\/\/www.grieta.org.mx\/?p=12250"},"modified":"2016-05-15T15:54:06","modified_gmt":"2016-05-15T15:54:06","slug":"estudiantes-de-la-buap-reprimidos-en-2015-instalan-planton","status":"publish","type":"post","link":"http:\/\/www.grieta.org.mx\/index.php\/2016\/05\/12\/estudiantes-de-la-buap-reprimidos-en-2015-instalan-planton\/","title":{"rendered":"Estudiantes de la BUAP, reprimidos en 2015, instalan plant\u00f3n"},"content":{"rendered":"<p><strong>12\/05\/16. <\/strong><a href=\"http:\/\/www.grieta.org.mx\/index.php\/2016\/05\/12\/estudiantes-de-la-buap-instalan-planton-ante-la-fiscalia-puebla\/\">Estudiantes de la BUAP instalan plant\u00f3n ante la Fiscal\u00eda (Puebla)<\/a><br \/>\n<em>e-consulta<\/em><\/p>\n<p><strong>08\/02\/15. <\/strong><a href=\"http:\/\/www.grieta.org.mx\/index.php\/2015\/02\/08\/estudiantes-de-puebla-son-desalojados-a-golpes-de-un-planton\/\">Estudiantes de Puebla son desalojados a golpes de un plant\u00f3n<\/a><br \/>\n<em>Animal Pol\u00edtico<\/em><\/p>\n","protected":false},"excerpt":{"rendered":"<p>12\/05\/16. Estudiantes de la BUAP instalan plant\u00f3n ante la Fiscal\u00eda (Puebla) e-consulta 08\/02\/15. Estudiantes de Puebla son desalojados a golpes de un plant\u00f3n Animal Pol\u00edtico<\/p>\n","protected":false},"author":2,"featured_media":21928,"comment_status":"closed","ping_status":"closed","sticky":false,"template":"","format":"standard","meta":{"ngg_post_thumbnail":0,"_jetpack_newsletter_access":"","_jetpack_dont_email_post_to_subs":false,"_jetpack_newsletter_tier_id":0,"_jetpack_memberships_contains_paywalled_content":false,"_jetpack_memberships_contains_paid_content":false,"footnotes":""},"categories":[2,26],"tags":[238,130],"class_list":["post-12250","post","type-post","status-publish","format-standard","has-post-thumbnail","hentry","category-noticias-nacionales","category-puebla","tag-estudiantes","tag-represion","entry"],"jetpack_featured_media_url":"http:\/\/www.grieta.org.mx\/wp-content\/uploads\/2018\/03\/14524434_1106112876131411_958039263622046936_o.jpg","jetpack_sharing_enabled":true,"jetpack_shortlink":"https:\/\/wp.me\/p7ZJR4-3bA","jetpack_likes_enabled":false,"jetpack-related-posts":[{"id":12242,"url":"http:\/\/www.grieta.org.mx\/index.php\/2016\/05\/12\/estudiantes-de-la-buap-instalan-planton-ante-la-fiscalia-puebla\/","url_meta":{"origin":12250,"position":0},"title":"Estudiantes de la BUAP instalan plant\u00f3n ante la Fiscal\u00eda (Puebla)","author":"grieta","date":"12 mayo, 2016","format":false,"excerpt":"Por Kara Castillo Puebla,Puebla - Colectivos universitarios instalaron un plant\u00f3n indefinido afuera de la Fiscal\u00eda General del Estado paraexigir se revisen las acciones del ministerio p\u00fablico que ha dado \u201ccarpetazo\u201d al caso del secuestro y tortura de j\u00f3venes que se manifestaban en el z\u00f3calo de la ciudad el 8 de\u2026","rel":"","context":"En &quot;CINTILLO&quot;","block_context":{"text":"CINTILLO","link":"http:\/\/www.grieta.org.mx\/index.php\/category\/cintillo\/"},"img":{"alt_text":"","src":"https:\/\/i0.wp.com\/www.grieta.org.mx\/wp-content\/uploads\/2018\/03\/14524434_1106112876131411_958039263622046936_o.jpg?resize=350%2C200","width":350,"height":200,"srcset":"https:\/\/i0.wp.com\/www.grieta.org.mx\/wp-content\/uploads\/2018\/03\/14524434_1106112876131411_958039263622046936_o.jpg?resize=350%2C200 1x, https:\/\/i0.wp.com\/www.grieta.org.mx\/wp-content\/uploads\/2018\/03\/14524434_1106112876131411_958039263622046936_o.jpg?resize=525%2C300 1.5x, https:\/\/i0.wp.com\/www.grieta.org.mx\/wp-content\/uploads\/2018\/03\/14524434_1106112876131411_958039263622046936_o.jpg?resize=700%2C400 2x"},"classes":[]},{"id":1915,"url":"http:\/\/www.grieta.org.mx\/index.php\/2015\/11\/08\/instalan-planton-estudiantes-de-escuela-normal-superior-federal-de-oaxaca\/","url_meta":{"origin":12250,"position":1},"title":"Instalan plant\u00f3n estudiantes de Escuela Normal Superior Federal de Oaxaca","author":"grieta","date":"8 noviembre, 2015","format":false,"excerpt":"Jorge A. P\u00e9rez Alfonso, Oaxaca Oaxaca, Oax. Estudiantes de la Escuela Normal Superior Federal de Oaxaca (ENSFO) protestaron este domingo en el z\u00f3calo de la cuidad de Oaxaca donde se instalaron en \u201cplant\u00f3n educativo\u201d, esto en rechazo de la evaluaci\u00f3n docente a realizarse el pr\u00f3ximo fin de semana. Los profesores\u2026","rel":"","context":"En &quot;CINTILLO&quot;","block_context":{"text":"CINTILLO","link":"http:\/\/www.grieta.org.mx\/index.php\/category\/cintillo\/"},"img":{"alt_text":"","src":"https:\/\/i0.wp.com\/www.grieta.org.mx\/wp-content\/uploads\/2018\/03\/14524434_1106112876131411_958039263622046936_o.jpg?resize=350%2C200","width":350,"height":200,"srcset":"https:\/\/i0.wp.com\/www.grieta.org.mx\/wp-content\/uploads\/2018\/03\/14524434_1106112876131411_958039263622046936_o.jpg?resize=350%2C200 1x, https:\/\/i0.wp.com\/www.grieta.org.mx\/wp-content\/uploads\/2018\/03\/14524434_1106112876131411_958039263622046936_o.jpg?resize=525%2C300 1.5x, https:\/\/i0.wp.com\/www.grieta.org.mx\/wp-content\/uploads\/2018\/03\/14524434_1106112876131411_958039263622046936_o.jpg?resize=700%2C400 2x"},"classes":[]},{"id":12247,"url":"http:\/\/www.grieta.org.mx\/index.php\/2015\/02\/08\/estudiantes-de-puebla-son-desalojados-a-golpes-de-un-planton\/","url_meta":{"origin":12250,"position":2},"title":"Estudiantes de Puebla son desalojados a golpes de un plant\u00f3n","author":"grieta","date":"8 febrero, 2015","format":false,"excerpt":"Por Ernesto Aroche \u201cQuise ayudar cuando sent\u00ed un golpe en la cara muy fuerte, obviamente me noquearon y me jalaron de mis cabellos y me subieron a la camioneta\u201d, cuenta Magali. La estudiante de 18 a\u00f1os y siete j\u00f3venes m\u00e1s fueron retenidos y subidos a un veh\u00edculo que posteriormente fue\u2026","rel":"","context":"En &quot;CINTILLO&quot;","block_context":{"text":"CINTILLO","link":"http:\/\/www.grieta.org.mx\/index.php\/category\/cintillo\/"},"img":{"alt_text":"","src":"https:\/\/i0.wp.com\/www.grieta.org.mx\/wp-content\/uploads\/2018\/03\/14524434_1106112876131411_958039263622046936_o.jpg?resize=350%2C200","width":350,"height":200,"srcset":"https:\/\/i0.wp.com\/www.grieta.org.mx\/wp-content\/uploads\/2018\/03\/14524434_1106112876131411_958039263622046936_o.jpg?resize=350%2C200 1x, https:\/\/i0.wp.com\/www.grieta.org.mx\/wp-content\/uploads\/2018\/03\/14524434_1106112876131411_958039263622046936_o.jpg?resize=525%2C300 1.5x, https:\/\/i0.wp.com\/www.grieta.org.mx\/wp-content\/uploads\/2018\/03\/14524434_1106112876131411_958039263622046936_o.jpg?resize=700%2C400 2x"},"classes":[]},{"id":9771,"url":"http:\/\/www.grieta.org.mx\/index.php\/2015\/11\/26\/padres-de-ayotzinapa-instalan-planton-indefinido-en-chivatito-exigen-nombrar-a-nuevo-fiscal\/","url_meta":{"origin":12250,"position":3},"title":"Padres de Ayotzinapa instalan plant\u00f3n indefinido en Chivatito; exigen nombrar a nuevo fiscal","author":"grieta","date":"26 noviembre, 2015","format":false,"excerpt":"Animal Pol\u00edtico El plant\u00f3n se instal\u00f3 en demanda de la designaci\u00f3n del fiscal especial y del grupo t\u00e9cnico que realizar\u00e1 la nueva investigaci\u00f3n del caso. Padres de Ayotzinapa instalan plant\u00f3n indefinido en Chivatito; exigen nombrar a nuevo fiscal Alrededor de 200 personas estar\u00e1n en el plant\u00f3n, indic\u00f3 el padre de\u2026","rel":"","context":"En &quot;CINTILLO&quot;","block_context":{"text":"CINTILLO","link":"http:\/\/www.grieta.org.mx\/index.php\/category\/cintillo\/"},"img":{"alt_text":"","src":"https:\/\/i0.wp.com\/www.grieta.org.mx\/wp-content\/uploads\/2018\/03\/14524434_1106112876131411_958039263622046936_o.jpg?resize=350%2C200","width":350,"height":200,"srcset":"https:\/\/i0.wp.com\/www.grieta.org.mx\/wp-content\/uploads\/2018\/03\/14524434_1106112876131411_958039263622046936_o.jpg?resize=350%2C200 1x, https:\/\/i0.wp.com\/www.grieta.org.mx\/wp-content\/uploads\/2018\/03\/14524434_1106112876131411_958039263622046936_o.jpg?resize=525%2C300 1.5x, https:\/\/i0.wp.com\/www.grieta.org.mx\/wp-content\/uploads\/2018\/03\/14524434_1106112876131411_958039263622046936_o.jpg?resize=700%2C400 2x"},"classes":[]},{"id":15162,"url":"http:\/\/www.grieta.org.mx\/index.php\/2016\/06\/22\/cerca-de-dos-mil-medicos-y-enfermeras-protestaron-en-puebla\/","url_meta":{"origin":12250,"position":4},"title":"Cerca de dos mil m\u00e9dicos y enfermeras protestaron en Puebla","author":"grieta","date":"22 junio, 2016","format":false,"excerpt":"Por Edgar \u00c1vila M\u00e9dicos y enfermeras, con el apoyo de estudiantes universitarios afines, marcharon por el centro de la ciudad de Puebla para sumarse a la jornada nacional de protesta. Cerca de dos mil personas encabezaron la manifestaci\u00f3n que inicio en dos puntos de la ciudad, la primera de ellas\u2026","rel":"","context":"En &quot;CINTILLO&quot;","block_context":{"text":"CINTILLO","link":"http:\/\/www.grieta.org.mx\/index.php\/category\/cintillo\/"},"img":{"alt_text":"","src":"https:\/\/i0.wp.com\/www.grieta.org.mx\/wp-content\/uploads\/2016\/06\/w704-11.jpg?resize=350%2C200","width":350,"height":200,"srcset":"https:\/\/i0.wp.com\/www.grieta.org.mx\/wp-content\/uploads\/2016\/06\/w704-11.jpg?resize=350%2C200 1x, https:\/\/i0.wp.com\/www.grieta.org.mx\/wp-content\/uploads\/2016\/06\/w704-11.jpg?resize=525%2C300 1.5x"},"classes":[]},{"id":55866,"url":"http:\/\/www.grieta.org.mx\/index.php\/2020\/11\/28\/protestan-en-el-zocalo-de-puebla-por-desalojo-de-planton-en-morelos\/","url_meta":{"origin":12250,"position":5},"title":"Protestan en el z\u00f3calo de Puebla por desalojo de plant\u00f3n en Morelos","author":"Admin","date":"28 noviembre, 2020","format":false,"excerpt":"Redacci\u00f3n \/ Puebla Online Miembros del Congreso Nacional Ind\u00edgena se manifestaron en el Z\u00f3calo capitalino, debido al desalojo por parte de la Guardia Nacional (GN) a integrantes del campamento en resistencia que permanec\u00edan en San Pedro Apatlaco, Morelos, para evitar se reanuden los trabajos del ducto que lleva agua del\u2026","rel":"","context":"En &quot;CINTILLO&quot;","block_context":{"text":"CINTILLO","link":"http:\/\/www.grieta.org.mx\/index.php\/category\/cintillo\/"},"img":{"alt_text":"","src":"https:\/\/i0.wp.com\/www.grieta.org.mx\/wp-content\/uploads\/2020\/12\/2e351f278435e1be495599134ab7bd4f_L.jpg?resize=350%2C200","width":350,"height":200,"srcset":"https:\/\/i0.wp.com\/www.grieta.org.mx\/wp-content\/uploads\/2020\/12\/2e351f278435e1be495599134ab7bd4f_L.jpg?resize=350%2C200 1x, https:\/\/i0.wp.com\/www.grieta.org.mx\/wp-content\/uploads\/2020\/12\/2e351f278435e1be495599134ab7bd4f_L.jpg?resize=525%2C300 1.5x"},"classes":[]}],"_links":{"self":[{"href":"http:\/\/www.grieta.org.mx\/index.php\/wp-json\/wp\/v2\/posts\/12250","targetHints":{"allow":["GET"]}}],"collection":[{"href":"http:\/\/www.grieta.org.mx\/index.php\/wp-json\/wp\/v2\/posts"}],"about":[{"href":"http:\/\/www.grieta.org.mx\/index.php\/wp-json\/wp\/v2\/types\/post"}],"author":[{"embeddable":true,"href":"http:\/\/www.grieta.org.mx\/index.php\/wp-json\/wp\/v2\/users\/2"}],"replies":[{"embeddable":true,"href":"http:\/\/www.grieta.org.mx\/index.php\/wp-json\/wp\/v2\/comments?post=12250"}],"version-history":[{"count":1,"href":"http:\/\/www.grieta.org.mx\/index.php\/wp-json\/wp\/v2\/posts\/12250\/revisions"}],"predecessor-version":[{"id":12270,"href":"http:\/\/www.grieta.org.mx\/index.php\/wp-json\/wp\/v2\/posts\/12250\/revisions\/12270"}],"wp:featuredmedia":[{"embeddable":true,"href":"http:\/\/www.grieta.org.mx\/index.php\/wp-json\/wp\/v2\/media\/21928"}],"wp:attachment":[{"href":"http:\/\/www.grieta.org.mx\/index.php\/wp-json\/wp\/v2\/media?parent=12250"}],"wp:term":[{"taxonomy":"category","embeddable":true,"href":"http:\/\/www.grieta.org.mx\/index.php\/wp-json\/wp\/v2\/categories?post=12250"},{"taxonomy":"post_tag","embeddable":true,"href":"http:\/\/www.grieta.org.mx\/index.php\/wp-json\/wp\/v2\/tags?post=12250"}],"curies":[{"name":"wp","href":"https:\/\/api.w.org\/{rel}","templated":true}]}}