{"id":12242,"date":"2016-05-12T04:48:13","date_gmt":"2016-05-12T04:48:13","guid":{"rendered":"http:\/\/www.grieta.org.mx\/?p=12242"},"modified":"2016-05-15T04:52:03","modified_gmt":"2016-05-15T04:52:03","slug":"estudiantes-de-la-buap-instalan-planton-ante-la-fiscalia-puebla","status":"publish","type":"post","link":"http:\/\/www.grieta.org.mx\/index.php\/2016\/05\/12\/estudiantes-de-la-buap-instalan-planton-ante-la-fiscalia-puebla\/","title":{"rendered":"Estudiantes de la BUAP instalan plant\u00f3n ante la Fiscal\u00eda (Puebla)"},"content":{"rendered":"<p><img loading=\"lazy\" decoding=\"async\" data-attachment-id=\"12245\" data-permalink=\"http:\/\/www.grieta.org.mx\/index.php\/2016\/05\/12\/estudiantes-de-la-buap-instalan-planton-ante-la-fiscalia-puebla\/plan01_1\/\" data-orig-file=\"http:\/\/www.grieta.org.mx\/wp-content\/uploads\/2016\/05\/plan01_1.jpg\" data-orig-size=\"640,426\" data-comments-opened=\"0\" data-image-meta=\"{&quot;aperture&quot;:&quot;0&quot;,&quot;credit&quot;:&quot;&quot;,&quot;camera&quot;:&quot;&quot;,&quot;caption&quot;:&quot;&quot;,&quot;created_timestamp&quot;:&quot;0&quot;,&quot;copyright&quot;:&quot;&quot;,&quot;focal_length&quot;:&quot;0&quot;,&quot;iso&quot;:&quot;0&quot;,&quot;shutter_speed&quot;:&quot;0&quot;,&quot;title&quot;:&quot;&quot;,&quot;orientation&quot;:&quot;0&quot;}\" data-image-title=\"plan01_1\" data-image-description=\"\" data-image-caption=\"\" data-medium-file=\"http:\/\/www.grieta.org.mx\/wp-content\/uploads\/2016\/05\/plan01_1-300x200.jpg\" data-large-file=\"http:\/\/www.grieta.org.mx\/wp-content\/uploads\/2016\/05\/plan01_1.jpg\" class=\"aligncenter size-full wp-image-12245\" src=\"http:\/\/www.grieta.org.mx\/wp-content\/uploads\/2016\/05\/plan01_1.jpg\" alt=\"plan01_1\" width=\"640\" height=\"426\" srcset=\"http:\/\/www.grieta.org.mx\/wp-content\/uploads\/2016\/05\/plan01_1.jpg 640w, http:\/\/www.grieta.org.mx\/wp-content\/uploads\/2016\/05\/plan01_1-300x200.jpg 300w\" sizes=\"auto, (max-width: 640px) 100vw, 640px\" \/><\/p>\n<p>Por Kara Castillo<\/p>\n<p>Puebla,Puebla &#8211; Colectivos universitarios instalaron un plant\u00f3n indefinido afuera de la Fiscal\u00eda General del Estado paraexigir se revisen las acciones del ministerio p\u00fablico que ha dado \u201ccarpetazo\u201d al caso del secuestro y tortura de j\u00f3venes que se manifestaban en el z\u00f3calo de la ciudad el 8 de febrero de 2015.<\/p>\n<p>Universitarios integrantes de la Liga Estudiantil Democr\u00e1tica (LED), el Frente Estudiantil por una Educaci\u00f3n para Todos (FEET) y el Colectivo Universitario por una Educaci\u00f3n Popular (CUEP), solicitaron p\u00fablicamente que el ex presidente y ahora candidato Antonio Gali Fayad se retracte de su comentario realizado en un acto de campa\u00f1a, en el que reduc\u00eda lo sucedido a &#8220;una pelea entre j\u00f3venes&#8221;.<\/p>\n<p>Afuera de la FGE los estudiantes de la Benem\u00e9rita Universidad Aut\u00f3noma de Puebla (UAP) denunciaron que el MP no ha citado a declarar a ninguno de los funcionarios del gobierno municipal ni de esa universidad, que han sido se\u00f1alados como autores intelectuales del ataque en el que 8 j\u00f3venes fueron secuestradas, torturadas y abandonadas en un lote bald\u00edo; 20 m\u00e1s fueron brutalmente golpeadas bajo la mirada de la polic\u00eda municipal y estatal, situaci\u00f3n que qued\u00f3 establecida en la recomendaci\u00f3n que hizo la Comisi\u00f3n Estatal de Derechos Humanos.<\/p>\n<p>En sus demandas a la autoridad judicial expusieron que pese a contar con pruebas fehacientes del cuerpo del delito, de la responsabilidad directa de los agresores y de  la omisi\u00f3n de polic\u00edas del ayuntamiento, no se ha ejercitado acci\u00f3n penal por lo que se corre el riesgo de que se desvanezcan m\u00e1s pruebas.<\/p>\n<p>\u201cNos preocupa que dada la implicaci\u00f3n de personajes pol\u00edticos de la BUAP y del municipio, se est\u00e9 retrasando nuestro derecho a la justicia\u201d, acusaron.<\/p>\n<p>Los colectivos han solicitado en m\u00e1s de cuatro ocasiones desde que ocurrieron los hechos, audiencia con la autoridad judicial, sin que se haya cumplido.<\/p>\n<p>Entre cantos y consignas, medio centenar de estudiantes instal\u00f3 tres casas de campa\u00f1a frente a la FGE que arroparon con mantas que dec\u00edan \u201cpor la justicia, 8 de febrero\u201d.<\/p>\n<p>\u201cNo queremos que estos hechos queden impunes, venimos a exigir que ellos hagan su trabajo, eviten que esto quede en el olvido\u201d, dijeron a este medio estudiantes.<\/p>\n<p>Lanzaron tambi\u00e9n un mensaje a los candidatos: \u201cno se olviden esta y todas las atrocidades que han sucedido en el estado, como las desapariciones, asesinatos y arrestos a todos los participantes de los movimientos sociales que lo \u00fanico que buscan es el bienestar social\u201d.<\/p>\n<p>La huelga de hambre instalada en el z\u00f3calo el 8 de febrero de 2015 exig\u00eda a la rector\u00eda de la BUAP usar aulas e instalaciones a fin de impartir cursos proped\u00e9uticos gratuitos para el examen de admisi\u00f3n a la universidad,  demanda que no ha sido cumplida en su totalidad.<\/p>\n<p><a href=\"http:\/\/www.e-consulta.com\/nota\/2016-05-12\/sociedad\/estudiantes-de-la-buap-instalan-planton-ante-la-fiscalia\">http:\/\/www.e-consulta.com\/nota\/2016-05-12\/sociedad\/estudiantes-de-la-buap-instalan-planton-ante-la-fiscalia<\/a><\/p>\n","protected":false},"excerpt":{"rendered":"<p>Por Kara Castillo Puebla,Puebla &#8211; Colectivos universitarios instalaron un plant\u00f3n indefinido afuera de la Fiscal\u00eda General del Estado paraexigir se revisen las acciones del ministerio p\u00fablico que ha dado \u201ccarpetazo\u201d &hellip; <a href=\"http:\/\/www.grieta.org.mx\/index.php\/2016\/05\/12\/estudiantes-de-la-buap-instalan-planton-ante-la-fiscalia-puebla\/\" class=\"more-link\">Leer m\u00e1s<\/a><\/p>\n","protected":false},"author":2,"featured_media":21928,"comment_status":"closed","ping_status":"closed","sticky":false,"template":"","format":"standard","meta":{"ngg_post_thumbnail":0,"_jetpack_newsletter_access":"","_jetpack_dont_email_post_to_subs":false,"_jetpack_newsletter_tier_id":0,"_jetpack_memberships_contains_paywalled_content":false,"_jetpack_memberships_contains_paid_content":false,"footnotes":""},"categories":[80],"tags":[],"class_list":["post-12242","post","type-post","status-publish","format-standard","has-post-thumbnail","hentry","category-cintillo","entry"],"jetpack_featured_media_url":"http:\/\/www.grieta.org.mx\/wp-content\/uploads\/2018\/03\/14524434_1106112876131411_958039263622046936_o.jpg","jetpack_sharing_enabled":true,"jetpack_shortlink":"https:\/\/wp.me\/p7ZJR4-3bs","jetpack_likes_enabled":false,"jetpack-related-posts":[{"id":12250,"url":"http:\/\/www.grieta.org.mx\/index.php\/2016\/05\/12\/estudiantes-de-la-buap-reprimidos-en-2015-instalan-planton\/","url_meta":{"origin":12242,"position":0},"title":"Estudiantes de la BUAP, reprimidos en 2015, instalan plant\u00f3n","author":"grieta","date":"12 mayo, 2016","format":false,"excerpt":"12\/05\/16. Estudiantes de la BUAP instalan plant\u00f3n ante la Fiscal\u00eda (Puebla) e-consulta 08\/02\/15. Estudiantes de Puebla son desalojados a golpes de un plant\u00f3n Animal Pol\u00edtico","rel":"","context":"En &quot;NOTICIAS NACIONALES&quot;","block_context":{"text":"NOTICIAS NACIONALES","link":"http:\/\/www.grieta.org.mx\/index.php\/category\/noticias-nacionales\/"},"img":{"alt_text":"","src":"https:\/\/i0.wp.com\/www.grieta.org.mx\/wp-content\/uploads\/2018\/03\/14524434_1106112876131411_958039263622046936_o.jpg?resize=350%2C200","width":350,"height":200,"srcset":"https:\/\/i0.wp.com\/www.grieta.org.mx\/wp-content\/uploads\/2018\/03\/14524434_1106112876131411_958039263622046936_o.jpg?resize=350%2C200 1x, https:\/\/i0.wp.com\/www.grieta.org.mx\/wp-content\/uploads\/2018\/03\/14524434_1106112876131411_958039263622046936_o.jpg?resize=525%2C300 1.5x, https:\/\/i0.wp.com\/www.grieta.org.mx\/wp-content\/uploads\/2018\/03\/14524434_1106112876131411_958039263622046936_o.jpg?resize=700%2C400 2x"},"classes":[]},{"id":53520,"url":"http:\/\/www.grieta.org.mx\/index.php\/2020\/09\/08\/con-planton-familiares-de-tres-desaparecidos-exigen-a-la-fiscalia-de-puebla-retomar-investigacion\/","url_meta":{"origin":12242,"position":1},"title":"Con plant\u00f3n, familiares de tres desaparecidos exigen a la Fiscal\u00eda de Puebla retomar investigaci\u00f3n","author":"Admin","date":"8 septiembre, 2020","format":false,"excerpt":"Gabriela Hern\u00e1ndez \/ Proceso PUEBLA, Pue. (apro).- Familiares de tres j\u00f3venes del municipio de Xicotepec de Ju\u00e1rez, quienes hoy cumplen cuatro a\u00f1os de haber desaparecido, montaron un plant\u00f3n afuera de la Fiscal\u00eda General del estado (FGE) para exigir que se investigue el caso. Acompa\u00f1ados de amigos y activistas, los parientes\u2026","rel":"","context":"En &quot;CINTILLO&quot;","block_context":{"text":"CINTILLO","link":"http:\/\/www.grieta.org.mx\/index.php\/category\/cintillo\/"},"img":{"alt_text":"","src":"https:\/\/i0.wp.com\/www.grieta.org.mx\/wp-content\/uploads\/2020\/09\/Captura-de-Pantalla-2020-09-18-a-las-17.49.41.png?resize=350%2C200","width":350,"height":200,"srcset":"https:\/\/i0.wp.com\/www.grieta.org.mx\/wp-content\/uploads\/2020\/09\/Captura-de-Pantalla-2020-09-18-a-las-17.49.41.png?resize=350%2C200 1x, https:\/\/i0.wp.com\/www.grieta.org.mx\/wp-content\/uploads\/2020\/09\/Captura-de-Pantalla-2020-09-18-a-las-17.49.41.png?resize=525%2C300 1.5x, https:\/\/i0.wp.com\/www.grieta.org.mx\/wp-content\/uploads\/2020\/09\/Captura-de-Pantalla-2020-09-18-a-las-17.49.41.png?resize=700%2C400 2x"},"classes":[]},{"id":12247,"url":"http:\/\/www.grieta.org.mx\/index.php\/2015\/02\/08\/estudiantes-de-puebla-son-desalojados-a-golpes-de-un-planton\/","url_meta":{"origin":12242,"position":2},"title":"Estudiantes de Puebla son desalojados a golpes de un plant\u00f3n","author":"grieta","date":"8 febrero, 2015","format":false,"excerpt":"Por Ernesto Aroche \u201cQuise ayudar cuando sent\u00ed un golpe en la cara muy fuerte, obviamente me noquearon y me jalaron de mis cabellos y me subieron a la camioneta\u201d, cuenta Magali. La estudiante de 18 a\u00f1os y siete j\u00f3venes m\u00e1s fueron retenidos y subidos a un veh\u00edculo que posteriormente fue\u2026","rel":"","context":"En &quot;CINTILLO&quot;","block_context":{"text":"CINTILLO","link":"http:\/\/www.grieta.org.mx\/index.php\/category\/cintillo\/"},"img":{"alt_text":"","src":"https:\/\/i0.wp.com\/www.grieta.org.mx\/wp-content\/uploads\/2018\/03\/14524434_1106112876131411_958039263622046936_o.jpg?resize=350%2C200","width":350,"height":200,"srcset":"https:\/\/i0.wp.com\/www.grieta.org.mx\/wp-content\/uploads\/2018\/03\/14524434_1106112876131411_958039263622046936_o.jpg?resize=350%2C200 1x, https:\/\/i0.wp.com\/www.grieta.org.mx\/wp-content\/uploads\/2018\/03\/14524434_1106112876131411_958039263622046936_o.jpg?resize=525%2C300 1.5x, https:\/\/i0.wp.com\/www.grieta.org.mx\/wp-content\/uploads\/2018\/03\/14524434_1106112876131411_958039263622046936_o.jpg?resize=700%2C400 2x"},"classes":[]},{"id":9529,"url":"http:\/\/www.grieta.org.mx\/index.php\/2015\/09\/26\/marchas-y-mitines-en-puebla-a-un-ano-de-ayotzinapa\/","url_meta":{"origin":12242,"position":3},"title":"Marchas y m\u00edtines en Puebla a un a\u00f1o de Ayotzinapa","author":"grieta","date":"26 septiembre, 2015","format":false,"excerpt":"septiembre 26, 2015 Rodrigo Alc\u00e1ntara, Puebla A un a\u00f1o de la desaparici\u00f3n de los estudiantes de la Escuela Normal Rural \"Ra\u00fal Isidro Burgos\", se registraron en la capital de Puebla diferentes marchas que reunieron alrededor de 700 manifestantes de diferentes organizaciones civiles en el z\u00f3calo capitalino para realizar el mitin\u2026","rel":"","context":"En &quot;CINTILLO&quot;","block_context":{"text":"CINTILLO","link":"http:\/\/www.grieta.org.mx\/index.php\/category\/cintillo\/"},"img":{"alt_text":"","src":"https:\/\/i0.wp.com\/www.grieta.org.mx\/wp-content\/uploads\/2018\/03\/14524434_1106112876131411_958039263622046936_o.jpg?resize=350%2C200","width":350,"height":200,"srcset":"https:\/\/i0.wp.com\/www.grieta.org.mx\/wp-content\/uploads\/2018\/03\/14524434_1106112876131411_958039263622046936_o.jpg?resize=350%2C200 1x, https:\/\/i0.wp.com\/www.grieta.org.mx\/wp-content\/uploads\/2018\/03\/14524434_1106112876131411_958039263622046936_o.jpg?resize=525%2C300 1.5x, https:\/\/i0.wp.com\/www.grieta.org.mx\/wp-content\/uploads\/2018\/03\/14524434_1106112876131411_958039263622046936_o.jpg?resize=700%2C400 2x"},"classes":[]},{"id":18626,"url":"http:\/\/www.grieta.org.mx\/index.php\/2016\/07\/25\/puebla-no-garantiza-acceso-a-la-justicia-acusa-familia-de-activista-asesinado\/","url_meta":{"origin":12242,"position":4},"title":"Puebla no garantiza acceso a la justicia, acusa familia de activista asesinado","author":"grieta","date":"25 julio, 2016","format":false,"excerpt":"Por Carlos Rocha La familia del activista asesinado en 2009, Ferm\u00edn Mariano Mat\u00edas, denunci\u00f3 que en Puebla, no se garantiza el acceso a la justicia cuando se trata de cr\u00edmenes de estado. Al conmemorar siete a\u00f1os del deceso del estudiante de geof\u00edsica de la UNAM, Andrea Mariano Mart\u00ednez expuso que\u2026","rel":"","context":"En &quot;CINTILLO&quot;","block_context":{"text":"CINTILLO","link":"http:\/\/www.grieta.org.mx\/index.php\/category\/cintillo\/"},"img":{"alt_text":"","src":"https:\/\/i0.wp.com\/www.grieta.org.mx\/wp-content\/uploads\/2018\/03\/14524434_1106112876131411_958039263622046936_o.jpg?resize=350%2C200","width":350,"height":200,"srcset":"https:\/\/i0.wp.com\/www.grieta.org.mx\/wp-content\/uploads\/2018\/03\/14524434_1106112876131411_958039263622046936_o.jpg?resize=350%2C200 1x, https:\/\/i0.wp.com\/www.grieta.org.mx\/wp-content\/uploads\/2018\/03\/14524434_1106112876131411_958039263622046936_o.jpg?resize=525%2C300 1.5x, https:\/\/i0.wp.com\/www.grieta.org.mx\/wp-content\/uploads\/2018\/03\/14524434_1106112876131411_958039263622046936_o.jpg?resize=700%2C400 2x"},"classes":[]},{"id":25354,"url":"http:\/\/www.grieta.org.mx\/index.php\/2018\/07\/15\/estudiantes-protestan-por-el-feminicidio-de-zendy-flores-en-puebla\/","url_meta":{"origin":12242,"position":5},"title":"Estudiantes protestan por el feminicidio de Zendy Flores en Puebla","author":"grieta","date":"15 julio, 2018","format":false,"excerpt":"Rosa Santana\/ Proceso PUEBLA, Pue., (proceso.com.mx).- Estudiantes de la Escuela de Enfermer\u00eda Angel\u00f3polis marcharon hoy para exigir que se esclarezca el feminicidio de la joven Zendy Guadalupe Flores, qui\u00e9n fue localizada violada y degollada en un predio de la Junta Auxiliar de Sebasti\u00e1n Aparicio. Zendy Guadalupe estudiaba enfermer\u00eda en esa\u2026","rel":"","context":"En &quot;CINTILLO&quot;","block_context":{"text":"CINTILLO","link":"http:\/\/www.grieta.org.mx\/index.php\/category\/cintillo\/"},"img":{"alt_text":"","src":"https:\/\/i0.wp.com\/www.grieta.org.mx\/wp-content\/uploads\/2018\/03\/14524434_1106112876131411_958039263622046936_o.jpg?resize=350%2C200","width":350,"height":200,"srcset":"https:\/\/i0.wp.com\/www.grieta.org.mx\/wp-content\/uploads\/2018\/03\/14524434_1106112876131411_958039263622046936_o.jpg?resize=350%2C200 1x, https:\/\/i0.wp.com\/www.grieta.org.mx\/wp-content\/uploads\/2018\/03\/14524434_1106112876131411_958039263622046936_o.jpg?resize=525%2C300 1.5x, https:\/\/i0.wp.com\/www.grieta.org.mx\/wp-content\/uploads\/2018\/03\/14524434_1106112876131411_958039263622046936_o.jpg?resize=700%2C400 2x"},"classes":[]}],"_links":{"self":[{"href":"http:\/\/www.grieta.org.mx\/index.php\/wp-json\/wp\/v2\/posts\/12242","targetHints":{"allow":["GET"]}}],"collection":[{"href":"http:\/\/www.grieta.org.mx\/index.php\/wp-json\/wp\/v2\/posts"}],"about":[{"href":"http:\/\/www.grieta.org.mx\/index.php\/wp-json\/wp\/v2\/types\/post"}],"author":[{"embeddable":true,"href":"http:\/\/www.grieta.org.mx\/index.php\/wp-json\/wp\/v2\/users\/2"}],"replies":[{"embeddable":true,"href":"http:\/\/www.grieta.org.mx\/index.php\/wp-json\/wp\/v2\/comments?post=12242"}],"version-history":[{"count":1,"href":"http:\/\/www.grieta.org.mx\/index.php\/wp-json\/wp\/v2\/posts\/12242\/revisions"}],"predecessor-version":[{"id":12246,"href":"http:\/\/www.grieta.org.mx\/index.php\/wp-json\/wp\/v2\/posts\/12242\/revisions\/12246"}],"wp:featuredmedia":[{"embeddable":true,"href":"http:\/\/www.grieta.org.mx\/index.php\/wp-json\/wp\/v2\/media\/21928"}],"wp:attachment":[{"href":"http:\/\/www.grieta.org.mx\/index.php\/wp-json\/wp\/v2\/media?parent=12242"}],"wp:term":[{"taxonomy":"category","embeddable":true,"href":"http:\/\/www.grieta.org.mx\/index.php\/wp-json\/wp\/v2\/categories?post=12242"},{"taxonomy":"post_tag","embeddable":true,"href":"http:\/\/www.grieta.org.mx\/index.php\/wp-json\/wp\/v2\/tags?post=12242"}],"curies":[{"name":"wp","href":"https:\/\/api.w.org\/{rel}","templated":true}]}}