{"id":12216,"date":"2016-05-12T02:58:43","date_gmt":"2016-05-12T02:58:43","guid":{"rendered":"http:\/\/www.grieta.org.mx\/?p=12216"},"modified":"2016-05-15T03:04:05","modified_gmt":"2016-05-15T03:04:05","slug":"madres-buscan-a-sus-hijos-desaparecidos-en-penales-corruptos","status":"publish","type":"post","link":"http:\/\/www.grieta.org.mx\/index.php\/2016\/05\/12\/madres-buscan-a-sus-hijos-desaparecidos-en-penales-corruptos\/","title":{"rendered":"Madres buscan a sus hijos desaparecidos en penales &#8216;corruptos&#8217;"},"content":{"rendered":"<p>Agencia Reforma<\/p>\n<p>Madres de personas desaparecidas ingresaron la ma\u00f1ana de ayer a los ceresos varonil y femenil de Saltillo, en b\u00fasqueda de rostros conocidos entre los internos e internas.<\/p>\n<p>Silvia Ortiz de S\u00e1nchez Viesca, representante del Grupo Vida, que integra a familias de la Regi\u00f3n Laguna, consider\u00f3 que su organizaci\u00f3n es punta de lanza en el Pa\u00eds al conseguir abrir las puertas de los ceresos, por lo cual recibieron peticiones de otros estados como Veracruz, Michoac\u00e1n, Guerrero y Sinaloa, para buscar a sus familiares desaparecidos entre los reos de Coahuila.<\/p>\n<p>&#8220;Somos el primer colectivo a nivel nacional que estamos haciendo esto, estamos marcando pauta en esto&#8221;.<\/p>\n<p>&#8220;Al momento en que los otros colectivos del pa\u00eds se enteraron que estamos entrando a los penales me empezaron a llegar fotograf\u00edas de desaparecidos de otros estados, entonces ellos me solicitan que los ayude a ver si vienen algunos de sus desaparecidos en estos penales&#8221;, dijo Ortiz.<\/p>\n<p>La agrupaci\u00f3n consigui\u00f3 ya ingresar a los centros penitenciarios de Torre\u00f3n y de San Pedro, y este mi\u00e9rcoles ingresaron al femenil y varonil de Saltillo con el rostro de sus conocidos en su mente y los rostros impresos de personas desaparecidas en otros estados.<\/p>\n<p>Una comisi\u00f3n de cinco personas entran con agentes del Ministerio P\u00fablico y presencian el pase de lista, donde pueden observar uno a uno al recluso o reclusa que dice &#8220;presente&#8221;.<\/p>\n<p>La representante del Grupo Vida dijo que saben de personas que estuvieron secuestradas y fueron recluidas en Ceresos de Durango.<\/p>\n<p>&#8220;Tenemos dos testimonios de personas que estuvieron recluidas en un cereso y nos platican su historia. A uno lo tuvieron cuatro a\u00f1os, otro estuvo seis meses despu\u00e9s de que se pagaron 2 millones y el se\u00f1or sali\u00f3&#8221;.<\/p>\n<p>&#8220;Hay gente que est\u00e1 privada de la libertad y est\u00e1 en ceresos corruptos. Es la realidad&#8221;.<\/p>\n<p>La agrupaci\u00f3n de la Regi\u00f3n Laguna conoce de 50 casos de hombres y 17 de mujeres. Hasta el momento no han obtenido resultados positivos, pero a\u00fan les falta visitar los ceresos de Acu\u00f1a y Monclova.<\/p>\n<p><a href=\"http:\/\/www.hoylosangeles.com\/noticias\/mexico\/hoyla-mex-madres-buscan-a-sus-hijos-desaparecidos-en-penales-corruptos-20160512-story.html\" target=\"_blank\">http:\/\/www.hoylosangeles.com\/noticias\/mexico\/hoyla-mex-madres-buscan-a-sus-hijos-desaparecidos-en-penales-corruptos-20160512-story.html<\/a><\/p>\n","protected":false},"excerpt":{"rendered":"<p>Agencia Reforma Madres de personas desaparecidas ingresaron la ma\u00f1ana de ayer a los ceresos varonil y femenil de Saltillo, en b\u00fasqueda de rostros conocidos entre los internos e internas. Silvia &hellip; <a href=\"http:\/\/www.grieta.org.mx\/index.php\/2016\/05\/12\/madres-buscan-a-sus-hijos-desaparecidos-en-penales-corruptos\/\" class=\"more-link\">Leer m\u00e1s<\/a><\/p>\n","protected":false},"author":2,"featured_media":21928,"comment_status":"closed","ping_status":"closed","sticky":false,"template":"","format":"standard","meta":{"ngg_post_thumbnail":0,"_jetpack_newsletter_access":"","_jetpack_dont_email_post_to_subs":false,"_jetpack_newsletter_tier_id":0,"_jetpack_memberships_contains_paywalled_content":false,"_jetpack_memberships_contains_paid_content":false,"footnotes":""},"categories":[80,164],"tags":[174,121],"class_list":["post-12216","post","type-post","status-publish","format-standard","has-post-thumbnail","hentry","category-cintillo","category-sinaloa","tag-derechos-humanos","tag-desaparecidos","entry"],"jetpack_featured_media_url":"http:\/\/www.grieta.org.mx\/wp-content\/uploads\/2018\/03\/14524434_1106112876131411_958039263622046936_o.jpg","jetpack_sharing_enabled":true,"jetpack_shortlink":"https:\/\/wp.me\/p7ZJR4-3b2","jetpack_likes_enabled":false,"jetpack-related-posts":[{"id":38815,"url":"http:\/\/www.grieta.org.mx\/index.php\/2019\/08\/31\/rastreadoras-recuerdan-con-memorial-a-sus-hijos-desaparecidos-sinaloa\/","url_meta":{"origin":12216,"position":0},"title":"Rastreadoras recuerdan con memorial a sus hijos desaparecidos (Sinaloa)","author":"grieta","date":"31 agosto, 2019","format":false,"excerpt":"Foto: El Debate Las madres hacen visibles a sus desaparecidos con sendero de piedras con fotograf\u00edas y mensajes Mirella L\u00f3pez \/ El Debate Los Mochis, Sinaloa.- Las madres no conciben en su vida la p\u00e9rdida de un hijo, otras \u00a0ni siquiera imaginan esa pena, pero para muchas la b\u00fasqueda de\u2026","rel":"","context":"En &quot;CINTILLO&quot;","block_context":{"text":"CINTILLO","link":"http:\/\/www.grieta.org.mx\/index.php\/category\/cintillo\/"},"img":{"alt_text":"","src":"https:\/\/i0.wp.com\/www.grieta.org.mx\/wp-content\/uploads\/2019\/09\/imagen_desaparecidos_x13x.jpg_1525476951.jpg?resize=350%2C200","width":350,"height":200,"srcset":"https:\/\/i0.wp.com\/www.grieta.org.mx\/wp-content\/uploads\/2019\/09\/imagen_desaparecidos_x13x.jpg_1525476951.jpg?resize=350%2C200 1x, https:\/\/i0.wp.com\/www.grieta.org.mx\/wp-content\/uploads\/2019\/09\/imagen_desaparecidos_x13x.jpg_1525476951.jpg?resize=525%2C300 1.5x, https:\/\/i0.wp.com\/www.grieta.org.mx\/wp-content\/uploads\/2019\/09\/imagen_desaparecidos_x13x.jpg_1525476951.jpg?resize=700%2C400 2x"},"classes":[]},{"id":6886,"url":"http:\/\/www.grieta.org.mx\/index.php\/2016\/09\/14\/desaparecidos-en-sinaloa\/","url_meta":{"origin":12216,"position":1},"title":"Desaparecidos en Sinaloa","author":"grieta","date":"14 septiembre, 2016","format":false,"excerpt":"14\/09\/16. Encuentran Las Rastreadoras seis cuerpos en el norte de Sinaloa Noroeste 01\/09\/16. \u201cRastreadoras\u201d encuentran cuatro cuerpos m\u00e1s; llegan a 62. (Sinaloa) Rio Doce 30\/08\/16. Familiares exigen a Malova resultados en casos de desaparecidos en Sinaloa Proceso 03\/08\/16. \u00bfFue desaparecido en Sinaloa y sospechas en d\u00f3nde est\u00e1? Pide un permiso\u2026","rel":"","context":"En &quot;Desaparecidos&quot;","block_context":{"text":"Desaparecidos","link":"http:\/\/www.grieta.org.mx\/index.php\/category\/temas-nacionales\/desaparecidos\/"},"img":{"alt_text":"","src":"https:\/\/i0.wp.com\/www.grieta.org.mx\/wp-content\/uploads\/2018\/03\/14524434_1106112876131411_958039263622046936_o.jpg?resize=350%2C200","width":350,"height":200,"srcset":"https:\/\/i0.wp.com\/www.grieta.org.mx\/wp-content\/uploads\/2018\/03\/14524434_1106112876131411_958039263622046936_o.jpg?resize=350%2C200 1x, https:\/\/i0.wp.com\/www.grieta.org.mx\/wp-content\/uploads\/2018\/03\/14524434_1106112876131411_958039263622046936_o.jpg?resize=525%2C300 1.5x, https:\/\/i0.wp.com\/www.grieta.org.mx\/wp-content\/uploads\/2018\/03\/14524434_1106112876131411_958039263622046936_o.jpg?resize=700%2C400 2x"},"classes":[]},{"id":38812,"url":"http:\/\/www.grieta.org.mx\/index.php\/2019\/08\/30\/no-esperes-que-te-pase-a-ti-en-dia-de-desaparecidos-madres-claman-por-sus-hijos-ausentes-sinaloa\/","url_meta":{"origin":12216,"position":2},"title":"\u201cNo esperes que te pase a ti\u201d, En d\u00eda de desaparecidos, madres claman por sus hijos ausentes (Sinaloa)","author":"grieta","date":"30 agosto, 2019","format":false,"excerpt":"Foto: Revista Espejo En su marcha, las madres de familia alzaban su voz con un mensaje un\u00edsono que dec\u00eda: \u201cVivos se los llevaron, vivos los queremos\u201d. Jorge Cuen \/ Revista Espejo Integrantes de colectivos de b\u00fasqueda de desaparecidos de la localidad iniciaron\u00a0las conmemoraciones del D\u00eda Internacional de las V\u00edctimas de\u2026","rel":"","context":"En &quot;CINTILLO&quot;","block_context":{"text":"CINTILLO","link":"http:\/\/www.grieta.org.mx\/index.php\/category\/cintillo\/"},"img":{"alt_text":"","src":"https:\/\/i0.wp.com\/www.grieta.org.mx\/wp-content\/uploads\/2019\/09\/21becb9d-f3d4-43c7-8efe-dd3ecefd2586-750x422.jpg?resize=350%2C200","width":350,"height":200,"srcset":"https:\/\/i0.wp.com\/www.grieta.org.mx\/wp-content\/uploads\/2019\/09\/21becb9d-f3d4-43c7-8efe-dd3ecefd2586-750x422.jpg?resize=350%2C200 1x, https:\/\/i0.wp.com\/www.grieta.org.mx\/wp-content\/uploads\/2019\/09\/21becb9d-f3d4-43c7-8efe-dd3ecefd2586-750x422.jpg?resize=525%2C300 1.5x, https:\/\/i0.wp.com\/www.grieta.org.mx\/wp-content\/uploads\/2019\/09\/21becb9d-f3d4-43c7-8efe-dd3ecefd2586-750x422.jpg?resize=700%2C400 2x"},"classes":[]},{"id":56492,"url":"http:\/\/www.grieta.org.mx\/index.php\/2021\/01\/28\/agredieron-a-balazos-a-un-grupo-de-madres-que-busca-a-sus-hijos-desaparecidos-sinaloa\/","url_meta":{"origin":12216,"position":3},"title":"Agredieron a balazos a un grupo de madres que busca a sus hijos desaparecidos (Sinaloa)","author":"grieta","date":"28 enero, 2021","format":false,"excerpt":"INFOBAE CULIAC\u00c1N, SINALOA, 25ENERO2021.- El colectivo de buscadoras de desaparecidos en Sinaloa, Sabuesos Guerreras, fue agredida a balazos, despu\u00e9s de hallar restos humanos en una hacienda abandonada FOTO: JUAN CARLOS CRUZ\/CUARTOSCURO Un colectivo de madres rastreadoras de desaparecidos llamado \u201cSabuesos Guerreras\u201d fueron atacadas a balazos en\u00a0los alrededores de Culiacancito, en\u2026","rel":"","context":"En &quot;CINTILLO&quot;","block_context":{"text":"CINTILLO","link":"http:\/\/www.grieta.org.mx\/index.php\/category\/cintillo\/"},"img":{"alt_text":"","src":"https:\/\/i0.wp.com\/www.grieta.org.mx\/wp-content\/uploads\/2021\/01\/KACM34KTVVAVJIYFXFHVZ7UF7I.jpg?resize=350%2C200","width":350,"height":200,"srcset":"https:\/\/i0.wp.com\/www.grieta.org.mx\/wp-content\/uploads\/2021\/01\/KACM34KTVVAVJIYFXFHVZ7UF7I.jpg?resize=350%2C200 1x, https:\/\/i0.wp.com\/www.grieta.org.mx\/wp-content\/uploads\/2021\/01\/KACM34KTVVAVJIYFXFHVZ7UF7I.jpg?resize=525%2C300 1.5x, https:\/\/i0.wp.com\/www.grieta.org.mx\/wp-content\/uploads\/2021\/01\/KACM34KTVVAVJIYFXFHVZ7UF7I.jpg?resize=700%2C400 2x"},"classes":[]},{"id":33807,"url":"http:\/\/www.grieta.org.mx\/index.php\/2019\/05\/22\/rastreadoras-de-sinaloa-preparan-colecta-para-buscar-a-desaparecidos\/","url_meta":{"origin":12216,"position":4},"title":"Rastreadoras de Sinaloa preparan colecta para buscar a desaparecidos","author":"grieta","date":"22 mayo, 2019","format":false,"excerpt":"Las madres que buscan a sus desaparecidos en Sinaloa han criticado que no reciben apoyo del Gobierno del Estado\u00a0para la labor. Fernando Velasco \/ SDP Noticias El colectivo\u00a0Sabuesos Guerreras\u00a0AC realizar\u00e1 una colecta para adquirir recursos que les permitan seguir en la b\u00fasqueda de desaparecidos en la entidad. El llamado \u201cSabuesot\u00f3n\u201d\u2026","rel":"","context":"En &quot;CINTILLO&quot;","block_context":{"text":"CINTILLO","link":"http:\/\/www.grieta.org.mx\/index.php\/category\/cintillo\/"},"img":{"alt_text":"","src":"https:\/\/i0.wp.com\/www.grieta.org.mx\/wp-content\/uploads\/2019\/05\/rastreadoras_encuentran_una_fosa_clandestina_en_estacixn_rosalesx_culiacxn2.jpeg_539665225.jpeg?resize=350%2C200","width":350,"height":200,"srcset":"https:\/\/i0.wp.com\/www.grieta.org.mx\/wp-content\/uploads\/2019\/05\/rastreadoras_encuentran_una_fosa_clandestina_en_estacixn_rosalesx_culiacxn2.jpeg_539665225.jpeg?resize=350%2C200 1x, https:\/\/i0.wp.com\/www.grieta.org.mx\/wp-content\/uploads\/2019\/05\/rastreadoras_encuentran_una_fosa_clandestina_en_estacixn_rosalesx_culiacxn2.jpeg_539665225.jpeg?resize=525%2C300 1.5x, https:\/\/i0.wp.com\/www.grieta.org.mx\/wp-content\/uploads\/2019\/05\/rastreadoras_encuentran_una_fosa_clandestina_en_estacixn_rosalesx_culiacxn2.jpeg_539665225.jpeg?resize=700%2C400 2x"},"classes":[]},{"id":66707,"url":"http:\/\/www.grieta.org.mx\/index.php\/2023\/03\/26\/colectivo-de-busqueda-tapiza-el-centro-de-culiacan-con-fichas-de-desaparecidos\/","url_meta":{"origin":12216,"position":5},"title":"Colectivo de b\u00fasqueda tapiza el centro de Culiac\u00e1n con fichas de desaparecidos","author":"grieta","date":"26 marzo, 2023","format":false,"excerpt":"Miembros del colectivo de b\u00fasqueda Sabuesos Guerreras en compa\u00f1\u00eda de la Comisi\u00f3n Estatal de B\u00fasqueda y la Polic\u00eda Municipal realizaron la pega de fichas El colectivo Sabuesos Guerreras peg\u00f3 las fichas de sus familiares desaparecidos en el centro de la ciudad. Foto: Manuela Bustamante | El Sol de Sinaloa Manuela\u2026","rel":"","context":"En &quot;Desaparecidos en Sinaloa&quot;","block_context":{"text":"Desaparecidos en Sinaloa","link":"http:\/\/www.grieta.org.mx\/index.php\/category\/noticias-nacionales\/sinaloa\/desaparecidos-en-sinaloa\/"},"img":{"alt_text":"","src":"https:\/\/i0.wp.com\/www.grieta.org.mx\/wp-content\/uploads\/2023\/03\/crearan-registro-de-desaparecidos-en-sonora-sinaloa-y-durango-172202-1.jpeg?resize=350%2C200","width":350,"height":200,"srcset":"https:\/\/i0.wp.com\/www.grieta.org.mx\/wp-content\/uploads\/2023\/03\/crearan-registro-de-desaparecidos-en-sonora-sinaloa-y-durango-172202-1.jpeg?resize=350%2C200 1x, https:\/\/i0.wp.com\/www.grieta.org.mx\/wp-content\/uploads\/2023\/03\/crearan-registro-de-desaparecidos-en-sonora-sinaloa-y-durango-172202-1.jpeg?resize=525%2C300 1.5x, https:\/\/i0.wp.com\/www.grieta.org.mx\/wp-content\/uploads\/2023\/03\/crearan-registro-de-desaparecidos-en-sonora-sinaloa-y-durango-172202-1.jpeg?resize=700%2C400 2x"},"classes":[]}],"_links":{"self":[{"href":"http:\/\/www.grieta.org.mx\/index.php\/wp-json\/wp\/v2\/posts\/12216","targetHints":{"allow":["GET"]}}],"collection":[{"href":"http:\/\/www.grieta.org.mx\/index.php\/wp-json\/wp\/v2\/posts"}],"about":[{"href":"http:\/\/www.grieta.org.mx\/index.php\/wp-json\/wp\/v2\/types\/post"}],"author":[{"embeddable":true,"href":"http:\/\/www.grieta.org.mx\/index.php\/wp-json\/wp\/v2\/users\/2"}],"replies":[{"embeddable":true,"href":"http:\/\/www.grieta.org.mx\/index.php\/wp-json\/wp\/v2\/comments?post=12216"}],"version-history":[{"count":1,"href":"http:\/\/www.grieta.org.mx\/index.php\/wp-json\/wp\/v2\/posts\/12216\/revisions"}],"predecessor-version":[{"id":12217,"href":"http:\/\/www.grieta.org.mx\/index.php\/wp-json\/wp\/v2\/posts\/12216\/revisions\/12217"}],"wp:featuredmedia":[{"embeddable":true,"href":"http:\/\/www.grieta.org.mx\/index.php\/wp-json\/wp\/v2\/media\/21928"}],"wp:attachment":[{"href":"http:\/\/www.grieta.org.mx\/index.php\/wp-json\/wp\/v2\/media?parent=12216"}],"wp:term":[{"taxonomy":"category","embeddable":true,"href":"http:\/\/www.grieta.org.mx\/index.php\/wp-json\/wp\/v2\/categories?post=12216"},{"taxonomy":"post_tag","embeddable":true,"href":"http:\/\/www.grieta.org.mx\/index.php\/wp-json\/wp\/v2\/tags?post=12216"}],"curies":[{"name":"wp","href":"https:\/\/api.w.org\/{rel}","templated":true}]}}