{"id":12194,"date":"2016-05-11T21:58:28","date_gmt":"2016-05-11T21:58:28","guid":{"rendered":"http:\/\/www.grieta.org.mx\/?p=12194"},"modified":"2019-11-07T14:25:48","modified_gmt":"2019-11-07T20:25:48","slug":"activistas-de-veracruz-protestan-contra-reforma-antiaborto","status":"publish","type":"post","link":"http:\/\/www.grieta.org.mx\/index.php\/2016\/05\/11\/activistas-de-veracruz-protestan-contra-reforma-antiaborto\/","title":{"rendered":"Activistas de Veracruz protestan contra reforma antiaborto"},"content":{"rendered":"<p>Blanca Ju\u00e1rez<\/p>\n<p><iframe style=\"width:660px;height:inherit;padding-top:12px;\" src=\"http:\/\/video.jornada.com.mx\/player\/iframe\/?slug=activistas-protestan-contra-reforma-antiaborto-en-veracruz&amp;width=660&amp;categoria=sociedad-y-justicia\"><\/iframe><\/p>\n<p>Ciudad de M\u00e9xico. &#8220;Una no anda por la vida queriendo abortar, no despiertas un d\u00eda con ese deseo&#8221;. Sin embargo, forzarte a continuar con el embarazo es una forma de tortura, refiri\u00f3 ayer Daniela Lombardo H\u00edjar, una de las activistas que iniciaron hoy un plant\u00f3n en la representaci\u00f3n del gobierno de Veracruz en la Ciudad de M\u00e9xico. La protesta es por la reforma que protege la vida desde la concepci\u00f3n, la cual podr\u00eda ser aprobada ma\u00f1ana en aquella entidad.<\/p>\n<p>En todo el pa\u00eds, las denuncias contra las que han abortado se incrementaron de 63 a 226 por a\u00f1o, seg\u00fan la Campa\u00f1a Nacional por el Derecho a Decidir. En Veracruz, y en otros estados, la violaci\u00f3n es una de las causas para interrumpir el embarazo, pero a ninguna mujer o ni\u00f1a que ha sido vejada la han dejado hacerlo en el periodo de 2010 a 2015, de acuerdo con las propias autoridades de la entidad.<\/p>\n<p>Mucho menos les es posible a las que por otro motivo quieren hacerlo: las que no se sienten preparadas para ser madres o no desean serlo nunca. Al contrario, son tratadas como criminales y las encarcelan, reprocharon las defensoras de los derechos de las mujeres.<\/p>\n<p>Por ello un grupo de alrededor de 20 mujeres pasar\u00e1n la noche afuera de la casa ubicada en Marsella 77, en la colonia Ju\u00e1rez, para esperar ah\u00ed la decisi\u00f3n que hoy tome el Congreso local. La lluvia que cay\u00f3 en la zona la tarde noche de este mi\u00e9rcoles empap\u00f3 la casa de campa\u00f1a, las cobijas que hab\u00edan llevado y hasta a ellas mismas, pero no se movieron del lugar.<\/p>\n<p>Cerca del medio d\u00eda, a ritmo de son jarocho, comenzaron su manifestaci\u00f3n con muchas m\u00e1s activistas. \u201cVeracruz, c\u00f3mo lo siento, cantando mis deberes, y aprovechando el momento, mi versada lo refiere, pues te has vuelto muy violento, pero m\u00e1s con las mujeres\u201d, improvis\u00f3 el tr\u00edo Los Tiburones.<\/p>\n<p>\u201cLa cumbia del patriarcado la bailan los diputados\u201d, entonaron varias veces las feministas con una melod\u00eda m\u00e1s tropical. Constantina S\u00e1nchez Luna, de la Red Veracruzana por el Derecho a Decidir lament\u00f3 que las legisladoras \u201cnos den la espalda\u201d y apoyen la iniciativa que ya el 21 de enero de este a\u00f1o la mayor\u00eda aprob\u00f3 en una primera fase del proceso legislativo. Ahora la propuesta regresa a la C\u00e1mara para ser aprobada o rechazada.<\/p>\n<p>\u201cDuarte, yo te aborto\u201d, se le\u00eda en una pancarta. La propuesta antiaborto es del gobernador Javier Duarte de Ochoa, \u201cproteger la vida desde la concepci\u00f3n, aunque eso signifique la muerte de varias ni\u00f1as en el parto, pues sus cuerpos no est\u00e1n preparados para ello\u201d, deplor\u00f3 Lombardo H\u00edjar. \u201cVivas nos queremos\u201d, dec\u00eda otra cartulina.<\/p>\n<p>El pasado 5 de abril varias organizaciones solicitaron una alerta de violencia de g\u00e9nero al gobierno federal, la segunda para el estado. Esta ocasi\u00f3n es por tres formas de agravio comparado: falta de servicios a la salud e interrupci\u00f3n del embarazo, delito de aborto y por la reforma constitucional que pretenden aprobar.<\/p>\n<p>La emisi\u00f3n de la alerta podr\u00eda solucionar el problema, pero por el momento \u201clucharemos para que no se apruebe\u201d, sostuvo Daniela Lombrado.<\/p>\n<p>http:\/\/www.jornada.unam.mx\/ultimas\/2016\/05\/11\/activistas-protestan-contra-reforma-antiaborto-en-veracruz<\/p>\n","protected":false},"excerpt":{"rendered":"<p>Blanca Ju\u00e1rez Ciudad de M\u00e9xico. &#8220;Una no anda por la vida queriendo abortar, no despiertas un d\u00eda con ese deseo&#8221;. Sin embargo, forzarte a continuar con el embarazo es una &hellip; <a href=\"http:\/\/www.grieta.org.mx\/index.php\/2016\/05\/11\/activistas-de-veracruz-protestan-contra-reforma-antiaborto\/\" class=\"more-link\">Leer m\u00e1s<\/a><\/p>\n","protected":false},"author":2,"featured_media":21928,"comment_status":"closed","ping_status":"closed","sticky":false,"template":"","format":"standard","meta":{"ngg_post_thumbnail":0,"_jetpack_newsletter_access":"","_jetpack_dont_email_post_to_subs":false,"_jetpack_newsletter_tier_id":0,"_jetpack_memberships_contains_paywalled_content":false,"_jetpack_memberships_contains_paid_content":false,"footnotes":""},"categories":[80,2936,257,35],"tags":[656,94],"class_list":{"0":"post-12194","1":"post","2":"type-post","3":"status-publish","4":"format-standard","5":"has-post-thumbnail","6":"hentry","7":"category-cintillo","8":"category-lucha-por-la-legalizacion-del-aborto-en-veracruz","9":"category-veracruz","11":"tag-reforma-antiaborto","12":"tag-violencia-contra-mujeres","13":"entry"},"jetpack_featured_media_url":"http:\/\/www.grieta.org.mx\/wp-content\/uploads\/2018\/03\/14524434_1106112876131411_958039263622046936_o.jpg","jetpack_sharing_enabled":true,"jetpack_shortlink":"https:\/\/wp.me\/p7ZJR4-3aG","jetpack_likes_enabled":false,"jetpack-related-posts":[{"id":12193,"url":"http:\/\/www.grieta.org.mx\/index.php\/2016\/05\/13\/protestan-en-veracruz-contra-reforma-antiaborto\/","url_meta":{"origin":12194,"position":0},"title":"Protestan en Veracruz contra reforma antiaborto","author":"grieta","date":"13 mayo, 2016","format":false,"excerpt":"13\/05\/16. La reforma en Veracruz, primer paso para criminalizar el aborto en todo el pa\u00eds, alertan ong EmeEquis 11\/05\/16. Activistas de Veracruz protestan contra reforma antiaborto La Jornada","rel":"","context":"En &quot;NOTICIAS NACIONALES&quot;","block_context":{"text":"NOTICIAS NACIONALES","link":"http:\/\/www.grieta.org.mx\/index.php\/category\/noticias-nacionales\/"},"img":{"alt_text":"","src":"https:\/\/i0.wp.com\/www.grieta.org.mx\/wp-content\/uploads\/2018\/03\/14524434_1106112876131411_958039263622046936_o.jpg?resize=350%2C200","width":350,"height":200,"srcset":"https:\/\/i0.wp.com\/www.grieta.org.mx\/wp-content\/uploads\/2018\/03\/14524434_1106112876131411_958039263622046936_o.jpg?resize=350%2C200 1x, https:\/\/i0.wp.com\/www.grieta.org.mx\/wp-content\/uploads\/2018\/03\/14524434_1106112876131411_958039263622046936_o.jpg?resize=525%2C300 1.5x, https:\/\/i0.wp.com\/www.grieta.org.mx\/wp-content\/uploads\/2018\/03\/14524434_1106112876131411_958039263622046936_o.jpg?resize=700%2C400 2x"},"classes":[]},{"id":41017,"url":"http:\/\/www.grieta.org.mx\/index.php\/2019\/10\/20\/activistas-colocan-panuelo-verde-a-monumentos-de-orizaba-veracruz\/","url_meta":{"origin":12194,"position":1},"title":"Activistas colocan pa\u00f1uelo verde a monumentos de Orizaba (Veracruz)","author":"grieta","date":"20 octubre, 2019","format":false,"excerpt":"Redacci\u00f3n \/ La Silla Rota Un grupo de feministas se manifest\u00f3 con la llamada \"ola verde\" y coloc\u00f3 pa\u00f1uelos en las principales estatuas de Orizaba en apoyo a la interrupci\u00f3n legal del embarazo. Los activistas, miembros de diferentes colectivos, se reunieron alrededor de las 4:00 horas de este domingo para\u2026","rel":"","context":"En &quot;CINTILLO&quot;","block_context":{"text":"CINTILLO","link":"http:\/\/www.grieta.org.mx\/index.php\/category\/cintillo\/"},"img":{"alt_text":"","src":"https:\/\/i0.wp.com\/www.grieta.org.mx\/wp-content\/uploads\/2019\/11\/panueloverdeorilsr-focus-0-0-983-557.jpg?resize=350%2C200","width":350,"height":200,"srcset":"https:\/\/i0.wp.com\/www.grieta.org.mx\/wp-content\/uploads\/2019\/11\/panueloverdeorilsr-focus-0-0-983-557.jpg?resize=350%2C200 1x, https:\/\/i0.wp.com\/www.grieta.org.mx\/wp-content\/uploads\/2019\/11\/panueloverdeorilsr-focus-0-0-983-557.jpg?resize=525%2C300 1.5x, https:\/\/i0.wp.com\/www.grieta.org.mx\/wp-content\/uploads\/2019\/11\/panueloverdeorilsr-focus-0-0-983-557.jpg?resize=700%2C400 2x"},"classes":[]},{"id":12197,"url":"http:\/\/www.grieta.org.mx\/index.php\/2016\/05\/13\/la-reforma-en-veracruz-primer-paso-para-criminalizar-el-aborto-en-todo-el-pais-alertan-ong\/","url_meta":{"origin":12194,"position":2},"title":"La reforma en Veracruz, primer paso para criminalizar el aborto en todo el pa\u00eds, alertan ong","author":"grieta","date":"13 mayo, 2016","format":false,"excerpt":"Xalapa, Veracruz, 13 de mayo.- Con la eventual aprobaci\u00f3n de la reforma al art\u00edculo cuarto de la Constituci\u00f3n del estado de Veracruz, pospuesta el jueves de esta semana, aumentar\u00e1n las muertes por aborto, y se corre el riesgo de que la \u201cprotecci\u00f3n a la vida desde la concepci\u00f3n\u201d sea ley\u2026","rel":"","context":"En &quot;CINTILLO&quot;","block_context":{"text":"CINTILLO","link":"http:\/\/www.grieta.org.mx\/index.php\/category\/cintillo\/"},"img":{"alt_text":"","src":"https:\/\/i0.wp.com\/www.grieta.org.mx\/wp-content\/uploads\/2018\/03\/14524434_1106112876131411_958039263622046936_o.jpg?resize=350%2C200","width":350,"height":200,"srcset":"https:\/\/i0.wp.com\/www.grieta.org.mx\/wp-content\/uploads\/2018\/03\/14524434_1106112876131411_958039263622046936_o.jpg?resize=350%2C200 1x, https:\/\/i0.wp.com\/www.grieta.org.mx\/wp-content\/uploads\/2018\/03\/14524434_1106112876131411_958039263622046936_o.jpg?resize=525%2C300 1.5x, https:\/\/i0.wp.com\/www.grieta.org.mx\/wp-content\/uploads\/2018\/03\/14524434_1106112876131411_958039263622046936_o.jpg?resize=700%2C400 2x"},"classes":[]},{"id":41014,"url":"http:\/\/www.grieta.org.mx\/index.php\/2019\/10\/20\/activistas-realizan-panuelazo-a-favor-de-la-legalizacion-del-aborto-en-orizaba\/","url_meta":{"origin":12194,"position":3},"title":"Activistas realizan \u201cpa\u00f1uelazo\u201d a favor de la legalizaci\u00f3n del aborto, en Orizaba","author":"grieta","date":"20 octubre, 2019","format":false,"excerpt":"Lissette Hern\u00e1ndez \/ Al calor pol\u00edtico - Colocaron pa\u00f1uelos verdes en estatuas de la ciudad, fueron retirados por la polic\u00eda - No solo hay conservadores, tambi\u00e9n estamos quienes pensamos diferente: Colectivo - Se cubrieron el 90 por ciento de los monumentos, no fueron vandalizados La madrugada de este 20 de\u2026","rel":"","context":"En &quot;CINTILLO&quot;","block_context":{"text":"CINTILLO","link":"http:\/\/www.grieta.org.mx\/index.php\/category\/cintillo\/"},"img":{"alt_text":"","src":"https:\/\/i0.wp.com\/www.grieta.org.mx\/wp-content\/uploads\/2019\/11\/Screenshot_2019-11-07-Activistas-realizan-%E2%80%9Cpa%C3%B1uelazo%E2%80%9D-a-favor-de-la-legalizaci%C3%B3n-del-aborto-en-Orizaba.png?resize=350%2C200","width":350,"height":200,"srcset":"https:\/\/i0.wp.com\/www.grieta.org.mx\/wp-content\/uploads\/2019\/11\/Screenshot_2019-11-07-Activistas-realizan-%E2%80%9Cpa%C3%B1uelazo%E2%80%9D-a-favor-de-la-legalizaci%C3%B3n-del-aborto-en-Orizaba.png?resize=350%2C200 1x, https:\/\/i0.wp.com\/www.grieta.org.mx\/wp-content\/uploads\/2019\/11\/Screenshot_2019-11-07-Activistas-realizan-%E2%80%9Cpa%C3%B1uelazo%E2%80%9D-a-favor-de-la-legalizaci%C3%B3n-del-aborto-en-Orizaba.png?resize=525%2C300 1.5x, https:\/\/i0.wp.com\/www.grieta.org.mx\/wp-content\/uploads\/2019\/11\/Screenshot_2019-11-07-Activistas-realizan-%E2%80%9Cpa%C3%B1uelazo%E2%80%9D-a-favor-de-la-legalizaci%C3%B3n-del-aborto-en-Orizaba.png?resize=700%2C400 2x"},"classes":[]},{"id":59210,"url":"http:\/\/www.grieta.org.mx\/index.php\/2021\/04\/27\/en-veracruz-se-incrementaron-ataques-contra-ambientalistas-en-2020-cemda\/","url_meta":{"origin":12194,"position":4},"title":"En Veracruz se incrementaron ataques contra ambientalistas en 2020: CEMDA","author":"Admin","date":"27 abril, 2021","format":false,"excerpt":"- De 4 casos sobresale el homicidio de Ad\u00e1n Vez Lira, el 8 de abril de ese a\u00f1o - Luch\u00f3 por proteger manglares, dunas y ecosistemas de la costa central Jair Garc\u00eda \/ Al calor pol\u00edtico Durante el 2020, en el Estado de Veracruz se registr\u00f3 un incremento en las\u2026","rel":"","context":"En &quot;Asesinato de activistas en Veracruz&quot;","block_context":{"text":"Asesinato de activistas en Veracruz","link":"http:\/\/www.grieta.org.mx\/index.php\/category\/noticias-nacionales\/veracruz\/asesinato-de-activistas-en-veracruz\/"},"img":{"alt_text":"","src":"","width":0,"height":0},"classes":[]},{"id":43699,"url":"http:\/\/www.grieta.org.mx\/index.php\/2020\/01\/26\/brujas-del-mar-exigen-justicia-por-asesinato-de-activistas-veracruz\/","url_meta":{"origin":12194,"position":5},"title":"Brujas del Mar exigen justicia por asesinato de activistas (Veracruz)","author":"grieta","date":"26 enero, 2020","format":false,"excerpt":"Andr\u00e9s Salom\u00f3n \/ Vanguardia Veracruz, Ver.- Con mantas y algunas cruces en color rosa, el colectivo Brujas del Mar realiz\u00f3 una protesta pac\u00edfica en el z\u00f3calo de la ciudad, para exigir justicia en apoyo a la movilizaci\u00f3n nacional por los feminicidios de dos activistas, asegur\u00f3 Arussi Unda, vocera del colectivo.\u2026","rel":"","context":"En &quot;Asesinato de activistas en Veracruz&quot;","block_context":{"text":"Asesinato de activistas en Veracruz","link":"http:\/\/www.grieta.org.mx\/index.php\/category\/noticias-nacionales\/veracruz\/asesinato-de-activistas-en-veracruz\/"},"img":{"alt_text":"","src":"https:\/\/i0.wp.com\/www.grieta.org.mx\/wp-content\/uploads\/2020\/01\/https-_www.vanguardiaveracruz.mx_wp-content_uploads_2020_01_ver-brujas.jpg?resize=350%2C200","width":350,"height":200,"srcset":"https:\/\/i0.wp.com\/www.grieta.org.mx\/wp-content\/uploads\/2020\/01\/https-_www.vanguardiaveracruz.mx_wp-content_uploads_2020_01_ver-brujas.jpg?resize=350%2C200 1x, https:\/\/i0.wp.com\/www.grieta.org.mx\/wp-content\/uploads\/2020\/01\/https-_www.vanguardiaveracruz.mx_wp-content_uploads_2020_01_ver-brujas.jpg?resize=525%2C300 1.5x, https:\/\/i0.wp.com\/www.grieta.org.mx\/wp-content\/uploads\/2020\/01\/https-_www.vanguardiaveracruz.mx_wp-content_uploads_2020_01_ver-brujas.jpg?resize=700%2C400 2x, https:\/\/i0.wp.com\/www.grieta.org.mx\/wp-content\/uploads\/2020\/01\/https-_www.vanguardiaveracruz.mx_wp-content_uploads_2020_01_ver-brujas.jpg?resize=1050%2C600 3x"},"classes":[]}],"_links":{"self":[{"href":"http:\/\/www.grieta.org.mx\/index.php\/wp-json\/wp\/v2\/posts\/12194","targetHints":{"allow":["GET"]}}],"collection":[{"href":"http:\/\/www.grieta.org.mx\/index.php\/wp-json\/wp\/v2\/posts"}],"about":[{"href":"http:\/\/www.grieta.org.mx\/index.php\/wp-json\/wp\/v2\/types\/post"}],"author":[{"embeddable":true,"href":"http:\/\/www.grieta.org.mx\/index.php\/wp-json\/wp\/v2\/users\/2"}],"replies":[{"embeddable":true,"href":"http:\/\/www.grieta.org.mx\/index.php\/wp-json\/wp\/v2\/comments?post=12194"}],"version-history":[{"count":1,"href":"http:\/\/www.grieta.org.mx\/index.php\/wp-json\/wp\/v2\/posts\/12194\/revisions"}],"predecessor-version":[{"id":12195,"href":"http:\/\/www.grieta.org.mx\/index.php\/wp-json\/wp\/v2\/posts\/12194\/revisions\/12195"}],"wp:featuredmedia":[{"embeddable":true,"href":"http:\/\/www.grieta.org.mx\/index.php\/wp-json\/wp\/v2\/media\/21928"}],"wp:attachment":[{"href":"http:\/\/www.grieta.org.mx\/index.php\/wp-json\/wp\/v2\/media?parent=12194"}],"wp:term":[{"taxonomy":"category","embeddable":true,"href":"http:\/\/www.grieta.org.mx\/index.php\/wp-json\/wp\/v2\/categories?post=12194"},{"taxonomy":"post_tag","embeddable":true,"href":"http:\/\/www.grieta.org.mx\/index.php\/wp-json\/wp\/v2\/tags?post=12194"}],"curies":[{"name":"wp","href":"https:\/\/api.w.org\/{rel}","templated":true}]}}