{"id":1211,"date":"2015-10-06T18:53:52","date_gmt":"2015-10-06T18:53:52","guid":{"rendered":"http:\/\/50.22.11.12\/~grietaor\/?p=1211"},"modified":"2016-03-03T18:56:13","modified_gmt":"2016-03-03T18:56:13","slug":"suman-300-muertos-por-agua-contaminada-en-hidalgo","status":"publish","type":"post","link":"http:\/\/www.grieta.org.mx\/index.php\/2015\/10\/06\/suman-300-muertos-por-agua-contaminada-en-hidalgo\/","title":{"rendered":"Suman 300 muertos por agua contaminada en Hidalgo"},"content":{"rendered":"<p>Ignacio Garcia<\/p>\n<p>La poblaci\u00f3n ha solicitado el apoyo de las autoridades estatales, sin embargo, hasta el momento no han recibido respuesta<\/p>\n<p>M\u00e9xico.- En lo que va del a\u00f1o, 300 personas han fallecido en el municipio de San Agust\u00edn Tlaxiaca, en Hidalgo, debido a diferentes enfermedades renales a consecuencia del consumo de agua contaminada por la tuber\u00eda de asbesto de la demarcaci\u00f3n, revel\u00f3 Marco Antonio Olvera, presidente de la Fundaci\u00f3n Pasi\u00f3n por Hidalgo.<\/p>\n<p>El activista explic\u00f3 que las personas han presentado intoxicaci\u00f3n por el consumo de agua, pues los pacientes presentan laceraciones en la piel y posteriormente un paro card\u00edaco.<\/p>\n<p>De acuerdo con el defensor civil, las personas que han fallecido por dicha situaci\u00f3n son mayores de 50 a\u00f1os de edad, pues son m\u00e1s vulnerables a padecer complicaciones de salud por los qu\u00edmicos que ingieren.<\/p>\n<p>El activista se\u00f1al\u00f3 que han solicitado el apoyo de las autoridades estatales, sin embargo, hasta el momento no han recibido respuesta, por lo que anunci\u00f3 que interpondr\u00e1n una queja en el Senado de la Rep\u00fablica para que solucione el problema.<\/p>\n<p>La anterior legislatura federal exhort\u00f3 al gobierno de Hidalgo atender la problem\u00e1tica, solicitud que fue olvidada por parte de las autoridades estatales.<\/p>\n<p>Por su parte, la Secretar\u00eda de Salud estatal (SSH) no ha dado a conocer mayor informaci\u00f3n al respecto, aunque de acuerdo con el reporte epidemiol\u00f3gico nacional, los problemas renales se han convertido en la principal causa de muerte de las personas de la tercera edad en la entidad.<\/p>\n<p>Adem\u00e1s, diversos representantes de asociaciones civiles han demandado a las autoridades erradicar el problema, pues responsabilizaron de los decesos al gobierno encabezado por Francisco Olvera.<\/p>\n<p><a href=\"http:\/\/www.wradio.com.mx\/noticias\/actualidad\/suman-300-muertos-por-agua-contaminada-en-hidalgo\/20151006\/nota\/2959527.aspx\" target=\"_blank\">www.wradio.com.mx\/noticias\/actualidad\/suman-300-muertos-por-agua-contaminada-en-hidalgo\/20151006\/nota\/2959527.aspx<\/a><\/p>\n","protected":false},"excerpt":{"rendered":"<p>Ignacio Garcia La poblaci\u00f3n ha solicitado el apoyo de las autoridades estatales, sin embargo, hasta el momento no han recibido respuesta M\u00e9xico.- En lo que va del a\u00f1o, 300 personas &hellip; <a href=\"http:\/\/www.grieta.org.mx\/index.php\/2015\/10\/06\/suman-300-muertos-por-agua-contaminada-en-hidalgo\/\" class=\"more-link\">Leer m\u00e1s<\/a><\/p>\n","protected":false},"author":2,"featured_media":21928,"comment_status":"closed","ping_status":"open","sticky":false,"template":"","format":"standard","meta":{"ngg_post_thumbnail":0,"_jetpack_newsletter_access":"","_jetpack_dont_email_post_to_subs":false,"_jetpack_newsletter_tier_id":0,"_jetpack_memberships_contains_paywalled_content":false,"_jetpack_memberships_contains_paid_content":false,"footnotes":""},"categories":[80,129],"tags":[91],"class_list":["post-1211","post","type-post","status-publish","format-standard","has-post-thumbnail","hentry","category-cintillo","category-hidalgo","tag-contaminacion-ambiental","entry"],"jetpack_featured_media_url":"http:\/\/www.grieta.org.mx\/wp-content\/uploads\/2018\/03\/14524434_1106112876131411_958039263622046936_o.jpg","jetpack_sharing_enabled":true,"jetpack_shortlink":"https:\/\/wp.me\/p7ZJR4-jx","jetpack_likes_enabled":false,"jetpack-related-posts":[{"id":1213,"url":"http:\/\/www.grieta.org.mx\/index.php\/2015\/11\/24\/denuncian-muertes-por-agua-contaminada-en-tlaxiaca-hidalgo\/","url_meta":{"origin":1211,"position":0},"title":"Denuncian muertes por agua contaminada en Tlaxiaca, Hidalgo","author":"grieta","date":"24 noviembre, 2015","format":false,"excerpt":"24\/11\/15. Contradicen a Conagua y diputada localEl Sol de Hidalgo 06\/10\/15. Suman 300 muertos por agua contaminada en HidalgoW Radio 30\/08\/15. Habitantes de Hidalgo acusan que el agua contaminada los enferma y los est\u00e1 matandoSin Embargo","rel":"","context":"En &quot;hidalgo&quot;","block_context":{"text":"hidalgo","link":"http:\/\/www.grieta.org.mx\/index.php\/category\/hidalgo\/"},"img":{"alt_text":"","src":"https:\/\/i0.wp.com\/www.grieta.org.mx\/wp-content\/uploads\/2018\/03\/14524434_1106112876131411_958039263622046936_o.jpg?resize=350%2C200","width":350,"height":200,"srcset":"https:\/\/i0.wp.com\/www.grieta.org.mx\/wp-content\/uploads\/2018\/03\/14524434_1106112876131411_958039263622046936_o.jpg?resize=350%2C200 1x, https:\/\/i0.wp.com\/www.grieta.org.mx\/wp-content\/uploads\/2018\/03\/14524434_1106112876131411_958039263622046936_o.jpg?resize=525%2C300 1.5x, https:\/\/i0.wp.com\/www.grieta.org.mx\/wp-content\/uploads\/2018\/03\/14524434_1106112876131411_958039263622046936_o.jpg?resize=700%2C400 2x"},"classes":[]},{"id":1212,"url":"http:\/\/www.grieta.org.mx\/index.php\/2015\/08\/30\/habitantes-de-hidalgo-acusan-que-el-agua-contaminada-los-enferma-y-los-esta-matando\/","url_meta":{"origin":1211,"position":1},"title":"Habitantes de Hidalgo acusan que el agua contaminada los enferma y los est\u00e1 matando","author":"grieta","date":"30 agosto, 2015","format":false,"excerpt":"Pachuca, M\u00e9xico, 30 de agosto (Xinhua).- Habitantes del municipio mexicano de San Agust\u00edn Tlaxiaca, en Hidalgo, atribuyen el aumento de muertes por males renales al consumo de agua potable suministrada por una vieja tuber\u00eda de asbesto-cemento. Los lugare\u00f1os, que no superan las 27 mil personas, se organizaron para llevar un\u2026","rel":"","context":"En &quot;CINTILLO&quot;","block_context":{"text":"CINTILLO","link":"http:\/\/www.grieta.org.mx\/index.php\/category\/cintillo\/"},"img":{"alt_text":"","src":"https:\/\/i0.wp.com\/www.grieta.org.mx\/wp-content\/uploads\/2018\/03\/14524434_1106112876131411_958039263622046936_o.jpg?resize=350%2C200","width":350,"height":200,"srcset":"https:\/\/i0.wp.com\/www.grieta.org.mx\/wp-content\/uploads\/2018\/03\/14524434_1106112876131411_958039263622046936_o.jpg?resize=350%2C200 1x, https:\/\/i0.wp.com\/www.grieta.org.mx\/wp-content\/uploads\/2018\/03\/14524434_1106112876131411_958039263622046936_o.jpg?resize=525%2C300 1.5x, https:\/\/i0.wp.com\/www.grieta.org.mx\/wp-content\/uploads\/2018\/03\/14524434_1106112876131411_958039263622046936_o.jpg?resize=700%2C400 2x"},"classes":[]},{"id":1210,"url":"http:\/\/www.grieta.org.mx\/index.php\/2015\/11\/24\/contradicen-a-conagua-y-diputada-local\/","url_meta":{"origin":1211,"position":2},"title":"Contradicen a Conagua y diputada local","author":"grieta","date":"24 noviembre, 2015","format":false,"excerpt":"Marco Olvera San Agust\u00edn Tlaxiaca, Hidalgo.- El representante de la Fundaci\u00f3n Pasi\u00f3n por Hidalgo, Marco Antonio Olvera Jim\u00e9nez, descalific\u00f3, categ\u00f3rico, las declaraciones que en recientes d\u00edas hiciera la Comisi\u00f3n Nacional del Agua y la diputada local Roc\u00edo Tello Zamorano, en el sentido de que tanto la dependencia federal como la\u2026","rel":"","context":"En &quot;CINTILLO&quot;","block_context":{"text":"CINTILLO","link":"http:\/\/www.grieta.org.mx\/index.php\/category\/cintillo\/"},"img":{"alt_text":"","src":"https:\/\/i0.wp.com\/www.grieta.org.mx\/wp-content\/uploads\/2018\/03\/14524434_1106112876131411_958039263622046936_o.jpg?resize=350%2C200","width":350,"height":200,"srcset":"https:\/\/i0.wp.com\/www.grieta.org.mx\/wp-content\/uploads\/2018\/03\/14524434_1106112876131411_958039263622046936_o.jpg?resize=350%2C200 1x, https:\/\/i0.wp.com\/www.grieta.org.mx\/wp-content\/uploads\/2018\/03\/14524434_1106112876131411_958039263622046936_o.jpg?resize=525%2C300 1.5x, https:\/\/i0.wp.com\/www.grieta.org.mx\/wp-content\/uploads\/2018\/03\/14524434_1106112876131411_958039263622046936_o.jpg?resize=700%2C400 2x"},"classes":[]},{"id":29596,"url":"http:\/\/www.grieta.org.mx\/index.php\/2019\/01\/09\/por-escasez-de-agua-protestan-vecinos-de-campo-de-tiro-hidalgo\/","url_meta":{"origin":1211,"position":3},"title":"Por escasez de agua, protestan vecinos de Campo de Tiro (Hidalgo)","author":"grieta","date":"9 enero, 2019","format":false,"excerpt":"Felipe Vega \/ AM Hidalgo Se apostaron sobre bulevar Minero, en Pachuca. Vecinos del fraccionamiento Campo de Tiro, en Pachuca, protestaron hoy en la ma\u00f1ana, ante la falta de agua potable que ocurre desde hace una semana. Las personas, de manera intermitente, bloquearon el bulevar Minero, a la altura de\u2026","rel":"","context":"En &quot;CINTILLO&quot;","block_context":{"text":"CINTILLO","link":"http:\/\/www.grieta.org.mx\/index.php\/category\/cintillo\/"},"img":{"alt_text":"","src":"https:\/\/i0.wp.com\/www.grieta.org.mx\/wp-content\/uploads\/2019\/02\/hidalgo-escasez-agua.jpg?resize=350%2C200","width":350,"height":200,"srcset":"https:\/\/i0.wp.com\/www.grieta.org.mx\/wp-content\/uploads\/2019\/02\/hidalgo-escasez-agua.jpg?resize=350%2C200 1x, https:\/\/i0.wp.com\/www.grieta.org.mx\/wp-content\/uploads\/2019\/02\/hidalgo-escasez-agua.jpg?resize=525%2C300 1.5x, https:\/\/i0.wp.com\/www.grieta.org.mx\/wp-content\/uploads\/2019\/02\/hidalgo-escasez-agua.jpg?resize=700%2C400 2x"},"classes":[]},{"id":2520,"url":"http:\/\/www.grieta.org.mx\/index.php\/2015\/08\/05\/vecinos-paralizan-mina-de-autlan-en-hidalgo\/","url_meta":{"origin":1211,"position":4},"title":"Vecinos paralizan mina de Autl\u00e1n en Hidalgo","author":"grieta","date":"5 agosto, 2015","format":false,"excerpt":"Juan Ricardo Montoya Vecinos de la comunidad de Nonoalco, municipio de Xochicoatl\u00e1n, paralizaron las actividades de la minera Autl\u00e1n, perteneciente al Grupo Ferro-Minero (GFM) SA de CV, en protesta por la contaminaci\u00f3n del r\u00edo Nonoalco, da\u00f1os a la salud de sus habitantes y por 15 despidos injustificados en el a\u00f1o.\u2026","rel":"","context":"En &quot;CINTILLO&quot;","block_context":{"text":"CINTILLO","link":"http:\/\/www.grieta.org.mx\/index.php\/category\/cintillo\/"},"img":{"alt_text":"","src":"https:\/\/i0.wp.com\/www.grieta.org.mx\/wp-content\/uploads\/2018\/03\/14524434_1106112876131411_958039263622046936_o.jpg?resize=350%2C200","width":350,"height":200,"srcset":"https:\/\/i0.wp.com\/www.grieta.org.mx\/wp-content\/uploads\/2018\/03\/14524434_1106112876131411_958039263622046936_o.jpg?resize=350%2C200 1x, https:\/\/i0.wp.com\/www.grieta.org.mx\/wp-content\/uploads\/2018\/03\/14524434_1106112876131411_958039263622046936_o.jpg?resize=525%2C300 1.5x, https:\/\/i0.wp.com\/www.grieta.org.mx\/wp-content\/uploads\/2018\/03\/14524434_1106112876131411_958039263622046936_o.jpg?resize=700%2C400 2x"},"classes":[]},{"id":71638,"url":"http:\/\/www.grieta.org.mx\/index.php\/2025\/04\/15\/agoniza-estero-espantaperros-y-mas-de-18-cuerpos-de-agua-por-obra-de-interoceanico-en-union-hidalgo-oaxaca\/","url_meta":{"origin":1211,"position":5},"title":"Agoniza Estero espantaperros y m\u00e1s de 18 cuerpos de agua por obra de interoce\u00e1nico en Uni\u00f3n Hidalgo, Oaxaca","author":"grieta","date":"15 abril, 2025","format":false,"excerpt":"Imagen: Istmo Press Ecosistema de mangle rojo y blanco, tilapia y patos afectados por sustancia que seca las piedras Diana Manzo \/ Istmo Press Uni\u00f3n Hidalgo, Oax.- Estas vacaciones de semana santa no ser\u00e1n igual que otros a\u00f1os, las familias de Uni\u00f3n Hidalgo, Oaxaca no podr\u00e1n disfrutar del balneario natural\u2026","rel":"","context":"En &quot;5. Istmo&quot;","block_context":{"text":"5. Istmo","link":"http:\/\/www.grieta.org.mx\/index.php\/category\/espejos-de-la-resistencia\/5-istmo\/"},"img":{"alt_text":"","src":"https:\/\/i0.wp.com\/www.grieta.org.mx\/wp-content\/uploads\/2025\/05\/IMG_5202-2048x1536-1.jpeg?resize=350%2C200","width":350,"height":200,"srcset":"https:\/\/i0.wp.com\/www.grieta.org.mx\/wp-content\/uploads\/2025\/05\/IMG_5202-2048x1536-1.jpeg?resize=350%2C200 1x, https:\/\/i0.wp.com\/www.grieta.org.mx\/wp-content\/uploads\/2025\/05\/IMG_5202-2048x1536-1.jpeg?resize=525%2C300 1.5x, https:\/\/i0.wp.com\/www.grieta.org.mx\/wp-content\/uploads\/2025\/05\/IMG_5202-2048x1536-1.jpeg?resize=700%2C400 2x, https:\/\/i0.wp.com\/www.grieta.org.mx\/wp-content\/uploads\/2025\/05\/IMG_5202-2048x1536-1.jpeg?resize=1050%2C600 3x, https:\/\/i0.wp.com\/www.grieta.org.mx\/wp-content\/uploads\/2025\/05\/IMG_5202-2048x1536-1.jpeg?resize=1400%2C800 4x"},"classes":[]}],"_links":{"self":[{"href":"http:\/\/www.grieta.org.mx\/index.php\/wp-json\/wp\/v2\/posts\/1211","targetHints":{"allow":["GET"]}}],"collection":[{"href":"http:\/\/www.grieta.org.mx\/index.php\/wp-json\/wp\/v2\/posts"}],"about":[{"href":"http:\/\/www.grieta.org.mx\/index.php\/wp-json\/wp\/v2\/types\/post"}],"author":[{"embeddable":true,"href":"http:\/\/www.grieta.org.mx\/index.php\/wp-json\/wp\/v2\/users\/2"}],"replies":[{"embeddable":true,"href":"http:\/\/www.grieta.org.mx\/index.php\/wp-json\/wp\/v2\/comments?post=1211"}],"version-history":[{"count":1,"href":"http:\/\/www.grieta.org.mx\/index.php\/wp-json\/wp\/v2\/posts\/1211\/revisions"}],"predecessor-version":[{"id":1215,"href":"http:\/\/www.grieta.org.mx\/index.php\/wp-json\/wp\/v2\/posts\/1211\/revisions\/1215"}],"wp:featuredmedia":[{"embeddable":true,"href":"http:\/\/www.grieta.org.mx\/index.php\/wp-json\/wp\/v2\/media\/21928"}],"wp:attachment":[{"href":"http:\/\/www.grieta.org.mx\/index.php\/wp-json\/wp\/v2\/media?parent=1211"}],"wp:term":[{"taxonomy":"category","embeddable":true,"href":"http:\/\/www.grieta.org.mx\/index.php\/wp-json\/wp\/v2\/categories?post=1211"},{"taxonomy":"post_tag","embeddable":true,"href":"http:\/\/www.grieta.org.mx\/index.php\/wp-json\/wp\/v2\/tags?post=1211"}],"curies":[{"name":"wp","href":"https:\/\/api.w.org\/{rel}","templated":true}]}}