{"id":12093,"date":"2016-05-08T17:30:41","date_gmt":"2016-05-08T17:30:41","guid":{"rendered":"http:\/\/www.grieta.org.mx\/?p=12093"},"modified":"2016-05-11T17:45:12","modified_gmt":"2016-05-11T17:45:12","slug":"hombre-muere-en-accidente-minero","status":"publish","type":"post","link":"http:\/\/www.grieta.org.mx\/index.php\/2016\/05\/08\/hombre-muere-en-accidente-minero\/","title":{"rendered":"Hombre muere en accidente minero (Durango)"},"content":{"rendered":"<p>Santiago Papasquiaro, Dgo.- Jorge Luis Galindo L\u00f3pez domiciliado en calle Flor de Azar n\u00famero 102, colonia La Virgen, falleci\u00f3 luego de sufrir un accidente de impacto debido a un deslave, dej\u00e1ndolo pr\u00e1cticamente enterrado. El suceso ocurri\u00f3 aproximadamente a las 18:30 horas del pasado s\u00e1bado 7 de mayo del a\u00f1o en curso, en la mina llamada Candelaria del poblado San Miguel del Cantil perteneciente al municipio de Santiago Papasquiaro.<\/p>\n<p>Luego de intentar reanimarlo con los primeros auxilios con respuesta fallida se notific\u00f3 a la autoridad correspondiente quienes al llegar al lugar de los hechos se percataron que el hoy occiso presentaba escoreaciones y traumatismos en distintas partes del cuerpo que se pod\u00edan apreciar a simple vista y fue trasladado a la ciudad de Santiago Papasquiaro para la realizaci\u00f3n de la necropsia de Ley, luego que la autoridad diera fe de los hechos con lamentable deceso.<\/p>\n<p><a href=\"http:\/\/santiagopapasquiaro.noticiasggl.com\/2016\/05\/08\/hombre-muere-en-accidente-minero\" target=\"_blank\">http:\/\/santiagopapasquiaro.noticiasggl.com\/2016\/05\/08\/hombre-muere-en-accidente-minero<\/a><\/p>\n","protected":false},"excerpt":{"rendered":"<p>Santiago Papasquiaro, Dgo.- Jorge Luis Galindo L\u00f3pez domiciliado en calle Flor de Azar n\u00famero 102, colonia La Virgen, falleci\u00f3 luego de sufrir un accidente de impacto debido a un deslave, &hellip; <a href=\"http:\/\/www.grieta.org.mx\/index.php\/2016\/05\/08\/hombre-muere-en-accidente-minero\/\" class=\"more-link\">Leer m\u00e1s<\/a><\/p>\n","protected":false},"author":2,"featured_media":21928,"comment_status":"closed","ping_status":"closed","sticky":false,"template":"","format":"standard","meta":{"ngg_post_thumbnail":0,"_jetpack_newsletter_access":"","_jetpack_dont_email_post_to_subs":false,"_jetpack_newsletter_tier_id":0,"_jetpack_memberships_contains_paywalled_content":false,"_jetpack_memberships_contains_paid_content":false,"footnotes":""},"categories":[80],"tags":[186,634,109,650],"class_list":["post-12093","post","type-post","status-publish","format-standard","has-post-thumbnail","hentry","category-cintillo","tag-accidente","tag-condiciones-laborales","tag-mineria","tag-santiago-papasquiaro","entry"],"jetpack_featured_media_url":"http:\/\/www.grieta.org.mx\/wp-content\/uploads\/2018\/03\/14524434_1106112876131411_958039263622046936_o.jpg","jetpack_sharing_enabled":true,"jetpack_shortlink":"https:\/\/wp.me\/p7ZJR4-393","jetpack_likes_enabled":false,"jetpack-related-posts":[{"id":16927,"url":"http:\/\/www.grieta.org.mx\/index.php\/2016\/07\/12\/muere-en-accidente-laboral\/","url_meta":{"origin":12093,"position":0},"title":"Muere en accidente laboral","author":"grieta","date":"12 julio, 2016","format":false,"excerpt":"Topia, Dgo.- Jos\u00e9 Antonio De La Rosa Zapata, de 17 a\u00f1os de edad, trabajaba en la mina El Rosario, en el municipio de Topia, Durango, el cual perdi\u00f3 la vida luego de sufrir un accidente laboral, cuando al descomponerse una tolva se meti\u00f3 a repararla por lo que el joven\u2026","rel":"","context":"En &quot;CINTILLO&quot;","block_context":{"text":"CINTILLO","link":"http:\/\/www.grieta.org.mx\/index.php\/category\/cintillo\/"},"img":{"alt_text":"","src":"https:\/\/i0.wp.com\/www.grieta.org.mx\/wp-content\/uploads\/2018\/03\/14524434_1106112876131411_958039263622046936_o.jpg?resize=350%2C200","width":350,"height":200,"srcset":"https:\/\/i0.wp.com\/www.grieta.org.mx\/wp-content\/uploads\/2018\/03\/14524434_1106112876131411_958039263622046936_o.jpg?resize=350%2C200 1x, https:\/\/i0.wp.com\/www.grieta.org.mx\/wp-content\/uploads\/2018\/03\/14524434_1106112876131411_958039263622046936_o.jpg?resize=525%2C300 1.5x, https:\/\/i0.wp.com\/www.grieta.org.mx\/wp-content\/uploads\/2018\/03\/14524434_1106112876131411_958039263622046936_o.jpg?resize=700%2C400 2x"},"classes":[]},{"id":1309,"url":"http:\/\/www.grieta.org.mx\/index.php\/2015\/12\/15\/9-muertes-en-minas-en-el-ano\/","url_meta":{"origin":12093,"position":1},"title":"9 muertes en minas en el a\u00f1o","author":"grieta","date":"15 diciembre, 2015","format":false,"excerpt":"El pasado fin de semana se registra un accidente fatal en San Dimas. Durante el a\u00f1o son nueve los trabajadores que han muerto al interior de una mina en el estado de Durango. El pasado fin de semana se registr\u00f3 un derrumbe en una yacimiento en el municipio de San\u2026","rel":"","context":"En &quot;CINTILLO&quot;","block_context":{"text":"CINTILLO","link":"http:\/\/www.grieta.org.mx\/index.php\/category\/cintillo\/"},"img":{"alt_text":"","src":"https:\/\/i0.wp.com\/www.grieta.org.mx\/wp-content\/uploads\/2018\/03\/14524434_1106112876131411_958039263622046936_o.jpg?resize=350%2C200","width":350,"height":200,"srcset":"https:\/\/i0.wp.com\/www.grieta.org.mx\/wp-content\/uploads\/2018\/03\/14524434_1106112876131411_958039263622046936_o.jpg?resize=350%2C200 1x, https:\/\/i0.wp.com\/www.grieta.org.mx\/wp-content\/uploads\/2018\/03\/14524434_1106112876131411_958039263622046936_o.jpg?resize=525%2C300 1.5x, https:\/\/i0.wp.com\/www.grieta.org.mx\/wp-content\/uploads\/2018\/03\/14524434_1106112876131411_958039263622046936_o.jpg?resize=700%2C400 2x"},"classes":[]},{"id":2305,"url":"http:\/\/www.grieta.org.mx\/index.php\/2015\/12\/15\/9-muertes-en-minas-en-el-ano-2\/","url_meta":{"origin":12093,"position":2},"title":"9 muertes en minas en el a\u00f1o","author":"grieta","date":"15 diciembre, 2015","format":false,"excerpt":"El pasado fin de semana se registra un accidente fatal en San Dimas. Durante el a\u00f1o son nueve los trabajadores que han muerto al interior de una mina en el estado de Durango. El pasado fin de semana se registr\u00f3 un derrumbe en una yacimiento en el municipio de San\u2026","rel":"","context":"En &quot;CINTILLO&quot;","block_context":{"text":"CINTILLO","link":"http:\/\/www.grieta.org.mx\/index.php\/category\/cintillo\/"},"img":{"alt_text":"","src":"https:\/\/i0.wp.com\/www.grieta.org.mx\/wp-content\/uploads\/2018\/03\/14524434_1106112876131411_958039263622046936_o.jpg?resize=350%2C200","width":350,"height":200,"srcset":"https:\/\/i0.wp.com\/www.grieta.org.mx\/wp-content\/uploads\/2018\/03\/14524434_1106112876131411_958039263622046936_o.jpg?resize=350%2C200 1x, https:\/\/i0.wp.com\/www.grieta.org.mx\/wp-content\/uploads\/2018\/03\/14524434_1106112876131411_958039263622046936_o.jpg?resize=525%2C300 1.5x, https:\/\/i0.wp.com\/www.grieta.org.mx\/wp-content\/uploads\/2018\/03\/14524434_1106112876131411_958039263622046936_o.jpg?resize=700%2C400 2x"},"classes":[]},{"id":1734,"url":"http:\/\/www.grieta.org.mx\/index.php\/2015\/05\/05\/mueren-dos-trabajadores-por-accidente-en-plataforma-pemex\/","url_meta":{"origin":12093,"position":3},"title":"Mueren dos trabajadores por accidente en plataforma: Pemex","author":"grieta","date":"5 mayo, 2015","format":false,"excerpt":"La plataforma Troll Solution, propiedad de la empresa Typhoon, se lade\u00f3 cuando se estaba posicionando para dar servicio de mantenimiento a pozos por lo que 101 trabajadores tuvieron que ser desalojados, inform\u00f3 Petr\u00f3leos Mexicanos. CIUDAD DE M\u00c9XICO.- Dos trabajadores murieron este martes luego de que una plataforma en la Sonda\u2026","rel":"","context":"En &quot;campeche&quot;","block_context":{"text":"campeche","link":"http:\/\/www.grieta.org.mx\/index.php\/category\/campeche\/"},"img":{"alt_text":"","src":"https:\/\/i0.wp.com\/www.grieta.org.mx\/wp-content\/uploads\/2018\/03\/14524434_1106112876131411_958039263622046936_o.jpg?resize=350%2C200","width":350,"height":200,"srcset":"https:\/\/i0.wp.com\/www.grieta.org.mx\/wp-content\/uploads\/2018\/03\/14524434_1106112876131411_958039263622046936_o.jpg?resize=350%2C200 1x, https:\/\/i0.wp.com\/www.grieta.org.mx\/wp-content\/uploads\/2018\/03\/14524434_1106112876131411_958039263622046936_o.jpg?resize=525%2C300 1.5x, https:\/\/i0.wp.com\/www.grieta.org.mx\/wp-content\/uploads\/2018\/03\/14524434_1106112876131411_958039263622046936_o.jpg?resize=700%2C400 2x"},"classes":[]},{"id":2530,"url":"http:\/\/www.grieta.org.mx\/index.php\/2014\/11\/21\/movimiento-indigena-de-santiago-de-anaya-continua-su-lucha-contra-la-cementera-fortaleza\/","url_meta":{"origin":12093,"position":4},"title":"Movimiento Ind\u00edgena de Santiago de Anaya contin\u00faa su lucha contra la cementera Fortaleza","author":"grieta","date":"21 noviembre, 2014","format":false,"excerpt":"Marco Caba\u00f1as Santiago de Anaya Integrantes del Movimiento Ind\u00edgena de Santiago de Anaya, anunciaron que continuar\u00e1n con sus protestas contra la empresa cementera, Fortaleza, del empresario mexicano, Carlos Slim. Luego de que integrantes de esta organizaci\u00f3n participaran en la Vig\u00e9sima Conferencia de las Partes de la Convenci\u00f3n (COP 20) en\u2026","rel":"","context":"En &quot;CINTILLO&quot;","block_context":{"text":"CINTILLO","link":"http:\/\/www.grieta.org.mx\/index.php\/category\/cintillo\/"},"img":{"alt_text":"","src":"https:\/\/i0.wp.com\/www.grieta.org.mx\/wp-content\/uploads\/2018\/03\/14524434_1106112876131411_958039263622046936_o.jpg?resize=350%2C200","width":350,"height":200,"srcset":"https:\/\/i0.wp.com\/www.grieta.org.mx\/wp-content\/uploads\/2018\/03\/14524434_1106112876131411_958039263622046936_o.jpg?resize=350%2C200 1x, https:\/\/i0.wp.com\/www.grieta.org.mx\/wp-content\/uploads\/2018\/03\/14524434_1106112876131411_958039263622046936_o.jpg?resize=525%2C300 1.5x, https:\/\/i0.wp.com\/www.grieta.org.mx\/wp-content\/uploads\/2018\/03\/14524434_1106112876131411_958039263622046936_o.jpg?resize=700%2C400 2x"},"classes":[]},{"id":50211,"url":"http:\/\/www.grieta.org.mx\/index.php\/2020\/06\/03\/tunden-policias-a-enfermero-por-miedo-a-covid-19-en-santiago-astata-oaxaca\/","url_meta":{"origin":12093,"position":5},"title":"Tunden polic\u00edas a enfermero por miedo a COVID-19, en Santiago Astata (Oaxaca)","author":"grieta","date":"3 junio, 2020","format":false,"excerpt":"Noticias \/ Por El Sol de M\u00e9xico. Anoche result\u00f3 salvajemente golpeado el enfermero Pedro Rosales Avenda\u00f1o a manos de polic\u00edas municipales de Santiago Astata, en la regi\u00f3n de la Sierra de Oaxaca, cuando se dirig\u00eda a sus labores, luego de considerarlo un contagio para la comunidad. En los primeros informes\u2026","rel":"","context":"En &quot;Brutalidad polic\u00edaca en Oaxaca&quot;","block_context":{"text":"Brutalidad polic\u00edaca en Oaxaca","link":"http:\/\/www.grieta.org.mx\/index.php\/category\/noticias-nacionales\/oaxaca\/brutalidad-policiaca-en-oaxaca\/"},"img":{"alt_text":"","src":"https:\/\/i0.wp.com\/www.grieta.org.mx\/wp-content\/uploads\/2018\/03\/14524434_1106112876131411_958039263622046936_o.jpg?resize=350%2C200","width":350,"height":200,"srcset":"https:\/\/i0.wp.com\/www.grieta.org.mx\/wp-content\/uploads\/2018\/03\/14524434_1106112876131411_958039263622046936_o.jpg?resize=350%2C200 1x, https:\/\/i0.wp.com\/www.grieta.org.mx\/wp-content\/uploads\/2018\/03\/14524434_1106112876131411_958039263622046936_o.jpg?resize=525%2C300 1.5x, https:\/\/i0.wp.com\/www.grieta.org.mx\/wp-content\/uploads\/2018\/03\/14524434_1106112876131411_958039263622046936_o.jpg?resize=700%2C400 2x"},"classes":[]}],"_links":{"self":[{"href":"http:\/\/www.grieta.org.mx\/index.php\/wp-json\/wp\/v2\/posts\/12093","targetHints":{"allow":["GET"]}}],"collection":[{"href":"http:\/\/www.grieta.org.mx\/index.php\/wp-json\/wp\/v2\/posts"}],"about":[{"href":"http:\/\/www.grieta.org.mx\/index.php\/wp-json\/wp\/v2\/types\/post"}],"author":[{"embeddable":true,"href":"http:\/\/www.grieta.org.mx\/index.php\/wp-json\/wp\/v2\/users\/2"}],"replies":[{"embeddable":true,"href":"http:\/\/www.grieta.org.mx\/index.php\/wp-json\/wp\/v2\/comments?post=12093"}],"version-history":[{"count":1,"href":"http:\/\/www.grieta.org.mx\/index.php\/wp-json\/wp\/v2\/posts\/12093\/revisions"}],"predecessor-version":[{"id":12100,"href":"http:\/\/www.grieta.org.mx\/index.php\/wp-json\/wp\/v2\/posts\/12093\/revisions\/12100"}],"wp:featuredmedia":[{"embeddable":true,"href":"http:\/\/www.grieta.org.mx\/index.php\/wp-json\/wp\/v2\/media\/21928"}],"wp:attachment":[{"href":"http:\/\/www.grieta.org.mx\/index.php\/wp-json\/wp\/v2\/media?parent=12093"}],"wp:term":[{"taxonomy":"category","embeddable":true,"href":"http:\/\/www.grieta.org.mx\/index.php\/wp-json\/wp\/v2\/categories?post=12093"},{"taxonomy":"post_tag","embeddable":true,"href":"http:\/\/www.grieta.org.mx\/index.php\/wp-json\/wp\/v2\/tags?post=12093"}],"curies":[{"name":"wp","href":"https:\/\/api.w.org\/{rel}","templated":true}]}}