{"id":12011,"date":"2016-05-08T16:32:19","date_gmt":"2016-05-08T16:32:19","guid":{"rendered":"http:\/\/www.grieta.org.mx\/?p=12011"},"modified":"2018-08-02T18:47:20","modified_gmt":"2018-08-02T23:47:20","slug":"desconfianza-total-alargaria-consulta-indigena-sobre-transgenicos","status":"publish","type":"post","link":"http:\/\/www.grieta.org.mx\/index.php\/2016\/05\/08\/desconfianza-total-alargaria-consulta-indigena-sobre-transgenicos\/","title":{"rendered":"\u201cDesconfianza total\u201d alargar\u00eda consulta ind\u00edgena sobre transg\u00e9nicos"},"content":{"rendered":"<p><img loading=\"lazy\" decoding=\"async\" data-attachment-id=\"12013\" data-permalink=\"http:\/\/www.grieta.org.mx\/index.php\/2016\/05\/08\/desconfianza-total-alargaria-consulta-indigena-sobre-transgenicos\/8con-768x512\/\" data-orig-file=\"http:\/\/www.grieta.org.mx\/wp-content\/uploads\/2016\/05\/8con-768x512.jpg\" data-orig-size=\"768,512\" data-comments-opened=\"0\" data-image-meta=\"{&quot;aperture&quot;:&quot;11&quot;,&quot;credit&quot;:&quot;&quot;,&quot;camera&quot;:&quot;NIKON D3300&quot;,&quot;caption&quot;:&quot;&quot;,&quot;created_timestamp&quot;:&quot;1462095099&quot;,&quot;copyright&quot;:&quot;&quot;,&quot;focal_length&quot;:&quot;45&quot;,&quot;iso&quot;:&quot;200&quot;,&quot;shutter_speed&quot;:&quot;0.002&quot;,&quot;title&quot;:&quot;&quot;,&quot;orientation&quot;:&quot;1&quot;}\" data-image-title=\"8con-768&amp;#215;512\" data-image-description=\"\" data-image-caption=\"\" data-medium-file=\"http:\/\/www.grieta.org.mx\/wp-content\/uploads\/2016\/05\/8con-768x512-300x200.jpg\" data-large-file=\"http:\/\/www.grieta.org.mx\/wp-content\/uploads\/2016\/05\/8con-768x512.jpg\" src=\"http:\/\/www.grieta.org.mx\/wp-content\/uploads\/2016\/05\/8con-768x512-300x200.jpg\" alt=\"8con-768x512\" width=\"300\" height=\"200\" class=\"alignnone size-medium wp-image-12013\" srcset=\"http:\/\/www.grieta.org.mx\/wp-content\/uploads\/2016\/05\/8con-768x512-300x200.jpg 300w, http:\/\/www.grieta.org.mx\/wp-content\/uploads\/2016\/05\/8con-768x512.jpg 768w\" sizes=\"auto, (max-width: 300px) 100vw, 300px\" \/><\/p>\n<p>Por Ronny Aguilar<\/p>\n<p>CAMPECHE, Cam. 8 de mayo del 2016.- Pedro Armentia L\u00f3pez, delegado de la Comisi\u00f3n Nacional para el Desarrollo de los Pueblos Ind\u00edgenas (CDI) en Campeche, reconoci\u00f3 la posibilidad de que la consulta ind\u00edgena sobre la siembra de soya transg\u00e9nica finalice hasta el pr\u00f3ximo a\u00f1o, porque hay \u201cuna desconfianza total\u201d de las comunidades, y revel\u00f3 que se podr\u00eda realizar en seis municipios m\u00e1s del estado de Campeche.<\/p>\n<p>Despu\u00e9s del fracaso en la primera reuni\u00f3n en la etapa de acuerdos previos, realizada en Hopelch\u00e9n, el funcionario federal dijo que hay un compromiso con los municipios de Hopelch\u00e9n y Tenabo, para llevar la informaci\u00f3n a las comunidades.<\/p>\n<p>\u201cEsto no es como parte del proceso de la consulta, sino como una decisi\u00f3n de la delegaci\u00f3n de facilitar y llevar la informaci\u00f3n, como es nuestra obligaci\u00f3n, a estas comunidades\u201d, expres\u00f3.<\/p>\n<p>Armentia L\u00f3pez explic\u00f3 que \u201ca diferencia en Hopelch\u00e9n, en Tenabo, la comunidad de Emiliano Zapata accedi\u00f3 a que se inicie la consulta con ella, pero nosotros, junto con la misi\u00f3n de observaci\u00f3n que estuvo ah\u00ed, vamos hacer el conjunto de las seis comunidades, ahora ya tenemos Emiliano Zapata, pero necesitamos que todas sean consultadas y que todas cuenten con sus representantes\u201d.<\/p>\n<p>Asegur\u00f3 que la consulta es realizada por la Cibiogem, pero que ellos, como CDI, son los encargados de vigilar que los procesos sean los adecuados.<\/p>\n<p>\u201cLa gente asume que la CDI realiza la consulta, nosotros solo nos sumamos al barco y es un derecho colectivo, la finalidad es que exista un punto de acuerdo entre el gobierno y las comunidades para tratar temas, como violaciones a sus derechos, recursos naturales o la afectaci\u00f3n a su territorio, estamos pendiendo en el proceso y acompa\u00f1amos a la Cibiogem en sus procesos\u201d, indic\u00f3.<\/p>\n<p>Manifest\u00f3 que la informaci\u00f3n de la consulta la tiene la Cibiogem, sin embargo, mencion\u00f3 que como CDI, est\u00e1 preparando informaci\u00f3n adicional de los procesos de consulta.<\/p>\n<p>\u201cSe le pidi\u00f3 a la Cibiogem que sean claros, con informaci\u00f3n no tan cient\u00edfica y m\u00e1s coloquial para la gente, para que la delegaci\u00f3n y la misi\u00f3n de informaci\u00f3n vayamos a las 37 comunidades de Hopelch\u00e9n y seis de Tenabo\u201d, agreg\u00f3.<\/p>\n<p>La misi\u00f3n de observaci\u00f3n est\u00e1 integrada por 23 organizaciones, las cuales dan acompa\u00f1amiento en los procesos y son lo que de manera externa expresan m\u00e1s imparcialmente los pros y contras, as\u00ed como las anomal\u00edas que se van presentando durante los procesos de consulta.<\/p>\n<p>El encargado de la CDI afirm\u00f3 que existe de parte de la Cibiogem una propuesta conjunta con CDI de c\u00f3mo es que se debe realizar la consulta previa, libre e informada. Los pasos que deben incluir, a qui\u00e9nes deben citar y la forma correcta de conducirse.<\/p>\n<p>De momento, en el caso de Hopelch\u00e9n, la consulta en su etapa de inicio, que ser\u00e1 la de acuerdos previos, se suspendi\u00f3 dos meses y medio y ser\u00e1 hasta el 30 de julio la reuni\u00f3n de arranque, por lo que se prev\u00e9 que se prolongue la consulta m\u00e1s de un a\u00f1o.<\/p>\n<p>\u201cUno de los principales problemas a los que nos enfrentamos es que no nos ponemos de acuerdo, hay una desconfianza total, que la entiendo, pero si no nos organizamos, no podremos avanzar\u201d, reconoci\u00f3 el funcionario.<\/p>\n<p>Explic\u00f3 que en la consulta, se llevaran las siguientes etapas: Acuerdos previos,  la parte Informativa, la etapa Deliberativa, de Acuerdos Finales y de Ejecuci\u00f3n y Seguimiento, cada una de estas etapas va a tener sus rubros a definir con la comunidad.<\/p>\n<p>El funcionario declar\u00f3 que existe un procedimiento o pasos a seguir (Protocolo) por etapa, y a la hora de cruce con la comunidad, ser\u00e1 la comunidad quien defina, aceptar\u00e1 o modificar\u00e1 el proceso, todo esto para evitar que sea tendencioso.<\/p>\n<p>\u201cCreo que en Hopelch\u00e9n fuimos muy directos y debi\u00f3 de haber un etapa informativa previa,  estamos en acuerdos previos, pero  la gente no confi\u00f3 y ahora iniciaremos con el procedimiento dentro del tiempo que se fij\u00f3, y ahora con sus l\u00edderes ya elegidos, ahora si presentaremos los pasos a seguir dentro de la etapa informativa\u201d, abund\u00f3.<\/p>\n<p>\u201cEn la etapa informativa, les presentaremos los pasos a seguir y c\u00f3mo es que ellos quieren que se les baje la informaci\u00f3n, foros, talleres, mesas de trabajo, se invita moderador, d\u00f3nde se va realizar, si es en su comunidad si va hacer regional o en la cabecera municipal. Qui\u00e9nes participar\u00e1n, y ya que est\u00e9 la informaci\u00f3n, se inicia la etapa deliberativa, ah\u00ed tambi\u00e9n tiene su procedimiento y sus pasos a seguir como las siguientes etapas\u201d, a\u00f1adi\u00f3.<\/p>\n<p>\u201cEsto va depender de la comunidad, se tiene que hacer en los tiempos que ellos decidan, pero nos preocupa que se quiera frenar el proceso, es una consulta abierta y hay muchos factores que influyen, como est\u00e1 el factor empresarial, el factor pol\u00edtico, social y econ\u00f3mico, lo que buscamos es que la consulta se realice, porque es la una manera de llevar a la Suprema Corte lo que la gente decidido\u201d, asent\u00f3.<\/p>\n<p>La resoluci\u00f3n de la suprema podr\u00eda interpretarse de diversas formas y una de las m\u00e1s preocupantes es que no especifica, que se actuar\u00e1 de acuerdo a lo que arroje la consulta, sino que se manda solamente a hacer la consulta previa como un derecho.<\/p>\n<p>Armentia L\u00f3pez coment\u00f3: \u201cNosotros acatamos un fallo de la Suprema, el procedimiento siguiente lo decidir\u00e1 la Suprema Corte, nosotros tenemos que hacer la consulta y hacer que las voz del pueblo se escuche\u201d.<\/p>\n<p>Asever\u00f3 que hasta el momento, las comunidades ind\u00edgenas a consultar son las de Hopelch\u00e9n y Tenabo, pero est\u00e1 dentro de la posibilidad que se extienda  a seis municipios m\u00e1s, porque estos se encuentran dentro de las 254 mil hect\u00e1reas que podr\u00edan ser sembradas con soya transg\u00e9nica.<\/p>\n<p><a href=\"http:\/\/paginabierta.mx\/sitio\/desconfianza-total-alargaria-consulta-indigena-sobre-transgenicos\/\" target=\"_blank\">http:\/\/paginabierta.mx\/sitio\/desconfianza-total-alargaria-consulta-indigena-sobre-transgenicos\/<\/a><\/p>\n","protected":false},"excerpt":{"rendered":"<p>Por Ronny Aguilar CAMPECHE, Cam. 8 de mayo del 2016.- Pedro Armentia L\u00f3pez, delegado de la Comisi\u00f3n Nacional para el Desarrollo de los Pueblos Ind\u00edgenas (CDI) en Campeche, reconoci\u00f3 la &hellip; <a href=\"http:\/\/www.grieta.org.mx\/index.php\/2016\/05\/08\/desconfianza-total-alargaria-consulta-indigena-sobre-transgenicos\/\" class=\"more-link\">Leer m\u00e1s<\/a><\/p>\n","protected":false},"author":2,"featured_media":21928,"comment_status":"closed","ping_status":"closed","sticky":false,"template":"","format":"standard","meta":{"ngg_post_thumbnail":0,"_jetpack_newsletter_access":"","_jetpack_dont_email_post_to_subs":false,"_jetpack_newsletter_tier_id":0,"_jetpack_memberships_contains_paywalled_content":false,"_jetpack_memberships_contains_paid_content":false,"footnotes":""},"categories":[60,123,11,80,958,976,984,1,954,2,151,28,1152,1153,1151,36,153],"tags":[159],"class_list":{"0":"post-12011","1":"post","2":"type-post","3":"status-publish","4":"format-standard","5":"has-post-thumbnail","6":"hentry","7":"category-16-pueblo-maya","8":"category-campeche","10":"category-cintillo","11":"category-esp-campeche","12":"category-esp-quintana-roo","13":"category-esp-yucatan","14":"category-espejos-de-la-resistencia","15":"category-espejos-estados","16":"category-noticias-nacionales","17":"category-quintana-roo","19":"category-se-organizan-para-frenar-avance-de-transgenicos-en-yucatan-campeche-y-quintana-roo-yucatan","20":"category-se-organizan-para-frenar-avance-de-transgenicos-en-yucatan-campeche-y-quintana-roo-quintana-roo","21":"category-se-organizan-para-frenar-avance-de-transgenicos-en-yucatan-campeche-y-quintana-roo","22":"category-yucatan","24":"tag-transgenicos","25":"entry"},"jetpack_featured_media_url":"http:\/\/www.grieta.org.mx\/wp-content\/uploads\/2018\/03\/14524434_1106112876131411_958039263622046936_o.jpg","jetpack_sharing_enabled":true,"jetpack_shortlink":"https:\/\/wp.me\/p7ZJR4-37J","jetpack_likes_enabled":false,"jetpack-related-posts":[{"id":17044,"url":"http:\/\/www.grieta.org.mx\/index.php\/2016\/07\/05\/dicen-no-a-transgenicos-campeche\/","url_meta":{"origin":12011,"position":0},"title":"Dicen no a transg\u00e9nicos (Campeche)","author":"grieta","date":"5 julio, 2016","format":false,"excerpt":"Hopelch\u00e9n: En Iturbide no se sembrar\u00e1 ning\u00fan cent\u00edmetro de soya transg\u00e9nica, advirti\u00f3 el comisario ejidal Abelardo Brice\u00f1o Montoy, quien dijo que en asamblea, los ejidatarios acordaron que no se d\u00e9 lugar a cultivos con semillas gen\u00e9ticamente modificadas, pues ponen en riesgo al sector ap\u00edcola. En entrevista con TRIBUNA la autoridad\u2026","rel":"","context":"En &quot;16. Pueblo Maya&quot;","block_context":{"text":"16. Pueblo Maya","link":"http:\/\/www.grieta.org.mx\/index.php\/category\/espejos-de-la-resistencia\/16-pueblo-maya\/"},"img":{"alt_text":"","src":"https:\/\/i0.wp.com\/www.grieta.org.mx\/wp-content\/uploads\/2018\/03\/14524434_1106112876131411_958039263622046936_o.jpg?resize=350%2C200","width":350,"height":200,"srcset":"https:\/\/i0.wp.com\/www.grieta.org.mx\/wp-content\/uploads\/2018\/03\/14524434_1106112876131411_958039263622046936_o.jpg?resize=350%2C200 1x, https:\/\/i0.wp.com\/www.grieta.org.mx\/wp-content\/uploads\/2018\/03\/14524434_1106112876131411_958039263622046936_o.jpg?resize=525%2C300 1.5x, https:\/\/i0.wp.com\/www.grieta.org.mx\/wp-content\/uploads\/2018\/03\/14524434_1106112876131411_958039263622046936_o.jpg?resize=700%2C400 2x"},"classes":[]},{"id":912,"url":"http:\/\/www.grieta.org.mx\/index.php\/2016\/09\/13\/se-organizan-para-frenar-avance-de-transgenicos-en-yucatan-campeche-y-quintana-roo\/","url_meta":{"origin":12011,"position":1},"title":"Se organizan para frenar avance de transg\u00e9nicos en Yucat\u00e1n, Campeche y Quintana Roo","author":"grieta","date":"13 septiembre, 2016","format":false,"excerpt":"13\/04\/16. Conformaci\u00f3n de la Misi\u00f3n de Observaci\u00f3n de la Consulta al pueblo Maya sobre la siembra de soya gen\u00e9ticamente modificada de la empresa Monsanto Cayacyucatan 01\/04\/16. Irregularidades en Consulta Ind\u00edgena sobre la siembra de soya gen\u00e9ticamente en Campeche Infolliteras 22\/02\/16. Campeche, en mapa global sobre Riesgos Ambientales. Lo catalogan por\u2026","rel":"","context":"En &quot;16. Pueblo Maya&quot;","block_context":{"text":"16. Pueblo Maya","link":"http:\/\/www.grieta.org.mx\/index.php\/category\/espejos-de-la-resistencia\/16-pueblo-maya\/"},"img":{"alt_text":"","src":"https:\/\/i0.wp.com\/www.grieta.org.mx\/wp-content\/uploads\/2018\/03\/14524434_1106112876131411_958039263622046936_o.jpg?resize=350%2C200","width":350,"height":200,"srcset":"https:\/\/i0.wp.com\/www.grieta.org.mx\/wp-content\/uploads\/2018\/03\/14524434_1106112876131411_958039263622046936_o.jpg?resize=350%2C200 1x, https:\/\/i0.wp.com\/www.grieta.org.mx\/wp-content\/uploads\/2018\/03\/14524434_1106112876131411_958039263622046936_o.jpg?resize=525%2C300 1.5x, https:\/\/i0.wp.com\/www.grieta.org.mx\/wp-content\/uploads\/2018\/03\/14524434_1106112876131411_958039263622046936_o.jpg?resize=700%2C400 2x"},"classes":[]},{"id":11490,"url":"http:\/\/www.grieta.org.mx\/index.php\/2016\/04\/26\/continua-la-siembra-de-soya-transgenica-en-q-roo\/","url_meta":{"origin":12011,"position":2},"title":"Contin\u00faa la siembra de soya transg\u00e9nica en Q. Roo","author":"grieta","date":"26 abril, 2016","format":false,"excerpt":"Sentencia de amparo no responde la anulaci\u00f3n del permiso que le otorgaron a Monsanto. Javier Ortiz\/SIPSE BACALAR, Q. Roo.- Tras a\u00f1o y medio de esperar resoluci\u00f3n del juez sexto de distrito, productores de ma\u00edz y apicultores de varias comunidades del municipio de Bacalar, se dijeron decepcionados, pues s\u00f3lo recibieron resoluci\u00f3n\u2026","rel":"","context":"En &quot;16. Pueblo Maya&quot;","block_context":{"text":"16. Pueblo Maya","link":"http:\/\/www.grieta.org.mx\/index.php\/category\/espejos-de-la-resistencia\/16-pueblo-maya\/"},"img":{"alt_text":"","src":"https:\/\/i0.wp.com\/www.grieta.org.mx\/wp-content\/uploads\/2018\/03\/14524434_1106112876131411_958039263622046936_o.jpg?resize=350%2C200","width":350,"height":200,"srcset":"https:\/\/i0.wp.com\/www.grieta.org.mx\/wp-content\/uploads\/2018\/03\/14524434_1106112876131411_958039263622046936_o.jpg?resize=350%2C200 1x, https:\/\/i0.wp.com\/www.grieta.org.mx\/wp-content\/uploads\/2018\/03\/14524434_1106112876131411_958039263622046936_o.jpg?resize=525%2C300 1.5x, https:\/\/i0.wp.com\/www.grieta.org.mx\/wp-content\/uploads\/2018\/03\/14524434_1106112876131411_958039263622046936_o.jpg?resize=700%2C400 2x"},"classes":[]},{"id":17435,"url":"http:\/\/www.grieta.org.mx\/index.php\/2016\/07\/20\/firmas-contra-transgenicos-campeche\/","url_meta":{"origin":12011,"position":3},"title":"Firmas contra transg\u00e9nicos (Campeche)","author":"grieta","date":"20 julio, 2016","format":false,"excerpt":"Ejidatarios de Iturbide, Hopelch\u00e9n, entregaron ayer documento con 540 firmas a la Comisi\u00f3n de Derechos Humanos del Estado de Campeche (Codhecam), en que rechazan la siembra de soya transg\u00e9nica, ya que la consideran da\u00f1ina para la salud y de inter\u00e9s exclusivo de menonitas. Los comisarios ejidal y municipal Abelardo Brice\u00f1o\u2026","rel":"","context":"En &quot;16. Pueblo Maya&quot;","block_context":{"text":"16. Pueblo Maya","link":"http:\/\/www.grieta.org.mx\/index.php\/category\/espejos-de-la-resistencia\/16-pueblo-maya\/"},"img":{"alt_text":"","src":"https:\/\/i0.wp.com\/www.grieta.org.mx\/wp-content\/uploads\/2018\/03\/14524434_1106112876131411_958039263622046936_o.jpg?resize=350%2C200","width":350,"height":200,"srcset":"https:\/\/i0.wp.com\/www.grieta.org.mx\/wp-content\/uploads\/2018\/03\/14524434_1106112876131411_958039263622046936_o.jpg?resize=350%2C200 1x, https:\/\/i0.wp.com\/www.grieta.org.mx\/wp-content\/uploads\/2018\/03\/14524434_1106112876131411_958039263622046936_o.jpg?resize=525%2C300 1.5x, https:\/\/i0.wp.com\/www.grieta.org.mx\/wp-content\/uploads\/2018\/03\/14524434_1106112876131411_958039263622046936_o.jpg?resize=700%2C400 2x"},"classes":[]},{"id":15367,"url":"http:\/\/www.grieta.org.mx\/index.php\/2016\/06\/19\/suspenden-a-monsanto-permiso-de-siembra-de-soya-modificada-en-yucatan\/","url_meta":{"origin":12011,"position":4},"title":"Suspenden a Monsanto permiso de siembra de soya modificada en Yucat\u00e1n","author":"grieta","date":"19 junio, 2016","format":false,"excerpt":"La trasnacional recibi\u00f3 el aviso de parte del sector agropecuario el pasado martes 14 de junio, luego de una resoluci\u00f3n de un juzgado con sede en Yucat\u00e1n; estim\u00f3 que habr\u00eda alrededor de 6 mil agricultores afectados. La empresa productora de semillas Monsanto inform\u00f3 que el pasado martes recibi\u00f3 una notificaci\u00f3n\u2026","rel":"","context":"En &quot;16. Pueblo Maya&quot;","block_context":{"text":"16. Pueblo Maya","link":"http:\/\/www.grieta.org.mx\/index.php\/category\/espejos-de-la-resistencia\/16-pueblo-maya\/"},"img":{"alt_text":"","src":"https:\/\/i0.wp.com\/www.grieta.org.mx\/wp-content\/uploads\/2018\/03\/14524434_1106112876131411_958039263622046936_o.jpg?resize=350%2C200","width":350,"height":200,"srcset":"https:\/\/i0.wp.com\/www.grieta.org.mx\/wp-content\/uploads\/2018\/03\/14524434_1106112876131411_958039263622046936_o.jpg?resize=350%2C200 1x, https:\/\/i0.wp.com\/www.grieta.org.mx\/wp-content\/uploads\/2018\/03\/14524434_1106112876131411_958039263622046936_o.jpg?resize=525%2C300 1.5x, https:\/\/i0.wp.com\/www.grieta.org.mx\/wp-content\/uploads\/2018\/03\/14524434_1106112876131411_958039263622046936_o.jpg?resize=700%2C400 2x"},"classes":[]},{"id":19369,"url":"http:\/\/www.grieta.org.mx\/index.php\/2016\/07\/30\/sagarpa-y-la-cdi-alientan-conflictos-campeche\/","url_meta":{"origin":12011,"position":5},"title":"Sagarpa y la CDI alientan conflictos (Campeche)","author":"grieta","date":"30 julio, 2016","format":false,"excerpt":"Habitantes de 27 comunidades mayas del municipio de Hopelch\u00e9n presentar\u00e1n pruebas documentales ante el Juzgado Segundo de Distrito, de las irregularidades que se est\u00e1n cometiendo en el proceso de consulta popular, en donde la Comisi\u00f3n Nacional para el Desarrollo de los Pueblos Ind\u00edgenas (CDI) y la Secretar\u00eda de Agricultura, Ganader\u00eda,\u2026","rel":"","context":"En &quot;16. Pueblo Maya&quot;","block_context":{"text":"16. Pueblo Maya","link":"http:\/\/www.grieta.org.mx\/index.php\/category\/espejos-de-la-resistencia\/16-pueblo-maya\/"},"img":{"alt_text":"","src":"https:\/\/i0.wp.com\/www.grieta.org.mx\/wp-content\/uploads\/2018\/03\/14524434_1106112876131411_958039263622046936_o.jpg?resize=350%2C200","width":350,"height":200,"srcset":"https:\/\/i0.wp.com\/www.grieta.org.mx\/wp-content\/uploads\/2018\/03\/14524434_1106112876131411_958039263622046936_o.jpg?resize=350%2C200 1x, https:\/\/i0.wp.com\/www.grieta.org.mx\/wp-content\/uploads\/2018\/03\/14524434_1106112876131411_958039263622046936_o.jpg?resize=525%2C300 1.5x, https:\/\/i0.wp.com\/www.grieta.org.mx\/wp-content\/uploads\/2018\/03\/14524434_1106112876131411_958039263622046936_o.jpg?resize=700%2C400 2x"},"classes":[]}],"_links":{"self":[{"href":"http:\/\/www.grieta.org.mx\/index.php\/wp-json\/wp\/v2\/posts\/12011","targetHints":{"allow":["GET"]}}],"collection":[{"href":"http:\/\/www.grieta.org.mx\/index.php\/wp-json\/wp\/v2\/posts"}],"about":[{"href":"http:\/\/www.grieta.org.mx\/index.php\/wp-json\/wp\/v2\/types\/post"}],"author":[{"embeddable":true,"href":"http:\/\/www.grieta.org.mx\/index.php\/wp-json\/wp\/v2\/users\/2"}],"replies":[{"embeddable":true,"href":"http:\/\/www.grieta.org.mx\/index.php\/wp-json\/wp\/v2\/comments?post=12011"}],"version-history":[{"count":1,"href":"http:\/\/www.grieta.org.mx\/index.php\/wp-json\/wp\/v2\/posts\/12011\/revisions"}],"predecessor-version":[{"id":12014,"href":"http:\/\/www.grieta.org.mx\/index.php\/wp-json\/wp\/v2\/posts\/12011\/revisions\/12014"}],"wp:featuredmedia":[{"embeddable":true,"href":"http:\/\/www.grieta.org.mx\/index.php\/wp-json\/wp\/v2\/media\/21928"}],"wp:attachment":[{"href":"http:\/\/www.grieta.org.mx\/index.php\/wp-json\/wp\/v2\/media?parent=12011"}],"wp:term":[{"taxonomy":"category","embeddable":true,"href":"http:\/\/www.grieta.org.mx\/index.php\/wp-json\/wp\/v2\/categories?post=12011"},{"taxonomy":"post_tag","embeddable":true,"href":"http:\/\/www.grieta.org.mx\/index.php\/wp-json\/wp\/v2\/tags?post=12011"}],"curies":[{"name":"wp","href":"https:\/\/api.w.org\/{rel}","templated":true}]}}