{"id":11998,"date":"2016-05-02T00:08:29","date_gmt":"2016-05-02T00:08:29","guid":{"rendered":"http:\/\/www.grieta.org.mx\/?p=11998"},"modified":"2016-05-09T00:14:51","modified_gmt":"2016-05-09T00:14:51","slug":"denuncian-despido-de-14-maestros-de-utt","status":"publish","type":"post","link":"http:\/\/www.grieta.org.mx\/index.php\/2016\/05\/02\/denuncian-despido-de-14-maestros-de-utt\/","title":{"rendered":"Denuncian despido de 14 maestros de UTT"},"content":{"rendered":"<figure id=\"attachment_12000\" aria-describedby=\"caption-attachment-12000\" style=\"width: 680px\" class=\"wp-caption aligncenter\"><img loading=\"lazy\" decoding=\"async\" data-attachment-id=\"12000\" data-permalink=\"http:\/\/www.grieta.org.mx\/index.php\/2016\/05\/02\/denuncian-despido-de-14-maestros-de-utt\/denuncian-despido-14-maestros-utt\/\" data-orig-file=\"http:\/\/www.grieta.org.mx\/wp-content\/uploads\/2016\/05\/Denuncian-despido-14-maestros-UTT.jpeg\" data-orig-size=\"1024,575\" data-comments-opened=\"0\" data-image-meta=\"{&quot;aperture&quot;:&quot;0&quot;,&quot;credit&quot;:&quot;&quot;,&quot;camera&quot;:&quot;&quot;,&quot;caption&quot;:&quot;&quot;,&quot;created_timestamp&quot;:&quot;0&quot;,&quot;copyright&quot;:&quot;&quot;,&quot;focal_length&quot;:&quot;0&quot;,&quot;iso&quot;:&quot;0&quot;,&quot;shutter_speed&quot;:&quot;0&quot;,&quot;title&quot;:&quot;&quot;,&quot;orientation&quot;:&quot;0&quot;}\" data-image-title=\"Denuncian-despido-14-maestros-UTT\" data-image-description=\"\" data-image-caption=\"&lt;p&gt;A los maestros despedidos, cada cuatrimestre les daban sus horas clase, lo que no sucedi\u00f3 para el periodo mayo-agosto. (El Siglo de Torre\u00f3n) &lt;\/p&gt;\n\" data-medium-file=\"http:\/\/www.grieta.org.mx\/wp-content\/uploads\/2016\/05\/Denuncian-despido-14-maestros-UTT-300x168.jpeg\" data-large-file=\"http:\/\/www.grieta.org.mx\/wp-content\/uploads\/2016\/05\/Denuncian-despido-14-maestros-UTT-1024x575.jpeg\" class=\"wp-image-12000\" src=\"http:\/\/www.grieta.org.mx\/wp-content\/uploads\/2016\/05\/Denuncian-despido-14-maestros-UTT-1024x575.jpeg\" alt=\"A los maestros despedidos, cada cuatrimestre les daban sus horas clase, lo que no sucedi\u00f3 para el periodo mayo-agosto. (El Siglo de Torre\u00f3n) \" width=\"680\" height=\"382\" srcset=\"http:\/\/www.grieta.org.mx\/wp-content\/uploads\/2016\/05\/Denuncian-despido-14-maestros-UTT.jpeg 1024w, http:\/\/www.grieta.org.mx\/wp-content\/uploads\/2016\/05\/Denuncian-despido-14-maestros-UTT-300x168.jpeg 300w, http:\/\/www.grieta.org.mx\/wp-content\/uploads\/2016\/05\/Denuncian-despido-14-maestros-UTT-768x431.jpeg 768w\" sizes=\"auto, (max-width: 680px) 100vw, 680px\" \/><figcaption id=\"caption-attachment-12000\" class=\"wp-caption-text\">A los maestros despedidos, cada cuatrimestre les daban sus horas clase, lo que no sucedi\u00f3 para el periodo mayo-agosto. (El Siglo de Torre\u00f3n)<\/figcaption><\/figure>\n<p><strong>TORRE\u00d3N, COAH.-<\/strong><\/p>\n<blockquote><p>La Universidad Tecnol\u00f3gica de Torre\u00f3n (UTT) despidi\u00f3 a 14 docentes por simpatizar con el Sindicato Democr\u00e1tico de Trabajadores de la UTT que se encuentra en proceso de registro, seg\u00fan denunciaron maestros que se manifestaron en las instalaciones de la Junta Local de Conciliaci\u00f3n y Arbitraje, hoy por la ma\u00f1ana. <\/p><\/blockquote>\n<p>&#8220;Fueron 14 profesores de asignatura, que son profesores que trabajan por horas y les condicionaron sus horas si pertenec\u00edan a su sindicato blanco, y como ellos no quisieron firmar, de la noche a la ma\u00f1ana les dicen que ya no hay horas para ellos y empiezan a contratar nuevo personal&#8221;, dijo Cuauht\u00e9moc de la Cruz, qui\u00e9n figura como secretario general del mencionado sindicato.<\/p>\n<p>Comenta que a los maestros despedidos, cada cuatrimestre les daban sus horas clase, lo que no sucedi\u00f3 para el periodo mayo-agosto.<\/p>\n<p>&#8220;Esto es una m\u00e1s del rector Ra\u00fal Mart\u00ednez Hern\u00e1ndez de su abuso de poder, prepotencia y nepotismo que est\u00e1 ejerciendo en la UTT&#8221;, aseguran.<\/p>\n<p>Poco despu\u00e9s de mediod\u00eda, las autoridades de la Junta Local de Conciliaci\u00f3n y Arbitraje solicitaron dialogar con los manifestantes para escucharlos y ver las alternativas de soluci\u00f3n.<\/p>\n<p><a href=\"https:\/\/www.elsiglodetorreon.com.mx\/noticia\/1220384.denuncian-despido-de-14-maestros-de-utt.html\" target=\"_blank\">https:\/\/www.elsiglodetorreon.com.mx\/noticia\/1220384.denuncian-despido-de-14-maestros-de-utt.html<\/a><\/p>\n","protected":false},"excerpt":{"rendered":"<p>TORRE\u00d3N, COAH.- La Universidad Tecnol\u00f3gica de Torre\u00f3n (UTT) despidi\u00f3 a 14 docentes por simpatizar con el Sindicato Democr\u00e1tico de Trabajadores de la UTT que se encuentra en proceso de registro, &hellip; <a href=\"http:\/\/www.grieta.org.mx\/index.php\/2016\/05\/02\/denuncian-despido-de-14-maestros-de-utt\/\" class=\"more-link\">Leer m\u00e1s<\/a><\/p>\n","protected":false},"author":2,"featured_media":21928,"comment_status":"closed","ping_status":"closed","sticky":false,"template":"","format":"standard","meta":{"ngg_post_thumbnail":0,"_jetpack_newsletter_access":"","_jetpack_dont_email_post_to_subs":false,"_jetpack_newsletter_tier_id":0,"_jetpack_memberships_contains_paywalled_content":false,"_jetpack_memberships_contains_paid_content":false,"footnotes":""},"categories":[80],"tags":[163,133,183,378],"class_list":["post-11998","post","type-post","status-publish","format-standard","has-post-thumbnail","hentry","category-cintillo","tag-despidos","tag-maestros","tag-manifestacion","tag-sindicatos","entry"],"jetpack_featured_media_url":"http:\/\/www.grieta.org.mx\/wp-content\/uploads\/2018\/03\/14524434_1106112876131411_958039263622046936_o.jpg","jetpack_sharing_enabled":true,"jetpack_shortlink":"https:\/\/wp.me\/p7ZJR4-37w","jetpack_likes_enabled":false,"jetpack-related-posts":[{"id":3029,"url":"http:\/\/www.grieta.org.mx\/index.php\/2016\/02\/17\/maestros-rechazan-sindicato-blanco-en-utt\/","url_meta":{"origin":11998,"position":0},"title":"Maestros rechazan sindicato \u2018blanco\u2019 en UTT","author":"grieta","date":"17 febrero, 2016","format":false,"excerpt":"TORRE\u00d3N, COAH.- Docentes se manifestaron a las afueras de la rector\u00eda de la Universidad Tecnol\u00f3gica de Torre\u00f3n (UTT) para denunciar el rechazo a la conformaci\u00f3n de un sindicato \u201cblanco\u201d, promovido por las autoridades del plantel y para pedir la restituci\u00f3n de cinco de sus compa\u00f1eros . La manifestaci\u00f3n comenz\u00f3 poco\u2026","rel":"","context":"En &quot;CINTILLO&quot;","block_context":{"text":"CINTILLO","link":"http:\/\/www.grieta.org.mx\/index.php\/category\/cintillo\/"},"img":{"alt_text":"","src":"https:\/\/i0.wp.com\/www.grieta.org.mx\/wp-content\/uploads\/2018\/03\/14524434_1106112876131411_958039263622046936_o.jpg?resize=350%2C200","width":350,"height":200,"srcset":"https:\/\/i0.wp.com\/www.grieta.org.mx\/wp-content\/uploads\/2018\/03\/14524434_1106112876131411_958039263622046936_o.jpg?resize=350%2C200 1x, https:\/\/i0.wp.com\/www.grieta.org.mx\/wp-content\/uploads\/2018\/03\/14524434_1106112876131411_958039263622046936_o.jpg?resize=525%2C300 1.5x, https:\/\/i0.wp.com\/www.grieta.org.mx\/wp-content\/uploads\/2018\/03\/14524434_1106112876131411_958039263622046936_o.jpg?resize=700%2C400 2x"},"classes":[]},{"id":6641,"url":"http:\/\/www.grieta.org.mx\/index.php\/2016\/09\/11\/reforma-educativa-y-evaluacion-al-desempeno-en-coahuila\/","url_meta":{"origin":11998,"position":1},"title":"Movilizaciones contra la Reforma educativa y evaluaci\u00f3n magisterial en Coahuila","author":"grieta","date":"11 septiembre, 2016","format":false,"excerpt":"11\/09\/16. Ser\u00e1 voluntaria en Coahuila la evaluaci\u00f3n docente Vanguardia 26\/07\/16. Marchan maestros de G\u00f3mez Palacio a Torre\u00f3n GalaTv Laguna 20\/07\/16. Maestros \u2018toman\u2019 caseta (Torre\u00f3n) El Siglo de Torre\u00f3n 12\/07\/16. Maestros toman caseta de autopista a Saltillo El Sampetrino 07\/07\/16. Marchan maestros de Matamoros contra Reforma Educativa El Siglo de Torre\u00f3n\u2026","rel":"","context":"En &quot;Coahuila&quot;","block_context":{"text":"Coahuila","link":"http:\/\/www.grieta.org.mx\/index.php\/category\/noticias-nacionales\/coahuila\/"},"img":{"alt_text":"","src":"https:\/\/i0.wp.com\/www.grieta.org.mx\/wp-content\/uploads\/2018\/03\/14524434_1106112876131411_958039263622046936_o.jpg?resize=350%2C200","width":350,"height":200,"srcset":"https:\/\/i0.wp.com\/www.grieta.org.mx\/wp-content\/uploads\/2018\/03\/14524434_1106112876131411_958039263622046936_o.jpg?resize=350%2C200 1x, https:\/\/i0.wp.com\/www.grieta.org.mx\/wp-content\/uploads\/2018\/03\/14524434_1106112876131411_958039263622046936_o.jpg?resize=525%2C300 1.5x, https:\/\/i0.wp.com\/www.grieta.org.mx\/wp-content\/uploads\/2018\/03\/14524434_1106112876131411_958039263622046936_o.jpg?resize=700%2C400 2x"},"classes":[]},{"id":14915,"url":"http:\/\/www.grieta.org.mx\/index.php\/2016\/06\/23\/marchan-maestros-de-la-laguna-en-apoyo-a-docentes-de-oaxaca\/","url_meta":{"origin":11998,"position":2},"title":"Los maestros laguneros se unen a las protestas","author":"grieta","date":"23 junio, 2016","format":false,"excerpt":"TORRE\u00d3N, COAH.- Maestros de la Comarca Lagunera realizaron una movilizaci\u00f3n masiva en contra de la Reforma Educativa, ayer mi\u00e9rcoles por la tarde. Fue a las 18:00 horas que docentes de la Laguna de Durango se reunieron frente al museo Francisco Sarabia de Ciudad Lerdo, desde ah\u00ed marcharon por el bulevar\u2026","rel":"","context":"En &quot;CINTILLO&quot;","block_context":{"text":"CINTILLO","link":"http:\/\/www.grieta.org.mx\/index.php\/category\/cintillo\/"},"img":{"alt_text":"","src":"https:\/\/i0.wp.com\/www.grieta.org.mx\/wp-content\/uploads\/2018\/03\/14524434_1106112876131411_958039263622046936_o.jpg?resize=350%2C200","width":350,"height":200,"srcset":"https:\/\/i0.wp.com\/www.grieta.org.mx\/wp-content\/uploads\/2018\/03\/14524434_1106112876131411_958039263622046936_o.jpg?resize=350%2C200 1x, https:\/\/i0.wp.com\/www.grieta.org.mx\/wp-content\/uploads\/2018\/03\/14524434_1106112876131411_958039263622046936_o.jpg?resize=525%2C300 1.5x, https:\/\/i0.wp.com\/www.grieta.org.mx\/wp-content\/uploads\/2018\/03\/14524434_1106112876131411_958039263622046936_o.jpg?resize=700%2C400 2x"},"classes":[]},{"id":6715,"url":"http:\/\/www.grieta.org.mx\/index.php\/2016\/09\/13\/conflictos-laborales-en-coahuila\/","url_meta":{"origin":11998,"position":3},"title":"Conflictos laborales en Coahuila","author":"grieta","date":"13 septiembre, 2016","format":false,"excerpt":"Alba\u00f1iles que construyen CEFERESO en Coahuila paran labores 12\/09\/16. Sigue el mal trato a alba\u00f1iles en Cefereso; no tienen servicio m\u00e9dico Vanguardia 02\/09\/16. Alba\u00f1iles levantan los muros del CEFERESO, desde su propia c\u00e1rcel Vanguardia Paran trabajadores de limpieza en Saltillo 13\/09\/16. Sin funcionar 30% de camiones de la basura El\u2026","rel":"","context":"En &quot;Coahuila&quot;","block_context":{"text":"Coahuila","link":"http:\/\/www.grieta.org.mx\/index.php\/category\/noticias-nacionales\/coahuila\/"},"img":{"alt_text":"","src":"https:\/\/i0.wp.com\/www.grieta.org.mx\/wp-content\/uploads\/2018\/03\/14524434_1106112876131411_958039263622046936_o.jpg?resize=350%2C200","width":350,"height":200,"srcset":"https:\/\/i0.wp.com\/www.grieta.org.mx\/wp-content\/uploads\/2018\/03\/14524434_1106112876131411_958039263622046936_o.jpg?resize=350%2C200 1x, https:\/\/i0.wp.com\/www.grieta.org.mx\/wp-content\/uploads\/2018\/03\/14524434_1106112876131411_958039263622046936_o.jpg?resize=525%2C300 1.5x, https:\/\/i0.wp.com\/www.grieta.org.mx\/wp-content\/uploads\/2018\/03\/14524434_1106112876131411_958039263622046936_o.jpg?resize=700%2C400 2x"},"classes":[]},{"id":14925,"url":"http:\/\/www.grieta.org.mx\/index.php\/2016\/06\/22\/se-solidariza-saltillo-con-profesores-en-oaxaca\/","url_meta":{"origin":11998,"position":4},"title":"Se solidariza Saltillo con profesores en Oaxaca","author":"grieta","date":"22 junio, 2016","format":false,"excerpt":"SALTILLO, COAH.- M\u00e1s de 2 mil personas tomaron las calles principales calles de Saltillo para pedir que se detenga la represi\u00f3n de maestros en Oaxaca. \"Fuera Pe\u00f1a y los Moreira\", \"somos maestros y apoyamos a nuestros compa\u00f1eros de Oaxaca\", \"Alto a la masacre\" y \"\u00bfLa reforma educativa va a caer?\"\u2026","rel":"","context":"En &quot;CINTILLO&quot;","block_context":{"text":"CINTILLO","link":"http:\/\/www.grieta.org.mx\/index.php\/category\/cintillo\/"},"img":{"alt_text":"","src":"https:\/\/i0.wp.com\/www.grieta.org.mx\/wp-content\/uploads\/2018\/03\/14524434_1106112876131411_958039263622046936_o.jpg?resize=350%2C200","width":350,"height":200,"srcset":"https:\/\/i0.wp.com\/www.grieta.org.mx\/wp-content\/uploads\/2018\/03\/14524434_1106112876131411_958039263622046936_o.jpg?resize=350%2C200 1x, https:\/\/i0.wp.com\/www.grieta.org.mx\/wp-content\/uploads\/2018\/03\/14524434_1106112876131411_958039263622046936_o.jpg?resize=525%2C300 1.5x, https:\/\/i0.wp.com\/www.grieta.org.mx\/wp-content\/uploads\/2018\/03\/14524434_1106112876131411_958039263622046936_o.jpg?resize=700%2C400 2x"},"classes":[]},{"id":6518,"url":"http:\/\/www.grieta.org.mx\/index.php\/2015\/12\/22\/protestan-maestros-del-sitet-cecyte-y-utt-contra-nueva-ley-del-isset\/","url_meta":{"origin":11998,"position":5},"title":"Protestan maestros del SITET, Cecyte y UTT contra nueva ley del ISSET","author":"grieta","date":"22 diciembre, 2015","format":false,"excerpt":"Yazm\u00edn Ruiz de la Cruz Maestros adheridos a diferentes sindicatos como el Independiente de Trabajadores de la Educaci\u00f3n (SITET), de Universidad Tecnol\u00f3gica de Tabasco, del Consejo de Estudios Cient\u00edficos y Tecnol\u00f3gicos de Tabasco se manifestaron frente al Congreso del Estado en rechazo a la reforma a la Ley del Instituto\u2026","rel":"","context":"En &quot;CINTILLO&quot;","block_context":{"text":"CINTILLO","link":"http:\/\/www.grieta.org.mx\/index.php\/category\/cintillo\/"},"img":{"alt_text":"","src":"https:\/\/i0.wp.com\/www.grieta.org.mx\/wp-content\/uploads\/2018\/03\/14524434_1106112876131411_958039263622046936_o.jpg?resize=350%2C200","width":350,"height":200,"srcset":"https:\/\/i0.wp.com\/www.grieta.org.mx\/wp-content\/uploads\/2018\/03\/14524434_1106112876131411_958039263622046936_o.jpg?resize=350%2C200 1x, https:\/\/i0.wp.com\/www.grieta.org.mx\/wp-content\/uploads\/2018\/03\/14524434_1106112876131411_958039263622046936_o.jpg?resize=525%2C300 1.5x, https:\/\/i0.wp.com\/www.grieta.org.mx\/wp-content\/uploads\/2018\/03\/14524434_1106112876131411_958039263622046936_o.jpg?resize=700%2C400 2x"},"classes":[]}],"_links":{"self":[{"href":"http:\/\/www.grieta.org.mx\/index.php\/wp-json\/wp\/v2\/posts\/11998","targetHints":{"allow":["GET"]}}],"collection":[{"href":"http:\/\/www.grieta.org.mx\/index.php\/wp-json\/wp\/v2\/posts"}],"about":[{"href":"http:\/\/www.grieta.org.mx\/index.php\/wp-json\/wp\/v2\/types\/post"}],"author":[{"embeddable":true,"href":"http:\/\/www.grieta.org.mx\/index.php\/wp-json\/wp\/v2\/users\/2"}],"replies":[{"embeddable":true,"href":"http:\/\/www.grieta.org.mx\/index.php\/wp-json\/wp\/v2\/comments?post=11998"}],"version-history":[{"count":1,"href":"http:\/\/www.grieta.org.mx\/index.php\/wp-json\/wp\/v2\/posts\/11998\/revisions"}],"predecessor-version":[{"id":12001,"href":"http:\/\/www.grieta.org.mx\/index.php\/wp-json\/wp\/v2\/posts\/11998\/revisions\/12001"}],"wp:featuredmedia":[{"embeddable":true,"href":"http:\/\/www.grieta.org.mx\/index.php\/wp-json\/wp\/v2\/media\/21928"}],"wp:attachment":[{"href":"http:\/\/www.grieta.org.mx\/index.php\/wp-json\/wp\/v2\/media?parent=11998"}],"wp:term":[{"taxonomy":"category","embeddable":true,"href":"http:\/\/www.grieta.org.mx\/index.php\/wp-json\/wp\/v2\/categories?post=11998"},{"taxonomy":"post_tag","embeddable":true,"href":"http:\/\/www.grieta.org.mx\/index.php\/wp-json\/wp\/v2\/tags?post=11998"}],"curies":[{"name":"wp","href":"https:\/\/api.w.org\/{rel}","templated":true}]}}