{"id":11963,"date":"2016-05-06T02:57:41","date_gmt":"2016-05-06T02:57:41","guid":{"rendered":"http:\/\/www.grieta.org.mx\/?p=11963"},"modified":"2018-04-11T12:09:34","modified_gmt":"2018-04-11T17:09:34","slug":"evya-despide-a-mas-de-3000-trabajadores-sin-liquidacion","status":"publish","type":"post","link":"http:\/\/www.grieta.org.mx\/index.php\/2016\/05\/06\/evya-despide-a-mas-de-3000-trabajadores-sin-liquidacion\/","title":{"rendered":"Evya despide a m\u00e1s de 3,000 trabajadores, sin liquidaci\u00f3n"},"content":{"rendered":"<p>Por Ronny Aguilar<\/p>\n<p>CIUDAD DEL CARMEN, Cam. 5 de mayo del 2016.- Jes\u00fas S\u00e1nchez L\u00f3pez, ex trabajador de la empresa prestadora de servicios a Pemex, denominada Representaciones y Distribuciones Evya S.A. de C.V., revela que esta compa\u00f1\u00eda sigue sin pagar liquidaciones a los despedidos, se\u00f1al\u00f3 que usa estrategias para cansar a los trabajadores, tales como cheques sin fondos y aparentes avances para que pase el tiempo de ley para demandar, y asegur\u00f3 que son cerca de tres mil los que est\u00e1n en las mismas circunstancias.<\/p>\n<p>La empresa, mejor conocida como Evya solamente, fundada por los hermanos Francisco, Luis y Roberto Camargo Salinas, en 1991, Co.Registration No. RDE-911219-498, como una Sociedad An\u00f3nima de Capital Variable, lleg\u00f3 a ser una de las prestadoras de servicio petroleros m\u00e1s grandes del pa\u00eds, sin embargo, su historia se asemeja a la Oceanograf\u00eda.<\/p>\n<p>Despu\u00e9s de que el lunes 14 de abril del 2014, se diera a conocer un desfalco a Banamex por 30 millones de d\u00f3lares, de ah\u00ed a la fecha todo fue descenso y con la fallida Reforma Energ\u00e9tica del pri\u00edsta Enrique Pe\u00f1a Nieto y la baja en los precios del crudo en el mundo, el desplome fue r\u00e1pido y los despidos no se hicieron esperar.<\/p>\n<p>La empresa se presenta a s\u00ed misma como prestadora de \u201cServicios de ingenier\u00eda, dise\u00f1o, construcci\u00f3n y mantenimiento a instalaciones y equipo para la industria petrolera, tanto en tierra, como costa. Principalmente en plataformas petroleras y helipuertos para Pemex\u201d, pero hoy, la ex paraestatal est\u00e1 desmantelada y colateralmente, Evya de igual forma, lo que signific\u00f3 para la Isla de Carmen una p\u00e9rdida importante de empleos, pues su sede estaba aqu\u00ed.<\/p>\n<p>Se entrevist\u00f3 a uno de los empleados despedidos de la empresa prestadora de servidos, quien despu\u00e9s de m\u00e1s de nueve meses de ser empleado, a\u00fan no ha sido resarcido por el tiempo que trabaj\u00f3 en la empresa, algo similar al caso de Oceanograf\u00eda.<\/p>\n<p>Jes\u00fas Sanchez L\u00f3pez se\u00f1al\u00f3 que trabaj\u00f3 de noviembre de 2014 hasta julio de 2015 para la empresa, y de manera injustificada, un d\u00eda le dijeron que ya no trabajaba m\u00e1s para ellos y solo le dieron de baja y ya.<\/p>\n<p>\u201cLlego y me dicen que vaya por mi finiquito y cuando fui a Recursos Humanos a recoger lo de mi finiquito, me dicen que tengo que pasar por un proceso y ya pasaron nueve meses y nada m\u00e1s no me dan nada\u201d, expres\u00f3.<\/p>\n<p>Manifest\u00f3 que la empresa Evya ha estado dando cheques sin fondos a los empleados que acuden a buscar sus finiquitos, como una forma de tranquilizar moment\u00e1neamente los \u00e1nimos, pero con ello s\u00f3lo pospone la problem\u00e1tica.<\/p>\n<p>\u201cMe entregaron un cheque, hace tres meses, pero me lo rebot\u00f3 el banco y no soy el \u00fanico al que le han rebotado el cheque, hay mucha gente en la misma circunstancia, cuando me rebota el banco, yo se los muestro y lo ven y me lo piden, y ya no me lo devuelven, me dicen que me lo iban a reimprimir, me lo reimprimieron, pero me dijeron que no me lo daban, porque ya mejor lo iban a cambiar a otra cuenta, solo que en M\u00e9xico no les han liberado, que yo hablara por tel\u00e9fono para que me avisen, pero cada que llamas, te dicen que no han liberado\u201d, mencion\u00f3.<\/p>\n<p>Dio a conocer que la empresa trata de que no se pongan las demandas por despido injustificado, llegando a acuerdos con los trabajadores, que no cumple pasado el tiempo de ley para denunciar.<\/p>\n<p>\u201cDe hecho, te enga\u00f1an, te dicen que te pagan el finiquito, que ellos no pagan liquidaci\u00f3n, pero no te dan nada, te hablan y te dicen que si te van a pagar, pero es para que dejen pasar los 60 d\u00edas que marca la ley y luego pierdes tus derechos a demandar, primero el acercamiento y luego ya no hay nada\u201d, agreg\u00f3.<\/p>\n<p>Dijo que no sabe a ciencia cierta cu\u00e1ntos empleados hay despedidos por esta empresa, calcula que son alrededor de tres mil personas en su misma circunstancia, y abund\u00f3 que cada que se acerca a derechos humanos, hay decenas en la misma circunstancia que \u00e9l y siempre les dicen exactamente lo mismo.<\/p>\n<p>\u201cSiempre te dicen ahora les atendemos, he ido a las ocho de la ma\u00f1ana, a las 11, a la una, a las tres, nunca te atienden, eso si te piden tu credencial, pero a algunos se la quitan y ya no se las dan yo aqu\u00ed tengo la m\u00eda, no se las doy\u201d, expuso.<\/p>\n<p>Puntualiz\u00f3 que aunque s\u00f3lo dur\u00f3 ocho meses trabajando para Evya, aun as\u00ed lo que le corresponde de ley como finiquito, no se lo van a pagar, lo mismo a los trabajadores con m\u00e1s tiempo.<\/p>\n<p>\u201cMe corresponde por ley dos meses de salario y proporcional a vacaciones y seg\u00fan mi tabulador, no me est\u00e1n dando lo correcto, me est\u00e1 tocando 10 mil 500 pesos, pero bueno, nada m\u00e1s me traen dando vueltas\u201d, concluy\u00f3.<\/p>\n<p><a href=\"http:\/\/paginabierta.mx\/sitio\/evya-despide-a-mas-de-3000-trabajadores-sin-liquidacion\/\" target=\"_blank\">http:\/\/paginabierta.mx\/sitio\/evya-despide-a-mas-de-3000-trabajadores-sin-liquidacion\/<\/a><\/p>\n","protected":false},"excerpt":{"rendered":"<p>Por Ronny Aguilar CIUDAD DEL CARMEN, Cam. 5 de mayo del 2016.- Jes\u00fas S\u00e1nchez L\u00f3pez, ex trabajador de la empresa prestadora de servicios a Pemex, denominada Representaciones y Distribuciones Evya &hellip; <a href=\"http:\/\/www.grieta.org.mx\/index.php\/2016\/05\/06\/evya-despide-a-mas-de-3000-trabajadores-sin-liquidacion\/\" class=\"more-link\">Leer m\u00e1s<\/a><\/p>\n","protected":false},"author":2,"featured_media":21928,"comment_status":"closed","ping_status":"closed","sticky":false,"template":"","format":"standard","meta":{"ngg_post_thumbnail":0,"_jetpack_newsletter_access":"","_jetpack_dont_email_post_to_subs":false,"_jetpack_newsletter_tier_id":0,"_jetpack_memberships_contains_paywalled_content":false,"_jetpack_memberships_contains_paid_content":false,"footnotes":""},"categories":[11,123,80,1040],"tags":[113],"class_list":{"0":"post-11963","1":"post","2":"type-post","3":"status-publish","4":"format-standard","5":"has-post-thumbnail","6":"hentry","7":"category-campeche","9":"category-cintillo","10":"category-conflictos-laborales-en-campeche","11":"tag-conflictos-laborales","12":"entry"},"jetpack_featured_media_url":"http:\/\/www.grieta.org.mx\/wp-content\/uploads\/2018\/03\/14524434_1106112876131411_958039263622046936_o.jpg","jetpack_sharing_enabled":true,"jetpack_shortlink":"https:\/\/wp.me\/p7ZJR4-36X","jetpack_likes_enabled":false,"jetpack-related-posts":[{"id":9598,"url":"http:\/\/www.grieta.org.mx\/index.php\/2016\/09\/10\/conflictos-laborales-en-campeche\/","url_meta":{"origin":11963,"position":0},"title":"Conflictos laborales en Campeche","author":"grieta","date":"10 septiembre, 2016","format":false,"excerpt":"10\/09\/16. Despiden a obreros de PASA por protestar (Campeche) Tribuna 09\/09\/16. Jubilados exigen pago de bonos (Campeche) Tribuna 06\/09\/16. Paran otra vez los polic\u00edas; sin bono (Campeche) Tribuna 30\/08\/16. Bloquean Planta de Nitr\u00f3geno Cantarell (Campeche) Tribuna 20\/08\/16. Paralizan labores en Cobacam (Campeche) Tribuna 12\/08\/16. Plantean demandas empleados del INAH (Campeche)\u2026","rel":"","context":"En &quot;Campeche&quot;","block_context":{"text":"Campeche","link":"http:\/\/www.grieta.org.mx\/index.php\/category\/noticias-nacionales\/campeche\/"},"img":{"alt_text":"","src":"https:\/\/i0.wp.com\/www.grieta.org.mx\/wp-content\/uploads\/2018\/03\/14524434_1106112876131411_958039263622046936_o.jpg?resize=350%2C200","width":350,"height":200,"srcset":"https:\/\/i0.wp.com\/www.grieta.org.mx\/wp-content\/uploads\/2018\/03\/14524434_1106112876131411_958039263622046936_o.jpg?resize=350%2C200 1x, https:\/\/i0.wp.com\/www.grieta.org.mx\/wp-content\/uploads\/2018\/03\/14524434_1106112876131411_958039263622046936_o.jpg?resize=525%2C300 1.5x, https:\/\/i0.wp.com\/www.grieta.org.mx\/wp-content\/uploads\/2018\/03\/14524434_1106112876131411_958039263622046936_o.jpg?resize=700%2C400 2x"},"classes":[]},{"id":12341,"url":"http:\/\/www.grieta.org.mx\/index.php\/2016\/05\/13\/emplazan-a-huelga-a-evya-viola-contrato-campeche\/","url_meta":{"origin":11963,"position":1},"title":"Emplazan a huelga a Evya; viola contrato  (Campeche)","author":"grieta","date":"13 mayo, 2016","format":false,"excerpt":"Carmen,Campeche Por no cumplir el contrato colectivo de trabajo y como medida de presi\u00f3n para que les sean respetadas las cl\u00e1usulas firmadas en 2011, integrantes del Sindicato de Trabajadores de Soldadura y Estructuras emplazaron a huelga a Evya. Los inconformes llegaron a las 10 de la ma\u00f1ana a la calle\u2026","rel":"","context":"En &quot;Campeche&quot;","block_context":{"text":"Campeche","link":"http:\/\/www.grieta.org.mx\/index.php\/category\/noticias-nacionales\/campeche\/"},"img":{"alt_text":"","src":"https:\/\/i0.wp.com\/www.grieta.org.mx\/wp-content\/uploads\/2018\/03\/14524434_1106112876131411_958039263622046936_o.jpg?resize=350%2C200","width":350,"height":200,"srcset":"https:\/\/i0.wp.com\/www.grieta.org.mx\/wp-content\/uploads\/2018\/03\/14524434_1106112876131411_958039263622046936_o.jpg?resize=350%2C200 1x, https:\/\/i0.wp.com\/www.grieta.org.mx\/wp-content\/uploads\/2018\/03\/14524434_1106112876131411_958039263622046936_o.jpg?resize=525%2C300 1.5x, https:\/\/i0.wp.com\/www.grieta.org.mx\/wp-content\/uploads\/2018\/03\/14524434_1106112876131411_958039263622046936_o.jpg?resize=700%2C400 2x"},"classes":[]},{"id":9746,"url":"http:\/\/www.grieta.org.mx\/index.php\/2016\/04\/01\/estallan-protestas-de-ex-trabajadores-y-obreros-contra-evya-en-paraiso\/","url_meta":{"origin":11963,"position":2},"title":"Estallan protestas de ex trabajadores y obreros contra Evya en Para\u00edso","author":"grieta","date":"1 abril, 2016","format":false,"excerpt":"DANIEL H. REYES VILLAHERMOSA, TABASCO. Decenas de ex trabajadores y obreros en activo de la empresa Evya, una de las compa\u00f1\u00edas contratistas de Petr\u00f3leos Mexicanos (PEMEX), se manifestaron este viernes en Para\u00edso. Evya se dedica a la prestaci\u00f3n de diversos servicios como arquitectura, telecomunicaciones, electricidad, mantenimiento a instalaciones terrestres y\u2026","rel":"","context":"En &quot;CINTILLO&quot;","block_context":{"text":"CINTILLO","link":"http:\/\/www.grieta.org.mx\/index.php\/category\/cintillo\/"},"img":{"alt_text":"","src":"https:\/\/i0.wp.com\/www.grieta.org.mx\/wp-content\/uploads\/2018\/03\/14524434_1106112876131411_958039263622046936_o.jpg?resize=350%2C200","width":350,"height":200,"srcset":"https:\/\/i0.wp.com\/www.grieta.org.mx\/wp-content\/uploads\/2018\/03\/14524434_1106112876131411_958039263622046936_o.jpg?resize=350%2C200 1x, https:\/\/i0.wp.com\/www.grieta.org.mx\/wp-content\/uploads\/2018\/03\/14524434_1106112876131411_958039263622046936_o.jpg?resize=525%2C300 1.5x, https:\/\/i0.wp.com\/www.grieta.org.mx\/wp-content\/uploads\/2018\/03\/14524434_1106112876131411_958039263622046936_o.jpg?resize=700%2C400 2x"},"classes":[]},{"id":20630,"url":"http:\/\/www.grieta.org.mx\/index.php\/2016\/07\/27\/conflictos-laborales-de-empleados-de-pemex-e-industrias-contratistas-en-tabasco\/","url_meta":{"origin":11963,"position":3},"title":"Conflictos laborales de empleados de Pemex e industrias contratistas en Tabasco","author":"grieta","date":"27 julio, 2016","format":false,"excerpt":"27\/07\/16. Ex trabajadores cierran instalaciones de EVYA en Para\u00edsoDiario Presente 08\/04\/16. Corre compa\u00f1\u00eda a 800 obreros; bloquean APITabasco Hoy 01\/04\/16. Estallan protestas de ex trabajadores y obreros contra Evya en Para\u00edsoReporteros del Sur 29\/03\/16. Crisis petrolera: M\u00e1s de 13 mil despedidos en TabascoProceso 30\/10\/15. Arman protesta; exigen pago a contratista\u2026","rel":"","context":"En &quot;NOTICIAS NACIONALES&quot;","block_context":{"text":"NOTICIAS NACIONALES","link":"http:\/\/www.grieta.org.mx\/index.php\/category\/noticias-nacionales\/"},"img":{"alt_text":"","src":"https:\/\/i0.wp.com\/www.grieta.org.mx\/wp-content\/uploads\/2018\/03\/14524434_1106112876131411_958039263622046936_o.jpg?resize=350%2C200","width":350,"height":200,"srcset":"https:\/\/i0.wp.com\/www.grieta.org.mx\/wp-content\/uploads\/2018\/03\/14524434_1106112876131411_958039263622046936_o.jpg?resize=350%2C200 1x, https:\/\/i0.wp.com\/www.grieta.org.mx\/wp-content\/uploads\/2018\/03\/14524434_1106112876131411_958039263622046936_o.jpg?resize=525%2C300 1.5x, https:\/\/i0.wp.com\/www.grieta.org.mx\/wp-content\/uploads\/2018\/03\/14524434_1106112876131411_958039263622046936_o.jpg?resize=700%2C400 2x"},"classes":[]},{"id":18028,"url":"http:\/\/www.grieta.org.mx\/index.php\/2016\/07\/27\/ex-trabajadores-cierran-instalaciones-de-evya-en-paraiso\/","url_meta":{"origin":11963,"position":4},"title":"Ex trabajadores cierran instalaciones de EVYA en Para\u00edso","author":"grieta","date":"27 julio, 2016","format":false,"excerpt":"Mario Le\u00f3n M\u00e1s de 100 ex trabajadores de la empresa Especialistas en Vidrios y aluminios (EVYA) decidieron cerrarles las instalaciones tanto en las oficinas centrales de la cabecera municipal como el acceso en la terminal de Administraci\u00f3n Portuaria Integral de Dos Bocas, desde hace tres meses los viene enga\u00f1ando, el\u2026","rel":"","context":"En &quot;CINTILLO&quot;","block_context":{"text":"CINTILLO","link":"http:\/\/www.grieta.org.mx\/index.php\/category\/cintillo\/"},"img":{"alt_text":"","src":"https:\/\/i0.wp.com\/www.grieta.org.mx\/wp-content\/uploads\/2018\/03\/14524434_1106112876131411_958039263622046936_o.jpg?resize=350%2C200","width":350,"height":200,"srcset":"https:\/\/i0.wp.com\/www.grieta.org.mx\/wp-content\/uploads\/2018\/03\/14524434_1106112876131411_958039263622046936_o.jpg?resize=350%2C200 1x, https:\/\/i0.wp.com\/www.grieta.org.mx\/wp-content\/uploads\/2018\/03\/14524434_1106112876131411_958039263622046936_o.jpg?resize=525%2C300 1.5x, https:\/\/i0.wp.com\/www.grieta.org.mx\/wp-content\/uploads\/2018\/03\/14524434_1106112876131411_958039263622046936_o.jpg?resize=700%2C400 2x"},"classes":[]},{"id":10148,"url":"http:\/\/www.grieta.org.mx\/index.php\/2016\/04\/08\/corre-compania-a-800-obreros-bloquean-api\/","url_meta":{"origin":11963,"position":5},"title":"Corre compa\u00f1\u00eda a 800 obreros; bloquean API","author":"grieta","date":"8 abril, 2016","format":false,"excerpt":"Luis Rub\u00e9n L\u00f3pez - A falta de contratos, empresa EVYA no puede sostener la plantilla laboral y despide personal desde noviembre. 08\/04\/2016 05:07 \/ Para\u00edso, Tabasco Alrededor de 800 ex trabajadores de l a compa\u00f1\u00eda Especialista en Vidrios y Aluminio (EVYA) se volvieron manifestar, paralizando los trabajos de esta empresa\u2026","rel":"","context":"En &quot;CINTILLO&quot;","block_context":{"text":"CINTILLO","link":"http:\/\/www.grieta.org.mx\/index.php\/category\/cintillo\/"},"img":{"alt_text":"","src":"https:\/\/i0.wp.com\/www.grieta.org.mx\/wp-content\/uploads\/2018\/03\/14524434_1106112876131411_958039263622046936_o.jpg?resize=350%2C200","width":350,"height":200,"srcset":"https:\/\/i0.wp.com\/www.grieta.org.mx\/wp-content\/uploads\/2018\/03\/14524434_1106112876131411_958039263622046936_o.jpg?resize=350%2C200 1x, https:\/\/i0.wp.com\/www.grieta.org.mx\/wp-content\/uploads\/2018\/03\/14524434_1106112876131411_958039263622046936_o.jpg?resize=525%2C300 1.5x, https:\/\/i0.wp.com\/www.grieta.org.mx\/wp-content\/uploads\/2018\/03\/14524434_1106112876131411_958039263622046936_o.jpg?resize=700%2C400 2x"},"classes":[]}],"_links":{"self":[{"href":"http:\/\/www.grieta.org.mx\/index.php\/wp-json\/wp\/v2\/posts\/11963","targetHints":{"allow":["GET"]}}],"collection":[{"href":"http:\/\/www.grieta.org.mx\/index.php\/wp-json\/wp\/v2\/posts"}],"about":[{"href":"http:\/\/www.grieta.org.mx\/index.php\/wp-json\/wp\/v2\/types\/post"}],"author":[{"embeddable":true,"href":"http:\/\/www.grieta.org.mx\/index.php\/wp-json\/wp\/v2\/users\/2"}],"replies":[{"embeddable":true,"href":"http:\/\/www.grieta.org.mx\/index.php\/wp-json\/wp\/v2\/comments?post=11963"}],"version-history":[{"count":1,"href":"http:\/\/www.grieta.org.mx\/index.php\/wp-json\/wp\/v2\/posts\/11963\/revisions"}],"predecessor-version":[{"id":11964,"href":"http:\/\/www.grieta.org.mx\/index.php\/wp-json\/wp\/v2\/posts\/11963\/revisions\/11964"}],"wp:featuredmedia":[{"embeddable":true,"href":"http:\/\/www.grieta.org.mx\/index.php\/wp-json\/wp\/v2\/media\/21928"}],"wp:attachment":[{"href":"http:\/\/www.grieta.org.mx\/index.php\/wp-json\/wp\/v2\/media?parent=11963"}],"wp:term":[{"taxonomy":"category","embeddable":true,"href":"http:\/\/www.grieta.org.mx\/index.php\/wp-json\/wp\/v2\/categories?post=11963"},{"taxonomy":"post_tag","embeddable":true,"href":"http:\/\/www.grieta.org.mx\/index.php\/wp-json\/wp\/v2\/tags?post=11963"}],"curies":[{"name":"wp","href":"https:\/\/api.w.org\/{rel}","templated":true}]}}