{"id":1186,"date":"2015-12-11T18:38:05","date_gmt":"2015-12-11T18:38:05","guid":{"rendered":"http:\/\/50.22.11.12\/~grietaor\/?p=1186"},"modified":"2016-03-03T18:39:16","modified_gmt":"2016-03-03T18:39:16","slug":"mantendra-la-sehi-manifestaciones-contra-quema-de-desechos-en-cementeras","status":"publish","type":"post","link":"http:\/\/www.grieta.org.mx\/index.php\/2015\/12\/11\/mantendra-la-sehi-manifestaciones-contra-quema-de-desechos-en-cementeras\/","title":{"rendered":"Mantendr\u00e1 la SEHI manifestaciones contra quema de desechos en cementeras"},"content":{"rendered":"<p>Advierte el dirigente de la Sociedad Ecologista Hidalguense (Sehi), Marco Antonio Moreno Gayt\u00e1n, que continuar\u00e1n las movilizaciones que llevan a cabo en la alianza denominada Acci\u00f3n Comunitaria Ambiental, para que se declaren ilegales los convenios que realizan las cementeras con los gobiernos estatales para la quema de desechos que afectan al medio ambiente.<\/p>\n<p>Al mismo tiempo el activista lament\u00f3 que instituciones como la Procuradur\u00eda Federal de Protecci\u00f3n al Ambiente, la Secretar\u00eda del Medio Ambiente, nieguen que estas cementeras afectan la salud de los pobladores, al asegurar que no vierten contaminantes al medio ambiente, lo cual dijo es falso, ya que en los hornos de estas empresas se queman desechos t\u00f3xicos y basura que afectan al medio ambiente.<\/p>\n<p>A\u00f1adi\u00f3 que hay diversos contaminantes que salen al medio ambiente sin ning\u00fan tipo de regulaci\u00f3n, por lo cual diversas organizaciones ambientales y civiles han formado una alianza para denunciar estas anomal\u00edas, sobre todo en Apaxco y Atotonilco de Tula que son los lugares m\u00e1s afectados por los contaminantes en el estado.<\/p>\n<p>Afirm\u00f3 que hist\u00f3ricamente la Sociedad Ecologista Hidalguense ha venido denunciando que las cementeras no cumplen con las normas ambientales y que su compromiso con la sustentabilidad es totalmente nulo\u201d, ante ello dijo que trabajan en diversas l\u00edneas una de ellas es conocer cu\u00e1les son las empresas que realizan convenios con los estados.<\/p>\n<p>Refiri\u00f3 que no es desconocido que la cementera Cruz Azul mantiene negociaciones con el gobierno de Morelos, Cemex tiene convenios que no ha transparentado y a dem\u00e1s el gobierno del Distrito Federal manda sus residuos a estas planetas, lo que impacta en la salud de los pobladores ya que se conoce que las autorizaciones que tiene es para el manejo de residuos t\u00f3xicos y para residuos s\u00f3lidos urbanos d.<\/p>\n<p>Asegur\u00f3 que estos convenios deben declararse ilegales, ya que es que adem\u00e1s es por eso que en su caso continuaremos con una serie de movilizaciones en diversos lugares sobre todo los m\u00e1s afectados como son Atotonilco, Apaxco, Tepeji, Huichapan y en Pachuca por ser la capital del estado donde se deben atender estas quejas.<\/p>\n<p><a href=\"http:\/\/www.puntoporpunto.mx\/archives\/187042\" target=\"_blank\">www.puntoporpunto.mx\/archives\/187042<\/a><\/p>\n","protected":false},"excerpt":{"rendered":"<p>Advierte el dirigente de la Sociedad Ecologista Hidalguense (Sehi), Marco Antonio Moreno Gayt\u00e1n, que continuar\u00e1n las movilizaciones que llevan a cabo en la alianza denominada Acci\u00f3n Comunitaria Ambiental, para que &hellip; <a href=\"http:\/\/www.grieta.org.mx\/index.php\/2015\/12\/11\/mantendra-la-sehi-manifestaciones-contra-quema-de-desechos-en-cementeras\/\" class=\"more-link\">Leer m\u00e1s<\/a><\/p>\n","protected":false},"author":2,"featured_media":21928,"comment_status":"closed","ping_status":"open","sticky":false,"template":"","format":"standard","meta":{"ngg_post_thumbnail":0,"_jetpack_newsletter_access":"","_jetpack_dont_email_post_to_subs":false,"_jetpack_newsletter_tier_id":0,"_jetpack_memberships_contains_paywalled_content":false,"_jetpack_memberships_contains_paid_content":false,"footnotes":""},"categories":[80,129],"tags":[91],"class_list":["post-1186","post","type-post","status-publish","format-standard","has-post-thumbnail","hentry","category-cintillo","category-hidalgo","tag-contaminacion-ambiental","entry"],"jetpack_featured_media_url":"http:\/\/www.grieta.org.mx\/wp-content\/uploads\/2018\/03\/14524434_1106112876131411_958039263622046936_o.jpg","jetpack_sharing_enabled":true,"jetpack_shortlink":"https:\/\/wp.me\/p7ZJR4-j8","jetpack_likes_enabled":false,"jetpack-related-posts":[{"id":1190,"url":"http:\/\/www.grieta.org.mx\/index.php\/2016\/06\/16\/protestas-contra-cementeras-en-4-municipios-en-hidalgo-y-edomex\/","url_meta":{"origin":1186,"position":0},"title":"Protestas contra cementeras en 4 municipios en Hidalgo y Edomex","author":"grieta","date":"16 junio, 2016","format":false,"excerpt":"16\/06\/16. El gobierno pone en peligro la vida de 60 mil personas por su complicidad con empresas altamente contaminantesActivista MX 11\/12\/15. Mantendr\u00e1 la SEHI manifestaciones contra quema de desechos en cementerasPunto x Punto 09\/12\/15. Protestan activistas en cuatro municipios de Hidalgo y Estado de M\u00e9xico en contra de la contaminaci\u00f3n\u2026","rel":"","context":"En &quot;Hidalgo&quot;","block_context":{"text":"Hidalgo","link":"http:\/\/www.grieta.org.mx\/index.php\/category\/noticias-nacionales\/hidalgo\/"},"img":{"alt_text":"","src":"https:\/\/i0.wp.com\/www.grieta.org.mx\/wp-content\/uploads\/2018\/03\/14524434_1106112876131411_958039263622046936_o.jpg?resize=350%2C200","width":350,"height":200,"srcset":"https:\/\/i0.wp.com\/www.grieta.org.mx\/wp-content\/uploads\/2018\/03\/14524434_1106112876131411_958039263622046936_o.jpg?resize=350%2C200 1x, https:\/\/i0.wp.com\/www.grieta.org.mx\/wp-content\/uploads\/2018\/03\/14524434_1106112876131411_958039263622046936_o.jpg?resize=525%2C300 1.5x, https:\/\/i0.wp.com\/www.grieta.org.mx\/wp-content\/uploads\/2018\/03\/14524434_1106112876131411_958039263622046936_o.jpg?resize=700%2C400 2x"},"classes":[]},{"id":1187,"url":"http:\/\/www.grieta.org.mx\/index.php\/2015\/12\/09\/protestan-activistas-en-cuatro-municipios-de-hidalgo-y-estado-de-mexico-en-contra-de-la-contaminacion-provocada-por-cementeras\/","url_meta":{"origin":1186,"position":1},"title":"Protestan activistas en cuatro municipios de Hidalgo y Estado de M\u00e9xico en contra de la contaminaci\u00f3n provocada por cementeras","author":"grieta","date":"9 diciembre, 2015","format":false,"excerpt":"Inicio en cuatro municipios de Hidalgo y uno del Estado de M\u00e9xico, la campa\u00f1a Acci\u00f3n Comunitaria Ambiental (ACA), encaminada a lograr que las empresas cementeras principalmente cumplan con las normas oficiales mexicanas y las autoridades ambientales detengan las pr\u00e1cticas irregulares que ponen en riesgo el ambiente y la salud de\u2026","rel":"","context":"En &quot;CINTILLO&quot;","block_context":{"text":"CINTILLO","link":"http:\/\/www.grieta.org.mx\/index.php\/category\/cintillo\/"},"img":{"alt_text":"","src":"https:\/\/i0.wp.com\/www.grieta.org.mx\/wp-content\/uploads\/2018\/03\/14524434_1106112876131411_958039263622046936_o.jpg?resize=350%2C200","width":350,"height":200,"srcset":"https:\/\/i0.wp.com\/www.grieta.org.mx\/wp-content\/uploads\/2018\/03\/14524434_1106112876131411_958039263622046936_o.jpg?resize=350%2C200 1x, https:\/\/i0.wp.com\/www.grieta.org.mx\/wp-content\/uploads\/2018\/03\/14524434_1106112876131411_958039263622046936_o.jpg?resize=525%2C300 1.5x, https:\/\/i0.wp.com\/www.grieta.org.mx\/wp-content\/uploads\/2018\/03\/14524434_1106112876131411_958039263622046936_o.jpg?resize=700%2C400 2x"},"classes":[]},{"id":20431,"url":"http:\/\/www.grieta.org.mx\/index.php\/2016\/08\/25\/cementeras-deben-contrarrestar-dano-al-medio-ambiente\/","url_meta":{"origin":1186,"position":2},"title":"Cementeras deben contrarrestar da\u00f1o al medio ambiente","author":"grieta","date":"25 agosto, 2016","format":false,"excerpt":"H\u00e9ctor Santoy Ponciano Jim\u00e9nez V\u00e1zquez, vecino de la localidad de Yolotepec (Santiago de Anaya), exhort\u00f3 su inconformidad por las acciones que realiza una empresa cementera y que atentan contra el medio ambiente del lugar. En entrevista para Capital Hidalgo dijo que desde hace un tiempo una industria que contamina el\u2026","rel":"","context":"En &quot;CINTILLO&quot;","block_context":{"text":"CINTILLO","link":"http:\/\/www.grieta.org.mx\/index.php\/category\/cintillo\/"},"img":{"alt_text":"","src":"https:\/\/i0.wp.com\/www.grieta.org.mx\/wp-content\/uploads\/2018\/03\/14524434_1106112876131411_958039263622046936_o.jpg?resize=350%2C200","width":350,"height":200,"srcset":"https:\/\/i0.wp.com\/www.grieta.org.mx\/wp-content\/uploads\/2018\/03\/14524434_1106112876131411_958039263622046936_o.jpg?resize=350%2C200 1x, https:\/\/i0.wp.com\/www.grieta.org.mx\/wp-content\/uploads\/2018\/03\/14524434_1106112876131411_958039263622046936_o.jpg?resize=525%2C300 1.5x, https:\/\/i0.wp.com\/www.grieta.org.mx\/wp-content\/uploads\/2018\/03\/14524434_1106112876131411_958039263622046936_o.jpg?resize=700%2C400 2x"},"classes":[]},{"id":34644,"url":"http:\/\/www.grieta.org.mx\/index.php\/2019\/05\/24\/cemex-quema-6-mil-toneladas-de-desechos-en-planta-de-tepeaca-gaia-puebla-e-hidalgo\/","url_meta":{"origin":1186,"position":3},"title":"Cemex quema 6 mil toneladas de desechos en planta de Tepeaca: GAIA (Puebla e Hidalgo)","author":"Admin","date":"24 mayo, 2019","format":false,"excerpt":"Yadira Llaven Anzures \/La Jornada de Oriente El ambientalista Jorge Tadeo Vargas, miembro de la Alianza Global por Alternativas a la Incineraci\u00f3n (GAIA por sus siglas en ingl\u00e9s), revel\u00f3 que el gobierno de la Ciudad de M\u00e9xico y la empresa Cementos de M\u00e9xico (Cemex). mantienen un convenio vigente para el\u2026","rel":"","context":"En &quot;CINTILLO&quot;","block_context":{"text":"CINTILLO","link":"http:\/\/www.grieta.org.mx\/index.php\/category\/cintillo\/"},"img":{"alt_text":"","src":"https:\/\/i0.wp.com\/www.grieta.org.mx\/wp-content\/uploads\/2019\/06\/Captura-de-pantalla-2019-06-11-02.31.08.png?resize=350%2C200","width":350,"height":200,"srcset":"https:\/\/i0.wp.com\/www.grieta.org.mx\/wp-content\/uploads\/2019\/06\/Captura-de-pantalla-2019-06-11-02.31.08.png?resize=350%2C200 1x, https:\/\/i0.wp.com\/www.grieta.org.mx\/wp-content\/uploads\/2019\/06\/Captura-de-pantalla-2019-06-11-02.31.08.png?resize=525%2C300 1.5x"},"classes":[]},{"id":40124,"url":"http:\/\/www.grieta.org.mx\/index.php\/2019\/10\/06\/cementeras-causan-el-19-de-polucion-hidalgo\/","url_meta":{"origin":1186,"position":4},"title":"Cementeras causan el 19% de poluci\u00f3n (Hidalgo)","author":"Admin","date":"6 octubre, 2019","format":false,"excerpt":"Ignacio Garc\u00eda \/ El Sol de Hidalgo Las cuatro cementeras que se ubican en la regi\u00f3n de Tula concentran el 19 por ciento del material particulado de la Megal\u00f3polis conformada por cinco estados del centro del pa\u00eds, de acuerdo con datos de la Secretar\u00eda de Medio Ambiente y Recursos Naturales\u2026","rel":"","context":"En &quot;CINTILLO&quot;","block_context":{"text":"CINTILLO","link":"http:\/\/www.grieta.org.mx\/index.php\/category\/cintillo\/"},"img":{"alt_text":"","src":"https:\/\/i0.wp.com\/www.grieta.org.mx\/wp-content\/uploads\/2019\/10\/4-1.jpg?resize=350%2C200","width":350,"height":200,"srcset":"https:\/\/i0.wp.com\/www.grieta.org.mx\/wp-content\/uploads\/2019\/10\/4-1.jpg?resize=350%2C200 1x, https:\/\/i0.wp.com\/www.grieta.org.mx\/wp-content\/uploads\/2019\/10\/4-1.jpg?resize=525%2C300 1.5x, https:\/\/i0.wp.com\/www.grieta.org.mx\/wp-content\/uploads\/2019\/10\/4-1.jpg?resize=700%2C400 2x"},"classes":[]},{"id":36617,"url":"http:\/\/www.grieta.org.mx\/index.php\/2019\/07\/19\/espejo-del-olvido-documental-sobre-la-vida-de-las-comunidades-aledanas-a-la-presa-endho-hidalgo\/","url_meta":{"origin":1186,"position":5},"title":"&#8220;Espejo del olvido&#8221; documental sobre la vida de las comunidades aleda\u00f1as a la Presa Endh\u00f3 (Hidalgo)","author":"Admin","date":"19 julio, 2019","format":false,"excerpt":"Direcci\u00f3n, fotograf\u00eda y edici\u00f3n: \u00a0Armando de la Cruz El siguiente cortometraje del 2011 documenta el desastre ambiental y sus repercusiones en la vida y la salud de la comunidades ribere\u00f1as de la Presa Endh\u00f3 en donde hasta la fecha se vierten los desechos t\u00f3xicos de\u00a0la refiner\u00eda de Petr\u00f3leos Mexicanos (Pemex),\u2026","rel":"","context":"En &quot;CINTILLO&quot;","block_context":{"text":"CINTILLO","link":"http:\/\/www.grieta.org.mx\/index.php\/category\/cintillo\/"},"img":{"alt_text":"","src":"https:\/\/i0.wp.com\/www.grieta.org.mx\/wp-content\/uploads\/2019\/07\/Captura-de-pantalla-2019-07-19-20.26.01.png?resize=350%2C200","width":350,"height":200,"srcset":"https:\/\/i0.wp.com\/www.grieta.org.mx\/wp-content\/uploads\/2019\/07\/Captura-de-pantalla-2019-07-19-20.26.01.png?resize=350%2C200 1x, https:\/\/i0.wp.com\/www.grieta.org.mx\/wp-content\/uploads\/2019\/07\/Captura-de-pantalla-2019-07-19-20.26.01.png?resize=525%2C300 1.5x, https:\/\/i0.wp.com\/www.grieta.org.mx\/wp-content\/uploads\/2019\/07\/Captura-de-pantalla-2019-07-19-20.26.01.png?resize=700%2C400 2x"},"classes":[]}],"_links":{"self":[{"href":"http:\/\/www.grieta.org.mx\/index.php\/wp-json\/wp\/v2\/posts\/1186","targetHints":{"allow":["GET"]}}],"collection":[{"href":"http:\/\/www.grieta.org.mx\/index.php\/wp-json\/wp\/v2\/posts"}],"about":[{"href":"http:\/\/www.grieta.org.mx\/index.php\/wp-json\/wp\/v2\/types\/post"}],"author":[{"embeddable":true,"href":"http:\/\/www.grieta.org.mx\/index.php\/wp-json\/wp\/v2\/users\/2"}],"replies":[{"embeddable":true,"href":"http:\/\/www.grieta.org.mx\/index.php\/wp-json\/wp\/v2\/comments?post=1186"}],"version-history":[{"count":1,"href":"http:\/\/www.grieta.org.mx\/index.php\/wp-json\/wp\/v2\/posts\/1186\/revisions"}],"predecessor-version":[{"id":1188,"href":"http:\/\/www.grieta.org.mx\/index.php\/wp-json\/wp\/v2\/posts\/1186\/revisions\/1188"}],"wp:featuredmedia":[{"embeddable":true,"href":"http:\/\/www.grieta.org.mx\/index.php\/wp-json\/wp\/v2\/media\/21928"}],"wp:attachment":[{"href":"http:\/\/www.grieta.org.mx\/index.php\/wp-json\/wp\/v2\/media?parent=1186"}],"wp:term":[{"taxonomy":"category","embeddable":true,"href":"http:\/\/www.grieta.org.mx\/index.php\/wp-json\/wp\/v2\/categories?post=1186"},{"taxonomy":"post_tag","embeddable":true,"href":"http:\/\/www.grieta.org.mx\/index.php\/wp-json\/wp\/v2\/tags?post=1186"}],"curies":[{"name":"wp","href":"https:\/\/api.w.org\/{rel}","templated":true}]}}