{"id":11766,"date":"2016-05-01T23:59:58","date_gmt":"2016-05-01T23:59:58","guid":{"rendered":"http:\/\/www.grieta.org.mx\/?p=11766"},"modified":"2019-01-19T17:27:19","modified_gmt":"2019-01-19T23:27:19","slug":"sindicatos-se-manifiestan-por-su-cuenta","status":"publish","type":"post","link":"http:\/\/www.grieta.org.mx\/index.php\/2016\/05\/01\/sindicatos-se-manifiestan-por-su-cuenta\/","title":{"rendered":"Sindicatos se manifiestan por su cuenta"},"content":{"rendered":"<figure id=\"attachment_11767\" aria-describedby=\"caption-attachment-11767\" style=\"width: 720px\" class=\"wp-caption alignnone\"><img loading=\"lazy\" decoding=\"async\" data-attachment-id=\"11767\" data-permalink=\"http:\/\/www.grieta.org.mx\/index.php\/2016\/05\/01\/sindicatos-se-manifiestan-por-su-cuenta\/sindicatos-se-manifiestan-por-su-cuenta\/\" data-orig-file=\"http:\/\/www.grieta.org.mx\/wp-content\/uploads\/2016\/05\/Sindicatos-se-manifiestan-por-su-cuenta.jpeg\" data-orig-size=\"720,404\" data-comments-opened=\"0\" data-image-meta=\"{&quot;aperture&quot;:&quot;0&quot;,&quot;credit&quot;:&quot;&quot;,&quot;camera&quot;:&quot;&quot;,&quot;caption&quot;:&quot;&quot;,&quot;created_timestamp&quot;:&quot;0&quot;,&quot;copyright&quot;:&quot;&quot;,&quot;focal_length&quot;:&quot;0&quot;,&quot;iso&quot;:&quot;0&quot;,&quot;shutter_speed&quot;:&quot;0&quot;,&quot;title&quot;:&quot;&quot;,&quot;orientation&quot;:&quot;0&quot;}\" data-image-title=\"Sindicatos se manifiestan por su cuenta Durango\" data-image-description=\"\" data-image-caption=\"&lt;p&gt;Posteriormente llegaron los m\u00e9dicos a la Plaza Fundadores, mientras los obreros de los distintos sindicatos afiliados a la CTM arribaron al Jard\u00edn de San Antonio de donde partieron a la plaza IV Centenario. (Twitter)&lt;\/p&gt;\n\" data-medium-file=\"http:\/\/www.grieta.org.mx\/wp-content\/uploads\/2016\/05\/Sindicatos-se-manifiestan-por-su-cuenta-300x168.jpeg\" data-large-file=\"http:\/\/www.grieta.org.mx\/wp-content\/uploads\/2016\/05\/Sindicatos-se-manifiestan-por-su-cuenta.jpeg\" src=\"http:\/\/www.grieta.org.mx\/wp-content\/uploads\/2016\/05\/Sindicatos-se-manifiestan-por-su-cuenta.jpeg\" alt=\"Posteriormente llegaron los m\u00e9dicos a la Plaza Fundadores, mientras los obreros de los distintos sindicatos afiliados a la CTM arribaron al Jard\u00edn de San Antonio de donde partieron a la plaza IV Centenario. (Twitter)\" width=\"720\" height=\"404\" class=\"size-full wp-image-11767\" srcset=\"http:\/\/www.grieta.org.mx\/wp-content\/uploads\/2016\/05\/Sindicatos-se-manifiestan-por-su-cuenta.jpeg 720w, http:\/\/www.grieta.org.mx\/wp-content\/uploads\/2016\/05\/Sindicatos-se-manifiestan-por-su-cuenta-300x168.jpeg 300w\" sizes=\"auto, (max-width: 720px) 100vw, 720px\" \/><figcaption id=\"caption-attachment-11767\" class=\"wp-caption-text\">Posteriormente llegaron los m\u00e9dicos a la Plaza Fundadores, mientras los obreros de los distintos sindicatos afiliados a la CTM arribaron al Jard\u00edn de San Antonio de donde partieron a la plaza IV Centenario. (Twitter)<\/figcaption><\/figure>\n<blockquote><p>La de esta ma\u00f1ana fue una conmemoraci\u00f3n distinta del D\u00eda del Trabajo en Durango. Los contingentes se manifestaron cada uno por su cuenta y las autoridades no hicieron acto de presencia, m\u00e1s que en el acto c\u00edvico de la CTM (organismo filial del PRI).<\/p><\/blockquote>\n<p>Desde las 8:00 horas se empez\u00f3 a ver movimiento de trabajadores de distintos sectores en varias zonas de la ciudad. Los primeros en manifestarse fueron los miembros del STEUJED, en la plaza IV Centenario.<\/p>\n<p>Posteriormente llegaron los m\u00e9dicos a la Plaza Fundadores, mientras los obreros de los distintos sindicatos afiliados a la CTM arribaron al Jard\u00edn de San Antonio de donde partieron a la plaza IV Centenario.<\/p>\n<p>Minutos antes de que llegara el contingente del Magisterio Unido, pas\u00f3 uno de la Coordinadora Nacional de Trabajadores de la Educaci\u00f3n (CNTE), el cual dio vuelta a la cuadra del antiguo Palacio de Gobierno gritando sus consignas.<\/p>\n<p>M\u00e1s tarde arribaron sindicatos de la Uni\u00f3n Nacional de Trabajadores, tales como los de telefonistas y de empleados del Monte de Piedad, entre otros, as\u00ed como un nutrido contingente del Magisterio Unido de Durango que se desvi\u00f3 en Bruno Mart\u00ednez rumbo a la avenida 20 de Noviembre. Frente a la Catedral, hicieron su propio mitin.<\/p>\n<p>Sin incidentes, los trabajadores de los distintos sectores productivos de la entidad conmemoraron a trav\u00e9s de acciones diversas y con un enfoque distinto el D\u00eda del Trabajo, una fecha que se instaur\u00f3 para recordar los rezagos de la clase trabajadora, los cuales persisten a 130 a\u00f1os de haberse iniciado una lucha por mejorar sus condiciones.<\/p>\n<p><a href=\"http:\/\/www.elsiglodedurango.com.mx\/noticia\/658910.sindicatos-se-manifiestan-por-su-cuenta.html\" target=\"_blank\">http:\/\/www.elsiglodedurango.com.mx\/noticia\/658910.sindicatos-se-manifiestan-por-su-cuenta.html<\/a><\/p>\n","protected":false},"excerpt":{"rendered":"<p>La de esta ma\u00f1ana fue una conmemoraci\u00f3n distinta del D\u00eda del Trabajo en Durango. Los contingentes se manifestaron cada uno por su cuenta y las autoridades no hicieron acto de &hellip; <a href=\"http:\/\/www.grieta.org.mx\/index.php\/2016\/05\/01\/sindicatos-se-manifiestan-por-su-cuenta\/\" class=\"more-link\">Leer m\u00e1s<\/a><\/p>\n","protected":false},"author":2,"featured_media":21928,"comment_status":"closed","ping_status":"closed","sticky":false,"template":"","format":"standard","meta":{"ngg_post_thumbnail":0,"_jetpack_newsletter_access":"","_jetpack_dont_email_post_to_subs":false,"_jetpack_newsletter_tier_id":0,"_jetpack_memberships_contains_paywalled_content":false,"_jetpack_memberships_contains_paid_content":false,"footnotes":""},"categories":[80,15,173,910,1101,2,1980,83],"tags":[105,271],"class_list":{"0":"post-11766","1":"post","2":"type-post","3":"status-publish","4":"format-standard","5":"has-post-thumbnail","6":"hentry","7":"category-cintillo","8":"category-durango","10":"category-explotacion-y-precariedad-laboral","11":"category-conflictos-laborales-en-durango","12":"category-noticias-nacionales","13":"category-protestas-durante-el-1-de-mayo-en-durango","14":"category-temas-nacionales","15":"tag-derechos-laborales","16":"tag-marcha","17":"entry"},"jetpack_featured_media_url":"http:\/\/www.grieta.org.mx\/wp-content\/uploads\/2018\/03\/14524434_1106112876131411_958039263622046936_o.jpg","jetpack_sharing_enabled":true,"jetpack_shortlink":"https:\/\/wp.me\/p7ZJR4-33M","jetpack_likes_enabled":false,"jetpack-related-posts":[{"id":27963,"url":"http:\/\/www.grieta.org.mx\/index.php\/2018\/12\/27\/temen-mas-despidos-empleados-de-linamar-durango\/","url_meta":{"origin":11766,"position":0},"title":"Temen m\u00e1s despidos empleados de Linamar (Durango)","author":"grieta","date":"27 diciembre, 2018","format":false,"excerpt":"C\u00e9sar Acosta Amaya\/El Sol de la Laguna Cinco han sido dados de baja en contubernio de CTM y empresa Tras surgir la inconformidad luego de modificada la cl\u00e1usula 34 del contrato colectivo del sindicato de trabajadores de Linamar, cinco empleados fueron despedidos por instrucciones del jefe de Recursos Humanos, Salvador\u2026","rel":"","context":"En &quot;CINTILLO&quot;","block_context":{"text":"CINTILLO","link":"http:\/\/www.grieta.org.mx\/index.php\/category\/cintillo\/"},"img":{"alt_text":"","src":"https:\/\/i0.wp.com\/www.grieta.org.mx\/wp-content\/uploads\/2019\/01\/despiden-empleados.jpg?resize=350%2C200","width":350,"height":200,"srcset":"https:\/\/i0.wp.com\/www.grieta.org.mx\/wp-content\/uploads\/2019\/01\/despiden-empleados.jpg?resize=350%2C200 1x, https:\/\/i0.wp.com\/www.grieta.org.mx\/wp-content\/uploads\/2019\/01\/despiden-empleados.jpg?resize=525%2C300 1.5x, https:\/\/i0.wp.com\/www.grieta.org.mx\/wp-content\/uploads\/2019\/01\/despiden-empleados.jpg?resize=700%2C400 2x"},"classes":[]},{"id":32953,"url":"http:\/\/www.grieta.org.mx\/index.php\/2019\/05\/03\/exigen-cadis-pago-de-quincenas-durango\/","url_meta":{"origin":11766,"position":1},"title":"Exigen CADI\u00b4s pago de quincenas (Durango)","author":"grieta","date":"3 mayo, 2019","format":false,"excerpt":"Jos\u00e9lo Fuentes Delgado \/ La Voz de Durango Maestros, personal de apoyo, padres de familia y alumnos se manifestaron marchando de la Plaza de Armas hasta las instalaciones del Centro Cultural y de Convenciones Bicentenario (CCCB), para exigir el pago de ocho quincenas que les deben, situaci\u00f3n que ya es\u2026","rel":"","context":"En &quot;CINTILLO&quot;","block_context":{"text":"CINTILLO","link":"http:\/\/www.grieta.org.mx\/index.php\/category\/cintillo\/"},"img":{"alt_text":"","src":"https:\/\/i0.wp.com\/www.grieta.org.mx\/wp-content\/uploads\/2019\/05\/cadis.jpg?resize=350%2C200","width":350,"height":200,"srcset":"https:\/\/i0.wp.com\/www.grieta.org.mx\/wp-content\/uploads\/2019\/05\/cadis.jpg?resize=350%2C200 1x, https:\/\/i0.wp.com\/www.grieta.org.mx\/wp-content\/uploads\/2019\/05\/cadis.jpg?resize=525%2C300 1.5x"},"classes":[]},{"id":36094,"url":"http:\/\/www.grieta.org.mx\/index.php\/2019\/06\/24\/durango-tercer-estado-con-mayor-desempleo-este-2019\/","url_meta":{"origin":11766,"position":2},"title":"Durango, tercer estado con mayor desempleo este 2019","author":"grieta","date":"24 junio, 2019","format":false,"excerpt":"Redacci\u00f3n\/24 noticias De acuerdo con datos del\u00a0Instituto Nacional de Estad\u00edstica y Geograf\u00eda,\u00a0la tasa de\u00a0desocupaci\u00f3n laboral en Durango\u00a0se ubic\u00f3 en\u00a04.6 %\u00a0de la Poblaci\u00f3n Econ\u00f3micamente Activa, cuando la tasa de desempleo a nivel nacional es de\u00a03.2 %. Este porcentaje se traduce en m\u00e1s de\u00a035 mil 400 personasdesocupadas en el Estado. Con estos\u2026","rel":"","context":"En &quot;CINTILLO&quot;","block_context":{"text":"CINTILLO","link":"http:\/\/www.grieta.org.mx\/index.php\/category\/cintillo\/"},"img":{"alt_text":"","src":"https:\/\/i0.wp.com\/www.grieta.org.mx\/wp-content\/uploads\/2019\/07\/desempleoWEB-780x405-e1562604150794.jpg?resize=350%2C200","width":350,"height":200,"srcset":"https:\/\/i0.wp.com\/www.grieta.org.mx\/wp-content\/uploads\/2019\/07\/desempleoWEB-780x405-e1562604150794.jpg?resize=350%2C200 1x, https:\/\/i0.wp.com\/www.grieta.org.mx\/wp-content\/uploads\/2019\/07\/desempleoWEB-780x405-e1562604150794.jpg?resize=525%2C300 1.5x, https:\/\/i0.wp.com\/www.grieta.org.mx\/wp-content\/uploads\/2019\/07\/desempleoWEB-780x405-e1562604150794.jpg?resize=700%2C400 2x"},"classes":[]},{"id":28653,"url":"http:\/\/www.grieta.org.mx\/index.php\/2019\/01\/22\/demandan-maestros-de-ingles-regularizar-su-situacion-laboral-durango\/","url_meta":{"origin":11766,"position":3},"title":"Demandan maestros de Ingl\u00e9s regularizar su situaci\u00f3n laboral (Durango)","author":"grieta","date":"22 enero, 2019","format":false,"excerpt":"Claudia Landeros\/El Siglo de Durango Docentes del Programa Nacional de Ingl\u00e9s (Proni) se manifestaron en la Plaza de Armas de G\u00f3mez Palacio para pedir apoyo a las autoridades que corresponda, a fin de regularizar su situaci\u00f3n laboral ya que de momento est\u00e1n sin empleo. SIN TRABAJO \"Somos maestros que trabajamos\u2026","rel":"","context":"En &quot;CINTILLO&quot;","block_context":{"text":"CINTILLO","link":"http:\/\/www.grieta.org.mx\/index.php\/category\/cintillo\/"},"img":{"alt_text":"","src":"https:\/\/i0.wp.com\/www.grieta.org.mx\/wp-content\/uploads\/2019\/01\/773757.jpeg?resize=350%2C200","width":350,"height":200,"srcset":"https:\/\/i0.wp.com\/www.grieta.org.mx\/wp-content\/uploads\/2019\/01\/773757.jpeg?resize=350%2C200 1x, https:\/\/i0.wp.com\/www.grieta.org.mx\/wp-content\/uploads\/2019\/01\/773757.jpeg?resize=525%2C300 1.5x, https:\/\/i0.wp.com\/www.grieta.org.mx\/wp-content\/uploads\/2019\/01\/773757.jpeg?resize=700%2C400 2x"},"classes":[]},{"id":15141,"url":"http:\/\/www.grieta.org.mx\/index.php\/2016\/06\/23\/medicos-alzan-la-voz\/","url_meta":{"origin":11766,"position":4},"title":"M\u00e9dicos alzan la voz","author":"grieta","date":"23 junio, 2016","format":false,"excerpt":"Al igual que en otras partes del pa\u00eds, m\u00e9dicos duranguenses se unieron a la manifestaci\u00f3n en contra de las agresiones que sufren y en repudio a la universalidad del sistema nacional de salud. El contingente avanz\u00f3 por la calle 5 de Febrero, partiendo del Jard\u00edn de San Antonio, hasta llegar\u2026","rel":"","context":"En &quot;CINTILLO&quot;","block_context":{"text":"CINTILLO","link":"http:\/\/www.grieta.org.mx\/index.php\/category\/cintillo\/"},"img":{"alt_text":"","src":"https:\/\/i0.wp.com\/www.grieta.org.mx\/wp-content\/uploads\/2016\/06\/marchan-contra-reforma-salud-durango-1.jpeg?resize=350%2C200","width":350,"height":200,"srcset":"https:\/\/i0.wp.com\/www.grieta.org.mx\/wp-content\/uploads\/2016\/06\/marchan-contra-reforma-salud-durango-1.jpeg?resize=350%2C200 1x, https:\/\/i0.wp.com\/www.grieta.org.mx\/wp-content\/uploads\/2016\/06\/marchan-contra-reforma-salud-durango-1.jpeg?resize=525%2C300 1.5x, https:\/\/i0.wp.com\/www.grieta.org.mx\/wp-content\/uploads\/2016\/06\/marchan-contra-reforma-salud-durango-1.jpeg?resize=700%2C400 2x"},"classes":[]},{"id":34511,"url":"http:\/\/www.grieta.org.mx\/index.php\/2019\/06\/08\/brigadistas-de-conafor-exigen-pago-de-horas-extras-durango\/","url_meta":{"origin":11766,"position":5},"title":"Brigadistas de Conafor exigen pago de horas extras (Durango)","author":"grieta","date":"8 junio, 2019","format":false,"excerpt":"Juan Pablo Hern\u00e1ndez\/El Sol de Durango La ma\u00f1ana de ayer, brigadistas de la Comisi\u00f3n Nacional Forestal se apoderaron de las oficinas de esta dependencia en protesta por la falta de pago de horas extras en el combate en los incendios forestales, destac\u00f3 el dirigente sindical, V\u00edctor Manuel V\u00e1zquez, ante lo\u2026","rel":"","context":"En &quot;CINTILLO&quot;","block_context":{"text":"CINTILLO","link":"http:\/\/www.grieta.org.mx\/index.php\/category\/cintillo\/"},"img":{"alt_text":"","src":"https:\/\/i0.wp.com\/www.grieta.org.mx\/wp-content\/uploads\/2019\/06\/incendios-forestales.jpg?resize=350%2C200","width":350,"height":200,"srcset":"https:\/\/i0.wp.com\/www.grieta.org.mx\/wp-content\/uploads\/2019\/06\/incendios-forestales.jpg?resize=350%2C200 1x, https:\/\/i0.wp.com\/www.grieta.org.mx\/wp-content\/uploads\/2019\/06\/incendios-forestales.jpg?resize=525%2C300 1.5x, https:\/\/i0.wp.com\/www.grieta.org.mx\/wp-content\/uploads\/2019\/06\/incendios-forestales.jpg?resize=700%2C400 2x"},"classes":[]}],"_links":{"self":[{"href":"http:\/\/www.grieta.org.mx\/index.php\/wp-json\/wp\/v2\/posts\/11766","targetHints":{"allow":["GET"]}}],"collection":[{"href":"http:\/\/www.grieta.org.mx\/index.php\/wp-json\/wp\/v2\/posts"}],"about":[{"href":"http:\/\/www.grieta.org.mx\/index.php\/wp-json\/wp\/v2\/types\/post"}],"author":[{"embeddable":true,"href":"http:\/\/www.grieta.org.mx\/index.php\/wp-json\/wp\/v2\/users\/2"}],"replies":[{"embeddable":true,"href":"http:\/\/www.grieta.org.mx\/index.php\/wp-json\/wp\/v2\/comments?post=11766"}],"version-history":[{"count":1,"href":"http:\/\/www.grieta.org.mx\/index.php\/wp-json\/wp\/v2\/posts\/11766\/revisions"}],"predecessor-version":[{"id":11768,"href":"http:\/\/www.grieta.org.mx\/index.php\/wp-json\/wp\/v2\/posts\/11766\/revisions\/11768"}],"wp:featuredmedia":[{"embeddable":true,"href":"http:\/\/www.grieta.org.mx\/index.php\/wp-json\/wp\/v2\/media\/21928"}],"wp:attachment":[{"href":"http:\/\/www.grieta.org.mx\/index.php\/wp-json\/wp\/v2\/media?parent=11766"}],"wp:term":[{"taxonomy":"category","embeddable":true,"href":"http:\/\/www.grieta.org.mx\/index.php\/wp-json\/wp\/v2\/categories?post=11766"},{"taxonomy":"post_tag","embeddable":true,"href":"http:\/\/www.grieta.org.mx\/index.php\/wp-json\/wp\/v2\/tags?post=11766"}],"curies":[{"name":"wp","href":"https:\/\/api.w.org\/{rel}","templated":true}]}}