{"id":11628,"date":"2016-04-28T23:50:46","date_gmt":"2016-04-28T23:50:46","guid":{"rendered":"http:\/\/www.grieta.org.mx\/?p=11628"},"modified":"2016-05-02T23:58:09","modified_gmt":"2016-05-02T23:58:09","slug":"un-feminicidio-mas-en-puebla-suman-29-en-el-estado-en-lo-que-va-del-2016","status":"publish","type":"post","link":"http:\/\/www.grieta.org.mx\/index.php\/2016\/04\/28\/un-feminicidio-mas-en-puebla-suman-29-en-el-estado-en-lo-que-va-del-2016\/","title":{"rendered":"Un feminicidio m\u00e1s en Puebla; suman 29 en el estado en lo que va del 2016"},"content":{"rendered":"<p>Abril 28, 2016<br \/>\nGabriela Hern\u00e1ndez, Puebla, Pue. <\/p>\n<p>El asesinato de Alberta Mart\u00ednez Hern\u00e1ndez, a quien su concubino le dispar\u00f3 al pecho con una escopeta, se convirti\u00f3 en el feminicidio 29 cometido en esta entidad en lo que va de 2016.<\/p>\n<p>Apenas la tarde del mi\u00e9rcoles, se hab\u00eda reportado el feminicidio 28, cuando en un hotel de Tehuac\u00e1n fue localizado el cuerpo sin vida de Mar\u00eda Jos\u00e9 Feliciano, estudiante de Estomatolog\u00eda de la Universidad Aut\u00f3noma de Puebla (BUAP), quien fue reportada como desaparecida el 26 de abril.<\/p>\n<p>En el caso de Alberta Mart\u00ednez, de 34 a\u00f1os de edad, el reporte polic\u00edaco se\u00f1ala que fue asesinada en la localidad de Olomatl\u00e1n, municipio de Tecomatl\u00e1n.<\/p>\n<p>Seg\u00fan los datos, la mujer se encontr\u00f3 en la calle con su expareja, con quien empez\u00f3 una discusi\u00f3n luego de que ten\u00eda meses de haberlo abandonado y se negaba a reiniciar la relaci\u00f3n. En un momento del alegato, el sujeto sac\u00f3 el arma y le dispar\u00f3 al pecho a la mujer para luego darse a la fuga.<\/p>\n<p>En el caso de la joven estudiante de la BUAP, su cuerpo fue localizado sin vida en un cuarto del Hotel La Posada del Viajero, ubicado en la calle Independencia Oriente, entre 5 y 7 Sur, del municipio de Tehuac\u00e1n.<\/p>\n<p>Existen dos versiones sobre este caso: uno se refiere a que la joven, de 21 a\u00f1os de edad, lleg\u00f3 al lugar acompa\u00f1ada de un hombre que sali\u00f3 alrededor de las 2 de la tarde y que minutos despu\u00e9s los trabajadores del hotel encontraron a la estudiante muerta.<\/p>\n<p>La otra versi\u00f3n que se maneja es que la joven, originaria de la poblaci\u00f3n de Ajalpan, hab\u00eda sido secuestrada y que sus padres no contaban con el dinero para pagar el rescate.<\/p>\n<p>El caso se ha manejado con hermetismo luego de que el hotel en el que ocurri\u00f3 este feminicidio supuestamente es propiedad del dirigente municipal del PRI, Benjam\u00edn Xuchitl P\u00e9rez.<\/p>\n<p>Otros asesinatos recientes ocurridos en esta entidad, considerados como feminicidios, es el de la reci\u00e9n nacida que fue asfixiada por su propio padre, Esteban Vargas Cuautle, de 19 a\u00f1os de edad, quien estaba molesto por la responsabilidad que le representaba la paternidad.<\/p>\n<p>Tambi\u00e9n el homicidio de Guadalupe Chavarr\u00eda Moral, de 55 a\u00f1os de edad, quien fue ultimada por su esposo, Irineo Islas Ibarra, tras una discusi\u00f3n.<\/p>\n<p>En la lista se encuentra el caso de Sama\u00ed M\u00e1rquez Salgado, una joven de 25 a\u00f1os de edad con dos meses de embarazo, que fue asesinada por su pareja luego de que se neg\u00f3 a abortar.<\/p>\n<p>Cabe recordar que un grupo de agrupaciones sociales iniciaron los tr\u00e1mites ante instancias federales para que en esta entidad se declare la Alerta por violencia de G\u00e9nero.<\/p>\n<p>De acuerdo a la exdiputada Violeta Lagunes, la solicitud ya est\u00e1 en avance legal despu\u00e9s de que 22 organizaciones sociales y pol\u00edticas de Puebla, integrantes de la agrupaci\u00f3n \u201cTodos para todos\u201d, presentaron la petici\u00f3n ante el Instituto Nacional de las Mujeres (Inmujeres).<\/p>\n<p><a href=\"http:\/\/www.proceso.com.mx\/438931\/un-feminicidio-mas-en-puebla-suman-29-en-el-estado-en-lo-que-va-del-2016\" target=\"_blank\">http:\/\/www.proceso.com.mx\/438931\/un-feminicidio-mas-en-puebla-suman-29-en-el-estado-en-lo-que-va-del-2016<\/a><\/p>\n","protected":false},"excerpt":{"rendered":"<p>Abril 28, 2016 Gabriela Hern\u00e1ndez, Puebla, Pue. El asesinato de Alberta Mart\u00ednez Hern\u00e1ndez, a quien su concubino le dispar\u00f3 al pecho con una escopeta, se convirti\u00f3 en el feminicidio 29 &hellip; <a href=\"http:\/\/www.grieta.org.mx\/index.php\/2016\/04\/28\/un-feminicidio-mas-en-puebla-suman-29-en-el-estado-en-lo-que-va-del-2016\/\" class=\"more-link\">Leer m\u00e1s<\/a><\/p>\n","protected":false},"author":2,"featured_media":21928,"comment_status":"closed","ping_status":"closed","sticky":false,"template":"","format":"standard","meta":{"ngg_post_thumbnail":0,"_jetpack_newsletter_access":"","_jetpack_dont_email_post_to_subs":false,"_jetpack_newsletter_tier_id":0,"_jetpack_memberships_contains_paywalled_content":false,"_jetpack_memberships_contains_paid_content":false,"footnotes":""},"categories":[80],"tags":[],"class_list":["post-11628","post","type-post","status-publish","format-standard","has-post-thumbnail","hentry","category-cintillo","entry"],"jetpack_featured_media_url":"http:\/\/www.grieta.org.mx\/wp-content\/uploads\/2018\/03\/14524434_1106112876131411_958039263622046936_o.jpg","jetpack_sharing_enabled":true,"jetpack_shortlink":"https:\/\/wp.me\/p7ZJR4-31y","jetpack_likes_enabled":false,"jetpack-related-posts":[{"id":14395,"url":"http:\/\/www.grieta.org.mx\/index.php\/2016\/06\/15\/de-enero-a-junio-se-elevaron-a-41-los-casos-de-feminicidios-en-puebla\/","url_meta":{"origin":11628,"position":0},"title":"De enero a junio se elevaron a 41 los casos de feminicidios en Puebla","author":"grieta","date":"15 junio, 2016","format":false,"excerpt":"Por Yadira Llaven Anzures Con el multihomicidio de siete mujeres asesinadas en la comunidad El Mirador, en el municipio de Coxcatl\u00e1n, en Puebla se perpetr\u00f3 el feminicidio 41 de enero a junio del presente a\u00f1o. Entre las 12 v\u00edctimas identificadas estaban Silvia S\u00e1nchez, Isabel Hern\u00e1ndez, Alejandra S\u00e1nchez, Pl\u00e1cida S\u00e1nchez y\u2026","rel":"","context":"En &quot;CINTILLO&quot;","block_context":{"text":"CINTILLO","link":"http:\/\/www.grieta.org.mx\/index.php\/category\/cintillo\/"},"img":{"alt_text":"","src":"https:\/\/i0.wp.com\/www.grieta.org.mx\/wp-content\/uploads\/2018\/03\/14524434_1106112876131411_958039263622046936_o.jpg?resize=350%2C200","width":350,"height":200,"srcset":"https:\/\/i0.wp.com\/www.grieta.org.mx\/wp-content\/uploads\/2018\/03\/14524434_1106112876131411_958039263622046936_o.jpg?resize=350%2C200 1x, https:\/\/i0.wp.com\/www.grieta.org.mx\/wp-content\/uploads\/2018\/03\/14524434_1106112876131411_958039263622046936_o.jpg?resize=525%2C300 1.5x, https:\/\/i0.wp.com\/www.grieta.org.mx\/wp-content\/uploads\/2018\/03\/14524434_1106112876131411_958039263622046936_o.jpg?resize=700%2C400 2x"},"classes":[]},{"id":15199,"url":"http:\/\/www.grieta.org.mx\/index.php\/2016\/06\/20\/una-mujer-es-violada-y-degollada-en-atlixco-es-el-feminicidio-43-en-puebla-en-lo-que-va-del-ano\/","url_meta":{"origin":11628,"position":1},"title":"Una mujer es violada y degollada en Atlixco; es el feminicidio 43 en Puebla en lo que va del a\u00f1o","author":"grieta","date":"20 junio, 2016","format":false,"excerpt":"Por Edmundo Vel\u00e1zquez Ciudad de M\u00e9xico, 20 de junio (SinEmbargo\/Peri\u00f3dico Central).- Una mujer fue degollada y su cuerpo abandonado la noche del pasado s\u00e1bado en terrenos de San Diego Acapulco, en Atlixco, Puebla. Sus restos fueron encontrados por vecinos y al parecer ten\u00eda se\u00f1ales de haber sido v\u00edctima de violencia\u2026","rel":"","context":"En &quot;CINTILLO&quot;","block_context":{"text":"CINTILLO","link":"http:\/\/www.grieta.org.mx\/index.php\/category\/cintillo\/"},"img":{"alt_text":"","src":"https:\/\/i0.wp.com\/www.grieta.org.mx\/wp-content\/uploads\/2018\/03\/14524434_1106112876131411_958039263622046936_o.jpg?resize=350%2C200","width":350,"height":200,"srcset":"https:\/\/i0.wp.com\/www.grieta.org.mx\/wp-content\/uploads\/2018\/03\/14524434_1106112876131411_958039263622046936_o.jpg?resize=350%2C200 1x, https:\/\/i0.wp.com\/www.grieta.org.mx\/wp-content\/uploads\/2018\/03\/14524434_1106112876131411_958039263622046936_o.jpg?resize=525%2C300 1.5x, https:\/\/i0.wp.com\/www.grieta.org.mx\/wp-content\/uploads\/2018\/03\/14524434_1106112876131411_958039263622046936_o.jpg?resize=700%2C400 2x"},"classes":[]},{"id":32103,"url":"http:\/\/www.grieta.org.mx\/index.php\/2019\/04\/11\/karla-paulina-tania-zendy-rocio-y-cientos-de-nombres-mas-anos-y-anos-de-feminicidios-en-puebla\/","url_meta":{"origin":11628,"position":2},"title":"Karla, Paulina, Tania, Zendy, Roc\u00edo y cientos de nombres m\u00e1s. A\u00f1os y a\u00f1os de feminicidios en Puebla\u2026","author":"grieta","date":"11 abril, 2019","format":false,"excerpt":"Otro de los casos que ha marcado a Puebla es el multihomicidio ocurrido en 2016, cometido por Ad\u00e1n en Coxcatl\u00e1n, quien mat\u00f3 a la mujer que viol\u00f3 y embaraz\u00f3, Silvia S\u00e1nchez, y a 10 miembros m\u00e1s de su familia, como \u201cvenganza\u201d por haber comenzado a salir con otro hombre. Acompa\u00f1ado\u2026","rel":"","context":"En &quot;CINTILLO&quot;","block_context":{"text":"CINTILLO","link":"http:\/\/www.grieta.org.mx\/index.php\/category\/cintillo\/"},"img":{"alt_text":"","src":"https:\/\/i0.wp.com\/www.grieta.org.mx\/wp-content\/uploads\/2019\/04\/feminicidio-4.jpg?resize=350%2C200","width":350,"height":200,"srcset":"https:\/\/i0.wp.com\/www.grieta.org.mx\/wp-content\/uploads\/2019\/04\/feminicidio-4.jpg?resize=350%2C200 1x, https:\/\/i0.wp.com\/www.grieta.org.mx\/wp-content\/uploads\/2019\/04\/feminicidio-4.jpg?resize=525%2C300 1.5x, https:\/\/i0.wp.com\/www.grieta.org.mx\/wp-content\/uploads\/2019\/04\/feminicidio-4.jpg?resize=700%2C400 2x, https:\/\/i0.wp.com\/www.grieta.org.mx\/wp-content\/uploads\/2019\/04\/feminicidio-4.jpg?resize=1050%2C600 3x"},"classes":[]},{"id":25354,"url":"http:\/\/www.grieta.org.mx\/index.php\/2018\/07\/15\/estudiantes-protestan-por-el-feminicidio-de-zendy-flores-en-puebla\/","url_meta":{"origin":11628,"position":3},"title":"Estudiantes protestan por el feminicidio de Zendy Flores en Puebla","author":"grieta","date":"15 julio, 2018","format":false,"excerpt":"Rosa Santana\/ Proceso PUEBLA, Pue., (proceso.com.mx).- Estudiantes de la Escuela de Enfermer\u00eda Angel\u00f3polis marcharon hoy para exigir que se esclarezca el feminicidio de la joven Zendy Guadalupe Flores, qui\u00e9n fue localizada violada y degollada en un predio de la Junta Auxiliar de Sebasti\u00e1n Aparicio. Zendy Guadalupe estudiaba enfermer\u00eda en esa\u2026","rel":"","context":"En &quot;CINTILLO&quot;","block_context":{"text":"CINTILLO","link":"http:\/\/www.grieta.org.mx\/index.php\/category\/cintillo\/"},"img":{"alt_text":"","src":"https:\/\/i0.wp.com\/www.grieta.org.mx\/wp-content\/uploads\/2018\/03\/14524434_1106112876131411_958039263622046936_o.jpg?resize=350%2C200","width":350,"height":200,"srcset":"https:\/\/i0.wp.com\/www.grieta.org.mx\/wp-content\/uploads\/2018\/03\/14524434_1106112876131411_958039263622046936_o.jpg?resize=350%2C200 1x, https:\/\/i0.wp.com\/www.grieta.org.mx\/wp-content\/uploads\/2018\/03\/14524434_1106112876131411_958039263622046936_o.jpg?resize=525%2C300 1.5x, https:\/\/i0.wp.com\/www.grieta.org.mx\/wp-content\/uploads\/2018\/03\/14524434_1106112876131411_958039263622046936_o.jpg?resize=700%2C400 2x"},"classes":[]},{"id":49910,"url":"http:\/\/www.grieta.org.mx\/index.php\/2020\/05\/27\/van-cinco-feminicidios-en-tamaulipas-en-lo-que-va-del-ano\/","url_meta":{"origin":11628,"position":4},"title":"Van cinco feminicidios en Tamaulipas en lo que va del a\u00f1o","author":"grieta","date":"27 mayo, 2020","format":false,"excerpt":"Gilberto Hern\u00e1ndez\/Hoy T.am 27 mayo 2020 Foto: Baldemar Mijangos En enero fue cuando m\u00e1s feminicidios se tienen registrados, ya que fueron cuatro, mientras que los meses de febrero y marzo estos casos se mantuvieron en cero, pero en abril se report\u00f3 un caso. Ciudad Victoria, Tamaulipas. - Al menos cinco\u2026","rel":"","context":"En &quot;CINTILLO&quot;","block_context":{"text":"CINTILLO","link":"http:\/\/www.grieta.org.mx\/index.php\/category\/cintillo\/"},"img":{"alt_text":"","src":"https:\/\/i0.wp.com\/www.grieta.org.mx\/wp-content\/uploads\/2020\/05\/Van-cinco-feminicidios-en-Tamaulipas-en-lo-que-va-del-anio.jpg?resize=350%2C200","width":350,"height":200,"srcset":"https:\/\/i0.wp.com\/www.grieta.org.mx\/wp-content\/uploads\/2020\/05\/Van-cinco-feminicidios-en-Tamaulipas-en-lo-que-va-del-anio.jpg?resize=350%2C200 1x, https:\/\/i0.wp.com\/www.grieta.org.mx\/wp-content\/uploads\/2020\/05\/Van-cinco-feminicidios-en-Tamaulipas-en-lo-que-va-del-anio.jpg?resize=525%2C300 1.5x, https:\/\/i0.wp.com\/www.grieta.org.mx\/wp-content\/uploads\/2020\/05\/Van-cinco-feminicidios-en-Tamaulipas-en-lo-que-va-del-anio.jpg?resize=700%2C400 2x"},"classes":[]},{"id":1490,"url":"http:\/\/www.grieta.org.mx\/index.php\/2015\/09\/14\/marchan-en-puebla-para-exigir-alto-a-feminicidios\/","url_meta":{"origin":11628,"position":5},"title":"Marchan en Puebla para exigir alto a feminicidios","author":"grieta","date":"14 septiembre, 2015","format":false,"excerpt":"septiembre 14, 2015 Gabriela Hern\u00e1ndez, Puebla PUEBLA, Pue. (apro).- Al grito de \u201c\u00a1Ni una m\u00e1s!\u201d, decenas de personas marcharon esta tarde por las calles de Puebla para exigir a las autoridades estatales acciones de castigo contra los feminicidios y un alto a la ola de violencia que ha cobrado la\u2026","rel":"","context":"En &quot;CINTILLO&quot;","block_context":{"text":"CINTILLO","link":"http:\/\/www.grieta.org.mx\/index.php\/category\/cintillo\/"},"img":{"alt_text":"","src":"https:\/\/i0.wp.com\/www.grieta.org.mx\/wp-content\/uploads\/2018\/03\/14524434_1106112876131411_958039263622046936_o.jpg?resize=350%2C200","width":350,"height":200,"srcset":"https:\/\/i0.wp.com\/www.grieta.org.mx\/wp-content\/uploads\/2018\/03\/14524434_1106112876131411_958039263622046936_o.jpg?resize=350%2C200 1x, https:\/\/i0.wp.com\/www.grieta.org.mx\/wp-content\/uploads\/2018\/03\/14524434_1106112876131411_958039263622046936_o.jpg?resize=525%2C300 1.5x, https:\/\/i0.wp.com\/www.grieta.org.mx\/wp-content\/uploads\/2018\/03\/14524434_1106112876131411_958039263622046936_o.jpg?resize=700%2C400 2x"},"classes":[]}],"_links":{"self":[{"href":"http:\/\/www.grieta.org.mx\/index.php\/wp-json\/wp\/v2\/posts\/11628","targetHints":{"allow":["GET"]}}],"collection":[{"href":"http:\/\/www.grieta.org.mx\/index.php\/wp-json\/wp\/v2\/posts"}],"about":[{"href":"http:\/\/www.grieta.org.mx\/index.php\/wp-json\/wp\/v2\/types\/post"}],"author":[{"embeddable":true,"href":"http:\/\/www.grieta.org.mx\/index.php\/wp-json\/wp\/v2\/users\/2"}],"replies":[{"embeddable":true,"href":"http:\/\/www.grieta.org.mx\/index.php\/wp-json\/wp\/v2\/comments?post=11628"}],"version-history":[{"count":1,"href":"http:\/\/www.grieta.org.mx\/index.php\/wp-json\/wp\/v2\/posts\/11628\/revisions"}],"predecessor-version":[{"id":11632,"href":"http:\/\/www.grieta.org.mx\/index.php\/wp-json\/wp\/v2\/posts\/11628\/revisions\/11632"}],"wp:featuredmedia":[{"embeddable":true,"href":"http:\/\/www.grieta.org.mx\/index.php\/wp-json\/wp\/v2\/media\/21928"}],"wp:attachment":[{"href":"http:\/\/www.grieta.org.mx\/index.php\/wp-json\/wp\/v2\/media?parent=11628"}],"wp:term":[{"taxonomy":"category","embeddable":true,"href":"http:\/\/www.grieta.org.mx\/index.php\/wp-json\/wp\/v2\/categories?post=11628"},{"taxonomy":"post_tag","embeddable":true,"href":"http:\/\/www.grieta.org.mx\/index.php\/wp-json\/wp\/v2\/tags?post=11628"}],"curies":[{"name":"wp","href":"https:\/\/api.w.org\/{rel}","templated":true}]}}