{"id":11623,"date":"2016-04-28T23:44:22","date_gmt":"2016-04-28T23:44:22","guid":{"rendered":"http:\/\/www.grieta.org.mx\/?p=11623"},"modified":"2016-05-02T23:48:24","modified_gmt":"2016-05-02T23:48:24","slug":"denuncia-sindicato-despojo-laboral","status":"publish","type":"post","link":"http:\/\/www.grieta.org.mx\/index.php\/2016\/04\/28\/denuncia-sindicato-despojo-laboral\/","title":{"rendered":"Denuncia Sindicato de Trabajadores Transportistas del Municipio de Huimilpan despojo laboral"},"content":{"rendered":"<p>M\u00f3nica Gordillo\/AM Quer\u00e9taro<\/p>\n<blockquote><p>Los trabajadores acusaron de despojo al Sindicato Nacional del Estado de M\u00e9xico en la obra de construcci\u00f3n de la autopista Apaseo El Grande-Palmillas<\/p><\/blockquote>\n<p>Integrantes del Sindicato de Trabajadores Transportistas del Municipio de Huimilpan, adherido a la CTM, denunciaron el despojo laboral desde el s\u00e1bado pasado por parte del Sindicato Nacional del Estado de M\u00e9xico en la obra de construcci\u00f3n de la autopista Apaseo El Grande-Palmillas, en las inmediaciones de la carretera 400 a la altura de la comunidad San Francisco.<\/p>\n<p>Al respecto, el secretario general del Sindicato de Trabajadores Transportistas del Municipio de Huimilpan, Eugenio Ren\u00e9 Fajardo Orta, enfatiz\u00f3 que cada sindicato puede realizar el 50 por ciento de todos los acarreos de agregados o materiales para el concreto de la vialidad, de acuerdo al contrato que firmaron desde que arrancaron los trabajos de construcci\u00f3n del libramiento en 2014.<\/p>\n<p>Manifest\u00f3 que esta situaci\u00f3n afecta la econom\u00eda de las familias de los operadores de los tractocamiones, as\u00ed como la de los due\u00f1os de las unidades. Dijo que un operador percibe dos mil pesos semanales.<\/p>\n<p>    \u201cNos quieren despojar de nuestro trabajo aqu\u00ed dentro del municipio de Huimilpan, sin argumentar contratos. Lo \u00fanico que ellos argumentan es que ellos tienen el contrato; no lo hay. Esto es el acarreo de agregados (\u2026) para la autopista Apaseo El Grande-Palmillas, Quer\u00e9taro\u201d, dijo.<\/p>\n<p>Debido a que el libramiento Apaseo- Palmillas es una obra concesionada a ICA, esperan que la empresa respete la participaci\u00f3n que les corresponde en el contrato de trabajo. En este sentido, indic\u00f3 que la alcaldesa de Huimilpan, Celia Dur\u00e1n Terrazas, se comprometi\u00f3 a realizar mesas de negociaci\u00f3n con la empresa y, en su momento, con el otro sindicato.<\/p>\n<p>Fajardo Orta puntualiz\u00f3 que el avance en el acarreo de materiales es de 5 por ciento y en el tramo de terracer\u00eda es de 70 por ciento, por lo que asegur\u00f3 que resta un a\u00f1o para la conclusi\u00f3n de la obra.<\/p>\n<p>Subray\u00f3 que los trabajadores del otro sindicato los han amenazado con golpearlos y quemar los 12 camiones que, en estos momentos, est\u00e1n sin operar.<\/p>\n<p>    \u201cEllos tratan de intimidarnos que nos van a quemar los camiones, que van a mandar gente, ellos les nombran porros, que nos van a golpear. Nosotros tenemos todo al apoyo del municipio de Huimilpan. (La alcaldesa) est\u00e1 gestionando mesas de negociaci\u00f3n con empresas. En su momento, esperamos que gobierno del estado nos d\u00e9 su apoyo para gestionar esto\u201d, apunt\u00f3.<\/p>\n<p>Por otra parte, el pasado 25 de octubre de 2015, el peri\u00f3dico AM de Quer\u00e9taro public\u00f3 que el dirigente estatal de la Liga de Comunidades Agrarias y Sindicatos Campesinos, Alejandro Bocanegra Montes, declar\u00f3 que la Secretar\u00eda de Comunicaciones y Transportes (SCT) no ha pagado las indemnizaciones que comprometi\u00f3 con ejidatarios de San Juan del R\u00edo por las afectaciones que gener\u00f3 la empresa ICA durante la construcci\u00f3n del libramiento.<\/p>\n<p><a href=\"http:\/\/amqueretaro.com\/queretaro\/2016\/04\/28\/denuncia-sindicato-despojo-laboral\" target=\"_blank\">http:\/\/amqueretaro.com\/queretaro\/2016\/04\/28\/denuncia-sindicato-despojo-laboral<\/a><\/p>\n","protected":false},"excerpt":{"rendered":"<p>M\u00f3nica Gordillo\/AM Quer\u00e9taro Los trabajadores acusaron de despojo al Sindicato Nacional del Estado de M\u00e9xico en la obra de construcci\u00f3n de la autopista Apaseo El Grande-Palmillas Integrantes del Sindicato de &hellip; <a href=\"http:\/\/www.grieta.org.mx\/index.php\/2016\/04\/28\/denuncia-sindicato-despojo-laboral\/\" class=\"more-link\">Leer m\u00e1s<\/a><\/p>\n","protected":false},"author":2,"featured_media":21928,"comment_status":"closed","ping_status":"closed","sticky":false,"template":"","format":"standard","meta":{"ngg_post_thumbnail":0,"_jetpack_newsletter_access":"","_jetpack_dont_email_post_to_subs":false,"_jetpack_newsletter_tier_id":0,"_jetpack_memberships_contains_paywalled_content":false,"_jetpack_memberships_contains_paid_content":false,"footnotes":""},"categories":[80,359],"tags":[113,389],"class_list":["post-11623","post","type-post","status-publish","format-standard","has-post-thumbnail","hentry","category-cintillo","category-queretaro","tag-conflictos-laborales","tag-libramiento-apaseo-palmilas","entry"],"jetpack_featured_media_url":"http:\/\/www.grieta.org.mx\/wp-content\/uploads\/2018\/03\/14524434_1106112876131411_958039263622046936_o.jpg","jetpack_sharing_enabled":true,"jetpack_shortlink":"https:\/\/wp.me\/p7ZJR4-31t","jetpack_likes_enabled":false,"jetpack-related-posts":[{"id":5155,"url":"http:\/\/www.grieta.org.mx\/index.php\/2016\/04\/30\/ejidatarios-de-san-juan-y-amealco-exigen-indemnizacion-por-libramiento\/","url_meta":{"origin":11623,"position":0},"title":"Conflictos por la construcci\u00f3n del libramiento Apaseo-Palmillas","author":"grieta","date":"30 abril, 2016","format":false,"excerpt":"30\/04\/16. Dice la SCT que no puede intervenir en conflicto del libramiento AM Quer\u00e9taro 28\/04\/16. Denuncia Sindicato de Trabajadores Transportistas del Municipio de Huimilpan despojo laboral AM Quer\u00e9taro 25\/10\/15. Sin pagar a afectados por obra en Apaseo-Palmillas AM Quer\u00e9taro 15\/09\/15. ICA y la SCT incumplen con pagos a ejidatarios afectados\u2026","rel":"","context":"En &quot;Comunicaciones y transportes&quot;","block_context":{"text":"Comunicaciones y transportes","link":"http:\/\/www.grieta.org.mx\/index.php\/category\/megaproyectos\/comunicaciones-y-transportes\/"},"img":{"alt_text":"","src":"https:\/\/i0.wp.com\/www.grieta.org.mx\/wp-content\/uploads\/2018\/03\/14524434_1106112876131411_958039263622046936_o.jpg?resize=350%2C200","width":350,"height":200,"srcset":"https:\/\/i0.wp.com\/www.grieta.org.mx\/wp-content\/uploads\/2018\/03\/14524434_1106112876131411_958039263622046936_o.jpg?resize=350%2C200 1x, https:\/\/i0.wp.com\/www.grieta.org.mx\/wp-content\/uploads\/2018\/03\/14524434_1106112876131411_958039263622046936_o.jpg?resize=525%2C300 1.5x, https:\/\/i0.wp.com\/www.grieta.org.mx\/wp-content\/uploads\/2018\/03\/14524434_1106112876131411_958039263622046936_o.jpg?resize=700%2C400 2x"},"classes":[]},{"id":11540,"url":"http:\/\/www.grieta.org.mx\/index.php\/2016\/04\/30\/dice-la-sct-que-no-puede-intervenir-en-conflicto-del-libramiento\/","url_meta":{"origin":11623,"position":1},"title":"Dice la SCT que no puede intervenir en conflicto del libramiento","author":"grieta","date":"30 abril, 2016","format":false,"excerpt":"M\u00f3nica Gordillo\/AM Quer\u00e9taro Integrantes del Sindicato de Trabajadores Transportistas del Municipio de Huimilpan aseguraron ser despojados en la obra de construcci\u00f3n del libramiento Apaseo-Palmillas El director del Centro de la Secretar\u00eda de Comunicaciones y Transportes (SCT), Ricardo Ortiz Estrada, subray\u00f3 que la dependencia federal no puede intervenir en contratos entre\u2026","rel":"","context":"En &quot;CINTILLO&quot;","block_context":{"text":"CINTILLO","link":"http:\/\/www.grieta.org.mx\/index.php\/category\/cintillo\/"},"img":{"alt_text":"","src":"https:\/\/i0.wp.com\/www.grieta.org.mx\/wp-content\/uploads\/2018\/03\/14524434_1106112876131411_958039263622046936_o.jpg?resize=350%2C200","width":350,"height":200,"srcset":"https:\/\/i0.wp.com\/www.grieta.org.mx\/wp-content\/uploads\/2018\/03\/14524434_1106112876131411_958039263622046936_o.jpg?resize=350%2C200 1x, https:\/\/i0.wp.com\/www.grieta.org.mx\/wp-content\/uploads\/2018\/03\/14524434_1106112876131411_958039263622046936_o.jpg?resize=525%2C300 1.5x, https:\/\/i0.wp.com\/www.grieta.org.mx\/wp-content\/uploads\/2018\/03\/14524434_1106112876131411_958039263622046936_o.jpg?resize=700%2C400 2x"},"classes":[]},{"id":10254,"url":"http:\/\/www.grieta.org.mx\/index.php\/2016\/07\/25\/conflictos-laborales-en-queretaro\/","url_meta":{"origin":11623,"position":2},"title":"Conflictos laborales en Quer\u00e9taro","author":"grieta","date":"25 julio, 2016","format":false,"excerpt":"Temas laborales en Quer\u00e9taro 25\/07\/16. Municipio de Cadereyta emplazado a huelga para 29 de agosto Diario Rotativo 04\/07\/16. Van 500 trabajadores despedidos en el municipio de Quer\u00e9taro AM Quer\u00e9taro 21\/06\/16. Un sinn\u00famero de trabajadores ser\u00e1n despedidos para reducir n\u00f3mina AM Quer\u00e9taro 14\/05\/16. Trabajadores del municipio de Quer\u00e9taro, a la espera\u2026","rel":"","context":"En &quot;Quer\u00e9taro&quot;","block_context":{"text":"Quer\u00e9taro","link":"http:\/\/www.grieta.org.mx\/index.php\/category\/noticias-nacionales\/queretaro\/"},"img":{"alt_text":"","src":"https:\/\/i0.wp.com\/www.grieta.org.mx\/wp-content\/uploads\/2018\/03\/14524434_1106112876131411_958039263622046936_o.jpg?resize=350%2C200","width":350,"height":200,"srcset":"https:\/\/i0.wp.com\/www.grieta.org.mx\/wp-content\/uploads\/2018\/03\/14524434_1106112876131411_958039263622046936_o.jpg?resize=350%2C200 1x, https:\/\/i0.wp.com\/www.grieta.org.mx\/wp-content\/uploads\/2018\/03\/14524434_1106112876131411_958039263622046936_o.jpg?resize=525%2C300 1.5x, https:\/\/i0.wp.com\/www.grieta.org.mx\/wp-content\/uploads\/2018\/03\/14524434_1106112876131411_958039263622046936_o.jpg?resize=700%2C400 2x"},"classes":[]},{"id":5156,"url":"http:\/\/www.grieta.org.mx\/index.php\/2015\/08\/22\/atiende-cnc-a-afectados-por-libramiento-palmillas-apaseo\/","url_meta":{"origin":11623,"position":3},"title":"Atiende CNC a afectados por libramiento Palmillas\u2013Apaseo","author":"grieta","date":"22 agosto, 2015","format":false,"excerpt":"Rafael Rodr\u00edguez\/Noticias de Quer\u00e9taro En las Instalaciones de la Confederaci\u00f3n Nacional Campesina (CNC) en el municipio de San Juan del R\u00edo se llev\u00f3 a cabo una reuni\u00f3n de trabajo con los diferentes presidentes del comisariado que han sido afectados por la construcci\u00f3n del nuevo libramiento Palmillas Paseo. Los afectados son\u2026","rel":"","context":"En &quot;CINTILLO&quot;","block_context":{"text":"CINTILLO","link":"http:\/\/www.grieta.org.mx\/index.php\/category\/cintillo\/"},"img":{"alt_text":"","src":"https:\/\/i0.wp.com\/www.grieta.org.mx\/wp-content\/uploads\/2018\/03\/14524434_1106112876131411_958039263622046936_o.jpg?resize=350%2C200","width":350,"height":200,"srcset":"https:\/\/i0.wp.com\/www.grieta.org.mx\/wp-content\/uploads\/2018\/03\/14524434_1106112876131411_958039263622046936_o.jpg?resize=350%2C200 1x, https:\/\/i0.wp.com\/www.grieta.org.mx\/wp-content\/uploads\/2018\/03\/14524434_1106112876131411_958039263622046936_o.jpg?resize=525%2C300 1.5x, https:\/\/i0.wp.com\/www.grieta.org.mx\/wp-content\/uploads\/2018\/03\/14524434_1106112876131411_958039263622046936_o.jpg?resize=700%2C400 2x"},"classes":[]},{"id":11536,"url":"http:\/\/www.grieta.org.mx\/index.php\/2015\/10\/25\/sin-pagar-a-afectados-por-obra-en-apaseo-palmillas\/","url_meta":{"origin":11623,"position":4},"title":"Sin pagar a afectados por obra en Apaseo-Palmillas","author":"grieta","date":"25 octubre, 2015","format":false,"excerpt":"Redacci\u00f3n\/AM Quer\u00e9taro Los ejidatarios afectados por obra en San Juan del R\u00edo no han recibido la indemnizaci\u00f3n por los trabajos de la empresa ICA La Secretar\u00eda de Comunicaciones y Transportes (SCT) no ha pagado las indemnizaciones que comprometi\u00f3 con los ejidatarios de San Juan del R\u00edo por las afectaciones que\u2026","rel":"","context":"En &quot;CINTILLO&quot;","block_context":{"text":"CINTILLO","link":"http:\/\/www.grieta.org.mx\/index.php\/category\/cintillo\/"},"img":{"alt_text":"","src":"https:\/\/i0.wp.com\/www.grieta.org.mx\/wp-content\/uploads\/2018\/03\/14524434_1106112876131411_958039263622046936_o.jpg?resize=350%2C200","width":350,"height":200,"srcset":"https:\/\/i0.wp.com\/www.grieta.org.mx\/wp-content\/uploads\/2018\/03\/14524434_1106112876131411_958039263622046936_o.jpg?resize=350%2C200 1x, https:\/\/i0.wp.com\/www.grieta.org.mx\/wp-content\/uploads\/2018\/03\/14524434_1106112876131411_958039263622046936_o.jpg?resize=525%2C300 1.5x, https:\/\/i0.wp.com\/www.grieta.org.mx\/wp-content\/uploads\/2018\/03\/14524434_1106112876131411_958039263622046936_o.jpg?resize=700%2C400 2x"},"classes":[]},{"id":10282,"url":"http:\/\/www.grieta.org.mx\/index.php\/2016\/04\/11\/desconoce-sindicato-del-municipio-condiciones-laborales-tras-concesion\/","url_meta":{"origin":11623,"position":5},"title":"Desconoce sindicato del Municipio condiciones laborales tras concesi\u00f3n","author":"grieta","date":"11 abril, 2016","format":false,"excerpt":"Mariana Villalobos\/Quadrat\u00edn \"No les podr\u00eda decir hasta que no nos sentemos a platicar con la concesionaria\u201d, asegur\u00f3 Celestino Berm\u00fadez, l\u00edder del Sindicato de los Trabajadores al Servicio del Municipio de Quer\u00e9taro. QUER\u00c9TARO, Qro., 11 de abril de 2016.- Celestino Berm\u00fadez Jim\u00e9nez, l\u00edder del Sindicato de los Trabajadores al Servicio del\u2026","rel":"","context":"En &quot;CINTILLO&quot;","block_context":{"text":"CINTILLO","link":"http:\/\/www.grieta.org.mx\/index.php\/category\/cintillo\/"},"img":{"alt_text":"","src":"https:\/\/i0.wp.com\/www.grieta.org.mx\/wp-content\/uploads\/2018\/03\/14524434_1106112876131411_958039263622046936_o.jpg?resize=350%2C200","width":350,"height":200,"srcset":"https:\/\/i0.wp.com\/www.grieta.org.mx\/wp-content\/uploads\/2018\/03\/14524434_1106112876131411_958039263622046936_o.jpg?resize=350%2C200 1x, https:\/\/i0.wp.com\/www.grieta.org.mx\/wp-content\/uploads\/2018\/03\/14524434_1106112876131411_958039263622046936_o.jpg?resize=525%2C300 1.5x, https:\/\/i0.wp.com\/www.grieta.org.mx\/wp-content\/uploads\/2018\/03\/14524434_1106112876131411_958039263622046936_o.jpg?resize=700%2C400 2x"},"classes":[]}],"_links":{"self":[{"href":"http:\/\/www.grieta.org.mx\/index.php\/wp-json\/wp\/v2\/posts\/11623","targetHints":{"allow":["GET"]}}],"collection":[{"href":"http:\/\/www.grieta.org.mx\/index.php\/wp-json\/wp\/v2\/posts"}],"about":[{"href":"http:\/\/www.grieta.org.mx\/index.php\/wp-json\/wp\/v2\/types\/post"}],"author":[{"embeddable":true,"href":"http:\/\/www.grieta.org.mx\/index.php\/wp-json\/wp\/v2\/users\/2"}],"replies":[{"embeddable":true,"href":"http:\/\/www.grieta.org.mx\/index.php\/wp-json\/wp\/v2\/comments?post=11623"}],"version-history":[{"count":1,"href":"http:\/\/www.grieta.org.mx\/index.php\/wp-json\/wp\/v2\/posts\/11623\/revisions"}],"predecessor-version":[{"id":11625,"href":"http:\/\/www.grieta.org.mx\/index.php\/wp-json\/wp\/v2\/posts\/11623\/revisions\/11625"}],"wp:featuredmedia":[{"embeddable":true,"href":"http:\/\/www.grieta.org.mx\/index.php\/wp-json\/wp\/v2\/media\/21928"}],"wp:attachment":[{"href":"http:\/\/www.grieta.org.mx\/index.php\/wp-json\/wp\/v2\/media?parent=11623"}],"wp:term":[{"taxonomy":"category","embeddable":true,"href":"http:\/\/www.grieta.org.mx\/index.php\/wp-json\/wp\/v2\/categories?post=11623"},{"taxonomy":"post_tag","embeddable":true,"href":"http:\/\/www.grieta.org.mx\/index.php\/wp-json\/wp\/v2\/tags?post=11623"}],"curies":[{"name":"wp","href":"https:\/\/api.w.org\/{rel}","templated":true}]}}