{"id":11612,"date":"2016-04-28T23:18:57","date_gmt":"2016-04-28T23:18:57","guid":{"rendered":"http:\/\/www.grieta.org.mx\/?p=11612"},"modified":"2016-05-02T23:22:41","modified_gmt":"2016-05-02T23:22:41","slug":"agreden-a-balazos-a-voluntarios-de-estancia-del-migrante","status":"publish","type":"post","link":"http:\/\/www.grieta.org.mx\/index.php\/2016\/04\/28\/agreden-a-balazos-a-voluntarios-de-estancia-del-migrante\/","title":{"rendered":"Agreden a balazos a voluntarios de Estancia del Migrante"},"content":{"rendered":"<p> Alma C\u00f3rdova\/AM Quer\u00e9taro<\/p>\n<blockquote><p>Los voluntarios de la Estancia del Migrante \u201cGonz\u00e1lez y Mart\u00ednez\u201d denunciaron que han sido v\u00edctimas de constantes agresiones de noviembre a la fecha<\/p><\/blockquote>\n<p>De noviembre a la fecha, los voluntarios de la Estancia del Migrante \u201cGonz\u00e1lez y Mart\u00ednez\u201d han sido v\u00edctimas de constantes agresiones por parte del personal de la empresa de seguridad Servicios Especializados de Investigaci\u00f3n y Custodia (SEICSA), denunci\u00f3 el presidente de la organizaci\u00f3n, Mart\u00edn Mart\u00ednez R\u00edos, al se\u00f1alar que, el mi\u00e9rcoles por la noche, seis elementos de seguridad dispararon con armas largas en contra de voluntarios que estaban por brindar apoyo a los inmigrantes que viajaban en el tren.<\/p>\n<p>Mart\u00edn Mart\u00ednez explic\u00f3 que este ataque es el segundo de gravedad, que ocurre desde que la empresa de seguridad SEICSA comenz\u00f3 a resguardar las v\u00edas de la empresa Ferromex, sin embargo, esta \u00faltima agresi\u00f3n fue de gran peligro, dado que los disparos pudieron haber herido gravemente a los voluntarios, entre los que se encuentran ni\u00f1os.<\/p>\n<p>    \u201cNosotros nos colocamos a la orilla de la v\u00eda, como a unos 500 metros a la orilla estamos para poder asistir a los migrantes al paso del tren. Lo que pas\u00f3 ayer (mi\u00e9rcoles) fue que hab\u00eda seis guardias arriba del tren para supuestamente custodiarlo y al frente de la Estancia donde estamos ubicados, un guardia sac\u00f3 su arma, armas largas y apunt\u00f3 a un voluntario y le dispar\u00f3, no le dio pero la agresi\u00f3n fue directa\u201d, indic\u00f3.<\/p>\n<p>Explic\u00f3 que al momento de la agresi\u00f3n hab\u00eda nueve adultos y siete ni\u00f1os esperando a los inmigrantes, adem\u00e1s de que los disparos se realizaron para atacar directamente a los voluntarios de la Estancia y se trat\u00f3 de balas reales, no de goma como en otras ocasiones.<\/p>\n<p>    \u201cEllos mismo nos han dicho que la orden es disparar y matar a todo lo que se mueva alrededor del tren\u201d, afirm\u00f3.<\/p>\n<p>Mart\u00edn Mart\u00ednez afirm\u00f3 que, a trav\u00e9s de diferentes organismos, como la Defensor\u00eda de los Derechos Humanos del Estado de Quer\u00e9taro (DDHQ), buscar\u00e1n que esta empresa deje de operar en la entidad, principalmente por el nivel de violencia con el que realizan su labor, adem\u00e1s de que buscar\u00e1n otras instancias legales para protegerse de estos ataques.<\/p>\n<p>De octubre a la fecha, puntualiz\u00f3, la Estancia del Migrante Mart\u00ednez y Gonz\u00e1lez ha reportado siete agresiones en contra de inmigrantes centroamericanos, as\u00ed como dos -de gravedad- en contra de sus voluntarios.<\/p>\n<p><a href=\"http:\/\/amqueretaro.com\/queretaro\/2016\/04\/28\/agreden-a-balazos-a-voluntarios-de-estancia-del-migrante\" target=\"_blank\">http:\/\/amqueretaro.com\/queretaro\/2016\/04\/28\/agreden-a-balazos-a-voluntarios-de-estancia-del-migrante<\/a><\/p>\n","protected":false},"excerpt":{"rendered":"<p>Alma C\u00f3rdova\/AM Quer\u00e9taro Los voluntarios de la Estancia del Migrante \u201cGonz\u00e1lez y Mart\u00ednez\u201d denunciaron que han sido v\u00edctimas de constantes agresiones de noviembre a la fecha De noviembre a la &hellip; <a href=\"http:\/\/www.grieta.org.mx\/index.php\/2016\/04\/28\/agreden-a-balazos-a-voluntarios-de-estancia-del-migrante\/\" class=\"more-link\">Leer m\u00e1s<\/a><\/p>\n","protected":false},"author":2,"featured_media":21928,"comment_status":"closed","ping_status":"closed","sticky":false,"template":"","format":"standard","meta":{"ngg_post_thumbnail":0,"_jetpack_newsletter_access":"","_jetpack_dont_email_post_to_subs":false,"_jetpack_newsletter_tier_id":0,"_jetpack_memberships_contains_paywalled_content":false,"_jetpack_memberships_contains_paid_content":false,"footnotes":""},"categories":[80,359],"tags":[199,158],"class_list":["post-11612","post","type-post","status-publish","format-standard","has-post-thumbnail","hentry","category-cintillo","category-queretaro","tag-abuso-policiaco","tag-migrantes","entry"],"jetpack_featured_media_url":"http:\/\/www.grieta.org.mx\/wp-content\/uploads\/2018\/03\/14524434_1106112876131411_958039263622046936_o.jpg","jetpack_sharing_enabled":true,"jetpack_shortlink":"https:\/\/wp.me\/p7ZJR4-31i","jetpack_likes_enabled":false,"jetpack-related-posts":[{"id":4965,"url":"http:\/\/www.grieta.org.mx\/index.php\/2016\/08\/01\/agresiones-contra-migrantes-por-parte-de-guardias-de-ferromex\/","url_meta":{"origin":11612,"position":0},"title":"Migrantes en Quer\u00e9taro","author":"grieta","date":"1 agosto, 2016","format":false,"excerpt":"01\/08\/16. Remesas de migrantes a Quer\u00e9taro en primer semestre de 2016 equivalen a 137 veces el presupuesto anual de Sedesoq C\u00f3dice informativo Agresiones contra migrantes por parte de guardias privados de Ferromex 14\/05\/16. En Quer\u00e9taro rechazan presencia de la Gendarmer\u00eda AM Quer\u00e9taro 28\/04\/16. Agreden a balazos a voluntarios de Estancia\u2026","rel":"","context":"En &quot;Migrantes&quot;","block_context":{"text":"Migrantes","link":"http:\/\/www.grieta.org.mx\/index.php\/category\/temas-nacionales\/migrantes\/"},"img":{"alt_text":"","src":"https:\/\/i0.wp.com\/www.grieta.org.mx\/wp-content\/uploads\/2018\/03\/14524434_1106112876131411_958039263622046936_o.jpg?resize=350%2C200","width":350,"height":200,"srcset":"https:\/\/i0.wp.com\/www.grieta.org.mx\/wp-content\/uploads\/2018\/03\/14524434_1106112876131411_958039263622046936_o.jpg?resize=350%2C200 1x, https:\/\/i0.wp.com\/www.grieta.org.mx\/wp-content\/uploads\/2018\/03\/14524434_1106112876131411_958039263622046936_o.jpg?resize=525%2C300 1.5x, https:\/\/i0.wp.com\/www.grieta.org.mx\/wp-content\/uploads\/2018\/03\/14524434_1106112876131411_958039263622046936_o.jpg?resize=700%2C400 2x"},"classes":[]},{"id":4970,"url":"http:\/\/www.grieta.org.mx\/index.php\/2015\/09\/10\/denuncian-ante-el-ministerio-publico-agresion-a-migrantes\/","url_meta":{"origin":11612,"position":1},"title":"Denuncian ante el Ministerio P\u00fablico agresi\u00f3n a migrantes","author":"grieta","date":"10 septiembre, 2015","format":false,"excerpt":"Guillermo Contreras\/AM Quer\u00e9taro Denuncian ante el Ministerio P\u00fablico agresi\u00f3n a migrantes Trabajadores de seguridad privada que operan para Ferromex agredieron a miembros de la Estancia del Migrante.\/ Foto: Hugo Arciniega Trabajadores de la empresa Ferromex agredieron a miembros de la Estancia del Migrante en la comunidad de Viborillas, la presidente\u2026","rel":"","context":"En &quot;CINTILLO&quot;","block_context":{"text":"CINTILLO","link":"http:\/\/www.grieta.org.mx\/index.php\/category\/cintillo\/"},"img":{"alt_text":"","src":"https:\/\/i0.wp.com\/www.grieta.org.mx\/wp-content\/uploads\/2018\/03\/14524434_1106112876131411_958039263622046936_o.jpg?resize=350%2C200","width":350,"height":200,"srcset":"https:\/\/i0.wp.com\/www.grieta.org.mx\/wp-content\/uploads\/2018\/03\/14524434_1106112876131411_958039263622046936_o.jpg?resize=350%2C200 1x, https:\/\/i0.wp.com\/www.grieta.org.mx\/wp-content\/uploads\/2018\/03\/14524434_1106112876131411_958039263622046936_o.jpg?resize=525%2C300 1.5x, https:\/\/i0.wp.com\/www.grieta.org.mx\/wp-content\/uploads\/2018\/03\/14524434_1106112876131411_958039263622046936_o.jpg?resize=700%2C400 2x"},"classes":[]},{"id":4971,"url":"http:\/\/www.grieta.org.mx\/index.php\/2015\/09\/09\/niega-ferromex-agresion-a-migrantes-y-personal-de-estancia-del-migrante\/","url_meta":{"origin":11612,"position":2},"title":"Niega Ferromex agresi\u00f3n a migrantes y personal de Estancia del Migrante","author":"grieta","date":"9 septiembre, 2015","format":false,"excerpt":"Andy Mart\u00ednez\/Quadrat\u00edn QUER\u00c9TARO, Qro., 9 de septiembre del 2015.- La empresa Ferromex neg\u00f3 que su personal de seguridad privada agrediera a los migrantes y a personal de la Estancia del Migrante Gonz\u00e1lez y Mart\u00ednez, revel\u00f3 el secretario de gobierno estatal, Juan Carlos Espinosa Larracoechea. Luego de que dicha estancia denunci\u00f3\u2026","rel":"","context":"En &quot;CINTILLO&quot;","block_context":{"text":"CINTILLO","link":"http:\/\/www.grieta.org.mx\/index.php\/category\/cintillo\/"},"img":{"alt_text":"","src":"https:\/\/i0.wp.com\/www.grieta.org.mx\/wp-content\/uploads\/2018\/03\/14524434_1106112876131411_958039263622046936_o.jpg?resize=350%2C200","width":350,"height":200,"srcset":"https:\/\/i0.wp.com\/www.grieta.org.mx\/wp-content\/uploads\/2018\/03\/14524434_1106112876131411_958039263622046936_o.jpg?resize=350%2C200 1x, https:\/\/i0.wp.com\/www.grieta.org.mx\/wp-content\/uploads\/2018\/03\/14524434_1106112876131411_958039263622046936_o.jpg?resize=525%2C300 1.5x, https:\/\/i0.wp.com\/www.grieta.org.mx\/wp-content\/uploads\/2018\/03\/14524434_1106112876131411_958039263622046936_o.jpg?resize=700%2C400 2x"},"classes":[]},{"id":4969,"url":"http:\/\/www.grieta.org.mx\/index.php\/2015\/09\/10\/investigan-presunta-agresion-de-guardias-de-ferromex-contra-migrantes\/","url_meta":{"origin":11612,"position":3},"title":"Investigan presunta agresi\u00f3n de guardias de Ferromex contra migrantes","author":"grieta","date":"10 septiembre, 2015","format":false,"excerpt":"Viviana Estrella\/La Silla Rota QUER\u00c9TARO (La Silla Rota).- Quer\u00e9taro es un paso obligado para los migrantes que optan por seguir el camino de \u201cLa Bestia\u201d, durante este trayecto suelen enfrentarse a indolencia, agresiones e intimidaciones. La Estancia Gonz\u00e1lez y Mart\u00ednez (dedicada a brindar apoyo a los migrantes que pasan por\u2026","rel":"","context":"En &quot;CINTILLO&quot;","block_context":{"text":"CINTILLO","link":"http:\/\/www.grieta.org.mx\/index.php\/category\/cintillo\/"},"img":{"alt_text":"","src":"https:\/\/i0.wp.com\/www.grieta.org.mx\/wp-content\/uploads\/2018\/03\/14524434_1106112876131411_958039263622046936_o.jpg?resize=350%2C200","width":350,"height":200,"srcset":"https:\/\/i0.wp.com\/www.grieta.org.mx\/wp-content\/uploads\/2018\/03\/14524434_1106112876131411_958039263622046936_o.jpg?resize=350%2C200 1x, https:\/\/i0.wp.com\/www.grieta.org.mx\/wp-content\/uploads\/2018\/03\/14524434_1106112876131411_958039263622046936_o.jpg?resize=525%2C300 1.5x, https:\/\/i0.wp.com\/www.grieta.org.mx\/wp-content\/uploads\/2018\/03\/14524434_1106112876131411_958039263622046936_o.jpg?resize=700%2C400 2x"},"classes":[]},{"id":12800,"url":"http:\/\/www.grieta.org.mx\/index.php\/2016\/05\/14\/en-queretaro-rechazan-presencia-de-la-gendarmeria\/","url_meta":{"origin":11612,"position":4},"title":"En Quer\u00e9taro rechazan presencia de la Gendarmer\u00eda","author":"grieta","date":"14 mayo, 2016","format":false,"excerpt":"Diego Rodr\u00edguez\/AM Quer\u00e9taro Recientemente un voluntario de la Estancia del Migrante fue agredido con arma de fuego por personal de la empresa contratada por Ferromex Activistas de la Red para las Migraciones en Quer\u00e9taro y de la Estancia del Migrante se pronunciaron en contra de la presencia de la Divisi\u00f3n\u2026","rel":"","context":"En &quot;CINTILLO&quot;","block_context":{"text":"CINTILLO","link":"http:\/\/www.grieta.org.mx\/index.php\/category\/cintillo\/"},"img":{"alt_text":"","src":"https:\/\/i0.wp.com\/www.grieta.org.mx\/wp-content\/uploads\/2018\/03\/14524434_1106112876131411_958039263622046936_o.jpg?resize=350%2C200","width":350,"height":200,"srcset":"https:\/\/i0.wp.com\/www.grieta.org.mx\/wp-content\/uploads\/2018\/03\/14524434_1106112876131411_958039263622046936_o.jpg?resize=350%2C200 1x, https:\/\/i0.wp.com\/www.grieta.org.mx\/wp-content\/uploads\/2018\/03\/14524434_1106112876131411_958039263622046936_o.jpg?resize=525%2C300 1.5x, https:\/\/i0.wp.com\/www.grieta.org.mx\/wp-content\/uploads\/2018\/03\/14524434_1106112876131411_958039263622046936_o.jpg?resize=700%2C400 2x"},"classes":[]},{"id":33071,"url":"http:\/\/www.grieta.org.mx\/index.php\/2019\/01\/24\/flujo-constante-de-migrantes-en-tequisquiapan-queretaro\/","url_meta":{"origin":11612,"position":5},"title":"Flujo constante de migrantes en Tequisquiapan (Quer\u00e9taro)","author":"grieta","date":"24 enero, 2019","format":false,"excerpt":"Rosal\u00eda Nieves Rosas \/ El Sol de San Juan del R\u00edo TEQUISQUIAPAN, QRO.- El presidente de la Estancia del Migrante Gonz\u00e1lez y Mart\u00ednez A.C., Mart\u00edn Mart\u00ednez R\u00edos, dio a conocer que el flujo migratorio de Centroam\u00e9rica por Tequisquiapan se mantiene en continuo aumento, por lo que se prev\u00e9 cerrar enero\u2026","rel":"","context":"En &quot;CINTILLO&quot;","block_context":{"text":"CINTILLO","link":"http:\/\/www.grieta.org.mx\/index.php\/category\/cintillo\/"},"img":{"alt_text":"","src":"https:\/\/i0.wp.com\/www.grieta.org.mx\/wp-content\/uploads\/2019\/05\/Migrantes-Caravana-Migrante-CDMX-_RAL1383-1160x700.jpg?resize=350%2C200","width":350,"height":200,"srcset":"https:\/\/i0.wp.com\/www.grieta.org.mx\/wp-content\/uploads\/2019\/05\/Migrantes-Caravana-Migrante-CDMX-_RAL1383-1160x700.jpg?resize=350%2C200 1x, https:\/\/i0.wp.com\/www.grieta.org.mx\/wp-content\/uploads\/2019\/05\/Migrantes-Caravana-Migrante-CDMX-_RAL1383-1160x700.jpg?resize=525%2C300 1.5x, https:\/\/i0.wp.com\/www.grieta.org.mx\/wp-content\/uploads\/2019\/05\/Migrantes-Caravana-Migrante-CDMX-_RAL1383-1160x700.jpg?resize=700%2C400 2x, https:\/\/i0.wp.com\/www.grieta.org.mx\/wp-content\/uploads\/2019\/05\/Migrantes-Caravana-Migrante-CDMX-_RAL1383-1160x700.jpg?resize=1050%2C600 3x"},"classes":[]}],"_links":{"self":[{"href":"http:\/\/www.grieta.org.mx\/index.php\/wp-json\/wp\/v2\/posts\/11612","targetHints":{"allow":["GET"]}}],"collection":[{"href":"http:\/\/www.grieta.org.mx\/index.php\/wp-json\/wp\/v2\/posts"}],"about":[{"href":"http:\/\/www.grieta.org.mx\/index.php\/wp-json\/wp\/v2\/types\/post"}],"author":[{"embeddable":true,"href":"http:\/\/www.grieta.org.mx\/index.php\/wp-json\/wp\/v2\/users\/2"}],"replies":[{"embeddable":true,"href":"http:\/\/www.grieta.org.mx\/index.php\/wp-json\/wp\/v2\/comments?post=11612"}],"version-history":[{"count":1,"href":"http:\/\/www.grieta.org.mx\/index.php\/wp-json\/wp\/v2\/posts\/11612\/revisions"}],"predecessor-version":[{"id":11613,"href":"http:\/\/www.grieta.org.mx\/index.php\/wp-json\/wp\/v2\/posts\/11612\/revisions\/11613"}],"wp:featuredmedia":[{"embeddable":true,"href":"http:\/\/www.grieta.org.mx\/index.php\/wp-json\/wp\/v2\/media\/21928"}],"wp:attachment":[{"href":"http:\/\/www.grieta.org.mx\/index.php\/wp-json\/wp\/v2\/media?parent=11612"}],"wp:term":[{"taxonomy":"category","embeddable":true,"href":"http:\/\/www.grieta.org.mx\/index.php\/wp-json\/wp\/v2\/categories?post=11612"},{"taxonomy":"post_tag","embeddable":true,"href":"http:\/\/www.grieta.org.mx\/index.php\/wp-json\/wp\/v2\/tags?post=11612"}],"curies":[{"name":"wp","href":"https:\/\/api.w.org\/{rel}","templated":true}]}}