{"id":11594,"date":"2016-04-30T16:45:37","date_gmt":"2016-04-30T16:45:37","guid":{"rendered":"http:\/\/www.grieta.org.mx\/?p=11594"},"modified":"2016-05-02T16:54:08","modified_gmt":"2016-05-02T16:54:08","slug":"denuncia-brigada-de-busqueda-hostigamiento-de-policias-a-aracely-salcedo","status":"publish","type":"post","link":"http:\/\/www.grieta.org.mx\/index.php\/2016\/04\/30\/denuncia-brigada-de-busqueda-hostigamiento-de-policias-a-aracely-salcedo\/","title":{"rendered":"Denuncia Brigada de b\u00fasqueda hostigamiento de Polic\u00edas a Aracely Salcedo"},"content":{"rendered":"<p>La Brigada Nacional de B\u00fasqueda de familiares desaparecidos denunci\u00f3 a trav\u00e9s de las redes sociales hostigamiento de la polic\u00eda de Orizaba, a Aracely Salcedo, integrante del colectivo y fundadora del Colectivo de Familias de Desaparecidos C\u00f3rdoba-Orizaba.<\/p>\n<p>De acuerdo al comunicado los hechos se suscitaron el viernes alrededor de las 19:00 horas cuando el veh\u00edculo en el que viajaba Aracely circulaba entre las calles norte 10 y Oriente 31, varios elementos polic\u00edacos, a bordo de cerca de 8 patrullas de polic\u00edas estatales y del municipio de Orizaba, armados con armas largas, rodearon el veh\u00edculo en el que viajaba Aracely Salcedo, los fotografiaron y los enca\u00f1onaron.<\/p>\n<p>\u201cExigimos al gobierno de Veracruz que cese los actos de hostigamiento contra familiares de personas desaparecidas y defensores de derechos humanos que acompa\u00f1an casos y a la Brigada. Asimismo, a la Fiscal\u00eda General del Estado que investigue de manera diligente estos hechos\u201d.<\/p>\n<p>El comunicado se\u00f1ala que los elementos argumentaron que iban en persecuci\u00f3n de un veh\u00edculo, sin embargo consideron no coincide en lo absoluto con el veh\u00edculo en el que viajaban las personas agredidas, por lo que ya  le dieron aviso a las autoridades federales e iniciaron las acciones legales correspondientes<\/p>\n<p><a href=\"http:\/\/proyecto13.com\/local\/denuncia-brigada-busqueda-hostigamiento-policias-a-aracely-salcedo\/\" target=\"_blank\">http:\/\/proyecto13.com\/local\/denuncia-brigada-busqueda-hostigamiento-policias-a-aracely-salcedo\/<\/a><\/p>\n","protected":false},"excerpt":{"rendered":"<p>La Brigada Nacional de B\u00fasqueda de familiares desaparecidos denunci\u00f3 a trav\u00e9s de las redes sociales hostigamiento de la polic\u00eda de Orizaba, a Aracely Salcedo, integrante del colectivo y fundadora del &hellip; <a href=\"http:\/\/www.grieta.org.mx\/index.php\/2016\/04\/30\/denuncia-brigada-de-busqueda-hostigamiento-de-policias-a-aracely-salcedo\/\" class=\"more-link\">Leer m\u00e1s<\/a><\/p>\n","protected":false},"author":2,"featured_media":21928,"comment_status":"closed","ping_status":"closed","sticky":false,"template":"","format":"standard","meta":{"ngg_post_thumbnail":0,"_jetpack_newsletter_access":"","_jetpack_dont_email_post_to_subs":false,"_jetpack_newsletter_tier_id":0,"_jetpack_memberships_contains_paywalled_content":false,"_jetpack_memberships_contains_paid_content":false,"footnotes":""},"categories":[80,257],"tags":[613,121],"class_list":["post-11594","post","type-post","status-publish","format-standard","has-post-thumbnail","hentry","category-cintillo","category-veracruz","tag-brigada-nacional-de-busqueda","tag-desaparecidos","entry"],"jetpack_featured_media_url":"http:\/\/www.grieta.org.mx\/wp-content\/uploads\/2018\/03\/14524434_1106112876131411_958039263622046936_o.jpg","jetpack_sharing_enabled":true,"jetpack_shortlink":"https:\/\/wp.me\/p7ZJR4-310","jetpack_likes_enabled":false,"jetpack-related-posts":[{"id":10560,"url":"http:\/\/www.grieta.org.mx\/index.php\/2016\/09\/12\/desaparecidos-en-veracruz\/","url_meta":{"origin":11594,"position":0},"title":"Desaparecidos en Veracruz","author":"grieta","date":"12 septiembre, 2016","format":false,"excerpt":"El Colectivo Solecito Veracruzano contin\u00faa labores de b\u00fasqueda de desaparecidos 12\/09\/16. Mujeres que buscan fosas acusan que Fiscal\u00eda de Veracruz entorpece su b\u00fasqueda Animal Pol\u00edtico 29\/08\/16. Un narcocementerio llamado Veracruz Proceso 15\/08\/16. Encuentran 37 fosas clandestinas en ocho d\u00edas en Veracruz El Financiero 15\/08\/16. Encuentran fosas clandestinas en Veracruz, suman\u2026","rel":"","context":"En &quot;Desaparecidos&quot;","block_context":{"text":"Desaparecidos","link":"http:\/\/www.grieta.org.mx\/index.php\/category\/temas-nacionales\/desaparecidos\/"},"img":{"alt_text":"","src":"https:\/\/i0.wp.com\/www.grieta.org.mx\/wp-content\/uploads\/2018\/03\/14524434_1106112876131411_958039263622046936_o.jpg?resize=350%2C200","width":350,"height":200,"srcset":"https:\/\/i0.wp.com\/www.grieta.org.mx\/wp-content\/uploads\/2018\/03\/14524434_1106112876131411_958039263622046936_o.jpg?resize=350%2C200 1x, https:\/\/i0.wp.com\/www.grieta.org.mx\/wp-content\/uploads\/2018\/03\/14524434_1106112876131411_958039263622046936_o.jpg?resize=525%2C300 1.5x, https:\/\/i0.wp.com\/www.grieta.org.mx\/wp-content\/uploads\/2018\/03\/14524434_1106112876131411_958039263622046936_o.jpg?resize=700%2C400 2x"},"classes":[]},{"id":34584,"url":"http:\/\/www.grieta.org.mx\/index.php\/2019\/03\/14\/hallan-mas-fosas-en-rio-blanco-podria-haber-mas-cuerpos-veracruz\/","url_meta":{"origin":11594,"position":1},"title":"Hallan m\u00e1s fosas en R\u00edo Blanco; podr\u00eda haber m\u00e1s cuerpos (Veracruz)","author":"grieta","date":"14 marzo, 2019","format":false,"excerpt":"Patricia Libonatti \/ Quadrat\u00edn Veracruz R\u00cdO BLANCO, Ver., 14 de marzo de 2019.- Tras el hallazgo de cuatro cuerpos m\u00e1s, los trabajos de b\u00fasqueda continuar\u00e1n por tiempo indefinido en Los Arenales, de la colonia Venustiano Carranza de R\u00edo Blanco, ya que se han detectado otras fosas y el n\u00famero de\u2026","rel":"","context":"En &quot;CINTILLO&quot;","block_context":{"text":"CINTILLO","link":"http:\/\/www.grieta.org.mx\/index.php\/category\/cintillo\/"},"img":{"alt_text":"","src":"https:\/\/i0.wp.com\/www.grieta.org.mx\/wp-content\/uploads\/2019\/06\/7D578570-CCA7-4AE7-9153-960469383247-1160x700.jpeg?resize=350%2C200","width":350,"height":200,"srcset":"https:\/\/i0.wp.com\/www.grieta.org.mx\/wp-content\/uploads\/2019\/06\/7D578570-CCA7-4AE7-9153-960469383247-1160x700.jpeg?resize=350%2C200 1x, https:\/\/i0.wp.com\/www.grieta.org.mx\/wp-content\/uploads\/2019\/06\/7D578570-CCA7-4AE7-9153-960469383247-1160x700.jpeg?resize=525%2C300 1.5x, https:\/\/i0.wp.com\/www.grieta.org.mx\/wp-content\/uploads\/2019\/06\/7D578570-CCA7-4AE7-9153-960469383247-1160x700.jpeg?resize=700%2C400 2x, https:\/\/i0.wp.com\/www.grieta.org.mx\/wp-content\/uploads\/2019\/06\/7D578570-CCA7-4AE7-9153-960469383247-1160x700.jpeg?resize=1050%2C600 3x"},"classes":[]},{"id":14868,"url":"http:\/\/www.grieta.org.mx\/index.php\/2016\/06\/23\/asesinan-a-jesus-jimenez-de-brigada-nacional-de-busqueda-de-desaparecidos\/","url_meta":{"origin":11594,"position":2},"title":"Asesinan a Jes\u00fas Jim\u00e9nez de Brigada Nacional de B\u00fasqueda de desaparecidos","author":"grieta","date":"23 junio, 2016","format":false,"excerpt":"Citlali T\u00e9llez Jos\u00e9 Jes\u00fas Jim\u00e9nez Gaona, integrante de la Brigada Nacional de B\u00fasqueda de Desaparecidos, fue asesinado la noche del mi\u00e9rcoles 22 de junio en Poza Rica, Veracruz; su esposa Francisca V\u00e1zquez fue herida en el mismo ataque y se encuentra grave. La Fiscal\u00eda General del Estado de Veracruz inform\u00f3\u2026","rel":"","context":"En &quot;CINTILLO&quot;","block_context":{"text":"CINTILLO","link":"http:\/\/www.grieta.org.mx\/index.php\/category\/cintillo\/"},"img":{"alt_text":"","src":"https:\/\/i0.wp.com\/www.grieta.org.mx\/wp-content\/uploads\/2018\/03\/14524434_1106112876131411_958039263622046936_o.jpg?resize=350%2C200","width":350,"height":200,"srcset":"https:\/\/i0.wp.com\/www.grieta.org.mx\/wp-content\/uploads\/2018\/03\/14524434_1106112876131411_958039263622046936_o.jpg?resize=350%2C200 1x, https:\/\/i0.wp.com\/www.grieta.org.mx\/wp-content\/uploads\/2018\/03\/14524434_1106112876131411_958039263622046936_o.jpg?resize=525%2C300 1.5x, https:\/\/i0.wp.com\/www.grieta.org.mx\/wp-content\/uploads\/2018\/03\/14524434_1106112876131411_958039263622046936_o.jpg?resize=700%2C400 2x"},"classes":[]},{"id":56869,"url":"http:\/\/www.grieta.org.mx\/index.php\/2021\/01\/31\/solo-en-elecciones-politicos-de-veracruz-se-acuerdan-de-desaparecidos-critican\/","url_meta":{"origin":11594,"position":3},"title":"S\u00f3lo en elecciones pol\u00edticos de Veracruz se acuerdan de desaparecidos, critican","author":"grieta","date":"31 enero, 2021","format":false,"excerpt":"La activista Araceli Salcedo advirti\u00f3 que no habr\u00e1 votos para quien no lo merezca Tania Guzm\u00e1n \/ Al calor pol\u00edtico La representante del Colectivo de Familiares de Desaparecidos Orizaba-C\u00f3rdoba, Araceli Salcedo, critic\u00f3 que durante las \u00e9pocas electorales los pol\u00edticos se acuerdan de las v\u00edctimas de desapariciones. Seg\u00fan la activistas, ahora\u2026","rel":"","context":"En &quot;CINTILLO&quot;","block_context":{"text":"CINTILLO","link":"http:\/\/www.grieta.org.mx\/index.php\/category\/cintillo\/"},"img":{"alt_text":"","src":"https:\/\/i0.wp.com\/www.grieta.org.mx\/wp-content\/uploads\/2021\/02\/Screenshot_2021-02-09-Solo-en-elecciones-politicos-de-Veracruz-se-acuerdan-de-desaparecidos-critican.png?resize=350%2C200","width":350,"height":200,"srcset":"https:\/\/i0.wp.com\/www.grieta.org.mx\/wp-content\/uploads\/2021\/02\/Screenshot_2021-02-09-Solo-en-elecciones-politicos-de-Veracruz-se-acuerdan-de-desaparecidos-critican.png?resize=350%2C200 1x, https:\/\/i0.wp.com\/www.grieta.org.mx\/wp-content\/uploads\/2021\/02\/Screenshot_2021-02-09-Solo-en-elecciones-politicos-de-Veracruz-se-acuerdan-de-desaparecidos-critican.png?resize=525%2C300 1.5x, https:\/\/i0.wp.com\/www.grieta.org.mx\/wp-content\/uploads\/2021\/02\/Screenshot_2021-02-09-Solo-en-elecciones-politicos-de-Veracruz-se-acuerdan-de-desaparecidos-critican.png?resize=700%2C400 2x"},"classes":[]},{"id":18516,"url":"http:\/\/www.grieta.org.mx\/index.php\/2016\/08\/01\/concluye-brigada-nacional-de-busqueda-de-desaparecidos-sin-confianza-alguna-en-sus-gobiernos\/","url_meta":{"origin":11594,"position":4},"title":"Concluye Brigada Nacional de B\u00fasqueda de Desaparecidos, sin confianza alguna en sus gobiernos","author":"grieta","date":"1 agosto, 2016","format":false,"excerpt":"Rodrigo Islas Brito\/RIOaxaca. Oaxaca de Ju\u00e1rez. Despu\u00e9s de poco m\u00e1s de diez d\u00edas de labores de b\u00fasqueda la Segunda Brigada Nacional de B\u00fasqueda de Personas Desaparecidas dej\u00f3 estado de Veracruz subrayando que fueron las condiciones de la actual crisis humanitaria por la que pasa M\u00e9xico, que ha permitido la desaparici\u00f3n\u2026","rel":"","context":"En &quot;CINTILLO&quot;","block_context":{"text":"CINTILLO","link":"http:\/\/www.grieta.org.mx\/index.php\/category\/cintillo\/"},"img":{"alt_text":"","src":"https:\/\/i0.wp.com\/www.grieta.org.mx\/wp-content\/uploads\/2018\/03\/14524434_1106112876131411_958039263622046936_o.jpg?resize=350%2C200","width":350,"height":200,"srcset":"https:\/\/i0.wp.com\/www.grieta.org.mx\/wp-content\/uploads\/2018\/03\/14524434_1106112876131411_958039263622046936_o.jpg?resize=350%2C200 1x, https:\/\/i0.wp.com\/www.grieta.org.mx\/wp-content\/uploads\/2018\/03\/14524434_1106112876131411_958039263622046936_o.jpg?resize=525%2C300 1.5x, https:\/\/i0.wp.com\/www.grieta.org.mx\/wp-content\/uploads\/2018\/03\/14524434_1106112876131411_958039263622046936_o.jpg?resize=700%2C400 2x"},"classes":[]},{"id":10752,"url":"http:\/\/www.grieta.org.mx\/index.php\/2016\/04\/22\/en-solo-15-dias-en-veracruz-brigada-de-busqueda-de-desaparecidos-encontro-15-fosas\/","url_meta":{"origin":11594,"position":5},"title":"En s\u00f3lo 15 d\u00edas en Veracruz, Brigada de b\u00fasqueda de desaparecidos encontr\u00f3 15 fosas","author":"grieta","date":"22 abril, 2016","format":false,"excerpt":"Manu Ureste La Brigada Nacional de B\u00fasqueda de familiares de personas desaparecidas inform\u00f3 la tarde de este viernes que, en tan solo 15 d\u00edas de trabajo en diferentes lugares del estado de Veracruz, localiz\u00f3 15 fosas clandestinas con restos humanos, muchos de ellos calcinados. La Brigada se\u00f1al\u00f3 que los hallazgos\u2026","rel":"","context":"En &quot;CINTILLO&quot;","block_context":{"text":"CINTILLO","link":"http:\/\/www.grieta.org.mx\/index.php\/category\/cintillo\/"},"img":{"alt_text":"","src":"https:\/\/i0.wp.com\/www.grieta.org.mx\/wp-content\/uploads\/2018\/03\/14524434_1106112876131411_958039263622046936_o.jpg?resize=350%2C200","width":350,"height":200,"srcset":"https:\/\/i0.wp.com\/www.grieta.org.mx\/wp-content\/uploads\/2018\/03\/14524434_1106112876131411_958039263622046936_o.jpg?resize=350%2C200 1x, https:\/\/i0.wp.com\/www.grieta.org.mx\/wp-content\/uploads\/2018\/03\/14524434_1106112876131411_958039263622046936_o.jpg?resize=525%2C300 1.5x, https:\/\/i0.wp.com\/www.grieta.org.mx\/wp-content\/uploads\/2018\/03\/14524434_1106112876131411_958039263622046936_o.jpg?resize=700%2C400 2x"},"classes":[]}],"_links":{"self":[{"href":"http:\/\/www.grieta.org.mx\/index.php\/wp-json\/wp\/v2\/posts\/11594","targetHints":{"allow":["GET"]}}],"collection":[{"href":"http:\/\/www.grieta.org.mx\/index.php\/wp-json\/wp\/v2\/posts"}],"about":[{"href":"http:\/\/www.grieta.org.mx\/index.php\/wp-json\/wp\/v2\/types\/post"}],"author":[{"embeddable":true,"href":"http:\/\/www.grieta.org.mx\/index.php\/wp-json\/wp\/v2\/users\/2"}],"replies":[{"embeddable":true,"href":"http:\/\/www.grieta.org.mx\/index.php\/wp-json\/wp\/v2\/comments?post=11594"}],"version-history":[{"count":1,"href":"http:\/\/www.grieta.org.mx\/index.php\/wp-json\/wp\/v2\/posts\/11594\/revisions"}],"predecessor-version":[{"id":11599,"href":"http:\/\/www.grieta.org.mx\/index.php\/wp-json\/wp\/v2\/posts\/11594\/revisions\/11599"}],"wp:featuredmedia":[{"embeddable":true,"href":"http:\/\/www.grieta.org.mx\/index.php\/wp-json\/wp\/v2\/media\/21928"}],"wp:attachment":[{"href":"http:\/\/www.grieta.org.mx\/index.php\/wp-json\/wp\/v2\/media?parent=11594"}],"wp:term":[{"taxonomy":"category","embeddable":true,"href":"http:\/\/www.grieta.org.mx\/index.php\/wp-json\/wp\/v2\/categories?post=11594"},{"taxonomy":"post_tag","embeddable":true,"href":"http:\/\/www.grieta.org.mx\/index.php\/wp-json\/wp\/v2\/tags?post=11594"}],"curies":[{"name":"wp","href":"https:\/\/api.w.org\/{rel}","templated":true}]}}