{"id":11556,"date":"2016-05-01T21:40:52","date_gmt":"2016-05-01T21:40:52","guid":{"rendered":"http:\/\/www.grieta.org.mx\/?p=11556"},"modified":"2016-05-01T21:40:52","modified_gmt":"2016-05-01T21:40:52","slug":"muere-minero-en-hercules","status":"publish","type":"post","link":"http:\/\/www.grieta.org.mx\/index.php\/2016\/05\/01\/muere-minero-en-hercules\/","title":{"rendered":"Muere minero en H\u00e9rcules"},"content":{"rendered":"<p><img loading=\"lazy\" decoding=\"async\" data-attachment-id=\"11557\" data-permalink=\"http:\/\/www.grieta.org.mx\/index.php\/2016\/05\/01\/muere-minero-en-hercules\/muere-minero-en-hercules\/\" data-orig-file=\"http:\/\/www.grieta.org.mx\/wp-content\/uploads\/2016\/05\/Muere-minero-en-Hercules.jpg\" data-orig-size=\"400,225\" data-comments-opened=\"0\" data-image-meta=\"{&quot;aperture&quot;:&quot;0&quot;,&quot;credit&quot;:&quot;&quot;,&quot;camera&quot;:&quot;&quot;,&quot;caption&quot;:&quot;&quot;,&quot;created_timestamp&quot;:&quot;0&quot;,&quot;copyright&quot;:&quot;&quot;,&quot;focal_length&quot;:&quot;0&quot;,&quot;iso&quot;:&quot;0&quot;,&quot;shutter_speed&quot;:&quot;0&quot;,&quot;title&quot;:&quot;&quot;,&quot;orientation&quot;:&quot;0&quot;}\" data-image-title=\"Muere minero en H\u00e9rcules\" data-image-description=\"\" data-image-caption=\"\" data-medium-file=\"http:\/\/www.grieta.org.mx\/wp-content\/uploads\/2016\/05\/Muere-minero-en-Hercules-300x169.jpg\" data-large-file=\"http:\/\/www.grieta.org.mx\/wp-content\/uploads\/2016\/05\/Muere-minero-en-Hercules.jpg\" class=\"aligncenter wp-image-11557 size-full\" src=\"http:\/\/www.grieta.org.mx\/wp-content\/uploads\/2016\/05\/Muere-minero-en-Hercules.jpg\" alt=\"Muere minero en H\u00e9rcules\" width=\"400\" height=\"225\" srcset=\"http:\/\/www.grieta.org.mx\/wp-content\/uploads\/2016\/05\/Muere-minero-en-Hercules.jpg 400w, http:\/\/www.grieta.org.mx\/wp-content\/uploads\/2016\/05\/Muere-minero-en-Hercules-300x169.jpg 300w\" sizes=\"auto, (max-width: 400px) 100vw, 400px\" \/><\/p>\n<p>En momentos en que efectuaba trabajos de mantenimiento en la Planta de Concentrado de la Unidad H\u00e9rcules de Minera del Norte, a la una de la madrugada, el trabajador Hilario Cruz Ortiz result\u00f3 atrapado por el desprendimiento de una de las tolvas de carga de mineral.<\/p>\n<p>Operador sindicalizado de 46 a\u00f1os de edad, adscrito a Mantenimiento Mec\u00e1nico, el se\u00f1or Cruz Ortiz recibi\u00f3 auxilio inmediato de los integrantes del turno y de personal m\u00e9dico de la Unidad, quienes lo trasladaron a la cl\u00ednica-hospital local, donde lamentablemente falleci\u00f3 a causa del politraumatismo que presentaba. El accidente fue puesto de inmediato en conocimiento del Ministerio P\u00fablico que inici\u00f3 la investigaci\u00f3n correspondiente, al igual que la Comisi\u00f3n de Seguridad de la Unidad minera.<\/p>\n<p>La direcci\u00f3n de la empresa instruy\u00f3 prestar a la familia del trabajador Cruz Ortiz todo el apoyo necesario y a la vez determinar con precisi\u00f3n el origen del desprendimiento de la tolva de carga.<\/p>\n<p><a href=\"http:\/\/periodicolavoz.com.mx\/muere-minero-hercules\" target=\"_blank\">http:\/\/periodicolavoz.com.mx\/muere-minero-hercules<\/a><\/p>\n","protected":false},"excerpt":{"rendered":"<p>En momentos en que efectuaba trabajos de mantenimiento en la Planta de Concentrado de la Unidad H\u00e9rcules de Minera del Norte, a la una de la madrugada, el trabajador Hilario &hellip; <a href=\"http:\/\/www.grieta.org.mx\/index.php\/2016\/05\/01\/muere-minero-en-hercules\/\" class=\"more-link\">Leer m\u00e1s<\/a><\/p>\n","protected":false},"author":2,"featured_media":21928,"comment_status":"closed","ping_status":"closed","sticky":false,"template":"","format":"standard","meta":{"ngg_post_thumbnail":0,"_jetpack_newsletter_access":"","_jetpack_dont_email_post_to_subs":false,"_jetpack_newsletter_tier_id":0,"_jetpack_memberships_contains_paywalled_content":false,"_jetpack_memberships_contains_paid_content":false,"footnotes":""},"categories":[80,250],"tags":[186,634,109],"class_list":["post-11556","post","type-post","status-publish","format-standard","has-post-thumbnail","hentry","category-cintillo","category-coahuila","tag-accidente","tag-condiciones-laborales","tag-mineria","entry"],"jetpack_featured_media_url":"http:\/\/www.grieta.org.mx\/wp-content\/uploads\/2018\/03\/14524434_1106112876131411_958039263622046936_o.jpg","jetpack_sharing_enabled":true,"jetpack_shortlink":"https:\/\/wp.me\/p7ZJR4-30o","jetpack_likes_enabled":false,"jetpack-related-posts":[{"id":9866,"url":"http:\/\/www.grieta.org.mx\/index.php\/2014\/02\/13\/mueren-cinco-durante-accidente-en-mina-de-slp\/","url_meta":{"origin":11556,"position":0},"title":"Mueren cinco durante accidente en mina de SLP","author":"grieta","date":"13 febrero, 2014","format":false,"excerpt":"Los trabajadores de mantenimiento fallecieron cuando se desplom\u00f3 un elevador que los transportaba Industrial Minera M\u00e9xico inform\u00f3 mediante un comunicado la muerte de cinco trabajadores de mantenimiento en una mina ubicada en el municipio de Charcas. El elevador donde se encontraban sufri\u00f3 la rotura de un eje y los obreros\u2026","rel":"","context":"En &quot;CINTILLO&quot;","block_context":{"text":"CINTILLO","link":"http:\/\/www.grieta.org.mx\/index.php\/category\/cintillo\/"},"img":{"alt_text":"","src":"https:\/\/i0.wp.com\/www.grieta.org.mx\/wp-content\/uploads\/2018\/03\/14524434_1106112876131411_958039263622046936_o.jpg?resize=350%2C200","width":350,"height":200,"srcset":"https:\/\/i0.wp.com\/www.grieta.org.mx\/wp-content\/uploads\/2018\/03\/14524434_1106112876131411_958039263622046936_o.jpg?resize=350%2C200 1x, https:\/\/i0.wp.com\/www.grieta.org.mx\/wp-content\/uploads\/2018\/03\/14524434_1106112876131411_958039263622046936_o.jpg?resize=525%2C300 1.5x, https:\/\/i0.wp.com\/www.grieta.org.mx\/wp-content\/uploads\/2018\/03\/14524434_1106112876131411_958039263622046936_o.jpg?resize=700%2C400 2x"},"classes":[]},{"id":2521,"url":"http:\/\/www.grieta.org.mx\/index.php\/2015\/08\/07\/pobladores-y-trabajadores-de-minera-autlan-unidad-nonoalco-en-hidago-denuncian-contaminacion-y-despidos-injustificados\/","url_meta":{"origin":11556,"position":1},"title":"Pobladores y trabajadores de Minera Autl\u00e1n Unidad Nonoalco en Hidago, denuncian contaminaci\u00f3n y despidos injustificados","author":"grieta","date":"7 agosto, 2015","format":false,"excerpt":"07\/08\/15. Minera Autl\u00e1n logra acuerdo con NonoalcoCriterio Hdalgo 06\/08\/15. Denuncian a minera por contaminaci\u00f3n y da\u00f1os a bosques en HidalgoLa Jornada 05\/08\/15. Vecinos paralizan mina de Autl\u00e1n en HidalgoLa Jornada","rel":"","context":"En &quot;Hidalgo&quot;","block_context":{"text":"Hidalgo","link":"http:\/\/www.grieta.org.mx\/index.php\/category\/noticias-nacionales\/hidalgo\/"},"img":{"alt_text":"","src":"https:\/\/i0.wp.com\/www.grieta.org.mx\/wp-content\/uploads\/2018\/03\/14524434_1106112876131411_958039263622046936_o.jpg?resize=350%2C200","width":350,"height":200,"srcset":"https:\/\/i0.wp.com\/www.grieta.org.mx\/wp-content\/uploads\/2018\/03\/14524434_1106112876131411_958039263622046936_o.jpg?resize=350%2C200 1x, https:\/\/i0.wp.com\/www.grieta.org.mx\/wp-content\/uploads\/2018\/03\/14524434_1106112876131411_958039263622046936_o.jpg?resize=525%2C300 1.5x, https:\/\/i0.wp.com\/www.grieta.org.mx\/wp-content\/uploads\/2018\/03\/14524434_1106112876131411_958039263622046936_o.jpg?resize=700%2C400 2x"},"classes":[]},{"id":1737,"url":"http:\/\/www.grieta.org.mx\/index.php\/2015\/05\/05\/typhoon-investiga-accidente-en-plataforma-de-campeche\/","url_meta":{"origin":11556,"position":2},"title":"Typhoon investiga accidente en plataforma de Campeche","author":"grieta","date":"5 mayo, 2015","format":false,"excerpt":"La empresa confirm\u00f3 la muerte de dos de sus trabajadores, mientras que 10 m\u00e1s resultaron heridos cuando la plataforma se posicionaba para dar servicio de mantenimiento a pozos en el Golfo de M\u00e9xico. 05.05.2015 CIUDAD DE M\u00c9XICO.- La empresa Typhoon Offshore -en asociaci\u00f3n con Harren & Partner- inform\u00f3 que en\u2026","rel":"","context":"En &quot;campeche&quot;","block_context":{"text":"campeche","link":"http:\/\/www.grieta.org.mx\/index.php\/category\/campeche\/"},"img":{"alt_text":"","src":"https:\/\/i0.wp.com\/www.grieta.org.mx\/wp-content\/uploads\/2018\/03\/14524434_1106112876131411_958039263622046936_o.jpg?resize=350%2C200","width":350,"height":200,"srcset":"https:\/\/i0.wp.com\/www.grieta.org.mx\/wp-content\/uploads\/2018\/03\/14524434_1106112876131411_958039263622046936_o.jpg?resize=350%2C200 1x, https:\/\/i0.wp.com\/www.grieta.org.mx\/wp-content\/uploads\/2018\/03\/14524434_1106112876131411_958039263622046936_o.jpg?resize=525%2C300 1.5x, https:\/\/i0.wp.com\/www.grieta.org.mx\/wp-content\/uploads\/2018\/03\/14524434_1106112876131411_958039263622046936_o.jpg?resize=700%2C400 2x"},"classes":[]},{"id":1734,"url":"http:\/\/www.grieta.org.mx\/index.php\/2015\/05\/05\/mueren-dos-trabajadores-por-accidente-en-plataforma-pemex\/","url_meta":{"origin":11556,"position":3},"title":"Mueren dos trabajadores por accidente en plataforma: Pemex","author":"grieta","date":"5 mayo, 2015","format":false,"excerpt":"La plataforma Troll Solution, propiedad de la empresa Typhoon, se lade\u00f3 cuando se estaba posicionando para dar servicio de mantenimiento a pozos por lo que 101 trabajadores tuvieron que ser desalojados, inform\u00f3 Petr\u00f3leos Mexicanos. CIUDAD DE M\u00c9XICO.- Dos trabajadores murieron este martes luego de que una plataforma en la Sonda\u2026","rel":"","context":"En &quot;campeche&quot;","block_context":{"text":"campeche","link":"http:\/\/www.grieta.org.mx\/index.php\/category\/campeche\/"},"img":{"alt_text":"","src":"https:\/\/i0.wp.com\/www.grieta.org.mx\/wp-content\/uploads\/2018\/03\/14524434_1106112876131411_958039263622046936_o.jpg?resize=350%2C200","width":350,"height":200,"srcset":"https:\/\/i0.wp.com\/www.grieta.org.mx\/wp-content\/uploads\/2018\/03\/14524434_1106112876131411_958039263622046936_o.jpg?resize=350%2C200 1x, https:\/\/i0.wp.com\/www.grieta.org.mx\/wp-content\/uploads\/2018\/03\/14524434_1106112876131411_958039263622046936_o.jpg?resize=525%2C300 1.5x, https:\/\/i0.wp.com\/www.grieta.org.mx\/wp-content\/uploads\/2018\/03\/14524434_1106112876131411_958039263622046936_o.jpg?resize=700%2C400 2x"},"classes":[]},{"id":42088,"url":"http:\/\/www.grieta.org.mx\/index.php\/2019\/12\/10\/dos-muertos-y-40-lesionados-tras-accidente-de-autobus-que-se-quedo-sin-frenos-en-oaxaca\/","url_meta":{"origin":11556,"position":4},"title":"Dos muertos y 40 lesionados tras accidente de autob\u00fas que se qued\u00f3 sin frenos en Oaxaca","author":"grieta","date":"10 diciembre, 2019","format":false,"excerpt":"Noticias \/ Tom\u00e1s Mart\u00ednez. Dos personas muertas y 40 lesionados fue el saldo de un accidente ocurrido en la carretera de cuota a M\u00e9xico, en la caseta de cobro de San Pablo Huitzo, Etla. La unidad de transportes Monarca con n\u00famero 52 proveniente de Hermosillo, Sonora con trabajadores agr\u00edcoles se\u2026","rel":"","context":"En &quot;CINTILLO&quot;","block_context":{"text":"CINTILLO","link":"http:\/\/www.grieta.org.mx\/index.php\/category\/cintillo\/"},"img":{"alt_text":"","src":"https:\/\/i0.wp.com\/www.grieta.org.mx\/wp-content\/uploads\/2019\/12\/1.jpeg?resize=350%2C200","width":350,"height":200,"srcset":"https:\/\/i0.wp.com\/www.grieta.org.mx\/wp-content\/uploads\/2019\/12\/1.jpeg?resize=350%2C200 1x, https:\/\/i0.wp.com\/www.grieta.org.mx\/wp-content\/uploads\/2019\/12\/1.jpeg?resize=525%2C300 1.5x, https:\/\/i0.wp.com\/www.grieta.org.mx\/wp-content\/uploads\/2019\/12\/1.jpeg?resize=700%2C400 2x, https:\/\/i0.wp.com\/www.grieta.org.mx\/wp-content\/uploads\/2019\/12\/1.jpeg?resize=1050%2C600 3x"},"classes":[]},{"id":1732,"url":"http:\/\/www.grieta.org.mx\/index.php\/2015\/05\/07\/reporta-pemex-un-percance-mas-en-plataforma-de-sonda-de-campeche\/","url_meta":{"origin":11556,"position":5},"title":"Reporta Pemex un percance m\u00e1s en plataforma de Sonda de Campeche","author":"grieta","date":"7 mayo, 2015","format":false,"excerpt":"Proceso Rosa Santana 7 de mayo de 2015 Nacional CIUDAD DEL CARMEN, Cam. (apro).- A dos d\u00edas del accidente en la plataforma Troll Solutions, que oficialmente dej\u00f3 dos muertos, Petr\u00f3leos Mexicanos (Pemex) report\u00f3 hoy una nueva contingencia en la Sonda de Campeche, esta vez en la plataforma Ocean Summit, de\u2026","rel":"","context":"En &quot;campeche&quot;","block_context":{"text":"campeche","link":"http:\/\/www.grieta.org.mx\/index.php\/category\/campeche\/"},"img":{"alt_text":"","src":"https:\/\/i0.wp.com\/www.grieta.org.mx\/wp-content\/uploads\/2018\/03\/14524434_1106112876131411_958039263622046936_o.jpg?resize=350%2C200","width":350,"height":200,"srcset":"https:\/\/i0.wp.com\/www.grieta.org.mx\/wp-content\/uploads\/2018\/03\/14524434_1106112876131411_958039263622046936_o.jpg?resize=350%2C200 1x, https:\/\/i0.wp.com\/www.grieta.org.mx\/wp-content\/uploads\/2018\/03\/14524434_1106112876131411_958039263622046936_o.jpg?resize=525%2C300 1.5x, https:\/\/i0.wp.com\/www.grieta.org.mx\/wp-content\/uploads\/2018\/03\/14524434_1106112876131411_958039263622046936_o.jpg?resize=700%2C400 2x"},"classes":[]}],"_links":{"self":[{"href":"http:\/\/www.grieta.org.mx\/index.php\/wp-json\/wp\/v2\/posts\/11556","targetHints":{"allow":["GET"]}}],"collection":[{"href":"http:\/\/www.grieta.org.mx\/index.php\/wp-json\/wp\/v2\/posts"}],"about":[{"href":"http:\/\/www.grieta.org.mx\/index.php\/wp-json\/wp\/v2\/types\/post"}],"author":[{"embeddable":true,"href":"http:\/\/www.grieta.org.mx\/index.php\/wp-json\/wp\/v2\/users\/2"}],"replies":[{"embeddable":true,"href":"http:\/\/www.grieta.org.mx\/index.php\/wp-json\/wp\/v2\/comments?post=11556"}],"version-history":[{"count":1,"href":"http:\/\/www.grieta.org.mx\/index.php\/wp-json\/wp\/v2\/posts\/11556\/revisions"}],"predecessor-version":[{"id":11558,"href":"http:\/\/www.grieta.org.mx\/index.php\/wp-json\/wp\/v2\/posts\/11556\/revisions\/11558"}],"wp:featuredmedia":[{"embeddable":true,"href":"http:\/\/www.grieta.org.mx\/index.php\/wp-json\/wp\/v2\/media\/21928"}],"wp:attachment":[{"href":"http:\/\/www.grieta.org.mx\/index.php\/wp-json\/wp\/v2\/media?parent=11556"}],"wp:term":[{"taxonomy":"category","embeddable":true,"href":"http:\/\/www.grieta.org.mx\/index.php\/wp-json\/wp\/v2\/categories?post=11556"},{"taxonomy":"post_tag","embeddable":true,"href":"http:\/\/www.grieta.org.mx\/index.php\/wp-json\/wp\/v2\/tags?post=11556"}],"curies":[{"name":"wp","href":"https:\/\/api.w.org\/{rel}","templated":true}]}}