{"id":11536,"date":"2015-10-25T05:22:19","date_gmt":"2015-10-25T05:22:19","guid":{"rendered":"http:\/\/www.grieta.org.mx\/?p=11536"},"modified":"2016-05-01T05:29:52","modified_gmt":"2016-05-01T05:29:52","slug":"sin-pagar-a-afectados-por-obra-en-apaseo-palmillas","status":"publish","type":"post","link":"http:\/\/www.grieta.org.mx\/index.php\/2015\/10\/25\/sin-pagar-a-afectados-por-obra-en-apaseo-palmillas\/","title":{"rendered":"Sin pagar a afectados por obra en Apaseo-Palmillas"},"content":{"rendered":"<p>Redacci\u00f3n\/AM Quer\u00e9taro<\/p>\n<blockquote><p>Los ejidatarios afectados por obra en San Juan del R\u00edo no han recibido la indemnizaci\u00f3n por los trabajos de la empresa ICA<\/p><\/blockquote>\n<p>La Secretar\u00eda de Comunicaciones y Transportes (SCT) no ha pagado las indemnizaciones que comprometi\u00f3 con los ejidatarios de San Juan del R\u00edo por las afectaciones que gener\u00f3 la empresa ICA durante la construcci\u00f3n del libramiento Apaseo-Palmillas, ello fue confirmado por Alejandro Bocanegra Montes dirigente estatal de la Liga de Comunidades Agrarias y Sindicatos Campesinos.<\/p>\n<p>Explic\u00f3 que algunos comisariados tienen la intenci\u00f3n de hacer nuevas protestas que incluir\u00eda el cierre de carreteras como ocurri\u00f3 el a\u00f1o pasado y es que la dependencia federal se hab\u00eda comprometido a que los recursos se entregar\u00edan antes de que concluyera septiembre.<\/p>\n<p>\u201cLo que la confederaci\u00f3n estaba buscando es que se resarza la afectaci\u00f3n que hicieron en el nuevo libramiento y donde los compa\u00f1eros se han quejado porque los gobiernos han incumplido con su palabra, otros han se\u00f1alado directamente a la empresa constructora ICA. Se les han cerrado algunos pasos y por ello los compa\u00f1eros ejidatarios est\u00e1n en su derecho de exigir los acuerdos que se hab\u00edan hecho\u201d. -\u00bfQu\u00e9 pasar\u00e1 si no les pagan? \u201cLos compa\u00f1eros ya est\u00e1n analizando opciones y algunos hablan de la posibilidad de volver a tomar la carretera estatal 300, otros dicen que detendr\u00e1n las obras lo que significar\u00eda un retraso en la conclusi\u00f3n de la obra\u201d, explic\u00f3 el l\u00edder agrarista.<\/p>\n<p>Sobre este mismo tema tambi\u00e9n habl\u00f3 el exregidor Javier Osornio Salinas quien durante la pasada administraci\u00f3n llev\u00f3 trabajos de mediaci\u00f3n entre las autoridades federales y los ejidatarios, al igual que Bocanegra Montes dijo tener conocimiento que la SCT sigue adeudando pagos de indemnizaci\u00f3n y aunque algunas autoridades tuvieron acercamiento la \u00faltima semana de septiembre con los afectados, fue \u00fanicamente para explicar que el recurso no hab\u00eda sido autorizado todav\u00eda por lo que deber\u00edan esperar otro mes.<\/p>\n<p>\u201cAntes de que concluyera la administraci\u00f3n supimos que gente de la SCT se aperson\u00f3 con los afectados para pedir un mes m\u00e1s de pr\u00f3rroga, ese mes est\u00e1 por concluir y por el acercamiento que han tenido algunos ejidatarios sabemos que no ha habido m\u00e1s comunicaci\u00f3n por lo que existe la inquietud\u201d, se\u00f1al\u00f3.<\/p>\n<p>Alcalde<\/p>\n<p>Ante dicha problem\u00e1tica, el presidente municipal Guillermo Vega Guerrero dijo conocer del conflicto, pero a la fecha su administraci\u00f3n no ha tenido pl\u00e1ticas con los afectados y es que, record\u00f3, se trata de un asunto entre la federaci\u00f3n y particulares; sin embargo, dijo que el gobierno local tiene la disposici\u00f3n de \u2018tender lazos\u2019 para buscar soluciones a los conflictos. <\/p>\n<p>\u201cEl municipio siempre estar\u00e1 abierto, como ente p\u00fablico m\u00e1s cercano a la poblaci\u00f3n, para escuchar cualquier petici\u00f3n y en caso de no ser de nuestra competencia fungir como puente de comunicaci\u00f3n. Este caso desde luego que le compete a la SCT y nosotros estamos en la disposici\u00f3n de fungir como intermediarios de di\u00e1logo para que si hubiera alguna persona que no se le ha pagado la indemnizaci\u00f3n que conforme a ley sea indemnizado por la construcci\u00f3n de este libramiento\u201d, explic\u00f3.<\/p>\n<p>Cabe recordar que en las diferentes reuniones entre ejidos y SCT se reportaron m\u00e1s de 30 personas afectadas y los pagos que exig\u00edan ascend\u00edan a una bolsa superior a cinco millones de pesos.<\/p>\n<p>En cuesti\u00f3n de infraestructura tambi\u00e9n se pidi\u00f3 la reparaci\u00f3n de los canales de riego que fueron afectados por el paso de maquinaria pesada y fue esto lo que caus\u00f3 las mayores p\u00e9rdidas en la cosecha.<\/p>\n<p>Cabe recordar que el libramiento Apaseo-Palmillas es una obra concesionada a la empresa ICA, en donde se aplica una inversi\u00f3n de 5 mil 500 millones de pesos; est\u00e1 programada a entregarse durante el segundo semestre de 2016 y a la fecha se tiene un avance en la construcci\u00f3n de 35 por ciento.<\/p>\n<p><a href=\"http:\/\/amqueretaro.com\/queretaro\/2015\/10\/25\/sin-pagar-a-afectados-por-obra-en-apaseo-palmillas\" target=\"_blank\">http:\/\/amqueretaro.com\/queretaro\/2015\/10\/25\/sin-pagar-a-afectados-por-obra-en-apaseo-palmillas<\/a><\/p>\n","protected":false},"excerpt":{"rendered":"<p>Redacci\u00f3n\/AM Quer\u00e9taro Los ejidatarios afectados por obra en San Juan del R\u00edo no han recibido la indemnizaci\u00f3n por los trabajos de la empresa ICA La Secretar\u00eda de Comunicaciones y Transportes &hellip; <a href=\"http:\/\/www.grieta.org.mx\/index.php\/2015\/10\/25\/sin-pagar-a-afectados-por-obra-en-apaseo-palmillas\/\" class=\"more-link\">Leer m\u00e1s<\/a><\/p>\n","protected":false},"author":2,"featured_media":21928,"comment_status":"closed","ping_status":"closed","sticky":false,"template":"","format":"standard","meta":{"ngg_post_thumbnail":0,"_jetpack_newsletter_access":"","_jetpack_dont_email_post_to_subs":false,"_jetpack_newsletter_tier_id":0,"_jetpack_memberships_contains_paywalled_content":false,"_jetpack_memberships_contains_paid_content":false,"footnotes":""},"categories":[80,359],"tags":[184,304,389],"class_list":["post-11536","post","type-post","status-publish","format-standard","has-post-thumbnail","hentry","category-cintillo","category-queretaro","tag-despojo","tag-ica","tag-libramiento-apaseo-palmilas","entry"],"jetpack_featured_media_url":"http:\/\/www.grieta.org.mx\/wp-content\/uploads\/2018\/03\/14524434_1106112876131411_958039263622046936_o.jpg","jetpack_sharing_enabled":true,"jetpack_shortlink":"https:\/\/wp.me\/p7ZJR4-304","jetpack_likes_enabled":false,"jetpack-related-posts":[{"id":5155,"url":"http:\/\/www.grieta.org.mx\/index.php\/2016\/04\/30\/ejidatarios-de-san-juan-y-amealco-exigen-indemnizacion-por-libramiento\/","url_meta":{"origin":11536,"position":0},"title":"Conflictos por la construcci\u00f3n del libramiento Apaseo-Palmillas","author":"grieta","date":"30 abril, 2016","format":false,"excerpt":"30\/04\/16. Dice la SCT que no puede intervenir en conflicto del libramiento AM Quer\u00e9taro 28\/04\/16. Denuncia Sindicato de Trabajadores Transportistas del Municipio de Huimilpan despojo laboral AM Quer\u00e9taro 25\/10\/15. Sin pagar a afectados por obra en Apaseo-Palmillas AM Quer\u00e9taro 15\/09\/15. ICA y la SCT incumplen con pagos a ejidatarios afectados\u2026","rel":"","context":"En &quot;Comunicaciones y transportes&quot;","block_context":{"text":"Comunicaciones y transportes","link":"http:\/\/www.grieta.org.mx\/index.php\/category\/megaproyectos\/comunicaciones-y-transportes\/"},"img":{"alt_text":"","src":"https:\/\/i0.wp.com\/www.grieta.org.mx\/wp-content\/uploads\/2018\/03\/14524434_1106112876131411_958039263622046936_o.jpg?resize=350%2C200","width":350,"height":200,"srcset":"https:\/\/i0.wp.com\/www.grieta.org.mx\/wp-content\/uploads\/2018\/03\/14524434_1106112876131411_958039263622046936_o.jpg?resize=350%2C200 1x, https:\/\/i0.wp.com\/www.grieta.org.mx\/wp-content\/uploads\/2018\/03\/14524434_1106112876131411_958039263622046936_o.jpg?resize=525%2C300 1.5x, https:\/\/i0.wp.com\/www.grieta.org.mx\/wp-content\/uploads\/2018\/03\/14524434_1106112876131411_958039263622046936_o.jpg?resize=700%2C400 2x"},"classes":[]},{"id":5156,"url":"http:\/\/www.grieta.org.mx\/index.php\/2015\/08\/22\/atiende-cnc-a-afectados-por-libramiento-palmillas-apaseo\/","url_meta":{"origin":11536,"position":1},"title":"Atiende CNC a afectados por libramiento Palmillas\u2013Apaseo","author":"grieta","date":"22 agosto, 2015","format":false,"excerpt":"Rafael Rodr\u00edguez\/Noticias de Quer\u00e9taro En las Instalaciones de la Confederaci\u00f3n Nacional Campesina (CNC) en el municipio de San Juan del R\u00edo se llev\u00f3 a cabo una reuni\u00f3n de trabajo con los diferentes presidentes del comisariado que han sido afectados por la construcci\u00f3n del nuevo libramiento Palmillas Paseo. Los afectados son\u2026","rel":"","context":"En &quot;CINTILLO&quot;","block_context":{"text":"CINTILLO","link":"http:\/\/www.grieta.org.mx\/index.php\/category\/cintillo\/"},"img":{"alt_text":"","src":"https:\/\/i0.wp.com\/www.grieta.org.mx\/wp-content\/uploads\/2018\/03\/14524434_1106112876131411_958039263622046936_o.jpg?resize=350%2C200","width":350,"height":200,"srcset":"https:\/\/i0.wp.com\/www.grieta.org.mx\/wp-content\/uploads\/2018\/03\/14524434_1106112876131411_958039263622046936_o.jpg?resize=350%2C200 1x, https:\/\/i0.wp.com\/www.grieta.org.mx\/wp-content\/uploads\/2018\/03\/14524434_1106112876131411_958039263622046936_o.jpg?resize=525%2C300 1.5x, https:\/\/i0.wp.com\/www.grieta.org.mx\/wp-content\/uploads\/2018\/03\/14524434_1106112876131411_958039263622046936_o.jpg?resize=700%2C400 2x"},"classes":[]},{"id":5157,"url":"http:\/\/www.grieta.org.mx\/index.php\/2015\/08\/14\/se-reunen-ejidatarios-de-san-juan-del-rio-con-sct-y-constructora\/","url_meta":{"origin":11536,"position":2},"title":"Se re\u00fanen ejidatarios de San Juan del R\u00edo con SCT y constructora","author":"grieta","date":"14 agosto, 2015","format":false,"excerpt":"Guillermo Contreras\/AM Quer\u00e9taro Se re\u00fanen ejidatarios de San Juan del R\u00edo con SCT y constructora Los de la constructora aseguran que se siguen cuantificando los da\u00f1os a las parcelas, toda vez que hay continuidad en el gobierno federal. Cabe recordar que el libramiento Apaseo-Palmillas es una obra concesionada a la\u2026","rel":"","context":"En &quot;CINTILLO&quot;","block_context":{"text":"CINTILLO","link":"http:\/\/www.grieta.org.mx\/index.php\/category\/cintillo\/"},"img":{"alt_text":"","src":"https:\/\/i0.wp.com\/www.grieta.org.mx\/wp-content\/uploads\/2018\/03\/14524434_1106112876131411_958039263622046936_o.jpg?resize=350%2C200","width":350,"height":200,"srcset":"https:\/\/i0.wp.com\/www.grieta.org.mx\/wp-content\/uploads\/2018\/03\/14524434_1106112876131411_958039263622046936_o.jpg?resize=350%2C200 1x, https:\/\/i0.wp.com\/www.grieta.org.mx\/wp-content\/uploads\/2018\/03\/14524434_1106112876131411_958039263622046936_o.jpg?resize=525%2C300 1.5x, https:\/\/i0.wp.com\/www.grieta.org.mx\/wp-content\/uploads\/2018\/03\/14524434_1106112876131411_958039263622046936_o.jpg?resize=700%2C400 2x"},"classes":[]},{"id":5158,"url":"http:\/\/www.grieta.org.mx\/index.php\/2015\/08\/13\/ejidatarios-de-san-juan-y-amealco-exigen-indemnizacion\/","url_meta":{"origin":11536,"position":3},"title":"Ejidatarios de San Juan y Amealco exigen indemnizaci\u00f3n","author":"grieta","date":"13 agosto, 2015","format":false,"excerpt":"Alma C\u00f3rdova\/Bit\u00e1cora Multimedios Ejidatarios de San Juan del R\u00edo y Amealco exigieron el pago de sus cosechas y de los da\u00f1os provocados a sus tierras debido a la construcci\u00f3n del paso del libramiento Palmillas-Apaseo, por lo que se tuvieron una reuni\u00f3n de trabajo con autoridades municipales y estatales, as\u00ed como\u2026","rel":"","context":"En &quot;CINTILLO&quot;","block_context":{"text":"CINTILLO","link":"http:\/\/www.grieta.org.mx\/index.php\/category\/cintillo\/"},"img":{"alt_text":"","src":"https:\/\/i0.wp.com\/www.grieta.org.mx\/wp-content\/uploads\/2018\/03\/14524434_1106112876131411_958039263622046936_o.jpg?resize=350%2C200","width":350,"height":200,"srcset":"https:\/\/i0.wp.com\/www.grieta.org.mx\/wp-content\/uploads\/2018\/03\/14524434_1106112876131411_958039263622046936_o.jpg?resize=350%2C200 1x, https:\/\/i0.wp.com\/www.grieta.org.mx\/wp-content\/uploads\/2018\/03\/14524434_1106112876131411_958039263622046936_o.jpg?resize=525%2C300 1.5x, https:\/\/i0.wp.com\/www.grieta.org.mx\/wp-content\/uploads\/2018\/03\/14524434_1106112876131411_958039263622046936_o.jpg?resize=700%2C400 2x"},"classes":[]},{"id":11623,"url":"http:\/\/www.grieta.org.mx\/index.php\/2016\/04\/28\/denuncia-sindicato-despojo-laboral\/","url_meta":{"origin":11536,"position":4},"title":"Denuncia Sindicato de Trabajadores Transportistas del Municipio de Huimilpan despojo laboral","author":"grieta","date":"28 abril, 2016","format":false,"excerpt":"M\u00f3nica Gordillo\/AM Quer\u00e9taro Los trabajadores acusaron de despojo al Sindicato Nacional del Estado de M\u00e9xico en la obra de construcci\u00f3n de la autopista Apaseo El Grande-Palmillas Integrantes del Sindicato de Trabajadores Transportistas del Municipio de Huimilpan, adherido a la CTM, denunciaron el despojo laboral desde el s\u00e1bado pasado por parte\u2026","rel":"","context":"En &quot;CINTILLO&quot;","block_context":{"text":"CINTILLO","link":"http:\/\/www.grieta.org.mx\/index.php\/category\/cintillo\/"},"img":{"alt_text":"","src":"https:\/\/i0.wp.com\/www.grieta.org.mx\/wp-content\/uploads\/2018\/03\/14524434_1106112876131411_958039263622046936_o.jpg?resize=350%2C200","width":350,"height":200,"srcset":"https:\/\/i0.wp.com\/www.grieta.org.mx\/wp-content\/uploads\/2018\/03\/14524434_1106112876131411_958039263622046936_o.jpg?resize=350%2C200 1x, https:\/\/i0.wp.com\/www.grieta.org.mx\/wp-content\/uploads\/2018\/03\/14524434_1106112876131411_958039263622046936_o.jpg?resize=525%2C300 1.5x, https:\/\/i0.wp.com\/www.grieta.org.mx\/wp-content\/uploads\/2018\/03\/14524434_1106112876131411_958039263622046936_o.jpg?resize=700%2C400 2x"},"classes":[]},{"id":4999,"url":"http:\/\/www.grieta.org.mx\/index.php\/2015\/09\/15\/ica-y-la-sct-incumplen-con-pagos-a-ejidatarios-afectados-por-el-libramiento-palmillas-apaseo\/","url_meta":{"origin":11536,"position":5},"title":"ICA y la SCT incumplen con pagos a ejidatarios afectados por el libramiento Palmillas-Apaseo","author":"grieta","date":"15 septiembre, 2015","format":false,"excerpt":"Guillermo Contreras\/AM Quer\u00e9taro De acuerdo con el titular del Centro SCT en el estado, el proyecto del libramiento Apaseo-Palmillas se entregar\u00e1 hasta el segundo semestre del pr\u00f3ximo a\u00f1o El inicio de operaciones del libramiento Apaseo-Palmillas, proyecto en el que se aplican recursos por 5 mil 700 millones de pesos, se\u2026","rel":"","context":"En &quot;CINTILLO&quot;","block_context":{"text":"CINTILLO","link":"http:\/\/www.grieta.org.mx\/index.php\/category\/cintillo\/"},"img":{"alt_text":"","src":"https:\/\/i0.wp.com\/www.grieta.org.mx\/wp-content\/uploads\/2018\/03\/14524434_1106112876131411_958039263622046936_o.jpg?resize=350%2C200","width":350,"height":200,"srcset":"https:\/\/i0.wp.com\/www.grieta.org.mx\/wp-content\/uploads\/2018\/03\/14524434_1106112876131411_958039263622046936_o.jpg?resize=350%2C200 1x, https:\/\/i0.wp.com\/www.grieta.org.mx\/wp-content\/uploads\/2018\/03\/14524434_1106112876131411_958039263622046936_o.jpg?resize=525%2C300 1.5x, https:\/\/i0.wp.com\/www.grieta.org.mx\/wp-content\/uploads\/2018\/03\/14524434_1106112876131411_958039263622046936_o.jpg?resize=700%2C400 2x"},"classes":[]}],"_links":{"self":[{"href":"http:\/\/www.grieta.org.mx\/index.php\/wp-json\/wp\/v2\/posts\/11536","targetHints":{"allow":["GET"]}}],"collection":[{"href":"http:\/\/www.grieta.org.mx\/index.php\/wp-json\/wp\/v2\/posts"}],"about":[{"href":"http:\/\/www.grieta.org.mx\/index.php\/wp-json\/wp\/v2\/types\/post"}],"author":[{"embeddable":true,"href":"http:\/\/www.grieta.org.mx\/index.php\/wp-json\/wp\/v2\/users\/2"}],"replies":[{"embeddable":true,"href":"http:\/\/www.grieta.org.mx\/index.php\/wp-json\/wp\/v2\/comments?post=11536"}],"version-history":[{"count":1,"href":"http:\/\/www.grieta.org.mx\/index.php\/wp-json\/wp\/v2\/posts\/11536\/revisions"}],"predecessor-version":[{"id":11537,"href":"http:\/\/www.grieta.org.mx\/index.php\/wp-json\/wp\/v2\/posts\/11536\/revisions\/11537"}],"wp:featuredmedia":[{"embeddable":true,"href":"http:\/\/www.grieta.org.mx\/index.php\/wp-json\/wp\/v2\/media\/21928"}],"wp:attachment":[{"href":"http:\/\/www.grieta.org.mx\/index.php\/wp-json\/wp\/v2\/media?parent=11536"}],"wp:term":[{"taxonomy":"category","embeddable":true,"href":"http:\/\/www.grieta.org.mx\/index.php\/wp-json\/wp\/v2\/categories?post=11536"},{"taxonomy":"post_tag","embeddable":true,"href":"http:\/\/www.grieta.org.mx\/index.php\/wp-json\/wp\/v2\/tags?post=11536"}],"curies":[{"name":"wp","href":"https:\/\/api.w.org\/{rel}","templated":true}]}}