{"id":1148,"date":"2016-02-20T18:10:56","date_gmt":"2016-02-20T18:10:56","guid":{"rendered":"http:\/\/50.22.11.12\/~grietaor\/?p=1148"},"modified":"2016-03-08T03:34:29","modified_gmt":"2016-03-08T03:34:29","slug":"trabajadores-de-dina-en-ciudad-sahagun-exigen-respeto-a-sus-derechos-laborales","status":"publish","type":"post","link":"http:\/\/www.grieta.org.mx\/index.php\/2016\/02\/20\/trabajadores-de-dina-en-ciudad-sahagun-exigen-respeto-a-sus-derechos-laborales\/","title":{"rendered":"Trabajadores de DINA en Ciudad Sahag\u00fan exigen respeto a sus derechos laborales"},"content":{"rendered":"<p><strong>20\/02\/16. <\/strong><a href=\"http:\/\/grieta.org.mx\/index.php\/2016\/02\/20\/marchan-trabajadores-de-dina-exigen-reinstalacion\/\">Marchan trabajadores de Dina; exigen reinstalaci\u00f3n<\/a><br  \/><em>El Independiente de Hidalgo<\/em><br  \/><br \/>\n<strong>05\/02\/16. <\/strong><a href=\"http:\/\/grieta.org.mx\/index.php\/2016\/02\/05\/persisten-inconformidades-contra-dina-trabajadores-protestan\/\">Persisten inconformidades contra Dina; trabajadores protestan<\/a><br  \/><em>El Independiente de Hidalgo<\/em><br  \/><br \/>\n<strong>25\/01\/16. <\/strong><a href=\"http:\/\/grieta.org.mx\/index.php\/2016\/01\/25\/policias-estatales-desalojan-a-obreros-de-dina-camiones\/\">Polic\u00edas Estatales desalojan a obreros de DINA Camiones<\/a><br  \/><em>El Reportero<\/em><br  \/><br \/>\n<strong>24\/01\/16. <\/strong><a href=\"http:\/\/grieta.org.mx\/index.php\/2016\/01\/24\/granaderos-y-empresa-dina-arremete-contra-trabajadores\/\">Granaderos y empresa Dina arremete contra trabajadores<\/a><br  \/><em>Somos el Medio<\/em><br  \/><br \/>\n<strong>21\/01\/16. <\/strong><a href=\"http:\/\/grieta.org.mx\/index.php\/2016\/01\/21\/se-van-a-paro-500-trabajadores-de-dina\/\">Se van a paro 500 trabajadores de DINA<\/a><br  \/><em>Criterio Hidalgo<\/em><br  \/><br \/>\n<strong>20\/01\/16. <\/strong><a href=\"http:\/\/grieta.org.mx\/index.php\/2016\/01\/20\/obreros-denuncian-abusos-y-acoso-laboral-de-directivos-de-dina\/\">Obreros denuncian abusos y acoso laboral de directivos de Dina<\/a><br  \/><em>Quadrat\u00edn Hidalgo<\/em><br  \/><\/p>\n","protected":false},"excerpt":{"rendered":"<p>20\/02\/16. Marchan trabajadores de Dina; exigen reinstalaci\u00f3nEl Independiente de Hidalgo 05\/02\/16. Persisten inconformidades contra Dina; trabajadores protestanEl Independiente de Hidalgo 25\/01\/16. Polic\u00edas Estatales desalojan a obreros de DINA CamionesEl Reportero &hellip; <a href=\"http:\/\/www.grieta.org.mx\/index.php\/2016\/02\/20\/trabajadores-de-dina-en-ciudad-sahagun-exigen-respeto-a-sus-derechos-laborales\/\" class=\"more-link\">Leer m\u00e1s<\/a><\/p>\n","protected":false},"author":2,"featured_media":21928,"comment_status":"closed","ping_status":"open","sticky":false,"template":"","format":"standard","meta":{"ngg_post_thumbnail":0,"_jetpack_newsletter_access":"","_jetpack_dont_email_post_to_subs":false,"_jetpack_newsletter_tier_id":0,"_jetpack_memberships_contains_paywalled_content":false,"_jetpack_memberships_contains_paid_content":false,"footnotes":""},"categories":[19],"tags":[],"class_list":["post-1148","post","type-post","status-publish","format-standard","has-post-thumbnail","hentry","category-hidalgo","entry"],"jetpack_featured_media_url":"http:\/\/www.grieta.org.mx\/wp-content\/uploads\/2018\/03\/14524434_1106112876131411_958039263622046936_o.jpg","jetpack_sharing_enabled":true,"jetpack_shortlink":"https:\/\/wp.me\/p7ZJR4-iw","jetpack_likes_enabled":false,"jetpack-related-posts":[{"id":1140,"url":"http:\/\/www.grieta.org.mx\/index.php\/2016\/01\/24\/granaderos-y-empresa-dina-arremete-contra-trabajadores\/","url_meta":{"origin":1148,"position":0},"title":"Granaderos y empresa Dina arremete contra trabajadores","author":"grieta","date":"24 enero, 2016","format":false,"excerpt":"Ricardo Ortiz El pasado mi\u00e9rcoles 20 de enero, entraron en paro laboral alrededor de 500 trabajadores de la empresa de autobuses Dina, localizada en el corredor industrial de Ciudad Sahag\u00fan, Hidalgo para exigir su adhesi\u00f3n a una organizaci\u00f3n sindical que los represente y d\u00e9 estabilidad laboral. Otras de las demandas\u2026","rel":"","context":"En &quot;CINTILLO&quot;","block_context":{"text":"CINTILLO","link":"http:\/\/www.grieta.org.mx\/index.php\/category\/cintillo\/"},"img":{"alt_text":"","src":"https:\/\/i0.wp.com\/www.grieta.org.mx\/wp-content\/uploads\/2018\/03\/14524434_1106112876131411_958039263622046936_o.jpg?resize=350%2C200","width":350,"height":200,"srcset":"https:\/\/i0.wp.com\/www.grieta.org.mx\/wp-content\/uploads\/2018\/03\/14524434_1106112876131411_958039263622046936_o.jpg?resize=350%2C200 1x, https:\/\/i0.wp.com\/www.grieta.org.mx\/wp-content\/uploads\/2018\/03\/14524434_1106112876131411_958039263622046936_o.jpg?resize=525%2C300 1.5x, https:\/\/i0.wp.com\/www.grieta.org.mx\/wp-content\/uploads\/2018\/03\/14524434_1106112876131411_958039263622046936_o.jpg?resize=700%2C400 2x"},"classes":[]},{"id":1548,"url":"http:\/\/www.grieta.org.mx\/index.php\/2016\/02\/20\/marchan-trabajadores-de-dina-exigen-reinstalacion\/","url_meta":{"origin":1148,"position":1},"title":"Marchan trabajadores de Dina; exigen reinstalaci\u00f3n","author":"grieta","date":"20 febrero, 2016","format":false,"excerpt":"Laura Elizabeth Trejo Para exigir la reinstalaci\u00f3n de al menos 250 trabajadores que fueron despedidos de Dina tras el conflicto suscitado en la empresa en enero, un grupo de inconformes march\u00f3 por las principales calles de la ciudad hasta palacio de gobierno. Los quejosos exigieron intervenci\u00f3n de las autoridades en\u2026","rel":"","context":"En &quot;CINTILLO&quot;","block_context":{"text":"CINTILLO","link":"http:\/\/www.grieta.org.mx\/index.php\/category\/cintillo\/"},"img":{"alt_text":"","src":"https:\/\/i0.wp.com\/www.grieta.org.mx\/wp-content\/uploads\/2018\/03\/14524434_1106112876131411_958039263622046936_o.jpg?resize=350%2C200","width":350,"height":200,"srcset":"https:\/\/i0.wp.com\/www.grieta.org.mx\/wp-content\/uploads\/2018\/03\/14524434_1106112876131411_958039263622046936_o.jpg?resize=350%2C200 1x, https:\/\/i0.wp.com\/www.grieta.org.mx\/wp-content\/uploads\/2018\/03\/14524434_1106112876131411_958039263622046936_o.jpg?resize=525%2C300 1.5x, https:\/\/i0.wp.com\/www.grieta.org.mx\/wp-content\/uploads\/2018\/03\/14524434_1106112876131411_958039263622046936_o.jpg?resize=700%2C400 2x"},"classes":[]},{"id":1138,"url":"http:\/\/www.grieta.org.mx\/index.php\/2016\/02\/05\/persisten-inconformidades-contra-dina-trabajadores-protestan\/","url_meta":{"origin":1148,"position":2},"title":"Persisten inconformidades contra Dina; trabajadores protestan","author":"grieta","date":"5 febrero, 2016","format":false,"excerpt":"Laura Elizabeth Trejo Pese a que Dina asegur\u00f3 la semana pasada que el conflicto laboral en la empresa estaba resuelto, ayer un grupo de trabajadores y extrabajadores protestaron a las afueras de la Secretar\u00eda del Trabajo y Previsi\u00f3n de Hidalgo (STPSH). Los quejosos se presentaron en las oficinas de la\u2026","rel":"","context":"En &quot;CINTILLO&quot;","block_context":{"text":"CINTILLO","link":"http:\/\/www.grieta.org.mx\/index.php\/category\/cintillo\/"},"img":{"alt_text":"","src":"https:\/\/i0.wp.com\/www.grieta.org.mx\/wp-content\/uploads\/2018\/03\/14524434_1106112876131411_958039263622046936_o.jpg?resize=350%2C200","width":350,"height":200,"srcset":"https:\/\/i0.wp.com\/www.grieta.org.mx\/wp-content\/uploads\/2018\/03\/14524434_1106112876131411_958039263622046936_o.jpg?resize=350%2C200 1x, https:\/\/i0.wp.com\/www.grieta.org.mx\/wp-content\/uploads\/2018\/03\/14524434_1106112876131411_958039263622046936_o.jpg?resize=525%2C300 1.5x, https:\/\/i0.wp.com\/www.grieta.org.mx\/wp-content\/uploads\/2018\/03\/14524434_1106112876131411_958039263622046936_o.jpg?resize=700%2C400 2x"},"classes":[]},{"id":1141,"url":"http:\/\/www.grieta.org.mx\/index.php\/2016\/01\/21\/se-van-a-paro-500-trabajadores-de-dina\/","url_meta":{"origin":1148,"position":3},"title":"Se van a paro 500 trabajadores de DINA","author":"grieta","date":"21 enero, 2016","format":false,"excerpt":"\u00c1ngel Rinc\u00f3n Alrededor de 500 trabajadores de la empresa Dina, localizada en el corredor industrial de Ciudad Sahag\u00fan, iniciaron ayer un paro de trabajo para exigir su adhesi\u00f3n a una organizaci\u00f3n sindical que los represente y d\u00e9 estabilidad laboral. Alfredo Yasenth Islas Vera, secretario general del naciente comit\u00e9 local del\u2026","rel":"","context":"En &quot;CINTILLO&quot;","block_context":{"text":"CINTILLO","link":"http:\/\/www.grieta.org.mx\/index.php\/category\/cintillo\/"},"img":{"alt_text":"","src":"https:\/\/i0.wp.com\/www.grieta.org.mx\/wp-content\/uploads\/2018\/03\/14524434_1106112876131411_958039263622046936_o.jpg?resize=350%2C200","width":350,"height":200,"srcset":"https:\/\/i0.wp.com\/www.grieta.org.mx\/wp-content\/uploads\/2018\/03\/14524434_1106112876131411_958039263622046936_o.jpg?resize=350%2C200 1x, https:\/\/i0.wp.com\/www.grieta.org.mx\/wp-content\/uploads\/2018\/03\/14524434_1106112876131411_958039263622046936_o.jpg?resize=525%2C300 1.5x, https:\/\/i0.wp.com\/www.grieta.org.mx\/wp-content\/uploads\/2018\/03\/14524434_1106112876131411_958039263622046936_o.jpg?resize=700%2C400 2x"},"classes":[]},{"id":1142,"url":"http:\/\/www.grieta.org.mx\/index.php\/2016\/01\/20\/obreros-denuncian-abusos-y-acoso-laboral-de-directivos-de-dina\/","url_meta":{"origin":1148,"position":4},"title":"Obreros denuncian abusos y acoso laboral de directivos de Dina","author":"grieta","date":"20 enero, 2016","format":false,"excerpt":"Daniela Andrade Alrededor de las 7 de la ma\u00f1ana de este mi\u00e9rcoles, m\u00e1s de 500 trabajadores de la empresa Dina, iniciaron un paro de labores por los abusos de los que son v\u00edctimas, de parte de los supervisores y directivos de la empresa. Miguel \u00c1ngel Garc\u00eda Robledo, uno de los\u2026","rel":"","context":"En &quot;CINTILLO&quot;","block_context":{"text":"CINTILLO","link":"http:\/\/www.grieta.org.mx\/index.php\/category\/cintillo\/"},"img":{"alt_text":"","src":"https:\/\/i0.wp.com\/www.grieta.org.mx\/wp-content\/uploads\/2018\/03\/14524434_1106112876131411_958039263622046936_o.jpg?resize=350%2C200","width":350,"height":200,"srcset":"https:\/\/i0.wp.com\/www.grieta.org.mx\/wp-content\/uploads\/2018\/03\/14524434_1106112876131411_958039263622046936_o.jpg?resize=350%2C200 1x, https:\/\/i0.wp.com\/www.grieta.org.mx\/wp-content\/uploads\/2018\/03\/14524434_1106112876131411_958039263622046936_o.jpg?resize=525%2C300 1.5x, https:\/\/i0.wp.com\/www.grieta.org.mx\/wp-content\/uploads\/2018\/03\/14524434_1106112876131411_958039263622046936_o.jpg?resize=700%2C400 2x"},"classes":[]},{"id":1139,"url":"http:\/\/www.grieta.org.mx\/index.php\/2016\/01\/25\/policias-estatales-desalojan-a-obreros-de-dina-camiones\/","url_meta":{"origin":1148,"position":5},"title":"Polic\u00edas Estatales desalojan a obreros de DINA Camiones","author":"grieta","date":"25 enero, 2016","format":false,"excerpt":"Juan Sabino Cruz *Es muy dif\u00edcil ver llorar a un hombre *Reprimen a obreros y es falso que haya detenidos *Continuar\u00e1n su lucha los trabajadores CIUDAD SAHAG\u00daN, Hgo.- A la medianoche del s\u00e1bado, vi llorar a un obrero, s\u00ed, lo vi llorar, pero lloro como los hombres, ante la impotencia\u2026","rel":"","context":"En &quot;CINTILLO&quot;","block_context":{"text":"CINTILLO","link":"http:\/\/www.grieta.org.mx\/index.php\/category\/cintillo\/"},"img":{"alt_text":"","src":"https:\/\/i0.wp.com\/www.grieta.org.mx\/wp-content\/uploads\/2018\/03\/14524434_1106112876131411_958039263622046936_o.jpg?resize=350%2C200","width":350,"height":200,"srcset":"https:\/\/i0.wp.com\/www.grieta.org.mx\/wp-content\/uploads\/2018\/03\/14524434_1106112876131411_958039263622046936_o.jpg?resize=350%2C200 1x, https:\/\/i0.wp.com\/www.grieta.org.mx\/wp-content\/uploads\/2018\/03\/14524434_1106112876131411_958039263622046936_o.jpg?resize=525%2C300 1.5x, https:\/\/i0.wp.com\/www.grieta.org.mx\/wp-content\/uploads\/2018\/03\/14524434_1106112876131411_958039263622046936_o.jpg?resize=700%2C400 2x"},"classes":[]}],"_links":{"self":[{"href":"http:\/\/www.grieta.org.mx\/index.php\/wp-json\/wp\/v2\/posts\/1148","targetHints":{"allow":["GET"]}}],"collection":[{"href":"http:\/\/www.grieta.org.mx\/index.php\/wp-json\/wp\/v2\/posts"}],"about":[{"href":"http:\/\/www.grieta.org.mx\/index.php\/wp-json\/wp\/v2\/types\/post"}],"author":[{"embeddable":true,"href":"http:\/\/www.grieta.org.mx\/index.php\/wp-json\/wp\/v2\/users\/2"}],"replies":[{"embeddable":true,"href":"http:\/\/www.grieta.org.mx\/index.php\/wp-json\/wp\/v2\/comments?post=1148"}],"version-history":[{"count":1,"href":"http:\/\/www.grieta.org.mx\/index.php\/wp-json\/wp\/v2\/posts\/1148\/revisions"}],"predecessor-version":[{"id":1552,"href":"http:\/\/www.grieta.org.mx\/index.php\/wp-json\/wp\/v2\/posts\/1148\/revisions\/1552"}],"wp:featuredmedia":[{"embeddable":true,"href":"http:\/\/www.grieta.org.mx\/index.php\/wp-json\/wp\/v2\/media\/21928"}],"wp:attachment":[{"href":"http:\/\/www.grieta.org.mx\/index.php\/wp-json\/wp\/v2\/media?parent=1148"}],"wp:term":[{"taxonomy":"category","embeddable":true,"href":"http:\/\/www.grieta.org.mx\/index.php\/wp-json\/wp\/v2\/categories?post=1148"},{"taxonomy":"post_tag","embeddable":true,"href":"http:\/\/www.grieta.org.mx\/index.php\/wp-json\/wp\/v2\/tags?post=1148"}],"curies":[{"name":"wp","href":"https:\/\/api.w.org\/{rel}","templated":true}]}}