{"id":11429,"date":"2016-04-25T14:57:25","date_gmt":"2016-04-25T14:57:25","guid":{"rendered":"http:\/\/www.grieta.org.mx\/?p=11429"},"modified":"2016-04-28T14:59:19","modified_gmt":"2016-04-28T14:59:19","slug":"movilizacion-contra-la-violencia-hacia-las-mujeres-en-jalisco","status":"publish","type":"post","link":"http:\/\/www.grieta.org.mx\/index.php\/2016\/04\/25\/movilizacion-contra-la-violencia-hacia-las-mujeres-en-jalisco\/","title":{"rendered":"Movilizaci\u00f3n contra la violencia hacia las mujeres en Jalisco"},"content":{"rendered":"<p><strong>25\/04\/16. <\/strong><a href=\"http:\/\/www.grieta.org.mx\/index.php\/2016\/04\/25\/vivasnosqueremos-protesta-por-jalisco\/\" >#VivasNosQueremos protesta por Jalisco<\/a><br \/><em>Cr\u00f3nica Jalisco<\/em><br  \/><\/p>\n","protected":false},"excerpt":{"rendered":"<p>25\/04\/16. #VivasNosQueremos protesta por JaliscoCr\u00f3nica Jalisco<\/p>\n","protected":false},"author":2,"featured_media":21928,"comment_status":"closed","ping_status":"closed","sticky":false,"template":"","format":"standard","meta":{"ngg_post_thumbnail":0,"_jetpack_newsletter_access":"","_jetpack_dont_email_post_to_subs":false,"_jetpack_newsletter_tier_id":0,"_jetpack_memberships_contains_paywalled_content":false,"_jetpack_memberships_contains_paid_content":false,"footnotes":""},"categories":[20,2],"tags":[],"class_list":["post-11429","post","type-post","status-publish","format-standard","has-post-thumbnail","hentry","category-jalisco","category-noticias-nacionales","entry"],"jetpack_featured_media_url":"http:\/\/www.grieta.org.mx\/wp-content\/uploads\/2018\/03\/14524434_1106112876131411_958039263622046936_o.jpg","jetpack_sharing_enabled":true,"jetpack_shortlink":"https:\/\/wp.me\/p7ZJR4-2Yl","jetpack_likes_enabled":false,"jetpack-related-posts":[{"id":11437,"url":"http:\/\/www.grieta.org.mx\/index.php\/2016\/04\/28\/militarizacion-en-jalisco\/","url_meta":{"origin":11429,"position":0},"title":"Militarizaci\u00f3n en Jalisco","author":"grieta","date":"28 abril, 2016","format":false,"excerpt":"28\/04\/16. Jalisco presenta su Escudo Urbano C5Radio F\u00f3rmula 28\/04\/16. Jalisco ser\u00e1 el segundo estado m\u00e1s videovigiladoInformador","rel":"","context":"En &quot;Jalisco&quot;","block_context":{"text":"Jalisco","link":"http:\/\/www.grieta.org.mx\/index.php\/category\/noticias-nacionales\/jalisco\/"},"img":{"alt_text":"","src":"https:\/\/i0.wp.com\/www.grieta.org.mx\/wp-content\/uploads\/2018\/03\/14524434_1106112876131411_958039263622046936_o.jpg?resize=350%2C200","width":350,"height":200,"srcset":"https:\/\/i0.wp.com\/www.grieta.org.mx\/wp-content\/uploads\/2018\/03\/14524434_1106112876131411_958039263622046936_o.jpg?resize=350%2C200 1x, https:\/\/i0.wp.com\/www.grieta.org.mx\/wp-content\/uploads\/2018\/03\/14524434_1106112876131411_958039263622046936_o.jpg?resize=525%2C300 1.5x, https:\/\/i0.wp.com\/www.grieta.org.mx\/wp-content\/uploads\/2018\/03\/14524434_1106112876131411_958039263622046936_o.jpg?resize=700%2C400 2x"},"classes":[]},{"id":3209,"url":"http:\/\/www.grieta.org.mx\/index.php\/2016\/01\/10\/eolicas-en-jalisco\/","url_meta":{"origin":11429,"position":1},"title":"E\u00f3licas en Jalisco","author":"grieta","date":"10 enero, 2016","format":false,"excerpt":"10\/01\/16. Autoriza Semarnat parque e\u00f3lico a cuatro kil\u00f3metros de \u00e1rea natural protegidaLa Jornada 27\/10\/15. E\u00f3lica en M\u00e9xico: Enel Green Power construir\u00e1 parque e\u00f3lico en JaliscoEl Economista 26\/10\/15. Grupo Drag\u00f3n invertir\u00e1 200 mdd en JaliscoCNN Expansi\u00f3n","rel":"","context":"En &quot;Jalisco&quot;","block_context":{"text":"Jalisco","link":"http:\/\/www.grieta.org.mx\/index.php\/category\/noticias-nacionales\/jalisco\/"},"img":{"alt_text":"","src":"https:\/\/i0.wp.com\/www.grieta.org.mx\/wp-content\/uploads\/2018\/03\/14524434_1106112876131411_958039263622046936_o.jpg?resize=350%2C200","width":350,"height":200,"srcset":"https:\/\/i0.wp.com\/www.grieta.org.mx\/wp-content\/uploads\/2018\/03\/14524434_1106112876131411_958039263622046936_o.jpg?resize=350%2C200 1x, https:\/\/i0.wp.com\/www.grieta.org.mx\/wp-content\/uploads\/2018\/03\/14524434_1106112876131411_958039263622046936_o.jpg?resize=525%2C300 1.5x, https:\/\/i0.wp.com\/www.grieta.org.mx\/wp-content\/uploads\/2018\/03\/14524434_1106112876131411_958039263622046936_o.jpg?resize=700%2C400 2x"},"classes":[]},{"id":5629,"url":"http:\/\/www.grieta.org.mx\/index.php\/2016\/06\/12\/movilizaciones-en-jalisco-en-defensa-de-los-derechos-de-la-comunidad-lgbttti\/","url_meta":{"origin":11429,"position":2},"title":"Defensa de los derechos de la comunidad LGBTTTI en Jalisco","author":"grieta","date":"12 junio, 2016","format":false,"excerpt":"12\/06\/16. Polic\u00eda de Guadalajara hostiga a marchantesNtr Guadalajara 23\/05\/16. Cr\u00edmenes por homofobia no cesan en JaliscoCr\u00f3nica Jalisco 22\/08\/15. Por tercera vez en este a\u00f1o, Guadalajara se pinta de coloresProyecto Diez 08\/08\/15. Se manifiestan contra odio, homofobia y discriminaci\u00f3nP\u00e1gina 24 Jalisco","rel":"","context":"En &quot;Jalisco&quot;","block_context":{"text":"Jalisco","link":"http:\/\/www.grieta.org.mx\/index.php\/category\/noticias-nacionales\/jalisco\/"},"img":{"alt_text":"","src":"https:\/\/i0.wp.com\/www.grieta.org.mx\/wp-content\/uploads\/2018\/03\/14524434_1106112876131411_958039263622046936_o.jpg?resize=350%2C200","width":350,"height":200,"srcset":"https:\/\/i0.wp.com\/www.grieta.org.mx\/wp-content\/uploads\/2018\/03\/14524434_1106112876131411_958039263622046936_o.jpg?resize=350%2C200 1x, https:\/\/i0.wp.com\/www.grieta.org.mx\/wp-content\/uploads\/2018\/03\/14524434_1106112876131411_958039263622046936_o.jpg?resize=525%2C300 1.5x, https:\/\/i0.wp.com\/www.grieta.org.mx\/wp-content\/uploads\/2018\/03\/14524434_1106112876131411_958039263622046936_o.jpg?resize=700%2C400 2x"},"classes":[]},{"id":15909,"url":"http:\/\/www.grieta.org.mx\/index.php\/2016\/05\/18\/mineria-en-jalisco\/","url_meta":{"origin":11429,"position":3},"title":"Conflictos mineros en Jalisco","author":"grieta","date":"18 mayo, 2016","format":false,"excerpt":"18\/05\/16. Para las mineras, las llaves abiertasM\u00e1s por M\u00e1s Guadalajara\/Cr\u00f3nica de Sociales","rel":"","context":"En &quot;Jalisco&quot;","block_context":{"text":"Jalisco","link":"http:\/\/www.grieta.org.mx\/index.php\/category\/noticias-nacionales\/jalisco\/"},"img":{"alt_text":"","src":"https:\/\/i0.wp.com\/www.grieta.org.mx\/wp-content\/uploads\/2018\/03\/14524434_1106112876131411_958039263622046936_o.jpg?resize=350%2C200","width":350,"height":200,"srcset":"https:\/\/i0.wp.com\/www.grieta.org.mx\/wp-content\/uploads\/2018\/03\/14524434_1106112876131411_958039263622046936_o.jpg?resize=350%2C200 1x, https:\/\/i0.wp.com\/www.grieta.org.mx\/wp-content\/uploads\/2018\/03\/14524434_1106112876131411_958039263622046936_o.jpg?resize=525%2C300 1.5x, https:\/\/i0.wp.com\/www.grieta.org.mx\/wp-content\/uploads\/2018\/03\/14524434_1106112876131411_958039263622046936_o.jpg?resize=700%2C400 2x"},"classes":[]},{"id":5713,"url":"http:\/\/www.grieta.org.mx\/index.php\/2015\/05\/15\/caravana-yaqui-en-jalisco\/","url_meta":{"origin":11429,"position":4},"title":"Caravana Yaqui en Jalisco","author":"grieta","date":"15 mayo, 2015","format":false,"excerpt":"15\/05\/15. Llega a Guadalajara Caravana Nacional por la defensa del aguaProyecto Diez","rel":"","context":"En &quot;Jalisco&quot;","block_context":{"text":"Jalisco","link":"http:\/\/www.grieta.org.mx\/index.php\/category\/noticias-nacionales\/jalisco\/"},"img":{"alt_text":"","src":"https:\/\/i0.wp.com\/www.grieta.org.mx\/wp-content\/uploads\/2018\/03\/14524434_1106112876131411_958039263622046936_o.jpg?resize=350%2C200","width":350,"height":200,"srcset":"https:\/\/i0.wp.com\/www.grieta.org.mx\/wp-content\/uploads\/2018\/03\/14524434_1106112876131411_958039263622046936_o.jpg?resize=350%2C200 1x, https:\/\/i0.wp.com\/www.grieta.org.mx\/wp-content\/uploads\/2018\/03\/14524434_1106112876131411_958039263622046936_o.jpg?resize=525%2C300 1.5x, https:\/\/i0.wp.com\/www.grieta.org.mx\/wp-content\/uploads\/2018\/03\/14524434_1106112876131411_958039263622046936_o.jpg?resize=700%2C400 2x"},"classes":[]},{"id":20589,"url":"http:\/\/www.grieta.org.mx\/index.php\/2016\/08\/30\/gobierno-de-jalisco-oculta-la-tragedia-de-los-desaparecidos\/","url_meta":{"origin":11429,"position":5},"title":"Gobierno de Jalisco oculta la tragedia de los desaparecidos","author":"grieta","date":"30 agosto, 2016","format":false,"excerpt":"Mario Marlo Jalisco el segundo estado con mayor n\u00famero de desaparecidos en M\u00e9xico Guadalajara, Jalisco, 30 de agosto 2016.- En el marco del D\u00eda Internacional de las V\u00edctimas de Desaparici\u00f3n Forzada, familiares de desaparecidos en el estado de Jalisco realizaron una protesta y un acto en memoria por sus desaparecidos\u2026","rel":"","context":"En &quot;CINTILLO&quot;","block_context":{"text":"CINTILLO","link":"http:\/\/www.grieta.org.mx\/index.php\/category\/cintillo\/"},"img":{"alt_text":"","src":"https:\/\/i0.wp.com\/www.grieta.org.mx\/wp-content\/uploads\/2018\/03\/14524434_1106112876131411_958039263622046936_o.jpg?resize=350%2C200","width":350,"height":200,"srcset":"https:\/\/i0.wp.com\/www.grieta.org.mx\/wp-content\/uploads\/2018\/03\/14524434_1106112876131411_958039263622046936_o.jpg?resize=350%2C200 1x, https:\/\/i0.wp.com\/www.grieta.org.mx\/wp-content\/uploads\/2018\/03\/14524434_1106112876131411_958039263622046936_o.jpg?resize=525%2C300 1.5x, https:\/\/i0.wp.com\/www.grieta.org.mx\/wp-content\/uploads\/2018\/03\/14524434_1106112876131411_958039263622046936_o.jpg?resize=700%2C400 2x"},"classes":[]}],"_links":{"self":[{"href":"http:\/\/www.grieta.org.mx\/index.php\/wp-json\/wp\/v2\/posts\/11429","targetHints":{"allow":["GET"]}}],"collection":[{"href":"http:\/\/www.grieta.org.mx\/index.php\/wp-json\/wp\/v2\/posts"}],"about":[{"href":"http:\/\/www.grieta.org.mx\/index.php\/wp-json\/wp\/v2\/types\/post"}],"author":[{"embeddable":true,"href":"http:\/\/www.grieta.org.mx\/index.php\/wp-json\/wp\/v2\/users\/2"}],"replies":[{"embeddable":true,"href":"http:\/\/www.grieta.org.mx\/index.php\/wp-json\/wp\/v2\/comments?post=11429"}],"version-history":[{"count":1,"href":"http:\/\/www.grieta.org.mx\/index.php\/wp-json\/wp\/v2\/posts\/11429\/revisions"}],"predecessor-version":[{"id":11430,"href":"http:\/\/www.grieta.org.mx\/index.php\/wp-json\/wp\/v2\/posts\/11429\/revisions\/11430"}],"wp:featuredmedia":[{"embeddable":true,"href":"http:\/\/www.grieta.org.mx\/index.php\/wp-json\/wp\/v2\/media\/21928"}],"wp:attachment":[{"href":"http:\/\/www.grieta.org.mx\/index.php\/wp-json\/wp\/v2\/media?parent=11429"}],"wp:term":[{"taxonomy":"category","embeddable":true,"href":"http:\/\/www.grieta.org.mx\/index.php\/wp-json\/wp\/v2\/categories?post=11429"},{"taxonomy":"post_tag","embeddable":true,"href":"http:\/\/www.grieta.org.mx\/index.php\/wp-json\/wp\/v2\/tags?post=11429"}],"curies":[{"name":"wp","href":"https:\/\/api.w.org\/{rel}","templated":true}]}}