{"id":1141,"date":"2016-01-21T18:04:25","date_gmt":"2016-01-21T18:04:25","guid":{"rendered":"http:\/\/50.22.11.12\/~grietaor\/?p=1141"},"modified":"2016-03-03T18:09:40","modified_gmt":"2016-03-03T18:09:40","slug":"se-van-a-paro-500-trabajadores-de-dina","status":"publish","type":"post","link":"http:\/\/www.grieta.org.mx\/index.php\/2016\/01\/21\/se-van-a-paro-500-trabajadores-de-dina\/","title":{"rendered":"Se van a paro 500 trabajadores de DINA"},"content":{"rendered":"<p>\u00c1ngel Rinc\u00f3n<\/p>\n<p>Alrededor de 500 trabajadores de la empresa Dina, localizada en el corredor industrial de Ciudad Sahag\u00fan, iniciaron ayer un paro de trabajo para exigir su adhesi\u00f3n a una organizaci\u00f3n sindical que los represente y d\u00e9 estabilidad laboral.<\/p>\n<p>Alfredo Yasenth Islas Vera, secretario general del naciente comit\u00e9 local del Frente Minero de Dina Camiones, denunci\u00f3 supuestos abusos laborales y sexuales de que son v\u00edctimas por parte de personal de supervisi\u00f3n en la empresa.<\/p>\n<p>\u201cHay mucha injusticia, mucho acoso laboral y en parte acoso a las compa\u00f1eras, sexual, por la misma gente de confianza, abusando de ese puesto, hay mucha preferencia a los de confianza, que humillen a la gente enfrente de quien sea\u201d, acus\u00f3.<\/p>\n<p>Islas indic\u00f3 que el sindicato de la Confederaci\u00f3n de Trabajadores de M\u00e9xico (CTM) \u2013cuyo representante es Mauro Atitl\u00e1n Lemus\u2013, al cual supuestamente pertenecen, no brinda apoyo a la parte obrera en materia de estabilidad laboral, seguridad y prestaciones justas.<\/p>\n<p>\u201cLos obligan a quedarse m\u00e1s tiempo y no se les paga, intimidan a la gente para quedarse. Desgraciadamente por La Nopalera ya no se ve; compa\u00f1eras, han abusado de ellas; a compa\u00f1eros los han asaltado, los han golpeado, \u00bfqu\u00e9 seguridad da la empresa?\u201d, reclam\u00f3.<\/p>\n<p>El representante del Frente Minero de Dina Camiones afirm\u00f3 que desde hace ocho meses se han presentado masivos despidos injustificados: empleados obligados a firmar su renuncia bajo amenaza de no recibir indemnizaci\u00f3n en caso de negarse.<\/p>\n<p>\u201cDesde la semana pasada hasta el d\u00eda de ayer fueron despedidos cerca de 70 empleados\u201d, asever\u00f3.<\/p>\n<p>El representante a\u00f1adi\u00f3 que los empleados del turno matutino fueron amenazados por supervisores de la empresa para que no participaran en el paro laboral, por lo que cerca de 50 obreros \u201cse vieron forzados a entrar a las instalaciones para iniciar su jornada\u201d.<\/p>\n<p>No obstante, por la ma\u00f1ana, alrededor de 500 trabajadores se apostaron a las afueras de la armadora de autobuses.<\/p>\n<p>En el per\u00edmetro de la planta de Dina tambi\u00e9n permanece la fuerza p\u00fablica.<\/p>\n<p><a href=\"http:\/\/www.criteriohidalgo.com\/regiones\/altiplano\/se-van-a-paro-500-trabajadores-de-dina\" target=\"_blank\">www.criteriohidalgo.com\/regiones\/altiplano\/se-van-a-paro-500-trabajadores-de-dina<\/a><\/p>\n","protected":false},"excerpt":{"rendered":"<p>\u00c1ngel Rinc\u00f3n Alrededor de 500 trabajadores de la empresa Dina, localizada en el corredor industrial de Ciudad Sahag\u00fan, iniciaron ayer un paro de trabajo para exigir su adhesi\u00f3n a una &hellip; <a href=\"http:\/\/www.grieta.org.mx\/index.php\/2016\/01\/21\/se-van-a-paro-500-trabajadores-de-dina\/\" class=\"more-link\">Leer m\u00e1s<\/a><\/p>\n","protected":false},"author":2,"featured_media":21928,"comment_status":"closed","ping_status":"open","sticky":false,"template":"","format":"standard","meta":{"ngg_post_thumbnail":0,"_jetpack_newsletter_access":"","_jetpack_dont_email_post_to_subs":false,"_jetpack_newsletter_tier_id":0,"_jetpack_memberships_contains_paywalled_content":false,"_jetpack_memberships_contains_paid_content":false,"footnotes":""},"categories":[80,129],"tags":[113],"class_list":["post-1141","post","type-post","status-publish","format-standard","has-post-thumbnail","hentry","category-cintillo","category-hidalgo","tag-conflictos-laborales","entry"],"jetpack_featured_media_url":"http:\/\/www.grieta.org.mx\/wp-content\/uploads\/2018\/03\/14524434_1106112876131411_958039263622046936_o.jpg","jetpack_sharing_enabled":true,"jetpack_shortlink":"https:\/\/wp.me\/p7ZJR4-ip","jetpack_likes_enabled":false,"jetpack-related-posts":[{"id":1140,"url":"http:\/\/www.grieta.org.mx\/index.php\/2016\/01\/24\/granaderos-y-empresa-dina-arremete-contra-trabajadores\/","url_meta":{"origin":1141,"position":0},"title":"Granaderos y empresa Dina arremete contra trabajadores","author":"grieta","date":"24 enero, 2016","format":false,"excerpt":"Ricardo Ortiz El pasado mi\u00e9rcoles 20 de enero, entraron en paro laboral alrededor de 500 trabajadores de la empresa de autobuses Dina, localizada en el corredor industrial de Ciudad Sahag\u00fan, Hidalgo para exigir su adhesi\u00f3n a una organizaci\u00f3n sindical que los represente y d\u00e9 estabilidad laboral. Otras de las demandas\u2026","rel":"","context":"En &quot;CINTILLO&quot;","block_context":{"text":"CINTILLO","link":"http:\/\/www.grieta.org.mx\/index.php\/category\/cintillo\/"},"img":{"alt_text":"","src":"https:\/\/i0.wp.com\/www.grieta.org.mx\/wp-content\/uploads\/2018\/03\/14524434_1106112876131411_958039263622046936_o.jpg?resize=350%2C200","width":350,"height":200,"srcset":"https:\/\/i0.wp.com\/www.grieta.org.mx\/wp-content\/uploads\/2018\/03\/14524434_1106112876131411_958039263622046936_o.jpg?resize=350%2C200 1x, https:\/\/i0.wp.com\/www.grieta.org.mx\/wp-content\/uploads\/2018\/03\/14524434_1106112876131411_958039263622046936_o.jpg?resize=525%2C300 1.5x, https:\/\/i0.wp.com\/www.grieta.org.mx\/wp-content\/uploads\/2018\/03\/14524434_1106112876131411_958039263622046936_o.jpg?resize=700%2C400 2x"},"classes":[]},{"id":1148,"url":"http:\/\/www.grieta.org.mx\/index.php\/2016\/02\/20\/trabajadores-de-dina-en-ciudad-sahagun-exigen-respeto-a-sus-derechos-laborales\/","url_meta":{"origin":1141,"position":1},"title":"Trabajadores de DINA en Ciudad Sahag\u00fan exigen respeto a sus derechos laborales","author":"grieta","date":"20 febrero, 2016","format":false,"excerpt":"20\/02\/16. Marchan trabajadores de Dina; exigen reinstalaci\u00f3nEl Independiente de Hidalgo 05\/02\/16. Persisten inconformidades contra Dina; trabajadores protestanEl Independiente de Hidalgo 25\/01\/16. Polic\u00edas Estatales desalojan a obreros de DINA CamionesEl Reportero 24\/01\/16. Granaderos y empresa Dina arremete contra trabajadoresSomos el Medio 21\/01\/16. Se van a paro 500 trabajadores de DINACriterio Hidalgo\u2026","rel":"","context":"En &quot;Hidalgo&quot;","block_context":{"text":"Hidalgo","link":"http:\/\/www.grieta.org.mx\/index.php\/category\/noticias-nacionales\/hidalgo\/"},"img":{"alt_text":"","src":"https:\/\/i0.wp.com\/www.grieta.org.mx\/wp-content\/uploads\/2018\/03\/14524434_1106112876131411_958039263622046936_o.jpg?resize=350%2C200","width":350,"height":200,"srcset":"https:\/\/i0.wp.com\/www.grieta.org.mx\/wp-content\/uploads\/2018\/03\/14524434_1106112876131411_958039263622046936_o.jpg?resize=350%2C200 1x, https:\/\/i0.wp.com\/www.grieta.org.mx\/wp-content\/uploads\/2018\/03\/14524434_1106112876131411_958039263622046936_o.jpg?resize=525%2C300 1.5x, https:\/\/i0.wp.com\/www.grieta.org.mx\/wp-content\/uploads\/2018\/03\/14524434_1106112876131411_958039263622046936_o.jpg?resize=700%2C400 2x"},"classes":[]},{"id":1142,"url":"http:\/\/www.grieta.org.mx\/index.php\/2016\/01\/20\/obreros-denuncian-abusos-y-acoso-laboral-de-directivos-de-dina\/","url_meta":{"origin":1141,"position":2},"title":"Obreros denuncian abusos y acoso laboral de directivos de Dina","author":"grieta","date":"20 enero, 2016","format":false,"excerpt":"Daniela Andrade Alrededor de las 7 de la ma\u00f1ana de este mi\u00e9rcoles, m\u00e1s de 500 trabajadores de la empresa Dina, iniciaron un paro de labores por los abusos de los que son v\u00edctimas, de parte de los supervisores y directivos de la empresa. Miguel \u00c1ngel Garc\u00eda Robledo, uno de los\u2026","rel":"","context":"En &quot;CINTILLO&quot;","block_context":{"text":"CINTILLO","link":"http:\/\/www.grieta.org.mx\/index.php\/category\/cintillo\/"},"img":{"alt_text":"","src":"https:\/\/i0.wp.com\/www.grieta.org.mx\/wp-content\/uploads\/2018\/03\/14524434_1106112876131411_958039263622046936_o.jpg?resize=350%2C200","width":350,"height":200,"srcset":"https:\/\/i0.wp.com\/www.grieta.org.mx\/wp-content\/uploads\/2018\/03\/14524434_1106112876131411_958039263622046936_o.jpg?resize=350%2C200 1x, https:\/\/i0.wp.com\/www.grieta.org.mx\/wp-content\/uploads\/2018\/03\/14524434_1106112876131411_958039263622046936_o.jpg?resize=525%2C300 1.5x, https:\/\/i0.wp.com\/www.grieta.org.mx\/wp-content\/uploads\/2018\/03\/14524434_1106112876131411_958039263622046936_o.jpg?resize=700%2C400 2x"},"classes":[]},{"id":1138,"url":"http:\/\/www.grieta.org.mx\/index.php\/2016\/02\/05\/persisten-inconformidades-contra-dina-trabajadores-protestan\/","url_meta":{"origin":1141,"position":3},"title":"Persisten inconformidades contra Dina; trabajadores protestan","author":"grieta","date":"5 febrero, 2016","format":false,"excerpt":"Laura Elizabeth Trejo Pese a que Dina asegur\u00f3 la semana pasada que el conflicto laboral en la empresa estaba resuelto, ayer un grupo de trabajadores y extrabajadores protestaron a las afueras de la Secretar\u00eda del Trabajo y Previsi\u00f3n de Hidalgo (STPSH). Los quejosos se presentaron en las oficinas de la\u2026","rel":"","context":"En &quot;CINTILLO&quot;","block_context":{"text":"CINTILLO","link":"http:\/\/www.grieta.org.mx\/index.php\/category\/cintillo\/"},"img":{"alt_text":"","src":"https:\/\/i0.wp.com\/www.grieta.org.mx\/wp-content\/uploads\/2018\/03\/14524434_1106112876131411_958039263622046936_o.jpg?resize=350%2C200","width":350,"height":200,"srcset":"https:\/\/i0.wp.com\/www.grieta.org.mx\/wp-content\/uploads\/2018\/03\/14524434_1106112876131411_958039263622046936_o.jpg?resize=350%2C200 1x, https:\/\/i0.wp.com\/www.grieta.org.mx\/wp-content\/uploads\/2018\/03\/14524434_1106112876131411_958039263622046936_o.jpg?resize=525%2C300 1.5x, https:\/\/i0.wp.com\/www.grieta.org.mx\/wp-content\/uploads\/2018\/03\/14524434_1106112876131411_958039263622046936_o.jpg?resize=700%2C400 2x"},"classes":[]},{"id":1548,"url":"http:\/\/www.grieta.org.mx\/index.php\/2016\/02\/20\/marchan-trabajadores-de-dina-exigen-reinstalacion\/","url_meta":{"origin":1141,"position":4},"title":"Marchan trabajadores de Dina; exigen reinstalaci\u00f3n","author":"grieta","date":"20 febrero, 2016","format":false,"excerpt":"Laura Elizabeth Trejo Para exigir la reinstalaci\u00f3n de al menos 250 trabajadores que fueron despedidos de Dina tras el conflicto suscitado en la empresa en enero, un grupo de inconformes march\u00f3 por las principales calles de la ciudad hasta palacio de gobierno. Los quejosos exigieron intervenci\u00f3n de las autoridades en\u2026","rel":"","context":"En &quot;CINTILLO&quot;","block_context":{"text":"CINTILLO","link":"http:\/\/www.grieta.org.mx\/index.php\/category\/cintillo\/"},"img":{"alt_text":"","src":"https:\/\/i0.wp.com\/www.grieta.org.mx\/wp-content\/uploads\/2018\/03\/14524434_1106112876131411_958039263622046936_o.jpg?resize=350%2C200","width":350,"height":200,"srcset":"https:\/\/i0.wp.com\/www.grieta.org.mx\/wp-content\/uploads\/2018\/03\/14524434_1106112876131411_958039263622046936_o.jpg?resize=350%2C200 1x, https:\/\/i0.wp.com\/www.grieta.org.mx\/wp-content\/uploads\/2018\/03\/14524434_1106112876131411_958039263622046936_o.jpg?resize=525%2C300 1.5x, https:\/\/i0.wp.com\/www.grieta.org.mx\/wp-content\/uploads\/2018\/03\/14524434_1106112876131411_958039263622046936_o.jpg?resize=700%2C400 2x"},"classes":[]},{"id":36759,"url":"http:\/\/www.grieta.org.mx\/index.php\/2019\/07\/19\/trabajadores-de-gasera-denuncian-acoso-laboral-campeche\/","url_meta":{"origin":1141,"position":5},"title":"Trabajadores de gasera denuncian acoso laboral (Campeche)","author":"grieta","date":"19 julio, 2019","format":false,"excerpt":"Campeche.com Un total de 25 trabajadores de una gasera instalada en la ciudad capital, se sumaron a un paro de labores acusando acoso laboral por parte de sus superiores, se\u00f1alando que se les realizan adem\u00e1s cobros por da\u00f1os a cilindros de hasta 520 pesos, cuando afirman que no es su\u2026","rel":"","context":"En &quot;Campeche&quot;","block_context":{"text":"Campeche","link":"http:\/\/www.grieta.org.mx\/index.php\/category\/noticias-nacionales\/campeche\/"},"img":{"alt_text":"","src":"https:\/\/i0.wp.com\/www.grieta.org.mx\/wp-content\/uploads\/2019\/07\/gasera-campeche-65425.jpg?resize=350%2C200","width":350,"height":200,"srcset":"https:\/\/i0.wp.com\/www.grieta.org.mx\/wp-content\/uploads\/2019\/07\/gasera-campeche-65425.jpg?resize=350%2C200 1x, https:\/\/i0.wp.com\/www.grieta.org.mx\/wp-content\/uploads\/2019\/07\/gasera-campeche-65425.jpg?resize=525%2C300 1.5x, https:\/\/i0.wp.com\/www.grieta.org.mx\/wp-content\/uploads\/2019\/07\/gasera-campeche-65425.jpg?resize=700%2C400 2x"},"classes":[]}],"_links":{"self":[{"href":"http:\/\/www.grieta.org.mx\/index.php\/wp-json\/wp\/v2\/posts\/1141","targetHints":{"allow":["GET"]}}],"collection":[{"href":"http:\/\/www.grieta.org.mx\/index.php\/wp-json\/wp\/v2\/posts"}],"about":[{"href":"http:\/\/www.grieta.org.mx\/index.php\/wp-json\/wp\/v2\/types\/post"}],"author":[{"embeddable":true,"href":"http:\/\/www.grieta.org.mx\/index.php\/wp-json\/wp\/v2\/users\/2"}],"replies":[{"embeddable":true,"href":"http:\/\/www.grieta.org.mx\/index.php\/wp-json\/wp\/v2\/comments?post=1141"}],"version-history":[{"count":1,"href":"http:\/\/www.grieta.org.mx\/index.php\/wp-json\/wp\/v2\/posts\/1141\/revisions"}],"predecessor-version":[{"id":1146,"href":"http:\/\/www.grieta.org.mx\/index.php\/wp-json\/wp\/v2\/posts\/1141\/revisions\/1146"}],"wp:featuredmedia":[{"embeddable":true,"href":"http:\/\/www.grieta.org.mx\/index.php\/wp-json\/wp\/v2\/media\/21928"}],"wp:attachment":[{"href":"http:\/\/www.grieta.org.mx\/index.php\/wp-json\/wp\/v2\/media?parent=1141"}],"wp:term":[{"taxonomy":"category","embeddable":true,"href":"http:\/\/www.grieta.org.mx\/index.php\/wp-json\/wp\/v2\/categories?post=1141"},{"taxonomy":"post_tag","embeddable":true,"href":"http:\/\/www.grieta.org.mx\/index.php\/wp-json\/wp\/v2\/tags?post=1141"}],"curies":[{"name":"wp","href":"https:\/\/api.w.org\/{rel}","templated":true}]}}