{"id":1140,"date":"2016-01-24T18:04:24","date_gmt":"2016-01-24T18:04:24","guid":{"rendered":"http:\/\/50.22.11.12\/~grietaor\/?p=1140"},"modified":"2016-03-03T18:09:00","modified_gmt":"2016-03-03T18:09:00","slug":"granaderos-y-empresa-dina-arremete-contra-trabajadores","status":"publish","type":"post","link":"http:\/\/www.grieta.org.mx\/index.php\/2016\/01\/24\/granaderos-y-empresa-dina-arremete-contra-trabajadores\/","title":{"rendered":"Granaderos y empresa Dina arremete contra trabajadores"},"content":{"rendered":"<p>Ricardo Ortiz<\/p>\n<p>El pasado mi\u00e9rcoles 20 de enero, entraron en paro laboral alrededor de 500 trabajadores de la empresa de autobuses Dina, localizada en el corredor industrial de Ciudad Sahag\u00fan, Hidalgo para exigir su adhesi\u00f3n a una organizaci\u00f3n sindical que los represente y d\u00e9 estabilidad laboral.<\/p>\n<p>Otras de las demandas de los trabajadores es el aumento salarial y exigen el cese a los malos tratos por parte de la empresa, entre los que destacaron abusos laborales y sexuales.<\/p>\n<p>\u201cHay mucha injusticia, mucho acoso laboral y en parte acoso a las compa\u00f1eras, sexual, por la misma gente de confianza\u201d, denunci\u00f3 Alfredo Yasenth Islas Vera, secretario general del Frente Minero de Dina Camiones.<\/p>\n<p>As\u00ed mismo mencionaron que son obligados a trabajar m\u00e1s tiempo del establecido, esto sin que se presente una paga extra, adem\u00e1s de recibir amenazas de p\u00e9rdida de trabajo en caso de que no se apeguen  lo que se impone.<\/p>\n<p>Coment\u00f3 que una de las inconformidades que los trabajadores tienen con Dina Camiones es el bajo salario que perciben que es de mil 100 pesos a la semana.<\/p>\n<p>\u201cSe nos hace muy poco tomando en cuenta las ganancias que tiene la empresa por la venta de camiones por lo que estamos exigiendo el pago de al menos mil 800 pesos a la semana\u201d.<\/p>\n<p>Ante esta situaci\u00f3n,  los empresarios solicitaron el resguardado por granaderos para impedir que los trabajadores regresaran.<\/p>\n<p>Para la noche del 23 de enero elementos de la Secretar\u00eda de Seguridad P\u00fablica Estatal, desalojaron a los trabajadores de la empresa, donde los uniformados llegaron y golpearon a cuatro empleados, quienes posteriormente fueron detenidos.<\/p>\n<p>Trabajadores indicaron que pese a que ten\u00edan una huelga pac\u00edfica, los granaderos arremetieron a macanazos contra los trabajadores, quienes decidieron retirarse.<\/p>\n<p>Hasta el momento la empresa es resguardada por polic\u00edas para evitar que los trabajadores regresen.<\/p>\n<p>La empresa Dina cuenta con contratos millonarios con Colombia, Costa Rica y Nicaragua, siendo una de las empresas que obtuvo la mayor inversi\u00f3n en a\u00f1os anteriores.<\/p>\n<p><a href=\"http:\/\/www.somoselmedio.org\/article\/granaderos-y-empresa-dina-arremete-contra-trabajadores\" target=\"_blank\">www.somoselmedio.org\/article\/granaderos-y-empresa-dina-arremete-contra-trabajadores<\/a><\/p>\n","protected":false},"excerpt":{"rendered":"<p>Ricardo Ortiz El pasado mi\u00e9rcoles 20 de enero, entraron en paro laboral alrededor de 500 trabajadores de la empresa de autobuses Dina, localizada en el corredor industrial de Ciudad Sahag\u00fan, &hellip; <a href=\"http:\/\/www.grieta.org.mx\/index.php\/2016\/01\/24\/granaderos-y-empresa-dina-arremete-contra-trabajadores\/\" class=\"more-link\">Leer m\u00e1s<\/a><\/p>\n","protected":false},"author":2,"featured_media":21928,"comment_status":"closed","ping_status":"open","sticky":false,"template":"","format":"standard","meta":{"ngg_post_thumbnail":0,"_jetpack_newsletter_access":"","_jetpack_dont_email_post_to_subs":false,"_jetpack_newsletter_tier_id":0,"_jetpack_memberships_contains_paywalled_content":false,"_jetpack_memberships_contains_paid_content":false,"footnotes":""},"categories":[80,129],"tags":[113],"class_list":["post-1140","post","type-post","status-publish","format-standard","has-post-thumbnail","hentry","category-cintillo","category-hidalgo","tag-conflictos-laborales","entry"],"jetpack_featured_media_url":"http:\/\/www.grieta.org.mx\/wp-content\/uploads\/2018\/03\/14524434_1106112876131411_958039263622046936_o.jpg","jetpack_sharing_enabled":true,"jetpack_shortlink":"https:\/\/wp.me\/p7ZJR4-io","jetpack_likes_enabled":false,"jetpack-related-posts":[{"id":1148,"url":"http:\/\/www.grieta.org.mx\/index.php\/2016\/02\/20\/trabajadores-de-dina-en-ciudad-sahagun-exigen-respeto-a-sus-derechos-laborales\/","url_meta":{"origin":1140,"position":0},"title":"Trabajadores de DINA en Ciudad Sahag\u00fan exigen respeto a sus derechos laborales","author":"grieta","date":"20 febrero, 2016","format":false,"excerpt":"20\/02\/16. Marchan trabajadores de Dina; exigen reinstalaci\u00f3nEl Independiente de Hidalgo 05\/02\/16. Persisten inconformidades contra Dina; trabajadores protestanEl Independiente de Hidalgo 25\/01\/16. Polic\u00edas Estatales desalojan a obreros de DINA CamionesEl Reportero 24\/01\/16. Granaderos y empresa Dina arremete contra trabajadoresSomos el Medio 21\/01\/16. Se van a paro 500 trabajadores de DINACriterio Hidalgo\u2026","rel":"","context":"En &quot;Hidalgo&quot;","block_context":{"text":"Hidalgo","link":"http:\/\/www.grieta.org.mx\/index.php\/category\/noticias-nacionales\/hidalgo\/"},"img":{"alt_text":"","src":"https:\/\/i0.wp.com\/www.grieta.org.mx\/wp-content\/uploads\/2018\/03\/14524434_1106112876131411_958039263622046936_o.jpg?resize=350%2C200","width":350,"height":200,"srcset":"https:\/\/i0.wp.com\/www.grieta.org.mx\/wp-content\/uploads\/2018\/03\/14524434_1106112876131411_958039263622046936_o.jpg?resize=350%2C200 1x, https:\/\/i0.wp.com\/www.grieta.org.mx\/wp-content\/uploads\/2018\/03\/14524434_1106112876131411_958039263622046936_o.jpg?resize=525%2C300 1.5x, https:\/\/i0.wp.com\/www.grieta.org.mx\/wp-content\/uploads\/2018\/03\/14524434_1106112876131411_958039263622046936_o.jpg?resize=700%2C400 2x"},"classes":[]},{"id":1142,"url":"http:\/\/www.grieta.org.mx\/index.php\/2016\/01\/20\/obreros-denuncian-abusos-y-acoso-laboral-de-directivos-de-dina\/","url_meta":{"origin":1140,"position":1},"title":"Obreros denuncian abusos y acoso laboral de directivos de Dina","author":"grieta","date":"20 enero, 2016","format":false,"excerpt":"Daniela Andrade Alrededor de las 7 de la ma\u00f1ana de este mi\u00e9rcoles, m\u00e1s de 500 trabajadores de la empresa Dina, iniciaron un paro de labores por los abusos de los que son v\u00edctimas, de parte de los supervisores y directivos de la empresa. Miguel \u00c1ngel Garc\u00eda Robledo, uno de los\u2026","rel":"","context":"En &quot;CINTILLO&quot;","block_context":{"text":"CINTILLO","link":"http:\/\/www.grieta.org.mx\/index.php\/category\/cintillo\/"},"img":{"alt_text":"","src":"https:\/\/i0.wp.com\/www.grieta.org.mx\/wp-content\/uploads\/2018\/03\/14524434_1106112876131411_958039263622046936_o.jpg?resize=350%2C200","width":350,"height":200,"srcset":"https:\/\/i0.wp.com\/www.grieta.org.mx\/wp-content\/uploads\/2018\/03\/14524434_1106112876131411_958039263622046936_o.jpg?resize=350%2C200 1x, https:\/\/i0.wp.com\/www.grieta.org.mx\/wp-content\/uploads\/2018\/03\/14524434_1106112876131411_958039263622046936_o.jpg?resize=525%2C300 1.5x, https:\/\/i0.wp.com\/www.grieta.org.mx\/wp-content\/uploads\/2018\/03\/14524434_1106112876131411_958039263622046936_o.jpg?resize=700%2C400 2x"},"classes":[]},{"id":1141,"url":"http:\/\/www.grieta.org.mx\/index.php\/2016\/01\/21\/se-van-a-paro-500-trabajadores-de-dina\/","url_meta":{"origin":1140,"position":2},"title":"Se van a paro 500 trabajadores de DINA","author":"grieta","date":"21 enero, 2016","format":false,"excerpt":"\u00c1ngel Rinc\u00f3n Alrededor de 500 trabajadores de la empresa Dina, localizada en el corredor industrial de Ciudad Sahag\u00fan, iniciaron ayer un paro de trabajo para exigir su adhesi\u00f3n a una organizaci\u00f3n sindical que los represente y d\u00e9 estabilidad laboral. Alfredo Yasenth Islas Vera, secretario general del naciente comit\u00e9 local del\u2026","rel":"","context":"En &quot;CINTILLO&quot;","block_context":{"text":"CINTILLO","link":"http:\/\/www.grieta.org.mx\/index.php\/category\/cintillo\/"},"img":{"alt_text":"","src":"https:\/\/i0.wp.com\/www.grieta.org.mx\/wp-content\/uploads\/2018\/03\/14524434_1106112876131411_958039263622046936_o.jpg?resize=350%2C200","width":350,"height":200,"srcset":"https:\/\/i0.wp.com\/www.grieta.org.mx\/wp-content\/uploads\/2018\/03\/14524434_1106112876131411_958039263622046936_o.jpg?resize=350%2C200 1x, https:\/\/i0.wp.com\/www.grieta.org.mx\/wp-content\/uploads\/2018\/03\/14524434_1106112876131411_958039263622046936_o.jpg?resize=525%2C300 1.5x, https:\/\/i0.wp.com\/www.grieta.org.mx\/wp-content\/uploads\/2018\/03\/14524434_1106112876131411_958039263622046936_o.jpg?resize=700%2C400 2x"},"classes":[]},{"id":1138,"url":"http:\/\/www.grieta.org.mx\/index.php\/2016\/02\/05\/persisten-inconformidades-contra-dina-trabajadores-protestan\/","url_meta":{"origin":1140,"position":3},"title":"Persisten inconformidades contra Dina; trabajadores protestan","author":"grieta","date":"5 febrero, 2016","format":false,"excerpt":"Laura Elizabeth Trejo Pese a que Dina asegur\u00f3 la semana pasada que el conflicto laboral en la empresa estaba resuelto, ayer un grupo de trabajadores y extrabajadores protestaron a las afueras de la Secretar\u00eda del Trabajo y Previsi\u00f3n de Hidalgo (STPSH). Los quejosos se presentaron en las oficinas de la\u2026","rel":"","context":"En &quot;CINTILLO&quot;","block_context":{"text":"CINTILLO","link":"http:\/\/www.grieta.org.mx\/index.php\/category\/cintillo\/"},"img":{"alt_text":"","src":"https:\/\/i0.wp.com\/www.grieta.org.mx\/wp-content\/uploads\/2018\/03\/14524434_1106112876131411_958039263622046936_o.jpg?resize=350%2C200","width":350,"height":200,"srcset":"https:\/\/i0.wp.com\/www.grieta.org.mx\/wp-content\/uploads\/2018\/03\/14524434_1106112876131411_958039263622046936_o.jpg?resize=350%2C200 1x, https:\/\/i0.wp.com\/www.grieta.org.mx\/wp-content\/uploads\/2018\/03\/14524434_1106112876131411_958039263622046936_o.jpg?resize=525%2C300 1.5x, https:\/\/i0.wp.com\/www.grieta.org.mx\/wp-content\/uploads\/2018\/03\/14524434_1106112876131411_958039263622046936_o.jpg?resize=700%2C400 2x"},"classes":[]},{"id":1548,"url":"http:\/\/www.grieta.org.mx\/index.php\/2016\/02\/20\/marchan-trabajadores-de-dina-exigen-reinstalacion\/","url_meta":{"origin":1140,"position":4},"title":"Marchan trabajadores de Dina; exigen reinstalaci\u00f3n","author":"grieta","date":"20 febrero, 2016","format":false,"excerpt":"Laura Elizabeth Trejo Para exigir la reinstalaci\u00f3n de al menos 250 trabajadores que fueron despedidos de Dina tras el conflicto suscitado en la empresa en enero, un grupo de inconformes march\u00f3 por las principales calles de la ciudad hasta palacio de gobierno. Los quejosos exigieron intervenci\u00f3n de las autoridades en\u2026","rel":"","context":"En &quot;CINTILLO&quot;","block_context":{"text":"CINTILLO","link":"http:\/\/www.grieta.org.mx\/index.php\/category\/cintillo\/"},"img":{"alt_text":"","src":"https:\/\/i0.wp.com\/www.grieta.org.mx\/wp-content\/uploads\/2018\/03\/14524434_1106112876131411_958039263622046936_o.jpg?resize=350%2C200","width":350,"height":200,"srcset":"https:\/\/i0.wp.com\/www.grieta.org.mx\/wp-content\/uploads\/2018\/03\/14524434_1106112876131411_958039263622046936_o.jpg?resize=350%2C200 1x, https:\/\/i0.wp.com\/www.grieta.org.mx\/wp-content\/uploads\/2018\/03\/14524434_1106112876131411_958039263622046936_o.jpg?resize=525%2C300 1.5x, https:\/\/i0.wp.com\/www.grieta.org.mx\/wp-content\/uploads\/2018\/03\/14524434_1106112876131411_958039263622046936_o.jpg?resize=700%2C400 2x"},"classes":[]},{"id":36759,"url":"http:\/\/www.grieta.org.mx\/index.php\/2019\/07\/19\/trabajadores-de-gasera-denuncian-acoso-laboral-campeche\/","url_meta":{"origin":1140,"position":5},"title":"Trabajadores de gasera denuncian acoso laboral (Campeche)","author":"grieta","date":"19 julio, 2019","format":false,"excerpt":"Campeche.com Un total de 25 trabajadores de una gasera instalada en la ciudad capital, se sumaron a un paro de labores acusando acoso laboral por parte de sus superiores, se\u00f1alando que se les realizan adem\u00e1s cobros por da\u00f1os a cilindros de hasta 520 pesos, cuando afirman que no es su\u2026","rel":"","context":"En &quot;Campeche&quot;","block_context":{"text":"Campeche","link":"http:\/\/www.grieta.org.mx\/index.php\/category\/noticias-nacionales\/campeche\/"},"img":{"alt_text":"","src":"https:\/\/i0.wp.com\/www.grieta.org.mx\/wp-content\/uploads\/2019\/07\/gasera-campeche-65425.jpg?resize=350%2C200","width":350,"height":200,"srcset":"https:\/\/i0.wp.com\/www.grieta.org.mx\/wp-content\/uploads\/2019\/07\/gasera-campeche-65425.jpg?resize=350%2C200 1x, https:\/\/i0.wp.com\/www.grieta.org.mx\/wp-content\/uploads\/2019\/07\/gasera-campeche-65425.jpg?resize=525%2C300 1.5x, https:\/\/i0.wp.com\/www.grieta.org.mx\/wp-content\/uploads\/2019\/07\/gasera-campeche-65425.jpg?resize=700%2C400 2x"},"classes":[]}],"_links":{"self":[{"href":"http:\/\/www.grieta.org.mx\/index.php\/wp-json\/wp\/v2\/posts\/1140","targetHints":{"allow":["GET"]}}],"collection":[{"href":"http:\/\/www.grieta.org.mx\/index.php\/wp-json\/wp\/v2\/posts"}],"about":[{"href":"http:\/\/www.grieta.org.mx\/index.php\/wp-json\/wp\/v2\/types\/post"}],"author":[{"embeddable":true,"href":"http:\/\/www.grieta.org.mx\/index.php\/wp-json\/wp\/v2\/users\/2"}],"replies":[{"embeddable":true,"href":"http:\/\/www.grieta.org.mx\/index.php\/wp-json\/wp\/v2\/comments?post=1140"}],"version-history":[{"count":1,"href":"http:\/\/www.grieta.org.mx\/index.php\/wp-json\/wp\/v2\/posts\/1140\/revisions"}],"predecessor-version":[{"id":1145,"href":"http:\/\/www.grieta.org.mx\/index.php\/wp-json\/wp\/v2\/posts\/1140\/revisions\/1145"}],"wp:featuredmedia":[{"embeddable":true,"href":"http:\/\/www.grieta.org.mx\/index.php\/wp-json\/wp\/v2\/media\/21928"}],"wp:attachment":[{"href":"http:\/\/www.grieta.org.mx\/index.php\/wp-json\/wp\/v2\/media?parent=1140"}],"wp:term":[{"taxonomy":"category","embeddable":true,"href":"http:\/\/www.grieta.org.mx\/index.php\/wp-json\/wp\/v2\/categories?post=1140"},{"taxonomy":"post_tag","embeddable":true,"href":"http:\/\/www.grieta.org.mx\/index.php\/wp-json\/wp\/v2\/tags?post=1140"}],"curies":[{"name":"wp","href":"https:\/\/api.w.org\/{rel}","templated":true}]}}