{"id":1139,"date":"2016-01-25T18:04:22","date_gmt":"2016-01-25T18:04:22","guid":{"rendered":"http:\/\/50.22.11.12\/~grietaor\/?p=1139"},"modified":"2016-03-03T18:08:00","modified_gmt":"2016-03-03T18:08:00","slug":"policias-estatales-desalojan-a-obreros-de-dina-camiones","status":"publish","type":"post","link":"http:\/\/www.grieta.org.mx\/index.php\/2016\/01\/25\/policias-estatales-desalojan-a-obreros-de-dina-camiones\/","title":{"rendered":"Polic\u00edas Estatales desalojan a obreros de DINA Camiones"},"content":{"rendered":"<p>Juan Sabino Cruz<\/p>\n<p>*Es muy dif\u00edcil ver llorar a un hombre<br \/>\n*Reprimen a obreros y es falso que haya detenidos<br \/>\n*Continuar\u00e1n su lucha los trabajadores<\/p>\n<p>CIUDAD SAHAG\u00daN, Hgo.- A la medianoche del s\u00e1bado, vi llorar a un obrero, s\u00ed, lo vi llorar, pero lloro como los hombres, ante la impotencia de haber actuado con respeto y pedir apoyo del gobierno de Hidalgo, pero, en respuesta fueron reprimidos por la Polic\u00eda Estatal y desalojados de la empresa DINA Camiones.<\/p>\n<p>El hombre dijo que fue uno de los iniciadores del movimiento obrero para crear un verdadero sindicato que defendiera los derechos sindicales, pero les hab\u00eda fallado, dijo que conden\u00f3 a cientos de sus compa\u00f1eros a perder su fuente de empleo.<\/p>\n<p>Sin embargo, la respuesta generalizada de los obreros fue de respaldo, todos le indicaron que no les fall\u00f3, que aguanto hasta el final, no los traiciono y, sentenciaron que el movimiento seguir\u00eda hasta las \u00faltimas consecuencias.<\/p>\n<p>ANTECEDENTES<\/p>\n<p>Seg\u00fan declaraciones de los trabajadores que iniciaron un paro de labores a las siete horas del pasado martes, todo surge a consecuencia de las permanentes violaciones a sus derechos laborales, vejaciones y hasta acoso sexual y laboral que sufren obreros y obreras.<\/p>\n<p>Indicaron que ignoraban que ten\u00edan un sindicato que los representaba, inclusive, al armar el movimiento invitaron a los m\u00e1s de seiscientos trabajadores, entre estos a Mauro Atitl\u00e1n asignado al departamento de mantenimiento, nadie sab\u00eda que ten\u00eda el membrete de l\u00edder.<\/p>\n<p>Afirman que le ten\u00edan confianza al citado trabajador y algunos obreros le expon\u00edan sus inconformidades, el mismo los conminaba a integran un sindicato y le pasaran la lista de quienes participar\u00edan.<\/p>\n<p>Fue as\u00ed que avanzaron en la organizaci\u00f3n de su organismo sindical y le dieron la lista con 60 nombres a Mauro Atitl\u00e1n, este los entreg\u00f3 al director de la empresa y todos fueron despedidos.<\/p>\n<p>Una vez iniciado el movimiento obrero el pasado martes, ,se enteraron que presuntamente si ten\u00edan un sindicato, quiz\u00e1 como requisito para la empresa, inclusive, hasta entonces se enteraron que el supuesto dirigente era Mauro Atitl\u00e1n, mismo que ahora no ha dado la cara.<\/p>\n<p>Dejan claro que su movimiento es pac\u00edfico, pidieron iniciar un dialogo con representantes de la empresa y jam\u00e1s los atendieron, inclusive, como garantes del estado de derecho pidieron apoyo de la Secretaria del Trabajo Local y Federal, as\u00ed como del Gobernador.<\/p>\n<p>En la Secretar\u00eda del Trabajo local fueron atendidos por un funcionario de tercer nivel que les dio cita para hoy, el lunes 25 de enero, le ped\u00edan ser el canal de dialogo con la empresa para encontrar un pronto acuerdo y reanudar actividades.<\/p>\n<p>PRESIONES DE LA EMPRESA<\/p>\n<p>Refieren que trabajan con una semana de fondo, es decir, el viernes les debieron cubrir el salario devengado desde la anterior, sin embargo, no sali\u00f3 la paga y un promedio de 150 trabajadores, por verdadera necesidad regresaron a las labores.<\/p>\n<p>Empero, la mayor\u00eda se mantuvo fiel al movimiento que respalda Carlos Pav\u00f3n Campos, l\u00edder nacional de Frente Minero, mismo que hasta les mando un apoyo econ\u00f3mico para los trabajadores que no recibieron su salario.<br \/>\nDejaron claro que esos 150 obreros que entraron a trabajar el viernes, no pudieron producir una sola de cuatro unidades de transporte p\u00fablico que se producen al d\u00eda.<\/p>\n<p>BUSCAN DESPRESTIGIAR AL OBRERO<\/p>\n<p>Afirmaron que, la tarde del s\u00e1bado, personas desconocidas prendieron fuego intencional a los pastizales de la parte trasera de la empresa, fue as\u00ed que los propios paristas unidos fueron a sofocar las llamas, pues su movimiento es pac\u00edfico y los se\u00f1alar\u00edan como responsables del siniestro.<\/p>\n<p>VIOLENTOS GRANADEROS<\/p>\n<p>Aproximadamente a las 18:40 horas del s\u00e1bado, se dio a voz de alerta, alguien avis\u00f3 que nutrido grupo de la Polic\u00eda Estatal encabezados por los granaderos y gr\u00faa se dirig\u00edan a Ciudad Sahag\u00fan, los l\u00edderes recomendaron no caer en provocaciones y evitar la confrontaci\u00f3n pues la es conocida la b\u00e9lica y represora actitud de los dirigentes de cuerpos de seguridad de Hidalgo.<\/p>\n<p>Cuando ya oscurec\u00eda llegaron los cuerpos policiacos, a decir de los obreros, tolete en mano golpearon a trabajadores que hac\u00edan guardia, arrebatar los tel\u00e9fonos celulares a los trabajadores que, supuestamente, obten\u00edan im\u00e1genes o video de la violenta represi\u00f3n.<\/p>\n<p>Polic\u00edas Estatales a abrieron las rejas para que representantes de la empresa pudieran sacar varias unidades que fueron custodiadas hasta la autopista Arco Norte.<\/p>\n<p>Los trabajadores fueron retirados del lugar y fueron nutridos contingentes de Polic\u00edas Estatales de Hidalgo quienes se quedaron a resguardar las instalaciones de DINA Camiones.<\/p>\n<p>RECORRIDO POR EL LUGAR<\/p>\n<p>Despu\u00e9s de las 23 horas, EL REPORTERO hizo su arribo a Ciudad Sahag\u00fan, en el exterior de DINA camiones se pudo apreciar enorme cami\u00f3n y muchas camionetas de la Polic\u00eda Estatal, as\u00ed como cientos de gendarmes en las diferentes entradas.<\/p>\n<p>Se le pregunt\u00f3 a los elementos quien estaba al mando, parec\u00edan mudos, ninguno respondi\u00f3.<\/p>\n<p>Despu\u00e9s, nos dirigimos a la agencia del Ministerio P\u00fablico donde los obreros denunciaron la agresi\u00f3n, sin embargo, ya se hab\u00edan retirado.<\/p>\n<p>A la media noche, encontramos a cientos de obreros en el auditorio \u201cFrancisco Lim\u00f3n Vidal\u201d, se nos permiti\u00f3 el acceso sin condici\u00f3n alguna.<\/p>\n<p>Pudimos ver a un obrero con los ojos rosados que dejaban asomar una l\u00e1grima y con voz entrecortada ped\u00eda perd\u00f3n a sus compa\u00f1eros, afirmaba que era unos de los iniciadores del movimiento, le depositaron su confianza y les hab\u00eda fallado, porque ahora muchos hab\u00edan perdido su empleo.<\/p>\n<p>En verdad era dolorosa la escena, ver llorar a un hombre, llorar como los hombres por la impotencia de haber participado en el inicio de un movimiento para que se respeten los derechos de los trabajadores, confiado en la autoridades estatales y haber sido reprimidos por las mismas, cuando hab\u00eda disposici\u00f3n para dialogar y no llegar a las agresiones.<\/p>\n<p>RESPALDO OBRERO<\/p>\n<p>Las respuesta no se hizo esperar, a otros trabajadores tambi\u00e9n se les rozados los ojos, pero no por los garrotazos que dicen haber recibido a manos de los granaderos, era por la amarga experiencia vivida<\/p>\n<p>Respondieron a su compa\u00f1ero que no les hab\u00eda fallado y no les hab\u00eda fallado porque aguanto hasta el final, pero adem\u00e1s le indicaron que no todo estaba perdido, pues tiene el respaldo de todos y el problema apenas iniciaba y luchar\u00edan hasta las \u00faltimas consecuencias, adem\u00e1s de reiterar que el Gobierno de Hidalgo se inclin\u00f3 para favorecer a la empresa.<\/p>\n<p>Alfredo Islas Vera y V\u00edctor Navarrete Maldonado dieron a conocer que no hubo obreros detenidos, inclusive, dejaron claro que por lo menos seis golpeados denunciaron lesiones, robo de tel\u00e9fonos, carteras y documentos personales en la averiguaci\u00f3n previa 12\/DAP\/005\/2016, iniciada ante el agente del Ministerio P\u00fablico de Ciudad Sahag\u00fan.<\/p>\n<p>PRESENCIA DE L\u00cdDERES NACIONALES<\/p>\n<p>La reuni\u00f3n de obreros se prolong\u00f3 y una trabajadora solicit\u00f3 a sus representantes que el movimiento sea transparente y les proporcionen la informaci\u00f3n de todas las acciones emprendidas.<\/p>\n<p>Otros oradores pidieron presencia permanente de los dirigentes nacionales que encabeza Carlos Pav\u00f3n Campos, pues apenas los visitan cada ocho d\u00edas y requieren que se sienta verdaderamente el apoyo.<\/p>\n<p>Se acord\u00f3 que tendr\u00edan una conferencia de prensa, la ma\u00f1ana de ayer, domingo, quiz\u00e1 para dar a conocer lo antes narrado y adelantar algunas acciones a emprender, pero lo \u00fanico cierto, es que hoy, lunes, los obreros que decidan abandonar el movimiento, regresen a trabajar, pues ser\u00e1 dif\u00edcil que los rechacen por su mano de obra calificada.<\/p>\n<p><a href=\"http:\/\/elreporterohgo.com\/noticias\/2016\/01\/25\/policias-estatales-desalojan-a-obreros-de-dina-camiones\/\" target=\"_blank\">elreporterohgo.com\/noticias\/2016\/01\/25\/policias-estatales-desalojan-a-obreros-de-dina-camiones\/<\/a><\/p>\n","protected":false},"excerpt":{"rendered":"<p>Juan Sabino Cruz *Es muy dif\u00edcil ver llorar a un hombre *Reprimen a obreros y es falso que haya detenidos *Continuar\u00e1n su lucha los trabajadores CIUDAD SAHAG\u00daN, Hgo.- A la &hellip; <a href=\"http:\/\/www.grieta.org.mx\/index.php\/2016\/01\/25\/policias-estatales-desalojan-a-obreros-de-dina-camiones\/\" class=\"more-link\">Leer m\u00e1s<\/a><\/p>\n","protected":false},"author":2,"featured_media":21928,"comment_status":"closed","ping_status":"open","sticky":false,"template":"","format":"standard","meta":{"ngg_post_thumbnail":0,"_jetpack_newsletter_access":"","_jetpack_dont_email_post_to_subs":false,"_jetpack_newsletter_tier_id":0,"_jetpack_memberships_contains_paywalled_content":false,"_jetpack_memberships_contains_paid_content":false,"footnotes":""},"categories":[80,129],"tags":[113],"class_list":["post-1139","post","type-post","status-publish","format-standard","has-post-thumbnail","hentry","category-cintillo","category-hidalgo","tag-conflictos-laborales","entry"],"jetpack_featured_media_url":"http:\/\/www.grieta.org.mx\/wp-content\/uploads\/2018\/03\/14524434_1106112876131411_958039263622046936_o.jpg","jetpack_sharing_enabled":true,"jetpack_shortlink":"https:\/\/wp.me\/p7ZJR4-in","jetpack_likes_enabled":false,"jetpack-related-posts":[{"id":1148,"url":"http:\/\/www.grieta.org.mx\/index.php\/2016\/02\/20\/trabajadores-de-dina-en-ciudad-sahagun-exigen-respeto-a-sus-derechos-laborales\/","url_meta":{"origin":1139,"position":0},"title":"Trabajadores de DINA en Ciudad Sahag\u00fan exigen respeto a sus derechos laborales","author":"grieta","date":"20 febrero, 2016","format":false,"excerpt":"20\/02\/16. Marchan trabajadores de Dina; exigen reinstalaci\u00f3nEl Independiente de Hidalgo 05\/02\/16. Persisten inconformidades contra Dina; trabajadores protestanEl Independiente de Hidalgo 25\/01\/16. Polic\u00edas Estatales desalojan a obreros de DINA CamionesEl Reportero 24\/01\/16. Granaderos y empresa Dina arremete contra trabajadoresSomos el Medio 21\/01\/16. Se van a paro 500 trabajadores de DINACriterio Hidalgo\u2026","rel":"","context":"En &quot;Hidalgo&quot;","block_context":{"text":"Hidalgo","link":"http:\/\/www.grieta.org.mx\/index.php\/category\/noticias-nacionales\/hidalgo\/"},"img":{"alt_text":"","src":"https:\/\/i0.wp.com\/www.grieta.org.mx\/wp-content\/uploads\/2018\/03\/14524434_1106112876131411_958039263622046936_o.jpg?resize=350%2C200","width":350,"height":200,"srcset":"https:\/\/i0.wp.com\/www.grieta.org.mx\/wp-content\/uploads\/2018\/03\/14524434_1106112876131411_958039263622046936_o.jpg?resize=350%2C200 1x, https:\/\/i0.wp.com\/www.grieta.org.mx\/wp-content\/uploads\/2018\/03\/14524434_1106112876131411_958039263622046936_o.jpg?resize=525%2C300 1.5x, https:\/\/i0.wp.com\/www.grieta.org.mx\/wp-content\/uploads\/2018\/03\/14524434_1106112876131411_958039263622046936_o.jpg?resize=700%2C400 2x"},"classes":[]},{"id":28802,"url":"http:\/\/www.grieta.org.mx\/index.php\/2019\/02\/04\/surgen-mas-paros-laborales-en-matamoros-ahora-en-el-sitpme-tamaulipas\/","url_meta":{"origin":1139,"position":1},"title":"Surgen m\u00e1s paros laborales en Matamoros, ahora en el SITPME (Tamaulipas)","author":"grieta","date":"4 febrero, 2019","format":false,"excerpt":"Puente Informativo Matamoros. Este lunes se congreraron en la Plaza Hidalgo obreros de al menos 15 plantas maquiladoras que forman parte del Sindicato Industrial de Trabajadores en Plantas Maquiladoras y Ensambladoras de Matamoros y su Municipio, el motivo solicitar al igual que los trabajadores del Sjoiim, el aumento salarial del\u2026","rel":"","context":"En &quot;CINTILLO&quot;","block_context":{"text":"CINTILLO","link":"http:\/\/www.grieta.org.mx\/index.php\/category\/cintillo\/"},"img":{"alt_text":"","src":"https:\/\/i0.wp.com\/www.grieta.org.mx\/wp-content\/uploads\/2019\/02\/Surgen-m%C3%A1s-paros-laborales-en-Matamoros-ahora-en-el-SITPME-feb.jpg?resize=350%2C200","width":350,"height":200,"srcset":"https:\/\/i0.wp.com\/www.grieta.org.mx\/wp-content\/uploads\/2019\/02\/Surgen-m%C3%A1s-paros-laborales-en-Matamoros-ahora-en-el-SITPME-feb.jpg?resize=350%2C200 1x, https:\/\/i0.wp.com\/www.grieta.org.mx\/wp-content\/uploads\/2019\/02\/Surgen-m%C3%A1s-paros-laborales-en-Matamoros-ahora-en-el-SITPME-feb.jpg?resize=525%2C300 1.5x, https:\/\/i0.wp.com\/www.grieta.org.mx\/wp-content\/uploads\/2019\/02\/Surgen-m%C3%A1s-paros-laborales-en-Matamoros-ahora-en-el-SITPME-feb.jpg?resize=700%2C400 2x"},"classes":[]},{"id":28401,"url":"http:\/\/www.grieta.org.mx\/index.php\/2019\/01\/16\/obreros-protestan-en-matamoros-y-piden-huelga-tamaulipas\/","url_meta":{"origin":1139,"position":2},"title":"Obreros protestan en Matamoros y piden huelga (Tamaulipas)","author":"grieta","date":"16 enero, 2019","format":false,"excerpt":"C\u00e9sar Peralta \/ Milenio Aseguran que sus derechos no est\u00e1n siendo defendidos por sus l\u00edderes sindicales, luego de que las empresas en las que laboran han incumplido en los aumentos salariales y bono anual. M\u00e1s de dos mil obreros integrantes del Sindicato de Jornaleros y Obreros Industriales y de La\u2026","rel":"","context":"En &quot;CINTILLO&quot;","block_context":{"text":"CINTILLO","link":"http:\/\/www.grieta.org.mx\/index.php\/category\/cintillo\/"},"img":{"alt_text":"","src":"https:\/\/i0.wp.com\/www.grieta.org.mx\/wp-content\/uploads\/2019\/01\/Obreros-protestan-en-Matamoros-y-piden-huelga.jpg?resize=350%2C200","width":350,"height":200,"srcset":"https:\/\/i0.wp.com\/www.grieta.org.mx\/wp-content\/uploads\/2019\/01\/Obreros-protestan-en-Matamoros-y-piden-huelga.jpg?resize=350%2C200 1x, https:\/\/i0.wp.com\/www.grieta.org.mx\/wp-content\/uploads\/2019\/01\/Obreros-protestan-en-Matamoros-y-piden-huelga.jpg?resize=525%2C300 1.5x, https:\/\/i0.wp.com\/www.grieta.org.mx\/wp-content\/uploads\/2019\/01\/Obreros-protestan-en-Matamoros-y-piden-huelga.jpg?resize=700%2C400 2x"},"classes":[]},{"id":1548,"url":"http:\/\/www.grieta.org.mx\/index.php\/2016\/02\/20\/marchan-trabajadores-de-dina-exigen-reinstalacion\/","url_meta":{"origin":1139,"position":3},"title":"Marchan trabajadores de Dina; exigen reinstalaci\u00f3n","author":"grieta","date":"20 febrero, 2016","format":false,"excerpt":"Laura Elizabeth Trejo Para exigir la reinstalaci\u00f3n de al menos 250 trabajadores que fueron despedidos de Dina tras el conflicto suscitado en la empresa en enero, un grupo de inconformes march\u00f3 por las principales calles de la ciudad hasta palacio de gobierno. Los quejosos exigieron intervenci\u00f3n de las autoridades en\u2026","rel":"","context":"En &quot;CINTILLO&quot;","block_context":{"text":"CINTILLO","link":"http:\/\/www.grieta.org.mx\/index.php\/category\/cintillo\/"},"img":{"alt_text":"","src":"https:\/\/i0.wp.com\/www.grieta.org.mx\/wp-content\/uploads\/2018\/03\/14524434_1106112876131411_958039263622046936_o.jpg?resize=350%2C200","width":350,"height":200,"srcset":"https:\/\/i0.wp.com\/www.grieta.org.mx\/wp-content\/uploads\/2018\/03\/14524434_1106112876131411_958039263622046936_o.jpg?resize=350%2C200 1x, https:\/\/i0.wp.com\/www.grieta.org.mx\/wp-content\/uploads\/2018\/03\/14524434_1106112876131411_958039263622046936_o.jpg?resize=525%2C300 1.5x, https:\/\/i0.wp.com\/www.grieta.org.mx\/wp-content\/uploads\/2018\/03\/14524434_1106112876131411_958039263622046936_o.jpg?resize=700%2C400 2x"},"classes":[]},{"id":1141,"url":"http:\/\/www.grieta.org.mx\/index.php\/2016\/01\/21\/se-van-a-paro-500-trabajadores-de-dina\/","url_meta":{"origin":1139,"position":4},"title":"Se van a paro 500 trabajadores de DINA","author":"grieta","date":"21 enero, 2016","format":false,"excerpt":"\u00c1ngel Rinc\u00f3n Alrededor de 500 trabajadores de la empresa Dina, localizada en el corredor industrial de Ciudad Sahag\u00fan, iniciaron ayer un paro de trabajo para exigir su adhesi\u00f3n a una organizaci\u00f3n sindical que los represente y d\u00e9 estabilidad laboral. Alfredo Yasenth Islas Vera, secretario general del naciente comit\u00e9 local del\u2026","rel":"","context":"En &quot;CINTILLO&quot;","block_context":{"text":"CINTILLO","link":"http:\/\/www.grieta.org.mx\/index.php\/category\/cintillo\/"},"img":{"alt_text":"","src":"https:\/\/i0.wp.com\/www.grieta.org.mx\/wp-content\/uploads\/2018\/03\/14524434_1106112876131411_958039263622046936_o.jpg?resize=350%2C200","width":350,"height":200,"srcset":"https:\/\/i0.wp.com\/www.grieta.org.mx\/wp-content\/uploads\/2018\/03\/14524434_1106112876131411_958039263622046936_o.jpg?resize=350%2C200 1x, https:\/\/i0.wp.com\/www.grieta.org.mx\/wp-content\/uploads\/2018\/03\/14524434_1106112876131411_958039263622046936_o.jpg?resize=525%2C300 1.5x, https:\/\/i0.wp.com\/www.grieta.org.mx\/wp-content\/uploads\/2018\/03\/14524434_1106112876131411_958039263622046936_o.jpg?resize=700%2C400 2x"},"classes":[]},{"id":28541,"url":"http:\/\/www.grieta.org.mx\/index.php\/2019\/01\/22\/denuncian-despidos-masivos-en-maquiladoras-tamaulipas\/","url_meta":{"origin":1139,"position":5},"title":"Denuncian despidos masivos en maquiladoras (Tamaulipas)","author":"grieta","date":"22 enero, 2019","format":false,"excerpt":"el bravo 19\/01\/2019 \u2013 Al no encontrar respuestas favorables a sus demandas y no estar de acuerdo con los ofrecimientos que plantean las empresas, grupos de trabajadores que mantienen paros laborales desde hace una semana volvieron a congregarse ayer a partir de la ma\u00f1ana en la plaza \u201cMiguel Hidalgo\u201d para\u2026","rel":"","context":"En &quot;CINTILLO&quot;","block_context":{"text":"CINTILLO","link":"http:\/\/www.grieta.org.mx\/index.php\/category\/cintillo\/"},"img":{"alt_text":"","src":"https:\/\/i0.wp.com\/www.grieta.org.mx\/wp-content\/uploads\/2019\/01\/Denuncian-despidos-masivos-en-maquiladoras.jpg?resize=350%2C200","width":350,"height":200,"srcset":"https:\/\/i0.wp.com\/www.grieta.org.mx\/wp-content\/uploads\/2019\/01\/Denuncian-despidos-masivos-en-maquiladoras.jpg?resize=350%2C200 1x, https:\/\/i0.wp.com\/www.grieta.org.mx\/wp-content\/uploads\/2019\/01\/Denuncian-despidos-masivos-en-maquiladoras.jpg?resize=525%2C300 1.5x"},"classes":[]}],"_links":{"self":[{"href":"http:\/\/www.grieta.org.mx\/index.php\/wp-json\/wp\/v2\/posts\/1139","targetHints":{"allow":["GET"]}}],"collection":[{"href":"http:\/\/www.grieta.org.mx\/index.php\/wp-json\/wp\/v2\/posts"}],"about":[{"href":"http:\/\/www.grieta.org.mx\/index.php\/wp-json\/wp\/v2\/types\/post"}],"author":[{"embeddable":true,"href":"http:\/\/www.grieta.org.mx\/index.php\/wp-json\/wp\/v2\/users\/2"}],"replies":[{"embeddable":true,"href":"http:\/\/www.grieta.org.mx\/index.php\/wp-json\/wp\/v2\/comments?post=1139"}],"version-history":[{"count":1,"href":"http:\/\/www.grieta.org.mx\/index.php\/wp-json\/wp\/v2\/posts\/1139\/revisions"}],"predecessor-version":[{"id":1144,"href":"http:\/\/www.grieta.org.mx\/index.php\/wp-json\/wp\/v2\/posts\/1139\/revisions\/1144"}],"wp:featuredmedia":[{"embeddable":true,"href":"http:\/\/www.grieta.org.mx\/index.php\/wp-json\/wp\/v2\/media\/21928"}],"wp:attachment":[{"href":"http:\/\/www.grieta.org.mx\/index.php\/wp-json\/wp\/v2\/media?parent=1139"}],"wp:term":[{"taxonomy":"category","embeddable":true,"href":"http:\/\/www.grieta.org.mx\/index.php\/wp-json\/wp\/v2\/categories?post=1139"},{"taxonomy":"post_tag","embeddable":true,"href":"http:\/\/www.grieta.org.mx\/index.php\/wp-json\/wp\/v2\/tags?post=1139"}],"curies":[{"name":"wp","href":"https:\/\/api.w.org\/{rel}","templated":true}]}}