{"id":1127,"date":"2015-10-20T15:14:38","date_gmt":"2015-10-20T15:14:38","guid":{"rendered":"http:\/\/50.22.11.12\/~grietaor\/?p=1127"},"modified":"2016-03-03T15:15:50","modified_gmt":"2016-03-03T15:15:50","slug":"radio-calentana-denuncia-indiferencia-y-arbitrariedades-del-ift","status":"publish","type":"post","link":"http:\/\/www.grieta.org.mx\/index.php\/2015\/10\/20\/radio-calentana-denuncia-indiferencia-y-arbitrariedades-del-ift\/","title":{"rendered":"Radio Calentana denuncia indiferencia y arbitrariedades del IFT"},"content":{"rendered":"<p>Carolina Duarte<\/p>\n<p>Luego del cierre arbitrario de la estaci\u00f3n de radio comunitaria Calentana Mexiquense que incluy\u00f3 presencia intimidatoria de la Marina para el decomiso de su equipo de transmisi\u00f3n, Indalecio Ben\u00edtez, fundador y director de la emisora se\u00f1al\u00f3 en conferencia en las puertas del Instituto Federal de Telecomunicaciones que \u201cEstamos aqu\u00ed para colocarle un l\u00edmite a los abusos cometidos por parte del IFT hacia las radios comunitarias\u201d.<\/p>\n<p>El se\u00f1or Ben\u00edtez expres\u00f3 en que la acci\u00f3n del IFT fue arbitraria y motivada por intereses particulares, sostuvo que \u201cCalentana Mexiquense por no generar recursos econ\u00f3micos fue discriminada al sustraer los equipos de la emisora para evitar su transmisi\u00f3n habitual.\u201d Tambi\u00e9n dijo no ser la primera agresi\u00f3n por parte del Instituto, catalog\u00e1ndola de \u201cataque sorpresivo\u201d, pues afirm\u00f3 que en ocasiones pasadas experimentaron, presi\u00f3n, intimidaci\u00f3n y hostigamiento.<\/p>\n<p>Asimismo, Ben\u00edtez asegur\u00f3 que se mantendr\u00e1 en protesta hasta obtener una reuni\u00f3n con los comisionados del IFT. Dio a conocer una serie de exigencias, tales como, una mesa de trabajo con el Consejero Presidente para dialogar sobre la regularizaci\u00f3n de Radio Calentana; facilitar el acceso a sus abogados al expediente de la acci\u00f3n administrativa por la que se procedi\u00f3 al desmantelamiento de la emisora; devolver los equipos de Radio Calentana sustra\u00eddos durante el operativo del jueves 15 de octubre; desistir de cualquier acci\u00f3n que criminalice a alg\u00fan miembro de la radio comunitaria; no violentar el derecho a la protesta social pac\u00edfica y devolver las pertenencias robadas de su campamento; por \u00faltimo, solicit\u00f3 a la Comisi\u00f3n Nacional de Derechos Humanos iniciar una investigaci\u00f3n sobre estos hechos.<\/p>\n<p>Seg\u00fan Ben\u00edtez, las anteriores exigencias son con el prop\u00f3sito de proteger la libertad de expresi\u00f3n, respetar los derechos humanos y evidenciar la importancia de una emisora comunitaria y en este caso en particular, resaltar el valor de Radio Calentana Mexiquense como la primera emisora pac\u00edfica del pa\u00eds.<\/p>\n<p>La experiencia del comunicador en esta protesta pac\u00edfica a favor de la libertad de expresi\u00f3n se ha visto obstaculizada por la poca atenci\u00f3n que el IFT le ha brindado, sin embargo el instituto en cada oportunidad que tiene desmantela el campamento del comunicador y hasta el momento retienen sus objetos personales, a pesar de ello, Ben\u00edtez se mantiene firme en su lucha hasta obtener respuesta de los comisionados. Posterior a la conferencia Indalecio Ben\u00edtez pas\u00f3 a las ventanillas del IFT para entregar el comunicado que comparti\u00f3 con algunos medios de comunicaci\u00f3n.<\/p>\n<p><a href=\"http:\/\/www.revistazocalo.com.mx\/45-zocalo\/7915-radio-calentana-denuncia-indiferencia-y-arbitrariedades-del-ift.html\" target=\"_blank\">www.revistazocalo.com.mx\/45-zocalo\/7915-radio-calentana-denuncia-indiferencia-y-arbitrariedades-del-ift.html<\/a><\/p>\n","protected":false},"excerpt":{"rendered":"<p>Carolina Duarte Luego del cierre arbitrario de la estaci\u00f3n de radio comunitaria Calentana Mexiquense que incluy\u00f3 presencia intimidatoria de la Marina para el decomiso de su equipo de transmisi\u00f3n, Indalecio &hellip; <a href=\"http:\/\/www.grieta.org.mx\/index.php\/2015\/10\/20\/radio-calentana-denuncia-indiferencia-y-arbitrariedades-del-ift\/\" class=\"more-link\">Leer m\u00e1s<\/a><\/p>\n","protected":false},"author":2,"featured_media":21928,"comment_status":"closed","ping_status":"open","sticky":false,"template":"","format":"standard","meta":{"ngg_post_thumbnail":0,"_jetpack_newsletter_access":"","_jetpack_dont_email_post_to_subs":false,"_jetpack_newsletter_tier_id":0,"_jetpack_memberships_contains_paywalled_content":false,"_jetpack_memberships_contains_paid_content":false,"footnotes":""},"categories":[80],"tags":[92,120],"class_list":["post-1127","post","type-post","status-publish","format-standard","has-post-thumbnail","hentry","category-cintillo","tag-estado-de-mexico","tag-violencia-contra-periodistas","entry"],"jetpack_featured_media_url":"http:\/\/www.grieta.org.mx\/wp-content\/uploads\/2018\/03\/14524434_1106112876131411_958039263622046936_o.jpg","jetpack_sharing_enabled":true,"jetpack_shortlink":"https:\/\/wp.me\/p7ZJR4-ib","jetpack_likes_enabled":false,"jetpack-related-posts":[{"id":1133,"url":"http:\/\/www.grieta.org.mx\/index.php\/2016\/05\/10\/marina-e-ift-decomisan-equipo-de-radio-calentana-mexiquense\/","url_meta":{"origin":1127,"position":0},"title":"Marina e IFT decomisan equipo de radio Calentana Mexiquense","author":"grieta","date":"10 mayo, 2016","format":false,"excerpt":"10\/05\/16. Relator de la ONU se compromete a atender caso de Indalecio Ben\u00edtez, locutor exiliado de LuevianosRevoluci\u00f3n 3.0 13\/01\/16. \u201cEruviel no tiene la intenci\u00f3n de proteger a ciudadanos, m\u00e1s bien los expone para que sean asesinados\u201d: locutor exiliadoRevoluci\u00f3n 3.0 06\/11\/15. Exige Radio Calentana que GEM se retracte; Criminalizan libertad de\u2026","rel":"","context":"En &quot;Estado de M\u00e9xico&quot;","block_context":{"text":"Estado de M\u00e9xico","link":"http:\/\/www.grieta.org.mx\/index.php\/category\/noticias-nacionales\/estado-de-mexico\/"},"img":{"alt_text":"","src":"https:\/\/i0.wp.com\/www.grieta.org.mx\/wp-content\/uploads\/2018\/03\/14524434_1106112876131411_958039263622046936_o.jpg?resize=350%2C200","width":350,"height":200,"srcset":"https:\/\/i0.wp.com\/www.grieta.org.mx\/wp-content\/uploads\/2018\/03\/14524434_1106112876131411_958039263622046936_o.jpg?resize=350%2C200 1x, https:\/\/i0.wp.com\/www.grieta.org.mx\/wp-content\/uploads\/2018\/03\/14524434_1106112876131411_958039263622046936_o.jpg?resize=525%2C300 1.5x, https:\/\/i0.wp.com\/www.grieta.org.mx\/wp-content\/uploads\/2018\/03\/14524434_1106112876131411_958039263622046936_o.jpg?resize=700%2C400 2x"},"classes":[]},{"id":1129,"url":"http:\/\/www.grieta.org.mx\/index.php\/2015\/10\/16\/ift-y-marina-decomisan-equipo-de-radio-calentana-mexiquense\/","url_meta":{"origin":1127,"position":1},"title":"IFT y Marina decomisan equipo de radio Calentana Mexiquense","author":"grieta","date":"16 octubre, 2015","format":false,"excerpt":"Indalecio Ben\u00edtez Mondrag\u00f3n, director y fundador de la Radio Comunitaria Calentana Mexiquense 98.1 FM, mantiene desde el d\u00eda de ayer un plant\u00f3n fuera de las instalaciones del Instituto Federal de Telecomunicaciones (IFT) debido a que la ma\u00f1ana del jueves 14 de octubre, en un operativo implementado por la Marina Armada\u2026","rel":"","context":"En &quot;CINTILLO&quot;","block_context":{"text":"CINTILLO","link":"http:\/\/www.grieta.org.mx\/index.php\/category\/cintillo\/"},"img":{"alt_text":"","src":"https:\/\/i0.wp.com\/www.grieta.org.mx\/wp-content\/uploads\/2018\/03\/14524434_1106112876131411_958039263622046936_o.jpg?resize=350%2C200","width":350,"height":200,"srcset":"https:\/\/i0.wp.com\/www.grieta.org.mx\/wp-content\/uploads\/2018\/03\/14524434_1106112876131411_958039263622046936_o.jpg?resize=350%2C200 1x, https:\/\/i0.wp.com\/www.grieta.org.mx\/wp-content\/uploads\/2018\/03\/14524434_1106112876131411_958039263622046936_o.jpg?resize=525%2C300 1.5x, https:\/\/i0.wp.com\/www.grieta.org.mx\/wp-content\/uploads\/2018\/03\/14524434_1106112876131411_958039263622046936_o.jpg?resize=700%2C400 2x"},"classes":[]},{"id":1121,"url":"http:\/\/www.grieta.org.mx\/index.php\/2015\/10\/21\/el-doble-ataque-a-indalecio-benitez-y-a-su-radio-comunitaria-en-luvianos\/","url_meta":{"origin":1127,"position":2},"title":"El doble ataque a Indalecio Ben\u00edtez y a su radio comunitaria en Luvianos","author":"grieta","date":"21 octubre, 2015","format":false,"excerpt":"JUAN L\u00c1ZARO SANTIAGO Indalecio Ben\u00edtez Mondrag\u00f3n, director de la radio comunitaria La Caletana Mexiquense, enclavada en el municipio de Luvianos, al sur del Estado de M\u00e9xico, donde el crimen organizado es ley, han tenido un doble ataque en tan solo un a\u00f1o, dos meses 15 d\u00edas. El primero: sicarios armados\u2026","rel":"","context":"En &quot;CINTILLO&quot;","block_context":{"text":"CINTILLO","link":"http:\/\/www.grieta.org.mx\/index.php\/category\/cintillo\/"},"img":{"alt_text":"","src":"https:\/\/i0.wp.com\/www.grieta.org.mx\/wp-content\/uploads\/2018\/03\/14524434_1106112876131411_958039263622046936_o.jpg?resize=350%2C200","width":350,"height":200,"srcset":"https:\/\/i0.wp.com\/www.grieta.org.mx\/wp-content\/uploads\/2018\/03\/14524434_1106112876131411_958039263622046936_o.jpg?resize=350%2C200 1x, https:\/\/i0.wp.com\/www.grieta.org.mx\/wp-content\/uploads\/2018\/03\/14524434_1106112876131411_958039263622046936_o.jpg?resize=525%2C300 1.5x, https:\/\/i0.wp.com\/www.grieta.org.mx\/wp-content\/uploads\/2018\/03\/14524434_1106112876131411_958039263622046936_o.jpg?resize=700%2C400 2x"},"classes":[]},{"id":1120,"url":"http:\/\/www.grieta.org.mx\/index.php\/2015\/10\/21\/decomisan-la-radio-comunitaria-de-luvianos-a-14-meses-del-asesinato-del-hijo-del-director\/","url_meta":{"origin":1127,"position":3},"title":"Decomisan la radio comunitaria de Luvianos a 14 meses del asesinato del hijo del director","author":"grieta","date":"21 octubre, 2015","format":false,"excerpt":"Majo Siscar En Luvianos ya no pueden sintonizar Calentana Mexiquense, su radio comunitaria. El jueves 15 de octubre, poco antes de las dos de la tarde, cuatro empleados del Instituto Federal de Telecomunicaciones (IFT) \u2013acompa\u00f1ados de elementos de la Marina Armada de M\u00e9xico\u2013 decomisaron el equipo por emitir sin concesi\u00f3n\u2026","rel":"","context":"En &quot;CINTILLO&quot;","block_context":{"text":"CINTILLO","link":"http:\/\/www.grieta.org.mx\/index.php\/category\/cintillo\/"},"img":{"alt_text":"","src":"https:\/\/i0.wp.com\/www.grieta.org.mx\/wp-content\/uploads\/2018\/03\/14524434_1106112876131411_958039263622046936_o.jpg?resize=350%2C200","width":350,"height":200,"srcset":"https:\/\/i0.wp.com\/www.grieta.org.mx\/wp-content\/uploads\/2018\/03\/14524434_1106112876131411_958039263622046936_o.jpg?resize=350%2C200 1x, https:\/\/i0.wp.com\/www.grieta.org.mx\/wp-content\/uploads\/2018\/03\/14524434_1106112876131411_958039263622046936_o.jpg?resize=525%2C300 1.5x, https:\/\/i0.wp.com\/www.grieta.org.mx\/wp-content\/uploads\/2018\/03\/14524434_1106112876131411_958039263622046936_o.jpg?resize=700%2C400 2x"},"classes":[]},{"id":1119,"url":"http:\/\/www.grieta.org.mx\/index.php\/2015\/11\/06\/exige-radio-calentana-que-gem-se-retracte-criminalizan-libertad-de-expresion\/","url_meta":{"origin":1127,"position":4},"title":"Criminaliza gobierno libertad de expresi\u00f3n; Calentana no sirve a narco","author":"grieta","date":"6 noviembre, 2015","format":false,"excerpt":"Radio Calentana exigi\u00f3 al Gobierno del Estado de M\u00e9xico retractarse de los se\u00f1alamientos que aseguran que los locutores incitaban el apoyo a grupos criminales. A trav\u00e9s de un comunicado, Indalecio Ben\u00edtez, titular de la estaci\u00f3n desmantelada d\u00edas atr\u00e1s por La Marina, acus\u00f3 al Gobierno del Estado de M\u00e9xico y Federal\u2026","rel":"","context":"En &quot;CINTILLO&quot;","block_context":{"text":"CINTILLO","link":"http:\/\/www.grieta.org.mx\/index.php\/category\/cintillo\/"},"img":{"alt_text":"","src":"https:\/\/i0.wp.com\/www.grieta.org.mx\/wp-content\/uploads\/2018\/03\/14524434_1106112876131411_958039263622046936_o.jpg?resize=350%2C200","width":350,"height":200,"srcset":"https:\/\/i0.wp.com\/www.grieta.org.mx\/wp-content\/uploads\/2018\/03\/14524434_1106112876131411_958039263622046936_o.jpg?resize=350%2C200 1x, https:\/\/i0.wp.com\/www.grieta.org.mx\/wp-content\/uploads\/2018\/03\/14524434_1106112876131411_958039263622046936_o.jpg?resize=525%2C300 1.5x, https:\/\/i0.wp.com\/www.grieta.org.mx\/wp-content\/uploads\/2018\/03\/14524434_1106112876131411_958039263622046936_o.jpg?resize=700%2C400 2x"},"classes":[]},{"id":1128,"url":"http:\/\/www.grieta.org.mx\/index.php\/2015\/10\/17\/fundador-de-radio-comunitaria-denuncia-intimidacion\/","url_meta":{"origin":1127,"position":5},"title":"Fundador de radio comunitaria denuncia intimidaci\u00f3n","author":"grieta","date":"17 octubre, 2015","format":false,"excerpt":"Veneranda Mendoza TOLUCA, Edomex.- Indalecio Ben\u00edtez, fundador de la radio comunitaria Calentana Mexiquense, no descart\u00f3 que detr\u00e1s del despojo sufrido a sus instalaciones el pasado jueves en Luvianos por parte de elementos de la Marina, tenga objetivos econ\u00f3micos o intimidatorios. Hace un par de meses, record\u00f3, \u201cretom\u00e9 por mi propia\u2026","rel":"","context":"En &quot;CINTILLO&quot;","block_context":{"text":"CINTILLO","link":"http:\/\/www.grieta.org.mx\/index.php\/category\/cintillo\/"},"img":{"alt_text":"","src":"https:\/\/i0.wp.com\/www.grieta.org.mx\/wp-content\/uploads\/2018\/03\/14524434_1106112876131411_958039263622046936_o.jpg?resize=350%2C200","width":350,"height":200,"srcset":"https:\/\/i0.wp.com\/www.grieta.org.mx\/wp-content\/uploads\/2018\/03\/14524434_1106112876131411_958039263622046936_o.jpg?resize=350%2C200 1x, https:\/\/i0.wp.com\/www.grieta.org.mx\/wp-content\/uploads\/2018\/03\/14524434_1106112876131411_958039263622046936_o.jpg?resize=525%2C300 1.5x, https:\/\/i0.wp.com\/www.grieta.org.mx\/wp-content\/uploads\/2018\/03\/14524434_1106112876131411_958039263622046936_o.jpg?resize=700%2C400 2x"},"classes":[]}],"_links":{"self":[{"href":"http:\/\/www.grieta.org.mx\/index.php\/wp-json\/wp\/v2\/posts\/1127","targetHints":{"allow":["GET"]}}],"collection":[{"href":"http:\/\/www.grieta.org.mx\/index.php\/wp-json\/wp\/v2\/posts"}],"about":[{"href":"http:\/\/www.grieta.org.mx\/index.php\/wp-json\/wp\/v2\/types\/post"}],"author":[{"embeddable":true,"href":"http:\/\/www.grieta.org.mx\/index.php\/wp-json\/wp\/v2\/users\/2"}],"replies":[{"embeddable":true,"href":"http:\/\/www.grieta.org.mx\/index.php\/wp-json\/wp\/v2\/comments?post=1127"}],"version-history":[{"count":1,"href":"http:\/\/www.grieta.org.mx\/index.php\/wp-json\/wp\/v2\/posts\/1127\/revisions"}],"predecessor-version":[{"id":1130,"href":"http:\/\/www.grieta.org.mx\/index.php\/wp-json\/wp\/v2\/posts\/1127\/revisions\/1130"}],"wp:featuredmedia":[{"embeddable":true,"href":"http:\/\/www.grieta.org.mx\/index.php\/wp-json\/wp\/v2\/media\/21928"}],"wp:attachment":[{"href":"http:\/\/www.grieta.org.mx\/index.php\/wp-json\/wp\/v2\/media?parent=1127"}],"wp:term":[{"taxonomy":"category","embeddable":true,"href":"http:\/\/www.grieta.org.mx\/index.php\/wp-json\/wp\/v2\/categories?post=1127"},{"taxonomy":"post_tag","embeddable":true,"href":"http:\/\/www.grieta.org.mx\/index.php\/wp-json\/wp\/v2\/tags?post=1127"}],"curies":[{"name":"wp","href":"https:\/\/api.w.org\/{rel}","templated":true}]}}