{"id":1121,"date":"2015-10-21T14:52:24","date_gmt":"2015-10-21T14:52:24","guid":{"rendered":"http:\/\/50.22.11.12\/~grietaor\/?p=1121"},"modified":"2016-03-03T14:59:10","modified_gmt":"2016-03-03T14:59:10","slug":"el-doble-ataque-a-indalecio-benitez-y-a-su-radio-comunitaria-en-luvianos","status":"publish","type":"post","link":"http:\/\/www.grieta.org.mx\/index.php\/2015\/10\/21\/el-doble-ataque-a-indalecio-benitez-y-a-su-radio-comunitaria-en-luvianos\/","title":{"rendered":"El doble ataque a Indalecio Ben\u00edtez y a su radio comunitaria en Luvianos"},"content":{"rendered":"<p>JUAN L\u00c1ZARO SANTIAGO<\/p>\n<p>Indalecio Ben\u00edtez Mondrag\u00f3n, director de la radio comunitaria La Caletana Mexiquense, enclavada en el municipio de Luvianos, al sur del Estado de M\u00e9xico, donde el crimen organizado es ley, han tenido un doble ataque en tan solo un a\u00f1o, dos meses 15 d\u00edas.<\/p>\n<p>El primero: sicarios armados lo atacaron cuando llegaba a su casa-radio comunitaria, la noche del primero de agosto de 2014; su hijo Juan Diego Ben\u00edtez, de 12 a\u00f1os de edad, muri\u00f3 al ser alcanzado por fragmentos de una bala; su padre huy\u00f3 en su veh\u00edculos cuando se dio cuenta de que los criminales lo esperaban para agredirlo y posiblemente asesinarlo.<\/p>\n<p>Ben\u00edtez Mondrag\u00f3n iba acompa\u00f1ado por su esposa y sus hijos, aquella noche, A\u00fan quiso refugiarse en la base de la Marina, ubicada a unos pasos de su casa-radio comunitaria, pero no obtuvo ayuda.<\/p>\n<p>Su hijo yac\u00eda muerto en el interior del veh\u00edculo.<\/p>\n<p>Los sicarios huyeron con facilidad, ya que ellos \u201cson ley\u201d en esa parte del Estado de M\u00e9xico, donde ni el gobernador Eruviel \u00c1vila Villegas, puede caminar con tranquilidad, a pesar de su enorme aparato de seguridad.<\/p>\n<p>El segundo ataque, pero desde el gobierno federal, fue el 15 de octubre de 2015, cuando personal del Instituto Federal de Telecomunicaciones (IFT) lleg\u00f3 y desmantel\u00f3 la radio comunitaria en Luvianos, sin explicaci\u00f3n alguna, sin notificaci\u00f3n oficial, a pesar de que Indalecio Ben\u00edtez, realizaba el tr\u00e1mite para regularizar su estaci\u00f3n comunitaria y cuyo plazo vence el 17 de noviembre pr\u00f3ximo.<\/p>\n<p>Indalecio Ben\u00edtez, ir\u00f3nicamente y a ra\u00edz del primer ataque del crimen organizado, est\u00e1 bajo protecci\u00f3n del Mecanismo de Protecci\u00f3n a Personas Defensoras de Derechos Humanos y Periodistas, de la Secretaria de Gobernaci\u00f3n, por el riesgo que corre su vida, ya que los criminales que controlan el sur mexiquense, lo tienen en su \u201clista negra\u201d.<\/p>\n<p>Pero \u00bfqui\u00e9n es Indalecio Ben\u00edtez? Se preguntara usted amigo lector. Bien, \u00e9l fue un sure\u00f1o mexiquense que tuvo la necesidad de migrar hacia Estados Unidos, para trabajar de \u201cmojado\u201d, es cocinero y atiende fiestas de quince a\u00f1os, bodas, eventos de todo tipo para poder sobrevivir.<\/p>\n<p>Inici\u00f3 en la radio colocando bocinas en su auto, para circular por Luvianos, dando anuncios y tocando canciones; luego, construy\u00f3 una cabina en su propia casa en el centro del municipio, desde donde trasmit\u00eda a municipios cercanos como Sultepec, Zacazonapan, Tejupilco, Amatepec y Tlatlaya.<\/p>\n<p>Pero su alcance no era mayor, ya que apenas ten\u00eda una potencia de 50 watts y la se\u00f1al llegaba d\u00e9bil. Por ello, cumpl\u00eda sus tr\u00e1mites en la IFT para mejorar el servicio de radio comunitaria.<\/p>\n<p>Sin embargo, el segundo ataque a\u00fan no concluye, ya que al iniciar una protesta frente al edificio de la IFT en la avenida Insurgentes de la Ciudad de M\u00e9xico por el desmantelamiento de su equipo y el cierre de la estaci\u00f3n, vigilantes, no lo dejaron cumplir con su manifestaci\u00f3n, fue desalojado el primer d\u00eda.<\/p>\n<p>La radio comunitaria, La Caletana Mexiquense, solo cumpl\u00eda en Luvianos, una funci\u00f3n social, un enlace v\u00eda internet con los migrantes sure\u00f1os en Estados Unidos; difund\u00eda cultura y enviaba mensaje a los paisanos.<\/p>\n<p>Un ejemplo: en la poblaci\u00f3n de San Juan Acatitlan, no entra ninguna se\u00f1al de celulares, en \u00fanico medio para que migrantes en Estados Unidos o de las Ciudad de M\u00e9xico es la Calentana Mexiquense.<\/p>\n<p>La Calentana Mexiquense es un oasis para los radioescuchas sure\u00f1os que gracias a la transmisi\u00f3n de canciones, se olvidan moment\u00e1neamente del miedo que impone los grupos criminales y los operativos policiacos-militares.<\/p>\n<p>No es una estaci\u00f3n comercial o de lucro; solo para comunicar.<\/p>\n<p>Organizaciones como Propuesta C\u00edvica, Reporteros Sin Fronteras, el Congreso Nacional de Comunicaci\u00f3n Ind\u00edgena, Articulo 19, Comumex A.C., en este momento lo est\u00e1n apoyando en su movimiento de que se le permita seguir con su radio comunitaria.<\/p>\n<p>Abogados de Propuesta C\u00edvica har\u00e1n una revisi\u00f3n a los tr\u00e1mites que se corr\u00edan en el IFT para lograr la autorizaci\u00f3n oficial para tener un espacio en el espectro radiof\u00f3nico en el sur del Estado de M\u00e9xico.<\/p>\n<p>Para el bien del Sur mexiquense, La Calentana Mexiquense, debe de volver al aire, con el reconocimiento oficial del IFT.<\/p>\n<p><a href=\"http:\/\/reporterosenmovimiento.wordpress.com\/2015\/10\/21\/opinion-el-doble-ataque-a-indalecio-benitez-y-a-su-radio-comunitaria-en-luvianos\/\" target=\"_blank\">reporterosenmovimiento.wordpress.com\/2015\/10\/21\/opinion-el-doble-ataque-a-indalecio-benitez-y-a-su-radio-comunitaria-en-luvianos\/<\/a><\/p>\n","protected":false},"excerpt":{"rendered":"<p>JUAN L\u00c1ZARO SANTIAGO Indalecio Ben\u00edtez Mondrag\u00f3n, director de la radio comunitaria La Caletana Mexiquense, enclavada en el municipio de Luvianos, al sur del Estado de M\u00e9xico, donde el crimen organizado &hellip; <a href=\"http:\/\/www.grieta.org.mx\/index.php\/2015\/10\/21\/el-doble-ataque-a-indalecio-benitez-y-a-su-radio-comunitaria-en-luvianos\/\" class=\"more-link\">Leer m\u00e1s<\/a><\/p>\n","protected":false},"author":2,"featured_media":21928,"comment_status":"closed","ping_status":"open","sticky":false,"template":"","format":"standard","meta":{"ngg_post_thumbnail":0,"_jetpack_newsletter_access":"","_jetpack_dont_email_post_to_subs":false,"_jetpack_newsletter_tier_id":0,"_jetpack_memberships_contains_paywalled_content":false,"_jetpack_memberships_contains_paid_content":false,"footnotes":""},"categories":[80],"tags":[92,120],"class_list":["post-1121","post","type-post","status-publish","format-standard","has-post-thumbnail","hentry","category-cintillo","tag-estado-de-mexico","tag-violencia-contra-periodistas","entry"],"jetpack_featured_media_url":"http:\/\/www.grieta.org.mx\/wp-content\/uploads\/2018\/03\/14524434_1106112876131411_958039263622046936_o.jpg","jetpack_sharing_enabled":true,"jetpack_shortlink":"https:\/\/wp.me\/p7ZJR4-i5","jetpack_likes_enabled":false,"jetpack-related-posts":[{"id":1133,"url":"http:\/\/www.grieta.org.mx\/index.php\/2016\/05\/10\/marina-e-ift-decomisan-equipo-de-radio-calentana-mexiquense\/","url_meta":{"origin":1121,"position":0},"title":"Marina e IFT decomisan equipo de radio Calentana Mexiquense","author":"grieta","date":"10 mayo, 2016","format":false,"excerpt":"10\/05\/16. Relator de la ONU se compromete a atender caso de Indalecio Ben\u00edtez, locutor exiliado de LuevianosRevoluci\u00f3n 3.0 13\/01\/16. \u201cEruviel no tiene la intenci\u00f3n de proteger a ciudadanos, m\u00e1s bien los expone para que sean asesinados\u201d: locutor exiliadoRevoluci\u00f3n 3.0 06\/11\/15. Exige Radio Calentana que GEM se retracte; Criminalizan libertad de\u2026","rel":"","context":"En &quot;Estado de M\u00e9xico&quot;","block_context":{"text":"Estado de M\u00e9xico","link":"http:\/\/www.grieta.org.mx\/index.php\/category\/noticias-nacionales\/estado-de-mexico\/"},"img":{"alt_text":"","src":"https:\/\/i0.wp.com\/www.grieta.org.mx\/wp-content\/uploads\/2018\/03\/14524434_1106112876131411_958039263622046936_o.jpg?resize=350%2C200","width":350,"height":200,"srcset":"https:\/\/i0.wp.com\/www.grieta.org.mx\/wp-content\/uploads\/2018\/03\/14524434_1106112876131411_958039263622046936_o.jpg?resize=350%2C200 1x, https:\/\/i0.wp.com\/www.grieta.org.mx\/wp-content\/uploads\/2018\/03\/14524434_1106112876131411_958039263622046936_o.jpg?resize=525%2C300 1.5x, https:\/\/i0.wp.com\/www.grieta.org.mx\/wp-content\/uploads\/2018\/03\/14524434_1106112876131411_958039263622046936_o.jpg?resize=700%2C400 2x"},"classes":[]},{"id":12710,"url":"http:\/\/www.grieta.org.mx\/index.php\/2016\/05\/10\/relator-de-la-onu-se-compromete-a-atender-caso-de-indalecio-benitez-locutor-exiliado-de-luevianos\/","url_meta":{"origin":1121,"position":1},"title":"Relator de la ONU se compromete a atender caso de Indalecio Ben\u00edtez, locutor exiliado de Luevianos","author":"grieta","date":"10 mayo, 2016","format":false,"excerpt":"Sergio Rinc\u00f3n (10 de mayo, 2016. Revoluci\u00f3nTRESPUNTOCERO).- Michel Forst, presidente del Consejo de Derechos Humanos como Relator Especial de las Naciones Unidas, se comprometi\u00f3 que en su pr\u00f3xima visita a M\u00e9xico revisar\u00e1 casos de violaciones a derechos humanos ocurridos en Luvianos Estado de M\u00e9xico, como el de Indalecio Ben\u00edtez, fundador\u2026","rel":"","context":"En &quot;CINTILLO&quot;","block_context":{"text":"CINTILLO","link":"http:\/\/www.grieta.org.mx\/index.php\/category\/cintillo\/"},"img":{"alt_text":"","src":"https:\/\/i0.wp.com\/www.grieta.org.mx\/wp-content\/uploads\/2018\/03\/14524434_1106112876131411_958039263622046936_o.jpg?resize=350%2C200","width":350,"height":200,"srcset":"https:\/\/i0.wp.com\/www.grieta.org.mx\/wp-content\/uploads\/2018\/03\/14524434_1106112876131411_958039263622046936_o.jpg?resize=350%2C200 1x, https:\/\/i0.wp.com\/www.grieta.org.mx\/wp-content\/uploads\/2018\/03\/14524434_1106112876131411_958039263622046936_o.jpg?resize=525%2C300 1.5x, https:\/\/i0.wp.com\/www.grieta.org.mx\/wp-content\/uploads\/2018\/03\/14524434_1106112876131411_958039263622046936_o.jpg?resize=700%2C400 2x"},"classes":[]},{"id":1120,"url":"http:\/\/www.grieta.org.mx\/index.php\/2015\/10\/21\/decomisan-la-radio-comunitaria-de-luvianos-a-14-meses-del-asesinato-del-hijo-del-director\/","url_meta":{"origin":1121,"position":2},"title":"Decomisan la radio comunitaria de Luvianos a 14 meses del asesinato del hijo del director","author":"grieta","date":"21 octubre, 2015","format":false,"excerpt":"Majo Siscar En Luvianos ya no pueden sintonizar Calentana Mexiquense, su radio comunitaria. El jueves 15 de octubre, poco antes de las dos de la tarde, cuatro empleados del Instituto Federal de Telecomunicaciones (IFT) \u2013acompa\u00f1ados de elementos de la Marina Armada de M\u00e9xico\u2013 decomisaron el equipo por emitir sin concesi\u00f3n\u2026","rel":"","context":"En &quot;CINTILLO&quot;","block_context":{"text":"CINTILLO","link":"http:\/\/www.grieta.org.mx\/index.php\/category\/cintillo\/"},"img":{"alt_text":"","src":"https:\/\/i0.wp.com\/www.grieta.org.mx\/wp-content\/uploads\/2018\/03\/14524434_1106112876131411_958039263622046936_o.jpg?resize=350%2C200","width":350,"height":200,"srcset":"https:\/\/i0.wp.com\/www.grieta.org.mx\/wp-content\/uploads\/2018\/03\/14524434_1106112876131411_958039263622046936_o.jpg?resize=350%2C200 1x, https:\/\/i0.wp.com\/www.grieta.org.mx\/wp-content\/uploads\/2018\/03\/14524434_1106112876131411_958039263622046936_o.jpg?resize=525%2C300 1.5x, https:\/\/i0.wp.com\/www.grieta.org.mx\/wp-content\/uploads\/2018\/03\/14524434_1106112876131411_958039263622046936_o.jpg?resize=700%2C400 2x"},"classes":[]},{"id":1128,"url":"http:\/\/www.grieta.org.mx\/index.php\/2015\/10\/17\/fundador-de-radio-comunitaria-denuncia-intimidacion\/","url_meta":{"origin":1121,"position":3},"title":"Fundador de radio comunitaria denuncia intimidaci\u00f3n","author":"grieta","date":"17 octubre, 2015","format":false,"excerpt":"Veneranda Mendoza TOLUCA, Edomex.- Indalecio Ben\u00edtez, fundador de la radio comunitaria Calentana Mexiquense, no descart\u00f3 que detr\u00e1s del despojo sufrido a sus instalaciones el pasado jueves en Luvianos por parte de elementos de la Marina, tenga objetivos econ\u00f3micos o intimidatorios. Hace un par de meses, record\u00f3, \u201cretom\u00e9 por mi propia\u2026","rel":"","context":"En &quot;CINTILLO&quot;","block_context":{"text":"CINTILLO","link":"http:\/\/www.grieta.org.mx\/index.php\/category\/cintillo\/"},"img":{"alt_text":"","src":"https:\/\/i0.wp.com\/www.grieta.org.mx\/wp-content\/uploads\/2018\/03\/14524434_1106112876131411_958039263622046936_o.jpg?resize=350%2C200","width":350,"height":200,"srcset":"https:\/\/i0.wp.com\/www.grieta.org.mx\/wp-content\/uploads\/2018\/03\/14524434_1106112876131411_958039263622046936_o.jpg?resize=350%2C200 1x, https:\/\/i0.wp.com\/www.grieta.org.mx\/wp-content\/uploads\/2018\/03\/14524434_1106112876131411_958039263622046936_o.jpg?resize=525%2C300 1.5x, https:\/\/i0.wp.com\/www.grieta.org.mx\/wp-content\/uploads\/2018\/03\/14524434_1106112876131411_958039263622046936_o.jpg?resize=700%2C400 2x"},"classes":[]},{"id":1129,"url":"http:\/\/www.grieta.org.mx\/index.php\/2015\/10\/16\/ift-y-marina-decomisan-equipo-de-radio-calentana-mexiquense\/","url_meta":{"origin":1121,"position":4},"title":"IFT y Marina decomisan equipo de radio Calentana Mexiquense","author":"grieta","date":"16 octubre, 2015","format":false,"excerpt":"Indalecio Ben\u00edtez Mondrag\u00f3n, director y fundador de la Radio Comunitaria Calentana Mexiquense 98.1 FM, mantiene desde el d\u00eda de ayer un plant\u00f3n fuera de las instalaciones del Instituto Federal de Telecomunicaciones (IFT) debido a que la ma\u00f1ana del jueves 14 de octubre, en un operativo implementado por la Marina Armada\u2026","rel":"","context":"En &quot;CINTILLO&quot;","block_context":{"text":"CINTILLO","link":"http:\/\/www.grieta.org.mx\/index.php\/category\/cintillo\/"},"img":{"alt_text":"","src":"https:\/\/i0.wp.com\/www.grieta.org.mx\/wp-content\/uploads\/2018\/03\/14524434_1106112876131411_958039263622046936_o.jpg?resize=350%2C200","width":350,"height":200,"srcset":"https:\/\/i0.wp.com\/www.grieta.org.mx\/wp-content\/uploads\/2018\/03\/14524434_1106112876131411_958039263622046936_o.jpg?resize=350%2C200 1x, https:\/\/i0.wp.com\/www.grieta.org.mx\/wp-content\/uploads\/2018\/03\/14524434_1106112876131411_958039263622046936_o.jpg?resize=525%2C300 1.5x, https:\/\/i0.wp.com\/www.grieta.org.mx\/wp-content\/uploads\/2018\/03\/14524434_1106112876131411_958039263622046936_o.jpg?resize=700%2C400 2x"},"classes":[]},{"id":412,"url":"http:\/\/www.grieta.org.mx\/index.php\/2015\/07\/31\/muerte-y-amenazas-acechan-al-periodismo-en-el-estado-de-mexico\/","url_meta":{"origin":1121,"position":5},"title":"Muerte y amenazas acechan al periodismo en el Estado de M\u00e9xico","author":"grieta","date":"31 julio, 2015","format":false,"excerpt":"Juan L\u00e1zaro Santiago Cuatro periodistas han sido asesinados en la entidad, sin que haya sentenciados por los hechos; a esto se suman los casos de agresiones y amenazas Las agresiones a periodistas en el Estado de M\u00e9xico son cada vez m\u00e1s frecuentes y provienen de distintos frentes. Los ataques de\u2026","rel":"","context":"En &quot;CINTILLO&quot;","block_context":{"text":"CINTILLO","link":"http:\/\/www.grieta.org.mx\/index.php\/category\/cintillo\/"},"img":{"alt_text":"","src":"https:\/\/i0.wp.com\/www.grieta.org.mx\/wp-content\/uploads\/2018\/03\/14524434_1106112876131411_958039263622046936_o.jpg?resize=350%2C200","width":350,"height":200,"srcset":"https:\/\/i0.wp.com\/www.grieta.org.mx\/wp-content\/uploads\/2018\/03\/14524434_1106112876131411_958039263622046936_o.jpg?resize=350%2C200 1x, https:\/\/i0.wp.com\/www.grieta.org.mx\/wp-content\/uploads\/2018\/03\/14524434_1106112876131411_958039263622046936_o.jpg?resize=525%2C300 1.5x, https:\/\/i0.wp.com\/www.grieta.org.mx\/wp-content\/uploads\/2018\/03\/14524434_1106112876131411_958039263622046936_o.jpg?resize=700%2C400 2x"},"classes":[]}],"_links":{"self":[{"href":"http:\/\/www.grieta.org.mx\/index.php\/wp-json\/wp\/v2\/posts\/1121","targetHints":{"allow":["GET"]}}],"collection":[{"href":"http:\/\/www.grieta.org.mx\/index.php\/wp-json\/wp\/v2\/posts"}],"about":[{"href":"http:\/\/www.grieta.org.mx\/index.php\/wp-json\/wp\/v2\/types\/post"}],"author":[{"embeddable":true,"href":"http:\/\/www.grieta.org.mx\/index.php\/wp-json\/wp\/v2\/users\/2"}],"replies":[{"embeddable":true,"href":"http:\/\/www.grieta.org.mx\/index.php\/wp-json\/wp\/v2\/comments?post=1121"}],"version-history":[{"count":1,"href":"http:\/\/www.grieta.org.mx\/index.php\/wp-json\/wp\/v2\/posts\/1121\/revisions"}],"predecessor-version":[{"id":1126,"href":"http:\/\/www.grieta.org.mx\/index.php\/wp-json\/wp\/v2\/posts\/1121\/revisions\/1126"}],"wp:featuredmedia":[{"embeddable":true,"href":"http:\/\/www.grieta.org.mx\/index.php\/wp-json\/wp\/v2\/media\/21928"}],"wp:attachment":[{"href":"http:\/\/www.grieta.org.mx\/index.php\/wp-json\/wp\/v2\/media?parent=1121"}],"wp:term":[{"taxonomy":"category","embeddable":true,"href":"http:\/\/www.grieta.org.mx\/index.php\/wp-json\/wp\/v2\/categories?post=1121"},{"taxonomy":"post_tag","embeddable":true,"href":"http:\/\/www.grieta.org.mx\/index.php\/wp-json\/wp\/v2\/tags?post=1121"}],"curies":[{"name":"wp","href":"https:\/\/api.w.org\/{rel}","templated":true}]}}