{"id":1120,"date":"2015-10-21T14:52:22","date_gmt":"2015-10-21T14:52:22","guid":{"rendered":"http:\/\/50.22.11.12\/~grietaor\/?p=1120"},"modified":"2016-03-03T14:57:52","modified_gmt":"2016-03-03T14:57:52","slug":"decomisan-la-radio-comunitaria-de-luvianos-a-14-meses-del-asesinato-del-hijo-del-director","status":"publish","type":"post","link":"http:\/\/www.grieta.org.mx\/index.php\/2015\/10\/21\/decomisan-la-radio-comunitaria-de-luvianos-a-14-meses-del-asesinato-del-hijo-del-director\/","title":{"rendered":"Decomisan la radio comunitaria de Luvianos a 14 meses del asesinato del hijo del director"},"content":{"rendered":"<p>Majo Siscar<\/p>\n<p>En Luvianos ya no pueden sintonizar Calentana Mexiquense, su radio comunitaria. El jueves 15 de octubre, poco antes de las dos de la tarde, cuatro empleados del Instituto Federal de Telecomunicaciones (IFT) \u2013acompa\u00f1ados de elementos de la Marina Armada de M\u00e9xico\u2013 decomisaron el equipo por emitir sin concesi\u00f3n legal.<br \/>\nLos agentes llegaron sin previo aviso mientras Jos\u00e9 De Paz Morales, un locutor invidente, transmit\u00eda su programa La voz de la Gente. Jos\u00e9 maneja solo la cabina, gracias a dos celulares que conecta a la consola y que maneja, uno por teclado y otro por voz. No le dio tiempo ni de avisar a los radioescuchas. Le pidieron los papeles que acreditaban el permiso de emisi\u00f3n y mientras De Paz se comunicaba con el director de la radio, Indalecio Ben\u00edtez, procedieron a desmantelarla. Se llevaron el transmisor, la computadora port\u00e1til con la que trabajaban, el CPU, una consola y dos micr\u00f3fonos.<\/p>\n<p>\u201cEl equipo costaba unos 20 mil pesos pero no es eso, lo valioso es lo que me quitaron en materia de comunicaci\u00f3n\u201d, dijo Ben\u00edtez delante de la sede del IFT en la Ciudad de M\u00e9xico.<\/p>\n<p>Calentana Mexiquense emit\u00eda desde el 20 de noviembre de 2013 con un transmisor de 20 watts por la 98.1 de Frecuencia Modulada, que apenas lleva la se\u00f1al a unos 15 kil\u00f3metros a la redonda. Luvianos es uno de los municipios m\u00e1s violentos del sur del Estado de M\u00e9xico. Frontera con Guerrero y Michoac\u00e1n, es parte de la suprarregi\u00f3n de Tierra Caliente y desde hace m\u00e1s de dos a\u00f1os vive una espiral de violencia por la disputa entre los c\u00e1rteles de La Familia y Guerreros Unidos, que pelean el control de su territorio, clave geogr\u00e1ficamente y zona hist\u00f3rica de sembrad\u00edos de enervantes.<\/p>\n<p>El propio director, Indalecio Ben\u00edtez, ha sufrido en carne propia los estragos del crimen organizado. El 2 de agosto de 2014, uno de los grupos del crimen organizado que operan en la zona se plantaron frente a las instalaciones de la radio y cuando \u00e9l iba llegando con toda su familia dispararon al veh\u00edculo. Una de las balas impact\u00f3 en el coraz\u00f3n de su hijo Juan Diego, de tan solo 12 a\u00f1os.<\/p>\n<p>Desde entonces, \u00e9l y su familia viven exiliados pero la radio segu\u00eda operando bajo medidas cautelares y protecci\u00f3n policial. E hicieron un esfuerzo por girar los contenidos a la construcci\u00f3n de paz en su municipio.<\/p>\n<p>Jos\u00e9 De Paz, quien estaba en cabina de lunes a viernes de 12 a 14 horas, recuerda que uno de sus programas m\u00e1s exitosos fue cuando cubri\u00f3 el extrav\u00edo de un vecino del pueblo y lograron encontrarlo a trav\u00e9s de enlaces telef\u00f3nicos a la emisora. Ahora est\u00e1 indignado de que cerraran la radio en el momento que \u00e9l, con una discapacidad, transmit\u00eda.<\/p>\n<p>\u201cYo no entiendo por qu\u00e9 actuaron as\u00ed, uno lo hace para contribuir a su pueblo\u201d, lamenta. A su lado Ben\u00edtez se queja: \u201cpara mi no existe ilegalidad, lo \u00fanico que estamos haciendo es servir a la comunidad y contribuir a la paz en Luvianos a trav\u00e9s de la comunicaci\u00f3n\u201d.<\/p>\n<p>El viernes pasado, Ben\u00edtez estableci\u00f3 un plant\u00f3n en las escalinatas de la sede del IFT en protesta. \u201cSi no me call\u00f3 el crimen organizado, no me van a callar las autoridades, seguimos transmitiendo en internet y vamos a luchar por la permanencia, porque no nos discriminen por no tener capacidad econ\u00f3mica\u201d, espeta. El viernes lo echaron del edificio as\u00ed que ayer lunes regres\u00f3 y llen\u00f3 de mantas la entrada del IFT que exigen la restituci\u00f3n de la radio.<\/p>\n<p>Para el Centro de Investigaci\u00f3n y Capacitaci\u00f3n Propuesta C\u00edvica, que le acompa\u00f1a en el proceso, en el contexto de violencia en Luvianos, \u201clas acciones del IFETEL se suman a este clima de hostigamiento y censura en contra del ejercicio de la libertad de expresi\u00f3n, agravado por la discriminaci\u00f3n en contra de las radios comunitarias para su regularizaci\u00f3n y revisi\u00f3n\u201d.<\/p>\n<p>Calentana sali\u00f3 al aire cuando apenas se aprobaba la reforma a la Ley de Telecomunicaciones. A mediados de 2014 se aprob\u00f3 la ley secundaria y se publicaron los lineamientos que regulan las concesiones para radios comunitaria, ind\u00edgenas y sociales. Despu\u00e9s el IFT convoc\u00f3 a una consulta p\u00fablica con estas radios y la sociedad civil para discutirlos. El propio Indalecio Ben\u00edtez particip\u00f3 en ella. De hecho, en diciembre hizo una manifestaci\u00f3n de inter\u00e9s ante el IFT de solicitar una concesi\u00f3n, ante lo que el Instituto elabor\u00f3 un estudio t\u00e9cnico de viabilidad y constat\u00f3 que hay una frecuencia disponible en Luvianos. Ese anuncio le posibilit\u00f3 a Calentana preparar los requisitos para tramitar legalmente la concesi\u00f3n el pr\u00f3ximo 19 de noviembre, fecha en que se abre el primer plazo para las licitaciones de emisoras comunitarias, sociales e ind\u00edgenas en el marco de la nueva ley.<\/p>\n<p>Antes de que entrara en vigor la reforma en telecomunicaciones en M\u00e9xico hab\u00eda 20 radios comunitarias con permiso de emisi\u00f3n. Ahora hay 24. Los \u00faltimos 4 permisos los dieron en mayo de este a\u00f1o pero bajo la ley antigua a radios que hab\u00edan tramitado su solicitud entre dos y cuatro a\u00f1os antes.<\/p>\n<p>Irina V\u00e1zquez, coordinadora en M\u00e9xico de la Asociaci\u00f3n Mundial de Radios Comunitarias (AMARC), explica que estas emisoras \u201csurgen por una necesidad de comunicaci\u00f3n de una comunidad, en el caso de Luvianos ante la crisis de violencia e inseguridad. En casos as\u00ed o otros habituales como los que denuncian un megaproyecto, no puedes esperar tres a\u00f1os a que te den el permiso entonces la mayor\u00eda transmiten sin \u00e9l y son las menos las que optan por el camino largo\u201d. Con la nueva ley el camino se acorta un poco, pero a\u00fan as\u00ed hay que esperar alrededor de un a\u00f1o desde que se inicia la licitaci\u00f3n.<\/p>\n<p>\u201cCalentana est\u00e1 en su derecho leg\u00edtimo de transmitir, pero no en la legalidad. Si inicias un proceso para legalizarte pero caes en el uso indebido del espectro es como si le jugaras chueca al IFT. Durante muchos a\u00f1os reclamamos para que hubiera claridad, para que hubiera un reglamento al que acogerse, ahora lo hay pero son sus reglas del juego\u201d, matiza V\u00e1zquez.<\/p>\n<p>Desde el Instituto Federal de Telecomunicaciones el Director General Vinculaci\u00f3n Alberto Guti\u00e9rrez asegur\u00f3 que se le dar\u00eda un asesoramiento jur\u00eddico y t\u00e9cnico a Indalecio Ben\u00edtez para revisar el expediente administrativo.<\/p>\n<p>Ben\u00edtez por su parte exige que esta reuni\u00f3n sea una mesa de trabajo con el Consejero presidente y que de ah\u00ed salga \u201cuna ruta clara para la regularizaci\u00f3n de Radio Calentana\u201d. Asimismo pidi\u00f3 por escrito que se le devuelvan los equipos de sustra\u00eddos, que no le criminalicen a \u00e9l ni a ning\u00fan miembro de la emisora y que no violenten su derecho a la protesta pac\u00edfica.<\/p>\n<p><a href=\"http:\/\/www.animalpolitico.com\/2015\/10\/decomisan-la-radio-comunitaria-de-luvianos-a-14-meses-del-asesinato-del-hijo-del-director\/\" target=\"_blank\">www.animalpolitico.com\/2015\/10\/decomisan-la-radio-comunitaria-de-luvianos-a-14-meses-del-asesinato-del-hijo-del-director\/<\/a><\/p>\n","protected":false},"excerpt":{"rendered":"<p>Majo Siscar En Luvianos ya no pueden sintonizar Calentana Mexiquense, su radio comunitaria. El jueves 15 de octubre, poco antes de las dos de la tarde, cuatro empleados del Instituto &hellip; <a href=\"http:\/\/www.grieta.org.mx\/index.php\/2015\/10\/21\/decomisan-la-radio-comunitaria-de-luvianos-a-14-meses-del-asesinato-del-hijo-del-director\/\" class=\"more-link\">Leer m\u00e1s<\/a><\/p>\n","protected":false},"author":2,"featured_media":21928,"comment_status":"closed","ping_status":"open","sticky":false,"template":"","format":"standard","meta":{"ngg_post_thumbnail":0,"_jetpack_newsletter_access":"","_jetpack_dont_email_post_to_subs":false,"_jetpack_newsletter_tier_id":0,"_jetpack_memberships_contains_paywalled_content":false,"_jetpack_memberships_contains_paid_content":false,"footnotes":""},"categories":[80],"tags":[92,120],"class_list":["post-1120","post","type-post","status-publish","format-standard","has-post-thumbnail","hentry","category-cintillo","tag-estado-de-mexico","tag-violencia-contra-periodistas","entry"],"jetpack_featured_media_url":"http:\/\/www.grieta.org.mx\/wp-content\/uploads\/2018\/03\/14524434_1106112876131411_958039263622046936_o.jpg","jetpack_sharing_enabled":true,"jetpack_shortlink":"https:\/\/wp.me\/p7ZJR4-i4","jetpack_likes_enabled":false,"jetpack-related-posts":[{"id":1121,"url":"http:\/\/www.grieta.org.mx\/index.php\/2015\/10\/21\/el-doble-ataque-a-indalecio-benitez-y-a-su-radio-comunitaria-en-luvianos\/","url_meta":{"origin":1120,"position":0},"title":"El doble ataque a Indalecio Ben\u00edtez y a su radio comunitaria en Luvianos","author":"grieta","date":"21 octubre, 2015","format":false,"excerpt":"JUAN L\u00c1ZARO SANTIAGO Indalecio Ben\u00edtez Mondrag\u00f3n, director de la radio comunitaria La Caletana Mexiquense, enclavada en el municipio de Luvianos, al sur del Estado de M\u00e9xico, donde el crimen organizado es ley, han tenido un doble ataque en tan solo un a\u00f1o, dos meses 15 d\u00edas. El primero: sicarios armados\u2026","rel":"","context":"En &quot;CINTILLO&quot;","block_context":{"text":"CINTILLO","link":"http:\/\/www.grieta.org.mx\/index.php\/category\/cintillo\/"},"img":{"alt_text":"","src":"https:\/\/i0.wp.com\/www.grieta.org.mx\/wp-content\/uploads\/2018\/03\/14524434_1106112876131411_958039263622046936_o.jpg?resize=350%2C200","width":350,"height":200,"srcset":"https:\/\/i0.wp.com\/www.grieta.org.mx\/wp-content\/uploads\/2018\/03\/14524434_1106112876131411_958039263622046936_o.jpg?resize=350%2C200 1x, https:\/\/i0.wp.com\/www.grieta.org.mx\/wp-content\/uploads\/2018\/03\/14524434_1106112876131411_958039263622046936_o.jpg?resize=525%2C300 1.5x, https:\/\/i0.wp.com\/www.grieta.org.mx\/wp-content\/uploads\/2018\/03\/14524434_1106112876131411_958039263622046936_o.jpg?resize=700%2C400 2x"},"classes":[]},{"id":1133,"url":"http:\/\/www.grieta.org.mx\/index.php\/2016\/05\/10\/marina-e-ift-decomisan-equipo-de-radio-calentana-mexiquense\/","url_meta":{"origin":1120,"position":1},"title":"Marina e IFT decomisan equipo de radio Calentana Mexiquense","author":"grieta","date":"10 mayo, 2016","format":false,"excerpt":"10\/05\/16. Relator de la ONU se compromete a atender caso de Indalecio Ben\u00edtez, locutor exiliado de LuevianosRevoluci\u00f3n 3.0 13\/01\/16. \u201cEruviel no tiene la intenci\u00f3n de proteger a ciudadanos, m\u00e1s bien los expone para que sean asesinados\u201d: locutor exiliadoRevoluci\u00f3n 3.0 06\/11\/15. Exige Radio Calentana que GEM se retracte; Criminalizan libertad de\u2026","rel":"","context":"En &quot;Estado de M\u00e9xico&quot;","block_context":{"text":"Estado de M\u00e9xico","link":"http:\/\/www.grieta.org.mx\/index.php\/category\/noticias-nacionales\/estado-de-mexico\/"},"img":{"alt_text":"","src":"https:\/\/i0.wp.com\/www.grieta.org.mx\/wp-content\/uploads\/2018\/03\/14524434_1106112876131411_958039263622046936_o.jpg?resize=350%2C200","width":350,"height":200,"srcset":"https:\/\/i0.wp.com\/www.grieta.org.mx\/wp-content\/uploads\/2018\/03\/14524434_1106112876131411_958039263622046936_o.jpg?resize=350%2C200 1x, https:\/\/i0.wp.com\/www.grieta.org.mx\/wp-content\/uploads\/2018\/03\/14524434_1106112876131411_958039263622046936_o.jpg?resize=525%2C300 1.5x, https:\/\/i0.wp.com\/www.grieta.org.mx\/wp-content\/uploads\/2018\/03\/14524434_1106112876131411_958039263622046936_o.jpg?resize=700%2C400 2x"},"classes":[]},{"id":1128,"url":"http:\/\/www.grieta.org.mx\/index.php\/2015\/10\/17\/fundador-de-radio-comunitaria-denuncia-intimidacion\/","url_meta":{"origin":1120,"position":2},"title":"Fundador de radio comunitaria denuncia intimidaci\u00f3n","author":"grieta","date":"17 octubre, 2015","format":false,"excerpt":"Veneranda Mendoza TOLUCA, Edomex.- Indalecio Ben\u00edtez, fundador de la radio comunitaria Calentana Mexiquense, no descart\u00f3 que detr\u00e1s del despojo sufrido a sus instalaciones el pasado jueves en Luvianos por parte de elementos de la Marina, tenga objetivos econ\u00f3micos o intimidatorios. Hace un par de meses, record\u00f3, \u201cretom\u00e9 por mi propia\u2026","rel":"","context":"En &quot;CINTILLO&quot;","block_context":{"text":"CINTILLO","link":"http:\/\/www.grieta.org.mx\/index.php\/category\/cintillo\/"},"img":{"alt_text":"","src":"https:\/\/i0.wp.com\/www.grieta.org.mx\/wp-content\/uploads\/2018\/03\/14524434_1106112876131411_958039263622046936_o.jpg?resize=350%2C200","width":350,"height":200,"srcset":"https:\/\/i0.wp.com\/www.grieta.org.mx\/wp-content\/uploads\/2018\/03\/14524434_1106112876131411_958039263622046936_o.jpg?resize=350%2C200 1x, https:\/\/i0.wp.com\/www.grieta.org.mx\/wp-content\/uploads\/2018\/03\/14524434_1106112876131411_958039263622046936_o.jpg?resize=525%2C300 1.5x, https:\/\/i0.wp.com\/www.grieta.org.mx\/wp-content\/uploads\/2018\/03\/14524434_1106112876131411_958039263622046936_o.jpg?resize=700%2C400 2x"},"classes":[]},{"id":1129,"url":"http:\/\/www.grieta.org.mx\/index.php\/2015\/10\/16\/ift-y-marina-decomisan-equipo-de-radio-calentana-mexiquense\/","url_meta":{"origin":1120,"position":3},"title":"IFT y Marina decomisan equipo de radio Calentana Mexiquense","author":"grieta","date":"16 octubre, 2015","format":false,"excerpt":"Indalecio Ben\u00edtez Mondrag\u00f3n, director y fundador de la Radio Comunitaria Calentana Mexiquense 98.1 FM, mantiene desde el d\u00eda de ayer un plant\u00f3n fuera de las instalaciones del Instituto Federal de Telecomunicaciones (IFT) debido a que la ma\u00f1ana del jueves 14 de octubre, en un operativo implementado por la Marina Armada\u2026","rel":"","context":"En &quot;CINTILLO&quot;","block_context":{"text":"CINTILLO","link":"http:\/\/www.grieta.org.mx\/index.php\/category\/cintillo\/"},"img":{"alt_text":"","src":"https:\/\/i0.wp.com\/www.grieta.org.mx\/wp-content\/uploads\/2018\/03\/14524434_1106112876131411_958039263622046936_o.jpg?resize=350%2C200","width":350,"height":200,"srcset":"https:\/\/i0.wp.com\/www.grieta.org.mx\/wp-content\/uploads\/2018\/03\/14524434_1106112876131411_958039263622046936_o.jpg?resize=350%2C200 1x, https:\/\/i0.wp.com\/www.grieta.org.mx\/wp-content\/uploads\/2018\/03\/14524434_1106112876131411_958039263622046936_o.jpg?resize=525%2C300 1.5x, https:\/\/i0.wp.com\/www.grieta.org.mx\/wp-content\/uploads\/2018\/03\/14524434_1106112876131411_958039263622046936_o.jpg?resize=700%2C400 2x"},"classes":[]},{"id":12710,"url":"http:\/\/www.grieta.org.mx\/index.php\/2016\/05\/10\/relator-de-la-onu-se-compromete-a-atender-caso-de-indalecio-benitez-locutor-exiliado-de-luevianos\/","url_meta":{"origin":1120,"position":4},"title":"Relator de la ONU se compromete a atender caso de Indalecio Ben\u00edtez, locutor exiliado de Luevianos","author":"grieta","date":"10 mayo, 2016","format":false,"excerpt":"Sergio Rinc\u00f3n (10 de mayo, 2016. Revoluci\u00f3nTRESPUNTOCERO).- Michel Forst, presidente del Consejo de Derechos Humanos como Relator Especial de las Naciones Unidas, se comprometi\u00f3 que en su pr\u00f3xima visita a M\u00e9xico revisar\u00e1 casos de violaciones a derechos humanos ocurridos en Luvianos Estado de M\u00e9xico, como el de Indalecio Ben\u00edtez, fundador\u2026","rel":"","context":"En &quot;CINTILLO&quot;","block_context":{"text":"CINTILLO","link":"http:\/\/www.grieta.org.mx\/index.php\/category\/cintillo\/"},"img":{"alt_text":"","src":"https:\/\/i0.wp.com\/www.grieta.org.mx\/wp-content\/uploads\/2018\/03\/14524434_1106112876131411_958039263622046936_o.jpg?resize=350%2C200","width":350,"height":200,"srcset":"https:\/\/i0.wp.com\/www.grieta.org.mx\/wp-content\/uploads\/2018\/03\/14524434_1106112876131411_958039263622046936_o.jpg?resize=350%2C200 1x, https:\/\/i0.wp.com\/www.grieta.org.mx\/wp-content\/uploads\/2018\/03\/14524434_1106112876131411_958039263622046936_o.jpg?resize=525%2C300 1.5x, https:\/\/i0.wp.com\/www.grieta.org.mx\/wp-content\/uploads\/2018\/03\/14524434_1106112876131411_958039263622046936_o.jpg?resize=700%2C400 2x"},"classes":[]},{"id":412,"url":"http:\/\/www.grieta.org.mx\/index.php\/2015\/07\/31\/muerte-y-amenazas-acechan-al-periodismo-en-el-estado-de-mexico\/","url_meta":{"origin":1120,"position":5},"title":"Muerte y amenazas acechan al periodismo en el Estado de M\u00e9xico","author":"grieta","date":"31 julio, 2015","format":false,"excerpt":"Juan L\u00e1zaro Santiago Cuatro periodistas han sido asesinados en la entidad, sin que haya sentenciados por los hechos; a esto se suman los casos de agresiones y amenazas Las agresiones a periodistas en el Estado de M\u00e9xico son cada vez m\u00e1s frecuentes y provienen de distintos frentes. Los ataques de\u2026","rel":"","context":"En &quot;CINTILLO&quot;","block_context":{"text":"CINTILLO","link":"http:\/\/www.grieta.org.mx\/index.php\/category\/cintillo\/"},"img":{"alt_text":"","src":"https:\/\/i0.wp.com\/www.grieta.org.mx\/wp-content\/uploads\/2018\/03\/14524434_1106112876131411_958039263622046936_o.jpg?resize=350%2C200","width":350,"height":200,"srcset":"https:\/\/i0.wp.com\/www.grieta.org.mx\/wp-content\/uploads\/2018\/03\/14524434_1106112876131411_958039263622046936_o.jpg?resize=350%2C200 1x, https:\/\/i0.wp.com\/www.grieta.org.mx\/wp-content\/uploads\/2018\/03\/14524434_1106112876131411_958039263622046936_o.jpg?resize=525%2C300 1.5x, https:\/\/i0.wp.com\/www.grieta.org.mx\/wp-content\/uploads\/2018\/03\/14524434_1106112876131411_958039263622046936_o.jpg?resize=700%2C400 2x"},"classes":[]}],"_links":{"self":[{"href":"http:\/\/www.grieta.org.mx\/index.php\/wp-json\/wp\/v2\/posts\/1120","targetHints":{"allow":["GET"]}}],"collection":[{"href":"http:\/\/www.grieta.org.mx\/index.php\/wp-json\/wp\/v2\/posts"}],"about":[{"href":"http:\/\/www.grieta.org.mx\/index.php\/wp-json\/wp\/v2\/types\/post"}],"author":[{"embeddable":true,"href":"http:\/\/www.grieta.org.mx\/index.php\/wp-json\/wp\/v2\/users\/2"}],"replies":[{"embeddable":true,"href":"http:\/\/www.grieta.org.mx\/index.php\/wp-json\/wp\/v2\/comments?post=1120"}],"version-history":[{"count":1,"href":"http:\/\/www.grieta.org.mx\/index.php\/wp-json\/wp\/v2\/posts\/1120\/revisions"}],"predecessor-version":[{"id":1125,"href":"http:\/\/www.grieta.org.mx\/index.php\/wp-json\/wp\/v2\/posts\/1120\/revisions\/1125"}],"wp:featuredmedia":[{"embeddable":true,"href":"http:\/\/www.grieta.org.mx\/index.php\/wp-json\/wp\/v2\/media\/21928"}],"wp:attachment":[{"href":"http:\/\/www.grieta.org.mx\/index.php\/wp-json\/wp\/v2\/media?parent=1120"}],"wp:term":[{"taxonomy":"category","embeddable":true,"href":"http:\/\/www.grieta.org.mx\/index.php\/wp-json\/wp\/v2\/categories?post=1120"},{"taxonomy":"post_tag","embeddable":true,"href":"http:\/\/www.grieta.org.mx\/index.php\/wp-json\/wp\/v2\/tags?post=1120"}],"curies":[{"name":"wp","href":"https:\/\/api.w.org\/{rel}","templated":true}]}}