{"id":1118,"date":"2016-01-13T14:52:19","date_gmt":"2016-01-13T14:52:19","guid":{"rendered":"http:\/\/50.22.11.12\/~grietaor\/?p=1118"},"modified":"2016-03-03T14:54:20","modified_gmt":"2016-03-03T14:54:20","slug":"eruviel-no-tiene-la-intencion-de-proteger-a-ciudadanos-mas-bien-los-expone-para-que-sean-asesinados-locutor-exiliado","status":"publish","type":"post","link":"http:\/\/www.grieta.org.mx\/index.php\/2016\/01\/13\/eruviel-no-tiene-la-intencion-de-proteger-a-ciudadanos-mas-bien-los-expone-para-que-sean-asesinados-locutor-exiliado\/","title":{"rendered":"\u201cEruviel no tiene la intenci\u00f3n de proteger a ciudadanos, m\u00e1s bien los expone para que sean asesinados\u201d: locutor exiliado"},"content":{"rendered":"<p>Cecilia Balderas<\/p>\n<p>Indalecio Ben\u00edtez, fundador de la radio comunitaria Calentana Mexiquense, desmantelada a mediados de octubre por funcionarios del Instituto Federal de Telecomunicaciones (IFT), en colaboraci\u00f3n con elementos de la Marina y de la Polic\u00eda Federal (PF) -en un operativo impresionante como los que arman para buscar a narcotraficantes de alto perfil- responsabiliz\u00f3 al gobierno del estado de M\u00e9xico de cualquier agresi\u00f3n de la que pudiera ser v\u00edctima \u00e9l o su familia, luego de que en un comunicado de prensa, la administraci\u00f3n de Eruviel \u00c1vila acusara a los locutores de incitar a la poblaci\u00f3n a apoyar a grupos criminales sin sustento alguno.<\/p>\n<p>En entrevista con Revoluci\u00f3n TRESPUNTOCERO, el oriundo de la comunidad de Luvianos \u2013de la que tuvo que salir luego de que un grupo armado balaceara la radio comunitaria y asesinara a su hijo Juan Diego, de escasos 12 a\u00f1os de edad- explic\u00f3 que d\u00edas despu\u00e9s de que los uniformados decomisaron el equipo de transmisiones de dos radios comunitarias de la zona y retiraron nueve antenas, el gobierno estatal difundi\u00f3 un comunicado con informaci\u00f3n falsa que, por las condiciones de inseguridad de la zona, pueden ponerlos en la mira de los delincuentes.<\/p>\n<p>\u201cEl gobierno del estado de M\u00e9xico, queri\u00e9ndose vanagloriar, emiti\u00f3 un comunicado en donde menciona que \u2018los locutores incitaban a la poblaci\u00f3n a apoyar a grupos criminales relacionados con la delincuencia organizada\u2019, lo que fue muy atrevido de su parte; nosotros tenemos copia de todo lo transmitido y los se\u00f1alamientos son falsos\u201d, explic\u00f3 Ben\u00edtez.<\/p>\n<p>Aunque tan solo unas horas despu\u00e9s la comunicaci\u00f3n fue retirada de la p\u00e1gina oficial de la administraci\u00f3n estatal, el da\u00f1o ya estaba hecho.<\/p>\n<p>\u201cIndirectamente, ponen en riesgo la vida de todos los locutores que laboraban ah\u00ed, porque sabemos que esa es una regi\u00f3n donde hay una disputa por el poder entre varios grupos criminales y aunque a nadie se le ha apoyado, todos podr\u00edan sentirse ofendidos con el simple hecho de pensar que se apoy\u00f3 a otros. El gobierno de Eruviel puso en riesgo la vida no de nueve locutores; sino de nueve familias por una negligencia que yo considero muy grave\u201d, agreg\u00f3 el comunicador.<\/p>\n<p>Exigencia sin atender\u2026<\/p>\n<p>Tras la difusi\u00f3n del comunicado, fundadores de varias radios comunitarias de la zona se unieron para presentar una queja ante la Comisi\u00f3n Nacional de los Derechos Humanos (CNDH), la Fiscal\u00eda Especial para la Atenci\u00f3n de Delitos cometidos contra de la Libertad de Expresi\u00f3n (FEADLE) de la Procuradur\u00eda General de la Rep\u00fablica (PGR) y el Mecanismo de Protecci\u00f3n para Personas Defensoras de Derechos Humanos y Periodistas, que depende de la Secretar\u00eda de Gobernaci\u00f3n (SEGOB), encabezada por Miguel \u00c1ngel Osorio Chong.<\/p>\n<p>Sin embargo, aunque estas instancias han exigido respuesta a la Secretar\u00eda General de Gobierno del Edomex, a la fecha, su titular Jos\u00e9 Sergio Manzur Quiroga, ha hecho caso omiso al llamado, lo que provoc\u00f3 que varios locutores optaran por dejar de transmitir.<\/p>\n<p>\u201cSe est\u00e1n haciendo burros. No quieren dar la cara. Le apuestan al olvido, como siempre, pero nosotros no estamos dispuestos a dejarlo pasar\u2026queremos una aclaraci\u00f3n inmediata y exigimos que, as\u00ed como tuvieron el valor de publicar ese comunicado, lo tengan tambi\u00e9n para ofrecer disculpas p\u00fablicas. No nos vamos a rendir y no vamos a descansar hasta que lo logremos, porque dejarlos difamar y que hagan lo que quieran cada vez que se les d\u00e9 la gana, es como aceptar la culpabilidad y permitir que a cualquier otro compa\u00f1ero se lo sigan haciendo\u201d, sostuvo Indalecio Ben\u00edtez.<\/p>\n<p>Funcionarios del Mecanismo de Protecci\u00f3n acordaron que si el funcionario del Edomex no responde la solicitud presentada, el siguiente requerimiento de informaci\u00f3n por la negligencia con que se difundi\u00f3 el comunicado ser\u00e1 dirigido a \u00c1vila Villegas.<\/p>\n<p>\u201cHacemos responsable al gobierno del estado de M\u00e9xico y directamente a Eruviel \u00c1vila Villegas y al secretario General de Gobierno de cualquier percance que le pudiera suceder a alguno de los locutores o sus familiares de Calentana Mexiquense; son responsables directos por su cobard\u00eda y negligencia al emitir comunicados sin pensar en resguardar la integridad f\u00edsica de la poblaci\u00f3n. Eso demuestra que el gobierno de Eruviel no tiene ni la m\u00e1s m\u00ednima intenci\u00f3n de proteger a los ciudadanos, m\u00e1s bien los expone para que sean asesinados\u201d, sentenci\u00f3 el locutor que lleva meses alejado de su comunidad a causa de la violencia en la zona.<\/p>\n<p>Una nueva espera\u2026<\/p>\n<p>Ben\u00edtez afirm\u00f3 que radio Calentana Mexiquense ha cumplido con todos los requerimientos especificados en el reglamento del IFT, incluidos los pagos correspondientes, para hacerse acreedora a una concesi\u00f3n de radiodifusi\u00f3n; adem\u00e1s de que los documentos que entreg\u00f3 han sido revisados en diversas ocasiones por funcionarios de esta dependencia sin que se les haya se\u00f1alado alguna irregularidad, por lo que ahora solo esperan que se cumplan los tiempos en que debe dictaminarse su solicitud.<\/p>\n<p>\u201cTienen un plazo de 60 d\u00edas h\u00e1biles para resolver. Ya se les est\u00e1 venciendo el tiempo porque nosotros entregamos documentaci\u00f3n el 28 de noviembre tal y como lo requer\u00edan. Es cuesti\u00f3n de esperar. Tenemos la confianza y la seguridad de que pronto va a quedar y estamos siendo muy respetuosos de los tiempos que marcan los lineamientos. Estamos casi seguros de que en cualquier momento, estaremos volviendo al aire\u201d, agreg\u00f3 el comunicador.<\/p>\n<p>Adem\u00e1s de la concesi\u00f3n, la primer radio pacifista de M\u00e9xico solicit\u00f3 formalmente al \u00c1rea de Verificaci\u00f3n les sea regresado el equipo de transmisiones que se llevaron, incluido el de la empresa de publicidad ambulante con la cual Ben\u00edtez sosten\u00eda econ\u00f3micamente a su familia.<\/p>\n<p>Como lo inform\u00f3 oportunamente Revoluci\u00f3n TRESPUNTOCERO, en octubre del a\u00f1o pasado, Ben\u00edtez mantuvo un plant\u00f3n a las puertas del IFT para exigir una explicaci\u00f3n sobre el desmantelamiento de su radio, toda vez que los tr\u00e1mites para regularizar su situaci\u00f3n llevaban avances significativos.<\/p>\n<p>En esta nueva entrevista, el comunicador declar\u00f3 que se retir\u00f3 del lugar \u201cpor seguridad, porque hab\u00eda un tipo del \u00c1rea de Vinculaci\u00f3n que estaba empecinado en hostigarnos y el permanecer ah\u00ed nos pon\u00eda vulnerables, nos perjudicaba y para poder obtener la concesi\u00f3n, permanecimos pacifistas, sin ser agresivos como ellos, pues pareciera que esa era la encomienda de ese tipo. Preferimos retirar el plant\u00f3n no por miedo, sino para no caer en provocaciones\u201d.<\/p>\n<p>En febrero pr\u00f3ximo, Ben\u00edtez sostendr\u00e1 una reuni\u00f3n con representantes la Comisi\u00f3n Interamericana de Derechos Humanos (CIDH) a la que tambi\u00e9n se le inform\u00f3 de la situaci\u00f3n que prevalece en la zona de Luvianos; la informaci\u00f3n se hizo extensiva a la Oficina del Relator del Alto Comisionado de la Organizaci\u00f3n de las Naciones Unidas (ONU).<\/p>\n<p><a href=\"http:\/\/revoluciontrespuntocero.com\/eruviel-no-tiene-la-intencion-de-proteger-a-ciudadanos-mas-bien-los-expone-para-que-sean-asesinados-locutor-exiliado\/\" target=\"_blank\">revoluciontrespuntocero.com\/eruviel-no-tiene-la-intencion-de-proteger-a-ciudadanos-mas-bien-los-expone-para-que-sean-asesinados-locutor-exiliado\/<\/a><\/p>\n","protected":false},"excerpt":{"rendered":"<p>Cecilia Balderas Indalecio Ben\u00edtez, fundador de la radio comunitaria Calentana Mexiquense, desmantelada a mediados de octubre por funcionarios del Instituto Federal de Telecomunicaciones (IFT), en colaboraci\u00f3n con elementos de la &hellip; <a href=\"http:\/\/www.grieta.org.mx\/index.php\/2016\/01\/13\/eruviel-no-tiene-la-intencion-de-proteger-a-ciudadanos-mas-bien-los-expone-para-que-sean-asesinados-locutor-exiliado\/\" class=\"more-link\">Leer m\u00e1s<\/a><\/p>\n","protected":false},"author":2,"featured_media":21928,"comment_status":"closed","ping_status":"open","sticky":false,"template":"","format":"standard","meta":{"ngg_post_thumbnail":0,"_jetpack_newsletter_access":"","_jetpack_dont_email_post_to_subs":false,"_jetpack_newsletter_tier_id":0,"_jetpack_memberships_contains_paywalled_content":false,"_jetpack_memberships_contains_paid_content":false,"footnotes":""},"categories":[80],"tags":[92,120],"class_list":["post-1118","post","type-post","status-publish","format-standard","has-post-thumbnail","hentry","category-cintillo","tag-estado-de-mexico","tag-violencia-contra-periodistas","entry"],"jetpack_featured_media_url":"http:\/\/www.grieta.org.mx\/wp-content\/uploads\/2018\/03\/14524434_1106112876131411_958039263622046936_o.jpg","jetpack_sharing_enabled":true,"jetpack_shortlink":"https:\/\/wp.me\/p7ZJR4-i2","jetpack_likes_enabled":false,"jetpack-related-posts":[{"id":3372,"url":"http:\/\/www.grieta.org.mx\/index.php\/2015\/12\/17\/preso-politico-de-eruviel-avila-acusa-a-la-cndh-y-a-la-codhem-de-omision\/","url_meta":{"origin":1118,"position":0},"title":"Preso pol\u00edtico de Eruviel \u00c1vila acusa a la CNDH y a la CODHEM de omisi\u00f3n","author":"grieta","date":"17 diciembre, 2015","format":false,"excerpt":"Veneranda Mendoza ECATEPEC, Edomex. (apro).- Desde su celda en el penal de Chiconautla, Jos\u00e9 Humbertus P\u00e9rez, presidente y representante legal del Frente Mexiquense en Defensa para una Vivienda Digna A.C., acus\u00f3 al gobernador Eruviel \u00c1vila de perseguirlo pol\u00edticamente y a las comisiones nacional y estatal de Derechos Humanos de negarse\u2026","rel":"","context":"En &quot;CINTILLO&quot;","block_context":{"text":"CINTILLO","link":"http:\/\/www.grieta.org.mx\/index.php\/category\/cintillo\/"},"img":{"alt_text":"","src":"https:\/\/i0.wp.com\/www.grieta.org.mx\/wp-content\/uploads\/2018\/03\/14524434_1106112876131411_958039263622046936_o.jpg?resize=350%2C200","width":350,"height":200,"srcset":"https:\/\/i0.wp.com\/www.grieta.org.mx\/wp-content\/uploads\/2018\/03\/14524434_1106112876131411_958039263622046936_o.jpg?resize=350%2C200 1x, https:\/\/i0.wp.com\/www.grieta.org.mx\/wp-content\/uploads\/2018\/03\/14524434_1106112876131411_958039263622046936_o.jpg?resize=525%2C300 1.5x, https:\/\/i0.wp.com\/www.grieta.org.mx\/wp-content\/uploads\/2018\/03\/14524434_1106112876131411_958039263622046936_o.jpg?resize=700%2C400 2x"},"classes":[]},{"id":5067,"url":"http:\/\/www.grieta.org.mx\/index.php\/2016\/05\/30\/organizaciones-se-pronuncian-contra-la-ley-atenco\/","url_meta":{"origin":1118,"position":1},"title":"Organizaciones se pronuncian contra la ley que regula el uso de la fuerza p\u00fablica en el Estado de M\u00e9xico","author":"grieta","date":"30 mayo, 2016","format":false,"excerpt":"30\/05\/16. VIDEO: Realizan en Toluca Primer Encuentro Popular Contra la \u2018Ley de la Fuerza P\u00fablica\u2019Diario Portal 29\/04\/16. Cinco pueblos originarios se unen contra la \u201cLey Eruviel\u201dSin Embargo 05\/04\/16. Movilizaciones en Toluca frente al Congreso por rechazo a la \u201cLey Atenco\u201dRed-Accion 04\/04\/16. \u201cLey Eruviel\u201d, represalia contra AtencoCIMAC Noticias 25\/03\/16. Alistan ONG\u2026","rel":"","context":"En &quot;Estado de M\u00e9xico&quot;","block_context":{"text":"Estado de M\u00e9xico","link":"http:\/\/www.grieta.org.mx\/index.php\/category\/noticias-nacionales\/estado-de-mexico\/"},"img":{"alt_text":"","src":"https:\/\/i0.wp.com\/www.grieta.org.mx\/wp-content\/uploads\/2018\/03\/14524434_1106112876131411_958039263622046936_o.jpg?resize=350%2C200","width":350,"height":200,"srcset":"https:\/\/i0.wp.com\/www.grieta.org.mx\/wp-content\/uploads\/2018\/03\/14524434_1106112876131411_958039263622046936_o.jpg?resize=350%2C200 1x, https:\/\/i0.wp.com\/www.grieta.org.mx\/wp-content\/uploads\/2018\/03\/14524434_1106112876131411_958039263622046936_o.jpg?resize=525%2C300 1.5x, https:\/\/i0.wp.com\/www.grieta.org.mx\/wp-content\/uploads\/2018\/03\/14524434_1106112876131411_958039263622046936_o.jpg?resize=700%2C400 2x"},"classes":[]},{"id":5058,"url":"http:\/\/www.grieta.org.mx\/index.php\/2016\/03\/23\/eruviel-y-su-ley-del-garrote\/","url_meta":{"origin":1118,"position":2},"title":"Eruviel y su ley del garrote","author":"grieta","date":"23 marzo, 2016","format":false,"excerpt":"Salvador Garc\u00eda Soto Bautizada por sus opositores como la \u201cLey Atenco\u201d, en alusi\u00f3n a los desalojos violentos en San Salvador Atenco en 2005 (cuando el presidente Enrique Pe\u00f1a Nieto era gobernador), el Congreso local del Estado de M\u00e9xico aprob\u00f3 la semana pasada una pol\u00e9mica ley, propuesta por el gobernador Eruviel\u2026","rel":"","context":"En &quot;CINTILLO&quot;","block_context":{"text":"CINTILLO","link":"http:\/\/www.grieta.org.mx\/index.php\/category\/cintillo\/"},"img":{"alt_text":"","src":"https:\/\/i0.wp.com\/www.grieta.org.mx\/wp-content\/uploads\/2018\/03\/14524434_1106112876131411_958039263622046936_o.jpg?resize=350%2C200","width":350,"height":200,"srcset":"https:\/\/i0.wp.com\/www.grieta.org.mx\/wp-content\/uploads\/2018\/03\/14524434_1106112876131411_958039263622046936_o.jpg?resize=350%2C200 1x, https:\/\/i0.wp.com\/www.grieta.org.mx\/wp-content\/uploads\/2018\/03\/14524434_1106112876131411_958039263622046936_o.jpg?resize=525%2C300 1.5x, https:\/\/i0.wp.com\/www.grieta.org.mx\/wp-content\/uploads\/2018\/03\/14524434_1106112876131411_958039263622046936_o.jpg?resize=700%2C400 2x"},"classes":[]},{"id":20436,"url":"http:\/\/www.grieta.org.mx\/index.php\/2016\/08\/25\/maestros-corren-a-aurelio-nuno-de-ecatepec-bastion-del-pri-al-grito-de-fuera-fuera-fuera\/","url_meta":{"origin":1118,"position":3},"title":"Maestros corren a Aurelio Nu\u00f1o de Ecatepec, basti\u00f3n del PRI, al grito de \u201c\u00a1Fuera, fuera, fuera!\u201d","author":"grieta","date":"25 agosto, 2016","format":false,"excerpt":"Ciudad de M\u00e9xico, 25 de agosto (SinEmbargo).\u2013 El Secretario de Educaci\u00f3n P\u00fablica, Aurelio Nu\u00f1o Mayer, fue abucheado este d\u00eda por miles de maestros durante una entrega de reconocimientos en Ecatepec, Estado de M\u00e9xico. Ecatepec es el municipio donde Eruviel \u00c1vila, Gobernador del Estado de M\u00e9xico, fue dos veces Alcalde. Se\u2026","rel":"","context":"En &quot;CINTILLO&quot;","block_context":{"text":"CINTILLO","link":"http:\/\/www.grieta.org.mx\/index.php\/category\/cintillo\/"},"img":{"alt_text":"","src":"https:\/\/i0.wp.com\/www.grieta.org.mx\/wp-content\/uploads\/2018\/03\/14524434_1106112876131411_958039263622046936_o.jpg?resize=350%2C200","width":350,"height":200,"srcset":"https:\/\/i0.wp.com\/www.grieta.org.mx\/wp-content\/uploads\/2018\/03\/14524434_1106112876131411_958039263622046936_o.jpg?resize=350%2C200 1x, https:\/\/i0.wp.com\/www.grieta.org.mx\/wp-content\/uploads\/2018\/03\/14524434_1106112876131411_958039263622046936_o.jpg?resize=525%2C300 1.5x, https:\/\/i0.wp.com\/www.grieta.org.mx\/wp-content\/uploads\/2018\/03\/14524434_1106112876131411_958039263622046936_o.jpg?resize=700%2C400 2x"},"classes":[]},{"id":3394,"url":"http:\/\/www.grieta.org.mx\/index.php\/2015\/02\/26\/habitantes-del-norte-del-estado-de-mexico-denuncian-estragos-causados-por-las-ciudades-del-bicentenario\/","url_meta":{"origin":1118,"position":4},"title":"Habitantes del norte del Estado de M\u00e9xico denuncian estragos causados por las \u201cCiudades del Bicentenario\u201d","author":"grieta","date":"26 febrero, 2015","format":false,"excerpt":"26\/02\/16. Pide renuncia de procurador del Edomex; lo aprehenden, acusado de roboSomos el Medio 08\/02\/16. Con huelga de hambre, reos de Chiconautla denuncian trato inhumanoProceso 06\/02\/16. Acusan a TSJEM de violar ley por consigna pol\u00edtica?Tres PM 14\/01\/16. Ordenan libertad de Jos\u00e9 Humbertus P\u00e9rez, activista mexiquense de Tec\u00e1macRed-Acci\u00f3n 07\/01\/16. Exigen liberaci\u00f3n\u2026","rel":"","context":"En &quot;Estado de M\u00e9xico&quot;","block_context":{"text":"Estado de M\u00e9xico","link":"http:\/\/www.grieta.org.mx\/index.php\/category\/noticias-nacionales\/estado-de-mexico\/"},"img":{"alt_text":"","src":"https:\/\/i0.wp.com\/www.grieta.org.mx\/wp-content\/uploads\/2018\/03\/14524434_1106112876131411_958039263622046936_o.jpg?resize=350%2C200","width":350,"height":200,"srcset":"https:\/\/i0.wp.com\/www.grieta.org.mx\/wp-content\/uploads\/2018\/03\/14524434_1106112876131411_958039263622046936_o.jpg?resize=350%2C200 1x, https:\/\/i0.wp.com\/www.grieta.org.mx\/wp-content\/uploads\/2018\/03\/14524434_1106112876131411_958039263622046936_o.jpg?resize=525%2C300 1.5x, https:\/\/i0.wp.com\/www.grieta.org.mx\/wp-content\/uploads\/2018\/03\/14524434_1106112876131411_958039263622046936_o.jpg?resize=700%2C400 2x"},"classes":[]},{"id":12251,"url":"http:\/\/www.grieta.org.mx\/index.php\/2016\/04\/29\/cinco-pueblos-originarios-se-unen-contra-la-ley-eruviel\/","url_meta":{"origin":1118,"position":5},"title":"Cinco pueblos originarios se unen contra la \u201cLey Eruviel\u201d","author":"grieta","date":"29 abril, 2016","format":false,"excerpt":"Dulce Olvera Ciudad de M\u00e9xico, 29 de abril (SinEmbargo).\u2013 Representantes de cinco pueblos ind\u00edgenas del Estado de M\u00e9xico alertaron que el Gobierno de Eruviel \u00c1vila Villegas ha lanzado una ofensiva en su contra para despojarlos de su territorio, agua y bosques para pasarlos a manos de empresas privadas que buscan\u2026","rel":"","context":"En &quot;CINTILLO&quot;","block_context":{"text":"CINTILLO","link":"http:\/\/www.grieta.org.mx\/index.php\/category\/cintillo\/"},"img":{"alt_text":"","src":"https:\/\/i0.wp.com\/www.grieta.org.mx\/wp-content\/uploads\/2018\/03\/14524434_1106112876131411_958039263622046936_o.jpg?resize=350%2C200","width":350,"height":200,"srcset":"https:\/\/i0.wp.com\/www.grieta.org.mx\/wp-content\/uploads\/2018\/03\/14524434_1106112876131411_958039263622046936_o.jpg?resize=350%2C200 1x, https:\/\/i0.wp.com\/www.grieta.org.mx\/wp-content\/uploads\/2018\/03\/14524434_1106112876131411_958039263622046936_o.jpg?resize=525%2C300 1.5x, https:\/\/i0.wp.com\/www.grieta.org.mx\/wp-content\/uploads\/2018\/03\/14524434_1106112876131411_958039263622046936_o.jpg?resize=700%2C400 2x"},"classes":[]}],"_links":{"self":[{"href":"http:\/\/www.grieta.org.mx\/index.php\/wp-json\/wp\/v2\/posts\/1118","targetHints":{"allow":["GET"]}}],"collection":[{"href":"http:\/\/www.grieta.org.mx\/index.php\/wp-json\/wp\/v2\/posts"}],"about":[{"href":"http:\/\/www.grieta.org.mx\/index.php\/wp-json\/wp\/v2\/types\/post"}],"author":[{"embeddable":true,"href":"http:\/\/www.grieta.org.mx\/index.php\/wp-json\/wp\/v2\/users\/2"}],"replies":[{"embeddable":true,"href":"http:\/\/www.grieta.org.mx\/index.php\/wp-json\/wp\/v2\/comments?post=1118"}],"version-history":[{"count":1,"href":"http:\/\/www.grieta.org.mx\/index.php\/wp-json\/wp\/v2\/posts\/1118\/revisions"}],"predecessor-version":[{"id":1123,"href":"http:\/\/www.grieta.org.mx\/index.php\/wp-json\/wp\/v2\/posts\/1118\/revisions\/1123"}],"wp:featuredmedia":[{"embeddable":true,"href":"http:\/\/www.grieta.org.mx\/index.php\/wp-json\/wp\/v2\/media\/21928"}],"wp:attachment":[{"href":"http:\/\/www.grieta.org.mx\/index.php\/wp-json\/wp\/v2\/media?parent=1118"}],"wp:term":[{"taxonomy":"category","embeddable":true,"href":"http:\/\/www.grieta.org.mx\/index.php\/wp-json\/wp\/v2\/categories?post=1118"},{"taxonomy":"post_tag","embeddable":true,"href":"http:\/\/www.grieta.org.mx\/index.php\/wp-json\/wp\/v2\/tags?post=1118"}],"curies":[{"name":"wp","href":"https:\/\/api.w.org\/{rel}","templated":true}]}}