{"id":1108,"date":"2015-10-20T14:43:29","date_gmt":"2015-10-20T14:43:29","guid":{"rendered":"http:\/\/50.22.11.12\/~grietaor\/?p=1108"},"modified":"2016-03-03T14:46:12","modified_gmt":"2016-03-03T14:46:12","slug":"la-proxima-semana-la-suprema-corte-definira-el-futuro-del-nevado-de-toluca","status":"publish","type":"post","link":"http:\/\/www.grieta.org.mx\/index.php\/2015\/10\/20\/la-proxima-semana-la-suprema-corte-definira-el-futuro-del-nevado-de-toluca\/","title":{"rendered":"La pr\u00f3xima semana, la Suprema Corte definir\u00e1 el futuro del Nevado de Toluca"},"content":{"rendered":"<p>La Suprema Corte de Justicia de la Naci\u00f3n anunci\u00f3 que el pr\u00f3ximo 28 de octubre iniciar\u00e1 el an\u00e1lisis del decreto presidencial mediante el cual, en 2013, se retir\u00f3 el estatus de Parque Nacional al Nevado de Toluca, legaliz\u00e1ndose as\u00ed la explotaci\u00f3n de los recursos naturales de esta reserva natural.<\/p>\n<p>La Segunda Sala de la SCJN analizar\u00e1 si esta medida \u2013decretada por el presidente Enrique Pe\u00f1a Nieto en octubre de 2013\u2013 restringe los derechos humanos y ambientales de la ciudadan\u00eda, adem\u00e1s de que discutir\u00e1 si el gobierno federal falt\u00f3 a su obligaci\u00f3n de \u201cgarantizar y proteger la vida de las personas\u201d al legalizar actividades productivas como la tala, la agricultura y la ganader\u00eda en esta reserva natural.<\/p>\n<p>Hace un a\u00f1o, en octubre de 2014, la Suprema Corte decidi\u00f3 ejercer su facultad de atracci\u00f3n sobre el juicio de amparo contra el decreto presidencial promovido por la ciudadana Luz Emilia Aguilar Zinser, quien se\u00f1al\u00f3 en entrevista sus argumentos.<\/p>\n<p>\u201cLa categorizaci\u00f3n del Nevado como Parque Nacional, en 1936 \u2013explic\u00f3\u2013 forma parte de un modelo cient\u00edfico de conservaci\u00f3n que privilegia las partes altas de las cuencas hidrogr\u00e1ficas, y ese paradigma cient\u00edfico no puede modificarse por decreto. El agua sigue siendo vital y la deforestaci\u00f3n sigue teniendo los mismos efectos negativos.\u201d<\/p>\n<p>Por ello, subray\u00f3, \u201cla legalizaci\u00f3n de las actividades que han destruido el Nevado de Toluca no hace m\u00e1s que acelerarlas, no las va a detener. Esto, m\u00e1s bien, es un est\u00edmulo para la deforestaci\u00f3n\u201d.<\/p>\n<p>El Nevado de Toluca (o Xinant\u00e9catl) fue declarado Parque Nacional en 1936 por el entonces presidente L\u00e1zaro C\u00e1rdenas del R\u00edo debido a su valor estrat\u00e9gico. Sus afluentes, generados por la absorci\u00f3n y escurrimientos, abastecen de agua a dos de las cuencas m\u00e1s importantes del pa\u00eds, las de los r\u00edos Lerma y Balsas, que surten de l\u00edquido a Toluca, su zona metropolitana, parte del valle de M\u00e9xico y el norte de Guerrero.<\/p>\n<p>Debido a la necesidad de preservar esta zona boscosa para la subsistencia de los asentamientos humanos de esta regi\u00f3n del pa\u00eds, el presidente L\u00e1zaro C\u00e1rdenas decidi\u00f3 otorgarle el m\u00e1ximo estatus de protecci\u00f3n al Nevado de Toluca, el de Parque Nacional, mediante el cual qued\u00f3 prohibida toda actividad productiva, extractiva o de explotaci\u00f3n de su vegetaci\u00f3n, suelos, aguas, fauna y dem\u00e1s recursos.<\/p>\n<p>Con el pasar de las d\u00e9cadas, sin embargo, los gobiernos del Estado de M\u00e9xico y federal omitieron garantizar esta protecci\u00f3n al Nevado de Toluca, por lo que este santuario natural se vio invadido por agricultores, talamontes, ganaderos, cazadores, mineros, as\u00ed como por asentamientos irregulares que permanecieron en condici\u00f3n de ilegalidad hasta el pasado 1 de octubre de 2013, cuando el presidente Pe\u00f1a Nieto determin\u00f3 que, m\u00e1s que perseguir estas conductas, lo que se debe hacer es \u201cordenar apropiadamente las actividades productivas y extractivas\u201d, de tal forma que se \u201cpreserve nuestro patrimonio natural, al mismo tiempo que se genere \u201criqueza\u201d, tal como se\u00f1ala su decreto.<\/p>\n<p><a href=\"http:\/\/www.animalpolitico.com\/2015\/10\/la-proxima-semana-la-corte-definira-el-futuro-del-nevado-de-toluca\/\" target=\"_blank\">www.animalpolitico.com\/2015\/10\/la-proxima-semana-la-corte-definira-el-futuro-del-nevado-de-toluca\/<\/a><\/p>\n","protected":false},"excerpt":{"rendered":"<p>La Suprema Corte de Justicia de la Naci\u00f3n anunci\u00f3 que el pr\u00f3ximo 28 de octubre iniciar\u00e1 el an\u00e1lisis del decreto presidencial mediante el cual, en 2013, se retir\u00f3 el estatus &hellip; <a href=\"http:\/\/www.grieta.org.mx\/index.php\/2015\/10\/20\/la-proxima-semana-la-suprema-corte-definira-el-futuro-del-nevado-de-toluca\/\" class=\"more-link\">Leer m\u00e1s<\/a><\/p>\n","protected":false},"author":2,"featured_media":21928,"comment_status":"closed","ping_status":"open","sticky":false,"template":"","format":"standard","meta":{"ngg_post_thumbnail":0,"_jetpack_newsletter_access":"","_jetpack_dont_email_post_to_subs":false,"_jetpack_newsletter_tier_id":0,"_jetpack_memberships_contains_paywalled_content":false,"_jetpack_memberships_contains_paid_content":false,"footnotes":""},"categories":[80],"tags":[154,92],"class_list":["post-1108","post","type-post","status-publish","format-standard","has-post-thumbnail","hentry","category-cintillo","tag-areas-naturales-protegidas","tag-estado-de-mexico","entry"],"jetpack_featured_media_url":"http:\/\/www.grieta.org.mx\/wp-content\/uploads\/2018\/03\/14524434_1106112876131411_958039263622046936_o.jpg","jetpack_sharing_enabled":true,"jetpack_shortlink":"https:\/\/wp.me\/p7ZJR4-hS","jetpack_likes_enabled":false,"jetpack-related-posts":[{"id":1115,"url":"http:\/\/www.grieta.org.mx\/index.php\/2016\/01\/12\/peligran-los-recursos-naturales-del-nevado-de-toluca\/","url_meta":{"origin":1108,"position":0},"title":"Peligran los recursos naturales del Nevado de Toluca","author":"grieta","date":"12 enero, 2016","format":false,"excerpt":"12\/01\/16. Tlacotepec, a la defensa del agua y de los bosques del Nevado de TolucaAnimal Pol\u00edtico 25\/11\/15. Desecha Corte dictamen contra decreto presidencial en Nevado de TolucaLa Jornada 16\/11\/15. Alertan privatizaci\u00f3n inminente de \"El Nevado\"Alfa Diario 26\/10\/15. \u00bfPor qu\u00e9 el Nevado de Toluca?Noticias del Centro 20\/10\/15. La pr\u00f3xima semana, la\u2026","rel":"","context":"En &quot;\u00c1reas naturales protegidas&quot;","block_context":{"text":"\u00c1reas naturales protegidas","link":"http:\/\/www.grieta.org.mx\/index.php\/category\/megaproyectos\/areas-naturales-protegidas\/"},"img":{"alt_text":"","src":"https:\/\/i0.wp.com\/www.grieta.org.mx\/wp-content\/uploads\/2018\/03\/14524434_1106112876131411_958039263622046936_o.jpg?resize=350%2C200","width":350,"height":200,"srcset":"https:\/\/i0.wp.com\/www.grieta.org.mx\/wp-content\/uploads\/2018\/03\/14524434_1106112876131411_958039263622046936_o.jpg?resize=350%2C200 1x, https:\/\/i0.wp.com\/www.grieta.org.mx\/wp-content\/uploads\/2018\/03\/14524434_1106112876131411_958039263622046936_o.jpg?resize=525%2C300 1.5x, https:\/\/i0.wp.com\/www.grieta.org.mx\/wp-content\/uploads\/2018\/03\/14524434_1106112876131411_958039263622046936_o.jpg?resize=700%2C400 2x"},"classes":[]},{"id":1101,"url":"http:\/\/www.grieta.org.mx\/index.php\/2015\/11\/25\/desecha-corte-dictamen-contra-decreto-presidencial-en-nevado-de-toluca\/","url_meta":{"origin":1108,"position":1},"title":"Desecha Corte dictamen contra decreto presidencial en Nevado de Toluca","author":"grieta","date":"25 noviembre, 2015","format":false,"excerpt":"Jes\u00fas Aranda M\u00e9xico, DF. La segunda sala de la Suprema Corte de Justicia de la Naci\u00f3n (SCJN) desech\u00f3 el dictamen que amparaba a una quejosa en contra del decreto presidencial que modific\u00f3 el estatus del Parque Nacional \u201cNevado de Toluca\u201d y lo convirti\u00f3 en \u00c1rea de Protecci\u00f3n de Flora y\u2026","rel":"","context":"En &quot;CINTILLO&quot;","block_context":{"text":"CINTILLO","link":"http:\/\/www.grieta.org.mx\/index.php\/category\/cintillo\/"},"img":{"alt_text":"","src":"https:\/\/i0.wp.com\/www.grieta.org.mx\/wp-content\/uploads\/2018\/03\/14524434_1106112876131411_958039263622046936_o.jpg?resize=350%2C200","width":350,"height":200,"srcset":"https:\/\/i0.wp.com\/www.grieta.org.mx\/wp-content\/uploads\/2018\/03\/14524434_1106112876131411_958039263622046936_o.jpg?resize=350%2C200 1x, https:\/\/i0.wp.com\/www.grieta.org.mx\/wp-content\/uploads\/2018\/03\/14524434_1106112876131411_958039263622046936_o.jpg?resize=525%2C300 1.5x, https:\/\/i0.wp.com\/www.grieta.org.mx\/wp-content\/uploads\/2018\/03\/14524434_1106112876131411_958039263622046936_o.jpg?resize=700%2C400 2x"},"classes":[]},{"id":31392,"url":"http:\/\/www.grieta.org.mx\/index.php\/2019\/03\/25\/legalizacion-de-la-tala-en-el-nevado-de-toluca-coincide-con-la-reduccion-de-la-mariposa-monarca\/","url_meta":{"origin":1108,"position":2},"title":"Legalizaci\u00f3n de la tala en el Nevado de Toluca coincide con la reducci\u00f3n de la mariposa monarca","author":"grieta","date":"25 marzo, 2019","format":false,"excerpt":"Paris Mart\u00ednez\/Animal Pol\u00edtico Luego de que entre 2013 y 2014 se autorizara la tala comercial en una zona del Nevado de Toluca, se registr\u00f3 el nivel m\u00e1s bajo de mariposas monarca que llegaron a hibernar al lugar. El pasado 31 de enero de 2019, el gobierno federal encabezado por el\u2026","rel":"","context":"En &quot;CINTILLO&quot;","block_context":{"text":"CINTILLO","link":"http:\/\/www.grieta.org.mx\/index.php\/category\/cintillo\/"},"img":{"alt_text":"","src":"https:\/\/i0.wp.com\/www.grieta.org.mx\/wp-content\/uploads\/2018\/03\/14524434_1106112876131411_958039263622046936_o.jpg?resize=350%2C200","width":350,"height":200,"srcset":"https:\/\/i0.wp.com\/www.grieta.org.mx\/wp-content\/uploads\/2018\/03\/14524434_1106112876131411_958039263622046936_o.jpg?resize=350%2C200 1x, https:\/\/i0.wp.com\/www.grieta.org.mx\/wp-content\/uploads\/2018\/03\/14524434_1106112876131411_958039263622046936_o.jpg?resize=525%2C300 1.5x, https:\/\/i0.wp.com\/www.grieta.org.mx\/wp-content\/uploads\/2018\/03\/14524434_1106112876131411_958039263622046936_o.jpg?resize=700%2C400 2x"},"classes":[]},{"id":1103,"url":"http:\/\/www.grieta.org.mx\/index.php\/2015\/10\/26\/por-que-el-nevado-de-toluca\/","url_meta":{"origin":1108,"position":3},"title":"\u00bfPor qu\u00e9 el Nevado de Toluca?","author":"grieta","date":"26 octubre, 2015","format":false,"excerpt":"Daniela Bautista Montes de Oca El ex gobernador del Estado de M\u00e9xico y actual Presidente de la Republica Enrique Pe\u00f1a Nieto, en 2013 le cambio al Nevado de Toluca el estatus de parque nacional a zona de protecci\u00f3n de flora y fauna es decir, la protecci\u00f3n oficial decretada por L\u00e1zaro\u2026","rel":"","context":"En &quot;CINTILLO&quot;","block_context":{"text":"CINTILLO","link":"http:\/\/www.grieta.org.mx\/index.php\/category\/cintillo\/"},"img":{"alt_text":"","src":"https:\/\/i0.wp.com\/www.grieta.org.mx\/wp-content\/uploads\/2018\/03\/14524434_1106112876131411_958039263622046936_o.jpg?resize=350%2C200","width":350,"height":200,"srcset":"https:\/\/i0.wp.com\/www.grieta.org.mx\/wp-content\/uploads\/2018\/03\/14524434_1106112876131411_958039263622046936_o.jpg?resize=350%2C200 1x, https:\/\/i0.wp.com\/www.grieta.org.mx\/wp-content\/uploads\/2018\/03\/14524434_1106112876131411_958039263622046936_o.jpg?resize=525%2C300 1.5x, https:\/\/i0.wp.com\/www.grieta.org.mx\/wp-content\/uploads\/2018\/03\/14524434_1106112876131411_958039263622046936_o.jpg?resize=700%2C400 2x"},"classes":[]},{"id":1110,"url":"http:\/\/www.grieta.org.mx\/index.php\/2013\/10\/02\/epn-cancela-proteccion-al-nevado-de-toluca-otorgada-por-lazaro-cardenas\/","url_meta":{"origin":1108,"position":4},"title":"EPN cancela protecci\u00f3n al Nevado de Toluca otorgada por L\u00e1zaro C\u00e1rdenas","author":"grieta","date":"2 octubre, 2013","format":false,"excerpt":"Paris Mart\u00ednez A trav\u00e9s de un decreto publicado ayer, 1 de octubre, en el Diario Oficial de la Federaci\u00f3n, el presidente Enrique Pe\u00f1a Nieto cancel\u00f3 el estatus de Parque Nacional otorgado por L\u00e1zaro C\u00e1rdenas al Nevado de Toluca, que desde 1936 prohib\u00eda cualquier tipo de explotaci\u00f3n de los recursos de\u2026","rel":"","context":"En &quot;CINTILLO&quot;","block_context":{"text":"CINTILLO","link":"http:\/\/www.grieta.org.mx\/index.php\/category\/cintillo\/"},"img":{"alt_text":"","src":"https:\/\/i0.wp.com\/www.grieta.org.mx\/wp-content\/uploads\/2018\/03\/14524434_1106112876131411_958039263622046936_o.jpg?resize=350%2C200","width":350,"height":200,"srcset":"https:\/\/i0.wp.com\/www.grieta.org.mx\/wp-content\/uploads\/2018\/03\/14524434_1106112876131411_958039263622046936_o.jpg?resize=350%2C200 1x, https:\/\/i0.wp.com\/www.grieta.org.mx\/wp-content\/uploads\/2018\/03\/14524434_1106112876131411_958039263622046936_o.jpg?resize=525%2C300 1.5x, https:\/\/i0.wp.com\/www.grieta.org.mx\/wp-content\/uploads\/2018\/03\/14524434_1106112876131411_958039263622046936_o.jpg?resize=700%2C400 2x"},"classes":[]},{"id":1104,"url":"http:\/\/www.grieta.org.mx\/index.php\/2016\/01\/12\/tlacotepec-a-la-defensa-del-agua-y-de-los-bosques-del-nevado-de-toluca\/","url_meta":{"origin":1108,"position":5},"title":"Tlacotepec, a la defensa del agua y de los bosques del Nevado de Toluca","author":"grieta","date":"12 enero, 2016","format":false,"excerpt":"Par\u00eds Mart\u00ednez Tlacotepec es un pueblo enclavado en las faldas del Nevado de Toluca, junto al cerro de Tepeyolulco, con una larga historia de rebeld\u00eda: entre 1475 y 1480, sus primeros habitantes, matlazincas, lucharon contra los aztecas, cuando \u00e9stos comenzaron la expansi\u00f3n de su imperio hacia el valle en donde\u2026","rel":"","context":"En &quot;CINTILLO&quot;","block_context":{"text":"CINTILLO","link":"http:\/\/www.grieta.org.mx\/index.php\/category\/cintillo\/"},"img":{"alt_text":"","src":"https:\/\/i0.wp.com\/www.grieta.org.mx\/wp-content\/uploads\/2018\/03\/14524434_1106112876131411_958039263622046936_o.jpg?resize=350%2C200","width":350,"height":200,"srcset":"https:\/\/i0.wp.com\/www.grieta.org.mx\/wp-content\/uploads\/2018\/03\/14524434_1106112876131411_958039263622046936_o.jpg?resize=350%2C200 1x, https:\/\/i0.wp.com\/www.grieta.org.mx\/wp-content\/uploads\/2018\/03\/14524434_1106112876131411_958039263622046936_o.jpg?resize=525%2C300 1.5x, https:\/\/i0.wp.com\/www.grieta.org.mx\/wp-content\/uploads\/2018\/03\/14524434_1106112876131411_958039263622046936_o.jpg?resize=700%2C400 2x"},"classes":[]}],"_links":{"self":[{"href":"http:\/\/www.grieta.org.mx\/index.php\/wp-json\/wp\/v2\/posts\/1108","targetHints":{"allow":["GET"]}}],"collection":[{"href":"http:\/\/www.grieta.org.mx\/index.php\/wp-json\/wp\/v2\/posts"}],"about":[{"href":"http:\/\/www.grieta.org.mx\/index.php\/wp-json\/wp\/v2\/types\/post"}],"author":[{"embeddable":true,"href":"http:\/\/www.grieta.org.mx\/index.php\/wp-json\/wp\/v2\/users\/2"}],"replies":[{"embeddable":true,"href":"http:\/\/www.grieta.org.mx\/index.php\/wp-json\/wp\/v2\/comments?post=1108"}],"version-history":[{"count":1,"href":"http:\/\/www.grieta.org.mx\/index.php\/wp-json\/wp\/v2\/posts\/1108\/revisions"}],"predecessor-version":[{"id":1112,"href":"http:\/\/www.grieta.org.mx\/index.php\/wp-json\/wp\/v2\/posts\/1108\/revisions\/1112"}],"wp:featuredmedia":[{"embeddable":true,"href":"http:\/\/www.grieta.org.mx\/index.php\/wp-json\/wp\/v2\/media\/21928"}],"wp:attachment":[{"href":"http:\/\/www.grieta.org.mx\/index.php\/wp-json\/wp\/v2\/media?parent=1108"}],"wp:term":[{"taxonomy":"category","embeddable":true,"href":"http:\/\/www.grieta.org.mx\/index.php\/wp-json\/wp\/v2\/categories?post=1108"},{"taxonomy":"post_tag","embeddable":true,"href":"http:\/\/www.grieta.org.mx\/index.php\/wp-json\/wp\/v2\/tags?post=1108"}],"curies":[{"name":"wp","href":"https:\/\/api.w.org\/{rel}","templated":true}]}}