{"id":11033,"date":"2016-03-30T02:14:30","date_gmt":"2016-03-30T02:14:30","guid":{"rendered":"http:\/\/www.grieta.org.mx\/?p=11033"},"modified":"2016-06-12T10:07:25","modified_gmt":"2016-06-12T10:07:25","slug":"comunicado-sobre-actividades-del-cipog-ez-y-campana-en-solidaridad-con-radio-zapata","status":"publish","type":"post","link":"http:\/\/www.grieta.org.mx\/index.php\/2016\/03\/30\/comunicado-sobre-actividades-del-cipog-ez-y-campana-en-solidaridad-con-radio-zapata\/","title":{"rendered":"Comunicado sobre actividades del CIPOG-EZ y campa\u00f1a en solidaridad con Radio Zapata"},"content":{"rendered":"<p>Comisi\u00f3n Radio Zapata<\/p>\n<p>Al EZLN,<br \/>\nAl Congreso Nacional Ind\u00edgena,<br \/>\nA la sexta nacional e internacional,<br \/>\nA las mujeres y hombres, rebeldes y dignos de M\u00e9xico y el mundo,<\/p>\n<p>Nosotros, nosotras, hombres, mujeres, ni\u00f1os y ancianos del <strong>Consejo Ind\u00edgena y Popular de Guerrero &#8211; Emiliano Zapata (CIPOG-EZ)<\/strong>. Queremos informarles algunos pasos que vamos dando en este caminar como pueblos organizados na\u00b4savi, me\u00b4phaa, nahua y \u00f1amncuee de Guerrero hacia la autonom\u00eda.<\/p>\n<p><strong>En nuestra memoria tenemos bien presente:<\/strong><\/p>\n<p>Que en estas monta\u00f1as, entre la miseria y la represi\u00f3n en la que nos han tenido sumidos, los pueblos hemos logrado construir la Coordinara Regional de Autoridades Comunitarias-Polic\u00eda Comunitaria, mandatada por las Asambleas Comunitarias, la Asamblea Regional y los Consejeros. Este fue un primer en la construcci\u00f3n del Sistema Comunitario y del Territorio Comunitario.<\/p>\n<p>Que hace ya m\u00e1s de doce a\u00f1os, todos los partidos pol\u00edticos se pusieron de acuerdo para traicionar el reconocimiento constitucional de los derechos y culturas ind\u00edgenas. Por m\u00e1s de cinco a\u00f1os luchamos de la mano con pueblos originarios de todo el pa\u00eds para que se reconocieran los Acuerdos de San Andr\u00e9s pero el Estado mexicano se neg\u00f3.<\/p>\n<p>Que nuestro territorio est\u00e1 amenazado con proyectos extractivos y de conservaci\u00f3n, los ricos pretenden, como hace 526 a\u00f1os, como hace 200 a\u00f1os, como hace 100 a\u00f1os, robarse todas las riquezas de nuestras monta\u00f1as sagradas, controlar nuestros bosques, volver mercanc\u00eda a la tierra y al territorio, militarizar nuestras regiones, envenenarnos con alimentos industriales, contaminar nuestras semillas y hacer que dejemos de sembrar nuestros ma\u00edces criollos para volvernos cada vez m\u00e1s dependientes.<\/p>\n<p><strong>Por eso decidimos:<\/strong><\/p>\n<p>Trabajar con la gente sencilla y humilde pero honesta y digna. Tomando en cuenta su palabra y pensar para seguir caminando como pueblos. Fortaleciendo nuestras formas de vida comunitaria, las relaciones de respeto y apoyo mutuo. No para gestionar proyectos de gobierno, para eso ya hay muchos. S\u00ed para volvernos todos guardianes de la tierra y el territorio y seguir caminando como pueblos que somos.<\/p>\n<p><strong>Y les compartimos:<\/strong><\/p>\n<p><strong>Que nuestra Radio Zapata 94.1, reanuda transmisiones<\/strong> gracias al apoyo solidario de compa\u00f1eras y compa\u00f1eros de buen coraz\u00f3n, que nos han prestado temporalmente el equipo necesario para mantenernos al aire.<\/p>\n<p><strong>Que el pr\u00f3ximo 10 de abril del 2016 se cumplen 8 a\u00f1os del CIPOG-EZ y 1 a\u00f1o de Radio Zapata<\/strong>, espacio de reflexi\u00f3n y valoraci\u00f3n de nuestras formas de vida para la construcci\u00f3n de propuestas para seguir resistiendo en esta larga guerra de conquista.<\/p>\n<p><strong>Que decidimos realizar una campa\u00f1a de solidaridad con Radio Zapata<\/strong> para contar con el equipo de transmisi\u00f3n, da\u00f1ado en junio pasado por el hurac\u00e1n Carlos. Nuestras asambleas han determinado reinstalar la cabina en un lugar que permita mayor participaci\u00f3n de las comunidades en la radio y ese espacio se est\u00e1 habilitando.<\/p>\n<p><strong>Que pueden conocer nuestro pensamiento y camino<\/strong> en esta larga lucha por llevar a la pr\u00e1ctica nuestros derechos colectivos, por construir un proyecto de vida en medio de la muerte, a trav\u00e9s de nuestra p\u00e1gina: <a href=\"http:\/\/www.cipogez.wordpress.com\">http:\/\/www.cipogez.wordpress.com<\/a><\/p>\n<p><strong>Que seguimos decididos a construir autonom\u00eda<\/strong> con nuestras propias fuerzas, con la fuerza organizativa que levantan los pueblos cuando desde la palabra nace el acuerdo y crecen las propuestas y la organizaci\u00f3n.<\/p>\n<p>Territorio Comunitario, 30 de marzo de 2016<\/p>\n<p>ATENTAMENTE<\/p>\n<p>Consejo Ind\u00edgena y Popular de Guerrero Emiliano Zapata.<\/p>\n<div class=\"jetpack-video-wrapper\"><iframe loading=\"lazy\" title=\"Radio Zapata tejiendo comunidad desde el coraz\u00f3n de la monta\u00f1a\" width=\"1170\" height=\"658\" src=\"https:\/\/www.youtube.com\/embed\/cpDSfJyB8wg?feature=oembed\" frameborder=\"0\" allow=\"accelerometer; autoplay; clipboard-write; encrypted-media; gyroscope; picture-in-picture\" allowfullscreen><\/iframe><\/div>\n<p><a href=\"https:\/\/cipogez.wordpress.com\/2016\/03\/30\/comunicado-sobre-actividades-del-cipog-ez-y-campana-en-solidaridad-con-radio-zapata\/\">https:\/\/cipogez.wordpress.com\/2016\/03\/30\/comunicado-sobre-actividades-del-cipog-ez-y-campana-en-solidaridad-con-radio-zapata\/<\/a><\/p>\n","protected":false},"excerpt":{"rendered":"<p>Comisi\u00f3n Radio Zapata Al EZLN, Al Congreso Nacional Ind\u00edgena, A la sexta nacional e internacional, A las mujeres y hombres, rebeldes y dignos de M\u00e9xico y el mundo, Nosotros, nosotras, &hellip; <a href=\"http:\/\/www.grieta.org.mx\/index.php\/2016\/03\/30\/comunicado-sobre-actividades-del-cipog-ez-y-campana-en-solidaridad-con-radio-zapata\/\" class=\"more-link\">Leer m\u00e1s<\/a><\/p>\n","protected":false},"author":2,"featured_media":21928,"comment_status":"closed","ping_status":"closed","sticky":false,"template":"","format":"standard","meta":{"ngg_post_thumbnail":0,"_jetpack_newsletter_access":"","_jetpack_dont_email_post_to_subs":false,"_jetpack_newsletter_tier_id":0,"_jetpack_memberships_contains_paywalled_content":false,"_jetpack_memberships_contains_paid_content":false,"footnotes":""},"categories":[80],"tags":[564,624,563],"class_list":["post-11033","post","type-post","status-publish","format-standard","has-post-thumbnail","hentry","category-cintillo","tag-cipog-ez","tag-radio-zapata","tag-radios-comunitarias","entry"],"jetpack_featured_media_url":"http:\/\/www.grieta.org.mx\/wp-content\/uploads\/2018\/03\/14524434_1106112876131411_958039263622046936_o.jpg","jetpack_sharing_enabled":true,"jetpack_shortlink":"https:\/\/wp.me\/p7ZJR4-2RX","jetpack_likes_enabled":false,"jetpack-related-posts":[{"id":14128,"url":"http:\/\/www.grieta.org.mx\/index.php\/2014\/04\/10\/inauguracion-radio-zapata\/","url_meta":{"origin":11033,"position":0},"title":"Inauguraci\u00f3n Radio Zapata","author":"grieta","date":"10 abril, 2014","format":false,"excerpt":"CIPOG-EZ \/ Radio Zapata Hoy nosotros, ni\u00f1os, ni\u00f1as, abuelos y abuelas, hombres y mujeres, integrantes del CIPOG-EZ mantenemos en alto los principios y la dignidad de los que pelearon por las tierras de los pueblos originarios. Despu\u00e9s de la traici\u00f3n de Chinameca y del \u201creparto agrario\u201d, nuevamente llegan todas las\u2026","rel":"","context":"En &quot;CINTILLO&quot;","block_context":{"text":"CINTILLO","link":"http:\/\/www.grieta.org.mx\/index.php\/category\/cintillo\/"},"img":{"alt_text":"","src":"https:\/\/i0.wp.com\/www.grieta.org.mx\/wp-content\/uploads\/2018\/03\/14524434_1106112876131411_958039263622046936_o.jpg?resize=350%2C200","width":350,"height":200,"srcset":"https:\/\/i0.wp.com\/www.grieta.org.mx\/wp-content\/uploads\/2018\/03\/14524434_1106112876131411_958039263622046936_o.jpg?resize=350%2C200 1x, https:\/\/i0.wp.com\/www.grieta.org.mx\/wp-content\/uploads\/2018\/03\/14524434_1106112876131411_958039263622046936_o.jpg?resize=525%2C300 1.5x, https:\/\/i0.wp.com\/www.grieta.org.mx\/wp-content\/uploads\/2018\/03\/14524434_1106112876131411_958039263622046936_o.jpg?resize=700%2C400 2x"},"classes":[]},{"id":13584,"url":"http:\/\/www.grieta.org.mx\/index.php\/2016\/05\/31\/radio-zapata-abriendo-monte\/","url_meta":{"origin":11033,"position":1},"title":"Noticias sobre radios comunitarias en Guerrero","author":"grieta","date":"31 mayo, 2016","format":false,"excerpt":"Noticias sobre Radio Zapata 31\/05\/16. Compartici\u00f3n Radio Zapata y Radio Tlanixco, en el marco de la Red Contra la Repres\u00edon Subversiones 30\/04\/16 Radio Zapata, desde el coraz\u00f3n del Territorio Comunitario Comune info 16\/04\/15 Reabrir el monte con la palabra: Radio Zapata Subversiones 16\/04\/15 \u00a1La lucha sigue, Radio Zapata 94.1 VIVE!\u2026","rel":"","context":"En &quot;Guerrero&quot;","block_context":{"text":"Guerrero","link":"http:\/\/www.grieta.org.mx\/index.php\/category\/noticias-nacionales\/guerrero\/"},"img":{"alt_text":"","src":"https:\/\/i0.wp.com\/www.grieta.org.mx\/wp-content\/uploads\/2018\/03\/14524434_1106112876131411_958039263622046936_o.jpg?resize=350%2C200","width":350,"height":200,"srcset":"https:\/\/i0.wp.com\/www.grieta.org.mx\/wp-content\/uploads\/2018\/03\/14524434_1106112876131411_958039263622046936_o.jpg?resize=350%2C200 1x, https:\/\/i0.wp.com\/www.grieta.org.mx\/wp-content\/uploads\/2018\/03\/14524434_1106112876131411_958039263622046936_o.jpg?resize=525%2C300 1.5x, https:\/\/i0.wp.com\/www.grieta.org.mx\/wp-content\/uploads\/2018\/03\/14524434_1106112876131411_958039263622046936_o.jpg?resize=700%2C400 2x"},"classes":[]},{"id":72430,"url":"http:\/\/www.grieta.org.mx\/index.php\/2025\/11\/15\/comunicado-conjunto-del-congreso-nacional-indigena-y-el-ejercito-zapatista-de-liberacion-nacional-con-relacion-al-violento-ataque-en-contra-de-los-companeros-del-consejo-indigena-y-popular-de-guerrero\/","url_meta":{"origin":11033,"position":2},"title":"Comunicado conjunto del Congreso Nacional Ind\u00edgena y el Ej\u00e9rcito Zapatista de Liberaci\u00f3n Nacional con relaci\u00f3n al violento ataque en contra de los compa\u00f1eros del Consejo Ind\u00edgena y Popular de Guerrero-Emiliano Zapata y de la Coordinadora Regional de Autoridades Comunitarias-Polic\u00eda Comunitaria-Pueblos Fundadores","author":"grieta","date":"15 noviembre, 2025","format":false,"excerpt":"Comunicado conjunto del Congreso Nacional Ind\u00edgena y el Ej\u00e9rcito Zapatista de Liberaci\u00f3n Nacional con relaci\u00f3n al violento ataque en contra de los compa\u00f1eros del Consejo Ind\u00edgena y Popular de Guerrero-Emiliano Zapata y de la Coordinadora Regional de Autoridades Comunitarias-Polic\u00eda Comunitaria-Pueblos Fundadores\u00a0 \u00a0 A los pueblos de M\u00e9xico y del mundo,\u2026","rel":"","context":"En &quot;CINTILLO&quot;","block_context":{"text":"CINTILLO","link":"http:\/\/www.grieta.org.mx\/index.php\/category\/cintillo\/"},"img":{"alt_text":"","src":"https:\/\/i0.wp.com\/www.grieta.org.mx\/wp-content\/uploads\/2025\/11\/Captura-de-pantalla-2025-11-15-174312.png?resize=350%2C200","width":350,"height":200,"srcset":"https:\/\/i0.wp.com\/www.grieta.org.mx\/wp-content\/uploads\/2025\/11\/Captura-de-pantalla-2025-11-15-174312.png?resize=350%2C200 1x, https:\/\/i0.wp.com\/www.grieta.org.mx\/wp-content\/uploads\/2025\/11\/Captura-de-pantalla-2025-11-15-174312.png?resize=525%2C300 1.5x, https:\/\/i0.wp.com\/www.grieta.org.mx\/wp-content\/uploads\/2025\/11\/Captura-de-pantalla-2025-11-15-174312.png?resize=700%2C400 2x"},"classes":[]},{"id":36763,"url":"http:\/\/www.grieta.org.mx\/index.php\/2019\/07\/21\/sitiaron-y-atacaron-a-balazos-a-comunidad-indigena-de-chilapa-denuncian-guerrero\/","url_meta":{"origin":11033,"position":3},"title":"Sitiaron y atacaron a balazos a comunidad ind\u00edgena de Chilapa, denuncian (Guerrero)","author":"Admin","date":"21 julio, 2019","format":false,"excerpt":"Francisca Meza Carranza \/ Quadrat\u00edn CHILPANCINGO, Gro., 21 de julio de 2019.-Integrantes del Concejo Ind\u00edgena y Popular de Guerrero-Emiliano Zapata (Cipog-EZ) denunciaron un ataque armado contra la comunidad nahua de Tula, municipio de Chilapa, durante la tarde-noche del s\u00e1bado, con saldo de al menos un herido, y solicitaron la intervenci\u00f3n\u2026","rel":"","context":"En &quot;CINTILLO&quot;","block_context":{"text":"CINTILLO","link":"http:\/\/www.grieta.org.mx\/index.php\/category\/cintillo\/"},"img":{"alt_text":"","src":"https:\/\/i0.wp.com\/www.grieta.org.mx\/wp-content\/uploads\/2019\/07\/Crimen-Violencia-M%C3%A9xico03-1160x700.png?resize=350%2C200","width":350,"height":200,"srcset":"https:\/\/i0.wp.com\/www.grieta.org.mx\/wp-content\/uploads\/2019\/07\/Crimen-Violencia-M%C3%A9xico03-1160x700.png?resize=350%2C200 1x, https:\/\/i0.wp.com\/www.grieta.org.mx\/wp-content\/uploads\/2019\/07\/Crimen-Violencia-M%C3%A9xico03-1160x700.png?resize=525%2C300 1.5x, https:\/\/i0.wp.com\/www.grieta.org.mx\/wp-content\/uploads\/2019\/07\/Crimen-Violencia-M%C3%A9xico03-1160x700.png?resize=700%2C400 2x, https:\/\/i0.wp.com\/www.grieta.org.mx\/wp-content\/uploads\/2019\/07\/Crimen-Violencia-M%C3%A9xico03-1160x700.png?resize=1050%2C600 3x"},"classes":[]},{"id":12500,"url":"http:\/\/www.grieta.org.mx\/index.php\/2016\/04\/30\/radio-zapata-desde-el-corazon-del-territorio-comunitario\/","url_meta":{"origin":11033,"position":4},"title":"Radio Zapata, desde territorio comunitario","author":"grieta","date":"30 abril, 2016","format":false,"excerpt":"Comune info (Diario Italiano) N. Jimmenez e J. L. Santill\u00e1n, Rehabilitar una radio comunitaria que pretende a trav\u00e9s de la comunicaci\u00f3n mejorar las condiciones de vida de los pueblos Guerrerenses, en el estado con los m\u00e1s altos \u00edndices de violencia y el tercero en pobreza extrema. Es el reto de\u2026","rel":"","context":"En &quot;CINTILLO&quot;","block_context":{"text":"CINTILLO","link":"http:\/\/www.grieta.org.mx\/index.php\/category\/cintillo\/"},"img":{"alt_text":"","src":"https:\/\/i0.wp.com\/www.grieta.org.mx\/wp-content\/uploads\/2018\/03\/14524434_1106112876131411_958039263622046936_o.jpg?resize=350%2C200","width":350,"height":200,"srcset":"https:\/\/i0.wp.com\/www.grieta.org.mx\/wp-content\/uploads\/2018\/03\/14524434_1106112876131411_958039263622046936_o.jpg?resize=350%2C200 1x, https:\/\/i0.wp.com\/www.grieta.org.mx\/wp-content\/uploads\/2018\/03\/14524434_1106112876131411_958039263622046936_o.jpg?resize=525%2C300 1.5x, https:\/\/i0.wp.com\/www.grieta.org.mx\/wp-content\/uploads\/2018\/03\/14524434_1106112876131411_958039263622046936_o.jpg?resize=700%2C400 2x"},"classes":[]},{"id":33879,"url":"http:\/\/www.grieta.org.mx\/index.php\/2019\/05\/25\/comunicado-del-concejo-indigena-y-popular-de-guerrero-emiliano-zapata-cipog-ez-por-el-reciente-asesinato-de-nuestros-hermanos-bartolo-hilario-morales-e-isaias-xanteco-ahuejote\/","url_meta":{"origin":11033,"position":5},"title":"Comunicado del Concejo Ind\u00edgena y Popular de Guerrero \u2013 Emiliano Zapata (CIPOG-EZ), por el reciente asesinato de nuestros hermanos Bartolo Hilario Morales e Isa\u00edas Xanteco Ahuejote","author":"grieta","date":"25 mayo, 2019","format":false,"excerpt":"COMUNICADO DEL CONCEJO IND\u00cdGENA Y POPULAR DE GUERRERO \u2013 EMILIANO ZAPATA (CIPOG-EZ), POR EL RECIENTE ASESINATO DE NUESTROS HERMANOS BARTOLO HILARIO MORALES E ISA\u00cdAS XANTECO AHUEJOTE Mayo del 2019, Monta\u00f1a Baja del Estado de Guerrero. Al Ejercito Zapatista de Liberaci\u00f3n Nacional Al Congreso Nacional Ind\u00edgena Al Concejo Ind\u00edgena de Gobierno\u2026","rel":"","context":"En &quot;CINTILLO&quot;","block_context":{"text":"CINTILLO","link":"http:\/\/www.grieta.org.mx\/index.php\/category\/cintillo\/"},"img":{"alt_text":"","src":"https:\/\/i0.wp.com\/www.grieta.org.mx\/wp-content\/uploads\/2019\/05\/logo-CNI-To.png?resize=350%2C200","width":350,"height":200,"srcset":"https:\/\/i0.wp.com\/www.grieta.org.mx\/wp-content\/uploads\/2019\/05\/logo-CNI-To.png?resize=350%2C200 1x, https:\/\/i0.wp.com\/www.grieta.org.mx\/wp-content\/uploads\/2019\/05\/logo-CNI-To.png?resize=525%2C300 1.5x"},"classes":[]}],"_links":{"self":[{"href":"http:\/\/www.grieta.org.mx\/index.php\/wp-json\/wp\/v2\/posts\/11033","targetHints":{"allow":["GET"]}}],"collection":[{"href":"http:\/\/www.grieta.org.mx\/index.php\/wp-json\/wp\/v2\/posts"}],"about":[{"href":"http:\/\/www.grieta.org.mx\/index.php\/wp-json\/wp\/v2\/types\/post"}],"author":[{"embeddable":true,"href":"http:\/\/www.grieta.org.mx\/index.php\/wp-json\/wp\/v2\/users\/2"}],"replies":[{"embeddable":true,"href":"http:\/\/www.grieta.org.mx\/index.php\/wp-json\/wp\/v2\/comments?post=11033"}],"version-history":[{"count":1,"href":"http:\/\/www.grieta.org.mx\/index.php\/wp-json\/wp\/v2\/posts\/11033\/revisions"}],"predecessor-version":[{"id":14135,"href":"http:\/\/www.grieta.org.mx\/index.php\/wp-json\/wp\/v2\/posts\/11033\/revisions\/14135"}],"wp:featuredmedia":[{"embeddable":true,"href":"http:\/\/www.grieta.org.mx\/index.php\/wp-json\/wp\/v2\/media\/21928"}],"wp:attachment":[{"href":"http:\/\/www.grieta.org.mx\/index.php\/wp-json\/wp\/v2\/media?parent=11033"}],"wp:term":[{"taxonomy":"category","embeddable":true,"href":"http:\/\/www.grieta.org.mx\/index.php\/wp-json\/wp\/v2\/categories?post=11033"},{"taxonomy":"post_tag","embeddable":true,"href":"http:\/\/www.grieta.org.mx\/index.php\/wp-json\/wp\/v2\/tags?post=11033"}],"curies":[{"name":"wp","href":"https:\/\/api.w.org\/{rel}","templated":true}]}}