{"id":1101,"date":"2015-11-25T14:37:31","date_gmt":"2015-11-25T14:37:31","guid":{"rendered":"http:\/\/50.22.11.12\/~grietaor\/?p=1101"},"modified":"2016-03-03T14:42:13","modified_gmt":"2016-03-03T14:42:13","slug":"desecha-corte-dictamen-contra-decreto-presidencial-en-nevado-de-toluca","status":"publish","type":"post","link":"http:\/\/www.grieta.org.mx\/index.php\/2015\/11\/25\/desecha-corte-dictamen-contra-decreto-presidencial-en-nevado-de-toluca\/","title":{"rendered":"Desecha Corte dictamen contra decreto presidencial en Nevado de Toluca"},"content":{"rendered":"<p>Jes\u00fas Aranda<\/p>\n<p>M\u00e9xico, DF. La segunda sala de la Suprema Corte de Justicia de la Naci\u00f3n (SCJN) desech\u00f3 el dictamen que amparaba a una quejosa en contra del decreto presidencial que modific\u00f3 el estatus del Parque Nacional \u201cNevado de Toluca\u201d y lo convirti\u00f3 en \u00c1rea de Protecci\u00f3n de Flora y Fauna.<\/p>\n<p>En votaci\u00f3n dividida (tres votos a dos), la mayor\u00eda no comparti\u00f3 el proyecto del ministro Juan N. Silva Meza en el que ordenaba a las autoridades ambientales suspender el otorgamiento de permisos o concesiones para realizar actividades \u2013como el turismo sustentable\u2013, hasta que la Secretar\u00edas del Medio Ambiente y Recursos Naturales; de Agricultura, Ganader\u00eda, Desarrollo Rural, Pesca y Alimentaci\u00f3n; y Desarrollo Agrario, Territorial y Urbano llevaran a cabo las acciones \u201crestaurativas\u201d que justificaran el cambio de categor\u00eda de Parque Nacional a \u00c1rea Nacional Protegida.<\/p>\n<p>El proyecto le dio la raz\u00f3n a la quejosa en el sentido de que el decreto presidencial, publicado en 1936, no soluciona el problema grave de deterioro ambiental que enfrenta el Nevado de Toluca.<\/p>\n<p>La demandante argumenta que la modificaci\u00f3n del decreto referido vulnera su derecho objetivo a un medio ambiente sano en virtud de que las autoridades incumplen con su deber de proteger el medio ambiente.<\/p>\n<p>En este sentido, argument\u00f3 que la Ley General del Equilibrio Ecol\u00f3gico y la Protecci\u00f3n al Ambiente (LGEEPA) se\u00f1ala que en las \u00c1reas Protegidas est\u00e1 permitido el desarrollo de obras p\u00fablicas o privadas para la instalaci\u00f3n de infraestructura o explotaci\u00f3n de recursos naturales, como la Miner\u00eda.<\/p>\n<p>Por lo que, \u201cla recategorizaci\u00f3n del Nevado de Toluca de Parque Nacional a \u00c1rea Protegida \u201cse traduce en la posibilidad de desarrollar m\u00e1s actividades, como la explotaci\u00f3n de los recursos naturales\u201d.<\/p>\n<p>El proyecto planteaba que la Comisi\u00f3n Nacional de \u00c1reas Naturales Protegidas ten\u00edan que contener la subzonificaci\u00f3n del pol\u00edgono a que se refiere el citado decreto, as\u00ed como el objeto de protecci\u00f3n ambiental para el cual fue emitido. Dicho estudio, planteaba Silva, \u201cdeber\u00e1 demostrar t\u00e9cnica y cient\u00edficamente qu\u00e9 medidas son posibles y \u00f3ptimas para restituir el ecosistema da\u00f1ado, as\u00ed como las medidas de compensaci\u00f3n.<\/p>\n<p>La sentencia prohib\u00eda a las autoridades \u201cconvalidar o regularizar\u201d las situaciones ilegales detectadas en la zona. Adem\u00e1s de que prohib\u00eda que se concedieran concesiones o permisos que convalidaran acciones incompatibles o que hicieran menos sustentables las acciones de restituci\u00f3n o compensaci\u00f3n ambiental.<\/p>\n<p>El proyecto establec\u00eda la obligaci\u00f3n de las autoridades involucradas de conservar o incrementar los servicios ambientales en el zona.<\/p>\n<p>El asunto ser\u00e1 turnado a otro ministro, el cual deber\u00e1 presentar un nuevo proyecto de dictamen.<\/p>\n<p><a href=\"http:\/\/www.jornada.unam.mx\/ultimas\/2015\/11\/25\/desecha-corte-dictamen-contra-decreto-presidencial-en-nevado-de-toluca-9185.html\" target=\"_blank\">www.jornada.unam.mx\/ultimas\/2015\/11\/25\/desecha-corte-dictamen-contra-decreto-presidencial-en-nevado-de-toluca-9185.html<\/a><\/p>\n","protected":false},"excerpt":{"rendered":"<p>Jes\u00fas Aranda M\u00e9xico, DF. La segunda sala de la Suprema Corte de Justicia de la Naci\u00f3n (SCJN) desech\u00f3 el dictamen que amparaba a una quejosa en contra del decreto presidencial &hellip; <a href=\"http:\/\/www.grieta.org.mx\/index.php\/2015\/11\/25\/desecha-corte-dictamen-contra-decreto-presidencial-en-nevado-de-toluca\/\" class=\"more-link\">Leer m\u00e1s<\/a><\/p>\n","protected":false},"author":2,"featured_media":21928,"comment_status":"closed","ping_status":"open","sticky":false,"template":"","format":"standard","meta":{"ngg_post_thumbnail":0,"_jetpack_newsletter_access":"","_jetpack_dont_email_post_to_subs":false,"_jetpack_newsletter_tier_id":0,"_jetpack_memberships_contains_paywalled_content":false,"_jetpack_memberships_contains_paid_content":false,"footnotes":""},"categories":[80],"tags":[154,92],"class_list":["post-1101","post","type-post","status-publish","format-standard","has-post-thumbnail","hentry","category-cintillo","tag-areas-naturales-protegidas","tag-estado-de-mexico","entry"],"jetpack_featured_media_url":"http:\/\/www.grieta.org.mx\/wp-content\/uploads\/2018\/03\/14524434_1106112876131411_958039263622046936_o.jpg","jetpack_sharing_enabled":true,"jetpack_shortlink":"https:\/\/wp.me\/p7ZJR4-hL","jetpack_likes_enabled":false,"jetpack-related-posts":[{"id":1115,"url":"http:\/\/www.grieta.org.mx\/index.php\/2016\/01\/12\/peligran-los-recursos-naturales-del-nevado-de-toluca\/","url_meta":{"origin":1101,"position":0},"title":"Peligran los recursos naturales del Nevado de Toluca","author":"grieta","date":"12 enero, 2016","format":false,"excerpt":"12\/01\/16. Tlacotepec, a la defensa del agua y de los bosques del Nevado de TolucaAnimal Pol\u00edtico 25\/11\/15. Desecha Corte dictamen contra decreto presidencial en Nevado de TolucaLa Jornada 16\/11\/15. Alertan privatizaci\u00f3n inminente de \"El Nevado\"Alfa Diario 26\/10\/15. \u00bfPor qu\u00e9 el Nevado de Toluca?Noticias del Centro 20\/10\/15. La pr\u00f3xima semana, la\u2026","rel":"","context":"En &quot;\u00c1reas naturales protegidas&quot;","block_context":{"text":"\u00c1reas naturales protegidas","link":"http:\/\/www.grieta.org.mx\/index.php\/category\/megaproyectos\/areas-naturales-protegidas\/"},"img":{"alt_text":"","src":"https:\/\/i0.wp.com\/www.grieta.org.mx\/wp-content\/uploads\/2018\/03\/14524434_1106112876131411_958039263622046936_o.jpg?resize=350%2C200","width":350,"height":200,"srcset":"https:\/\/i0.wp.com\/www.grieta.org.mx\/wp-content\/uploads\/2018\/03\/14524434_1106112876131411_958039263622046936_o.jpg?resize=350%2C200 1x, https:\/\/i0.wp.com\/www.grieta.org.mx\/wp-content\/uploads\/2018\/03\/14524434_1106112876131411_958039263622046936_o.jpg?resize=525%2C300 1.5x, https:\/\/i0.wp.com\/www.grieta.org.mx\/wp-content\/uploads\/2018\/03\/14524434_1106112876131411_958039263622046936_o.jpg?resize=700%2C400 2x"},"classes":[]},{"id":1108,"url":"http:\/\/www.grieta.org.mx\/index.php\/2015\/10\/20\/la-proxima-semana-la-suprema-corte-definira-el-futuro-del-nevado-de-toluca\/","url_meta":{"origin":1101,"position":1},"title":"La pr\u00f3xima semana, la Suprema Corte definir\u00e1 el futuro del Nevado de Toluca","author":"grieta","date":"20 octubre, 2015","format":false,"excerpt":"La Suprema Corte de Justicia de la Naci\u00f3n anunci\u00f3 que el pr\u00f3ximo 28 de octubre iniciar\u00e1 el an\u00e1lisis del decreto presidencial mediante el cual, en 2013, se retir\u00f3 el estatus de Parque Nacional al Nevado de Toluca, legaliz\u00e1ndose as\u00ed la explotaci\u00f3n de los recursos naturales de esta reserva natural. La\u2026","rel":"","context":"En &quot;CINTILLO&quot;","block_context":{"text":"CINTILLO","link":"http:\/\/www.grieta.org.mx\/index.php\/category\/cintillo\/"},"img":{"alt_text":"","src":"https:\/\/i0.wp.com\/www.grieta.org.mx\/wp-content\/uploads\/2018\/03\/14524434_1106112876131411_958039263622046936_o.jpg?resize=350%2C200","width":350,"height":200,"srcset":"https:\/\/i0.wp.com\/www.grieta.org.mx\/wp-content\/uploads\/2018\/03\/14524434_1106112876131411_958039263622046936_o.jpg?resize=350%2C200 1x, https:\/\/i0.wp.com\/www.grieta.org.mx\/wp-content\/uploads\/2018\/03\/14524434_1106112876131411_958039263622046936_o.jpg?resize=525%2C300 1.5x, https:\/\/i0.wp.com\/www.grieta.org.mx\/wp-content\/uploads\/2018\/03\/14524434_1106112876131411_958039263622046936_o.jpg?resize=700%2C400 2x"},"classes":[]},{"id":1110,"url":"http:\/\/www.grieta.org.mx\/index.php\/2013\/10\/02\/epn-cancela-proteccion-al-nevado-de-toluca-otorgada-por-lazaro-cardenas\/","url_meta":{"origin":1101,"position":2},"title":"EPN cancela protecci\u00f3n al Nevado de Toluca otorgada por L\u00e1zaro C\u00e1rdenas","author":"grieta","date":"2 octubre, 2013","format":false,"excerpt":"Paris Mart\u00ednez A trav\u00e9s de un decreto publicado ayer, 1 de octubre, en el Diario Oficial de la Federaci\u00f3n, el presidente Enrique Pe\u00f1a Nieto cancel\u00f3 el estatus de Parque Nacional otorgado por L\u00e1zaro C\u00e1rdenas al Nevado de Toluca, que desde 1936 prohib\u00eda cualquier tipo de explotaci\u00f3n de los recursos de\u2026","rel":"","context":"En &quot;CINTILLO&quot;","block_context":{"text":"CINTILLO","link":"http:\/\/www.grieta.org.mx\/index.php\/category\/cintillo\/"},"img":{"alt_text":"","src":"https:\/\/i0.wp.com\/www.grieta.org.mx\/wp-content\/uploads\/2018\/03\/14524434_1106112876131411_958039263622046936_o.jpg?resize=350%2C200","width":350,"height":200,"srcset":"https:\/\/i0.wp.com\/www.grieta.org.mx\/wp-content\/uploads\/2018\/03\/14524434_1106112876131411_958039263622046936_o.jpg?resize=350%2C200 1x, https:\/\/i0.wp.com\/www.grieta.org.mx\/wp-content\/uploads\/2018\/03\/14524434_1106112876131411_958039263622046936_o.jpg?resize=525%2C300 1.5x, https:\/\/i0.wp.com\/www.grieta.org.mx\/wp-content\/uploads\/2018\/03\/14524434_1106112876131411_958039263622046936_o.jpg?resize=700%2C400 2x"},"classes":[]},{"id":1104,"url":"http:\/\/www.grieta.org.mx\/index.php\/2016\/01\/12\/tlacotepec-a-la-defensa-del-agua-y-de-los-bosques-del-nevado-de-toluca\/","url_meta":{"origin":1101,"position":3},"title":"Tlacotepec, a la defensa del agua y de los bosques del Nevado de Toluca","author":"grieta","date":"12 enero, 2016","format":false,"excerpt":"Par\u00eds Mart\u00ednez Tlacotepec es un pueblo enclavado en las faldas del Nevado de Toluca, junto al cerro de Tepeyolulco, con una larga historia de rebeld\u00eda: entre 1475 y 1480, sus primeros habitantes, matlazincas, lucharon contra los aztecas, cuando \u00e9stos comenzaron la expansi\u00f3n de su imperio hacia el valle en donde\u2026","rel":"","context":"En &quot;CINTILLO&quot;","block_context":{"text":"CINTILLO","link":"http:\/\/www.grieta.org.mx\/index.php\/category\/cintillo\/"},"img":{"alt_text":"","src":"https:\/\/i0.wp.com\/www.grieta.org.mx\/wp-content\/uploads\/2018\/03\/14524434_1106112876131411_958039263622046936_o.jpg?resize=350%2C200","width":350,"height":200,"srcset":"https:\/\/i0.wp.com\/www.grieta.org.mx\/wp-content\/uploads\/2018\/03\/14524434_1106112876131411_958039263622046936_o.jpg?resize=350%2C200 1x, https:\/\/i0.wp.com\/www.grieta.org.mx\/wp-content\/uploads\/2018\/03\/14524434_1106112876131411_958039263622046936_o.jpg?resize=525%2C300 1.5x, https:\/\/i0.wp.com\/www.grieta.org.mx\/wp-content\/uploads\/2018\/03\/14524434_1106112876131411_958039263622046936_o.jpg?resize=700%2C400 2x"},"classes":[]},{"id":1103,"url":"http:\/\/www.grieta.org.mx\/index.php\/2015\/10\/26\/por-que-el-nevado-de-toluca\/","url_meta":{"origin":1101,"position":4},"title":"\u00bfPor qu\u00e9 el Nevado de Toluca?","author":"grieta","date":"26 octubre, 2015","format":false,"excerpt":"Daniela Bautista Montes de Oca El ex gobernador del Estado de M\u00e9xico y actual Presidente de la Republica Enrique Pe\u00f1a Nieto, en 2013 le cambio al Nevado de Toluca el estatus de parque nacional a zona de protecci\u00f3n de flora y fauna es decir, la protecci\u00f3n oficial decretada por L\u00e1zaro\u2026","rel":"","context":"En &quot;CINTILLO&quot;","block_context":{"text":"CINTILLO","link":"http:\/\/www.grieta.org.mx\/index.php\/category\/cintillo\/"},"img":{"alt_text":"","src":"https:\/\/i0.wp.com\/www.grieta.org.mx\/wp-content\/uploads\/2018\/03\/14524434_1106112876131411_958039263622046936_o.jpg?resize=350%2C200","width":350,"height":200,"srcset":"https:\/\/i0.wp.com\/www.grieta.org.mx\/wp-content\/uploads\/2018\/03\/14524434_1106112876131411_958039263622046936_o.jpg?resize=350%2C200 1x, https:\/\/i0.wp.com\/www.grieta.org.mx\/wp-content\/uploads\/2018\/03\/14524434_1106112876131411_958039263622046936_o.jpg?resize=525%2C300 1.5x, https:\/\/i0.wp.com\/www.grieta.org.mx\/wp-content\/uploads\/2018\/03\/14524434_1106112876131411_958039263622046936_o.jpg?resize=700%2C400 2x"},"classes":[]},{"id":31392,"url":"http:\/\/www.grieta.org.mx\/index.php\/2019\/03\/25\/legalizacion-de-la-tala-en-el-nevado-de-toluca-coincide-con-la-reduccion-de-la-mariposa-monarca\/","url_meta":{"origin":1101,"position":5},"title":"Legalizaci\u00f3n de la tala en el Nevado de Toluca coincide con la reducci\u00f3n de la mariposa monarca","author":"grieta","date":"25 marzo, 2019","format":false,"excerpt":"Paris Mart\u00ednez\/Animal Pol\u00edtico Luego de que entre 2013 y 2014 se autorizara la tala comercial en una zona del Nevado de Toluca, se registr\u00f3 el nivel m\u00e1s bajo de mariposas monarca que llegaron a hibernar al lugar. El pasado 31 de enero de 2019, el gobierno federal encabezado por el\u2026","rel":"","context":"En &quot;CINTILLO&quot;","block_context":{"text":"CINTILLO","link":"http:\/\/www.grieta.org.mx\/index.php\/category\/cintillo\/"},"img":{"alt_text":"","src":"https:\/\/i0.wp.com\/www.grieta.org.mx\/wp-content\/uploads\/2018\/03\/14524434_1106112876131411_958039263622046936_o.jpg?resize=350%2C200","width":350,"height":200,"srcset":"https:\/\/i0.wp.com\/www.grieta.org.mx\/wp-content\/uploads\/2018\/03\/14524434_1106112876131411_958039263622046936_o.jpg?resize=350%2C200 1x, https:\/\/i0.wp.com\/www.grieta.org.mx\/wp-content\/uploads\/2018\/03\/14524434_1106112876131411_958039263622046936_o.jpg?resize=525%2C300 1.5x, https:\/\/i0.wp.com\/www.grieta.org.mx\/wp-content\/uploads\/2018\/03\/14524434_1106112876131411_958039263622046936_o.jpg?resize=700%2C400 2x"},"classes":[]}],"_links":{"self":[{"href":"http:\/\/www.grieta.org.mx\/index.php\/wp-json\/wp\/v2\/posts\/1101","targetHints":{"allow":["GET"]}}],"collection":[{"href":"http:\/\/www.grieta.org.mx\/index.php\/wp-json\/wp\/v2\/posts"}],"about":[{"href":"http:\/\/www.grieta.org.mx\/index.php\/wp-json\/wp\/v2\/types\/post"}],"author":[{"embeddable":true,"href":"http:\/\/www.grieta.org.mx\/index.php\/wp-json\/wp\/v2\/users\/2"}],"replies":[{"embeddable":true,"href":"http:\/\/www.grieta.org.mx\/index.php\/wp-json\/wp\/v2\/comments?post=1101"}],"version-history":[{"count":1,"href":"http:\/\/www.grieta.org.mx\/index.php\/wp-json\/wp\/v2\/posts\/1101\/revisions"}],"predecessor-version":[{"id":1106,"href":"http:\/\/www.grieta.org.mx\/index.php\/wp-json\/wp\/v2\/posts\/1101\/revisions\/1106"}],"wp:featuredmedia":[{"embeddable":true,"href":"http:\/\/www.grieta.org.mx\/index.php\/wp-json\/wp\/v2\/media\/21928"}],"wp:attachment":[{"href":"http:\/\/www.grieta.org.mx\/index.php\/wp-json\/wp\/v2\/media?parent=1101"}],"wp:term":[{"taxonomy":"category","embeddable":true,"href":"http:\/\/www.grieta.org.mx\/index.php\/wp-json\/wp\/v2\/categories?post=1101"},{"taxonomy":"post_tag","embeddable":true,"href":"http:\/\/www.grieta.org.mx\/index.php\/wp-json\/wp\/v2\/tags?post=1101"}],"curies":[{"name":"wp","href":"https:\/\/api.w.org\/{rel}","templated":true}]}}