{"id":10730,"date":"2016-04-16T02:25:05","date_gmt":"2016-04-16T02:25:05","guid":{"rendered":"http:\/\/www.grieta.org.mx\/?p=10730"},"modified":"2016-04-24T02:32:19","modified_gmt":"2016-04-24T02:32:19","slug":"sep-intenta-nigunearnos-error-en-la-adscripcion-demuestra-que-no-tiene-plan-para-ipn-estudiantes","status":"publish","type":"post","link":"http:\/\/www.grieta.org.mx\/index.php\/2016\/04\/16\/sep-intenta-nigunearnos-error-en-la-adscripcion-demuestra-que-no-tiene-plan-para-ipn-estudiantes\/","title":{"rendered":"SEP intenta nigunearnos, error en la adscripci\u00f3n demuestra que no tiene plan para IPN: estudiantes"},"content":{"rendered":"<p>Sergio Rinc\u00f3n<\/p>\n<p>(16 de abril, 2016.Revoluci\u00f3nTRESPUNTOCERO).- La comunidad del Instituto Polit\u00e9cnico de Nacional (IPN) denunci\u00f3 que la Secretar\u00eda de Educaci\u00f3n P\u00fablica (SEP) intenta provocar un ambiente de incertidumbre, desinformaci\u00f3n e incluso dividir o afectar el movimiento estudiantil con los cambios y errores en las adscripciones publicadas en el Diario Oficial de la Federaci\u00f3n.<\/p>\n<p>La inconformidad surgi\u00f3 porque en el Diario Oficial de la Federaci\u00f3n (DOF) se public\u00f3 el acuerdo 01\/03\/16 en el cual se inform\u00f3 de la adscripci\u00f3n org\u00e1nica del Polit\u00e9cnico a la Subsecretar\u00eda de Educaci\u00f3n Superior, con una leyenda similar al acuerdo previo n\u00famero 646, publicado el 16 de agosto de 2012 en el mismo \u00f3rgano informativo, que estaba relacionado con otro acuerdo de 2005.<\/p>\n<p><img decoding=\"async\" data-attachment-id=\"10731\" data-permalink=\"http:\/\/www.grieta.org.mx\/index.php\/2016\/04\/16\/sep-intenta-nigunearnos-error-en-la-adscripcion-demuestra-que-no-tiene-plan-para-ipn-estudiantes\/ipn2\/\" data-orig-file=\"http:\/\/www.grieta.org.mx\/wp-content\/uploads\/2016\/04\/ipn2.jpg\" data-orig-size=\"700,525\" data-comments-opened=\"0\" data-image-meta=\"{&quot;aperture&quot;:&quot;0&quot;,&quot;credit&quot;:&quot;&quot;,&quot;camera&quot;:&quot;&quot;,&quot;caption&quot;:&quot;&quot;,&quot;created_timestamp&quot;:&quot;0&quot;,&quot;copyright&quot;:&quot;&quot;,&quot;focal_length&quot;:&quot;0&quot;,&quot;iso&quot;:&quot;0&quot;,&quot;shutter_speed&quot;:&quot;0&quot;,&quot;title&quot;:&quot;&quot;,&quot;orientation&quot;:&quot;0&quot;}\" data-image-title=\"ipn2\" data-image-description=\"\" data-image-caption=\"\" data-medium-file=\"http:\/\/www.grieta.org.mx\/wp-content\/uploads\/2016\/04\/ipn2-300x225.jpg\" data-large-file=\"http:\/\/www.grieta.org.mx\/wp-content\/uploads\/2016\/04\/ipn2.jpg\" src=\"http:\/\/www.grieta.org.mx\/wp-content\/uploads\/2016\/04\/ipn2.jpg\" alt=\"ipn2\" width=\"100%\" class=\"alignnone size-full wp-image-10731\" srcset=\"http:\/\/www.grieta.org.mx\/wp-content\/uploads\/2016\/04\/ipn2.jpg 700w, http:\/\/www.grieta.org.mx\/wp-content\/uploads\/2016\/04\/ipn2-300x225.jpg 300w\" sizes=\"(max-width: 700px) 100vw, 700px\" \/><\/p>\n<p>Sin embargo, el 13 de marzo pasado se aclar\u00f3 que ese centro de estudios estar\u00eda adscrito a la oficina del Secretario de Educaci\u00f3n P\u00fablica.<\/p>\n<p>Es decir, en 2005 se acord\u00f3 que el Poli depend\u00eda directamente de la SEP; en 2012 se modific\u00f3 para que tambi\u00e9n reportara a la Subsecretar\u00eda de Educaci\u00f3n Superior; el acuerdo del pasado 6 de marzo s\u00f3lo contemplaba la adscripci\u00f3n a la Subsecretar\u00eda; y la correcci\u00f3n, finalmente, detall\u00f3 la adscripci\u00f3n a la oficina del Secretario de Educaci\u00f3n, como en 2005. Todo ello, con ligeros cambios en las leyendas.<\/p>\n<p>La comunidad polit\u00e9cnica acus\u00f3 que se quiera \u201cningunearlos\u201d y acus\u00f3 de irresponsable a la SEP y a las autoridades del IPN porque se dejaron dudas en el aire, principalmente por los efectos que traer\u00edan las variaciones en las leyendas. Adem\u00e1s, agregaron, con el error se expone que la autoridad no tiene una estrategia clara para atender las demandas del Polit\u00e9cnico.<\/p>\n<p>\u201cSe inform\u00f3 que se trata de una adscripci\u00f3n org\u00e1nica, nosotros sabemos que hay una adscripci\u00f3n a la SEP, pero lo que cambia es la palabra org\u00e1nica. Esto ha causado preocupaci\u00f3n en la comunidad, y hemos hecho asambleas, an\u00e1lisis, y el d\u00eda 13 de abril se publica una aclaraci\u00f3n, que siempre s\u00ed vamos a estar en la oficina del secretario. Eso es alarmante, porque para nosotros no es un juego que cambien al Polit\u00e9cnico Nacional de un lado a otro. Y preocupa que s\u00f3lo es una aclaraci\u00f3n, no una abrogaci\u00f3n a derogaci\u00f3n\u201d, coment\u00f3 a Revoluci\u00f3n TRESPUNTOCERO, Javier Ram\u00edrez Escart\u00edn, representante de asamblea del movimiento estudiantil.<\/p>\n<p>Donovan Garrido, estudiante de la Escuela Superior de Ingenier\u00eda y Arquitectura (ESIA) de Zacatenco explic\u00f3 que la adscripci\u00f3n a la Subsecretar\u00eda de Educaci\u00f3n Superior, dejaba en incertidumbre la atenci\u00f3n a las vocacionales del Polit\u00e9cnico.<\/p>\n<p>\u201cHab\u00eda muchas dudas. Nos preocupaba qu\u00e9 iba a pasar con CECyTs (Centro de Estudios Cient\u00edficos y Tecnol\u00f3gicos). \u00bfUna subsecretar\u00eda especializada en educaci\u00f3n superior se iba a encargar de la educaci\u00f3n media superior? \u00bfO pensaban mandarlos a otras instancias? Eso provoc\u00f3 que se comenzara a hablar de paros, pero fue precisamente porque hab\u00eda mucha desinformaci\u00f3n en el aire. Por eso se realiz\u00f3 un mitin a la Secretar\u00eda de Educaci\u00f3n P\u00fablica, para pedir respuestas\u201d, detall\u00f3 Garrido.<\/p>\n<p><img loading=\"lazy\" decoding=\"async\" data-attachment-id=\"10731\" data-permalink=\"http:\/\/www.grieta.org.mx\/index.php\/2016\/04\/16\/sep-intenta-nigunearnos-error-en-la-adscripcion-demuestra-que-no-tiene-plan-para-ipn-estudiantes\/ipn2\/\" data-orig-file=\"http:\/\/www.grieta.org.mx\/wp-content\/uploads\/2016\/04\/ipn2.jpg\" data-orig-size=\"700,525\" data-comments-opened=\"0\" data-image-meta=\"{&quot;aperture&quot;:&quot;0&quot;,&quot;credit&quot;:&quot;&quot;,&quot;camera&quot;:&quot;&quot;,&quot;caption&quot;:&quot;&quot;,&quot;created_timestamp&quot;:&quot;0&quot;,&quot;copyright&quot;:&quot;&quot;,&quot;focal_length&quot;:&quot;0&quot;,&quot;iso&quot;:&quot;0&quot;,&quot;shutter_speed&quot;:&quot;0&quot;,&quot;title&quot;:&quot;&quot;,&quot;orientation&quot;:&quot;0&quot;}\" data-image-title=\"ipn2\" data-image-description=\"\" data-image-caption=\"\" data-medium-file=\"http:\/\/www.grieta.org.mx\/wp-content\/uploads\/2016\/04\/ipn2-300x225.jpg\" data-large-file=\"http:\/\/www.grieta.org.mx\/wp-content\/uploads\/2016\/04\/ipn2.jpg\" src=\"http:\/\/www.grieta.org.mx\/wp-content\/uploads\/2016\/04\/ipn2.jpg\" alt=\"ipn2\" width=\"700\" height=\"525\" class=\"alignnone size-full wp-image-10731\" srcset=\"http:\/\/www.grieta.org.mx\/wp-content\/uploads\/2016\/04\/ipn2.jpg 700w, http:\/\/www.grieta.org.mx\/wp-content\/uploads\/2016\/04\/ipn2-300x225.jpg 300w\" sizes=\"auto, (max-width: 700px) 100vw, 700px\" \/><\/p>\n<p>La ma\u00f1ana del viernes 15 de abril, Aurelio Nu\u00f1o Mayer, titular de SEP, asegur\u00f3 que el Instituto Polit\u00e9cnico Nacional se mantiene tal y como fue fundado: como parte de la oficina de la Secretar\u00eda, \u201ccondici\u00f3n que no cambia ni altera la existencia de ninguno de sus centros de investigaci\u00f3n ni de sus escuelas y no altera los derechos de sus trabajadores\u201d.<\/p>\n<p>Si bien existen ligeros cambios en las leyendas de los acuerdos, la comunidad del Poli no duda que detr\u00e1s del error de la SEP, exista un acto intencionado.<\/p>\n<p>\u201cDicen que ahora ya estamos en la Secretar\u00eda, y ese no es el punto. El tema es que ellos dicen que fue un error, pero nosotros vemos que fue un acto intencionado de mandarnos a la Subsecretar\u00eda. Y creemos que dada la presi\u00f3n, recularon\u201d, dijo Donovan a Revoluci\u00f3n TRESPUNTOCERO.<\/p>\n<p>El profesor C\u00e9sar Iglesias coment\u00f3 que el movimiento ha avanzado y ha construido mecanismos democr\u00e1ticos que han fortalecido su estructura, pero con los anuncios,  la SEP intenta interferir.<\/p>\n<p>\u201c\u00bfQu\u00e9 est\u00e1 pasando? Que no se ponen de acuerdo. Y hacen una intromisi\u00f3n muy lamentable, en un periodo muy delicado porque todos hemos construido este proceso. Y entonces parece que se quiere golpear a este avance democr\u00e1tico\u201d, dijo Iglesias a Revoluci\u00f3n TRESPUNTOCERO.<\/p>\n<p>Desde el mi\u00e9rcoles 13 de marzo, la comunidad estudiantil del IPN ha realizado m\u00edtines en las calles de la Ciudad de M\u00e9xico, con el fin de aclarar dudas e informar sobre la situaci\u00f3n.<\/p>\n<p>Ante el reclamo, el director general del Polit\u00e9cnico, Enrique Fern\u00e1ndez Fassnacht inform\u00f3 que, desde su creaci\u00f3n, el IPN \u201cha estado adscrito a la SEP, condici\u00f3n que se mantiene hasta la fecha\u201d.<\/p>\n<p>\u201cLa confusi\u00f3n ha generado una serie de problemas, lament\u00f3 que haya un n\u00famero de j\u00f3venes que no tengan la informaci\u00f3n precisa y que eso los haya llevado a la realizaci\u00f3n de movilizaciones y paros que se levantar\u00e1n en las pr\u00f3ximas horas\u201d, dijo el funcionario.<\/p>\n<p><a href=\"http:\/\/revoluciontrespuntocero.com\/sep-intenta-nigunearnos-error-en-la-adscripcion-demuestra-que-no-tiene-plan-para-ipn-estudiantes\/\" target=\"_blank\">http:\/\/revoluciontrespuntocero.com\/sep-intenta-nigunearnos-error-en-la-adscripcion-demuestra-que-no-tiene-plan-para-ipn-estudiantes\/<\/a><\/p>\n","protected":false},"excerpt":{"rendered":"<p>Sergio Rinc\u00f3n (16 de abril, 2016.Revoluci\u00f3nTRESPUNTOCERO).- La comunidad del Instituto Polit\u00e9cnico de Nacional (IPN) denunci\u00f3 que la Secretar\u00eda de Educaci\u00f3n P\u00fablica (SEP) intenta provocar un ambiente de incertidumbre, desinformaci\u00f3n e &hellip; <a href=\"http:\/\/www.grieta.org.mx\/index.php\/2016\/04\/16\/sep-intenta-nigunearnos-error-en-la-adscripcion-demuestra-que-no-tiene-plan-para-ipn-estudiantes\/\" class=\"more-link\">Leer m\u00e1s<\/a><\/p>\n","protected":false},"author":2,"featured_media":21928,"comment_status":"closed","ping_status":"closed","sticky":false,"template":"","format":"standard","meta":{"ngg_post_thumbnail":0,"_jetpack_newsletter_access":"","_jetpack_dont_email_post_to_subs":false,"_jetpack_newsletter_tier_id":0,"_jetpack_memberships_contains_paywalled_content":false,"_jetpack_memberships_contains_paid_content":false,"footnotes":""},"categories":[80],"tags":[606,607],"class_list":["post-10730","post","type-post","status-publish","format-standard","has-post-thumbnail","hentry","category-cintillo","tag-ipn","tag-sep","entry"],"jetpack_featured_media_url":"http:\/\/www.grieta.org.mx\/wp-content\/uploads\/2018\/03\/14524434_1106112876131411_958039263622046936_o.jpg","jetpack_sharing_enabled":true,"jetpack_shortlink":"https:\/\/wp.me\/p7ZJR4-2N4","jetpack_likes_enabled":false,"jetpack-related-posts":[{"id":10439,"url":"http:\/\/www.grieta.org.mx\/index.php\/2016\/04\/15\/politecnicos-protestan-frente-a-la-sep-acusan-violacion-a-su-autonomia\/","url_meta":{"origin":10730,"position":0},"title":"Polit\u00e9cnicos protestan frente a la SEP; acusan \u201cviolaci\u00f3n a su autonom\u00eda\u201d","author":"grieta","date":"15 abril, 2016","format":false,"excerpt":"Sin embargo Por Redacci\u00f3n Los polit\u00e9cnicos manifiestan en la marcha su inconformidad por la falta de informaci\u00f3n y las posibles consecuencias que este acuerdo representa para ellos. La comitiva uni\u00f3 a dos planteles los cuales se dirigen a las oficinas de la SEP. Foto: Twitter @Coordinadora1DM. Ciudad de M\u00e9xico, 14\u2026","rel":"","context":"En &quot;CINTILLO&quot;","block_context":{"text":"CINTILLO","link":"http:\/\/www.grieta.org.mx\/index.php\/category\/cintillo\/"},"img":{"alt_text":"","src":"https:\/\/i0.wp.com\/www.grieta.org.mx\/wp-content\/uploads\/2018\/03\/14524434_1106112876131411_958039263622046936_o.jpg?resize=350%2C200","width":350,"height":200,"srcset":"https:\/\/i0.wp.com\/www.grieta.org.mx\/wp-content\/uploads\/2018\/03\/14524434_1106112876131411_958039263622046936_o.jpg?resize=350%2C200 1x, https:\/\/i0.wp.com\/www.grieta.org.mx\/wp-content\/uploads\/2018\/03\/14524434_1106112876131411_958039263622046936_o.jpg?resize=525%2C300 1.5x, https:\/\/i0.wp.com\/www.grieta.org.mx\/wp-content\/uploads\/2018\/03\/14524434_1106112876131411_958039263622046936_o.jpg?resize=700%2C400 2x"},"classes":[]},{"id":11409,"url":"http:\/\/www.grieta.org.mx\/index.php\/2016\/04\/23\/estudiantes-dan-plazo-a-director-del-ipn-para-esclarecer-acuerdos-con-sep\/","url_meta":{"origin":10730,"position":1},"title":"Estudiantes dan plazo a director del IPN para esclarecer acuerdos con SEP","author":"grieta","date":"23 abril, 2016","format":false,"excerpt":"Ricardo Ortiz Foto: Ricardo Ortiz\/Somoselmedio.org En caso de que no se presente, exigir\u00e1n su destituci\u00f3n del IPN Este jueves 21 de abril de 2016, cerca de dos mil estudiantes de diferentes escuelas, pertenecientes al Instituto Polit\u00e9cnico Nacional (IPN), realizaron una marcha alrededor de las 14:00 horas, misma que parti\u00f3 de\u2026","rel":"","context":"En &quot;cdmx&quot;","block_context":{"text":"cdmx","link":"http:\/\/www.grieta.org.mx\/index.php\/category\/cdmx\/"},"img":{"alt_text":"","src":"https:\/\/i0.wp.com\/www.grieta.org.mx\/wp-content\/uploads\/2018\/03\/14524434_1106112876131411_958039263622046936_o.jpg?resize=350%2C200","width":350,"height":200,"srcset":"https:\/\/i0.wp.com\/www.grieta.org.mx\/wp-content\/uploads\/2018\/03\/14524434_1106112876131411_958039263622046936_o.jpg?resize=350%2C200 1x, https:\/\/i0.wp.com\/www.grieta.org.mx\/wp-content\/uploads\/2018\/03\/14524434_1106112876131411_958039263622046936_o.jpg?resize=525%2C300 1.5x, https:\/\/i0.wp.com\/www.grieta.org.mx\/wp-content\/uploads\/2018\/03\/14524434_1106112876131411_958039263622046936_o.jpg?resize=700%2C400 2x"},"classes":[]},{"id":10436,"url":"http:\/\/www.grieta.org.mx\/index.php\/2016\/05\/14\/conflictos-y-movilizaciones-en-el-instituto-politecnico-nacional\/","url_meta":{"origin":10730,"position":2},"title":"Conflictos y movilizaciones en el Instituto Polit\u00e9cnico Nacional","author":"grieta","date":"14 mayo, 2016","format":false,"excerpt":"13\/05\/16. La defensa del Poli es una cuesti\u00f3n de autonom\u00eda y de una generaci\u00f3n que lo siente suyoDesinform\u00e9monos 23\/04\/16. Estudiantes dan plazo a director del IPN para esclarecer acuerdos con SEPSomos el medio 22\/04\/16. Cerca de 10 Vocacionales entran en paroSomos el medio 16\/04\/16. SEP intenta nigunearnos, error en la\u2026","rel":"","context":"En &quot;Ciudad de M\u00e9xico&quot;","block_context":{"text":"Ciudad de M\u00e9xico","link":"http:\/\/www.grieta.org.mx\/index.php\/category\/noticias-nacionales\/ciudad-de-mexico\/"},"img":{"alt_text":"","src":"https:\/\/i0.wp.com\/www.grieta.org.mx\/wp-content\/uploads\/2018\/03\/14524434_1106112876131411_958039263622046936_o.jpg?resize=350%2C200","width":350,"height":200,"srcset":"https:\/\/i0.wp.com\/www.grieta.org.mx\/wp-content\/uploads\/2018\/03\/14524434_1106112876131411_958039263622046936_o.jpg?resize=350%2C200 1x, https:\/\/i0.wp.com\/www.grieta.org.mx\/wp-content\/uploads\/2018\/03\/14524434_1106112876131411_958039263622046936_o.jpg?resize=525%2C300 1.5x, https:\/\/i0.wp.com\/www.grieta.org.mx\/wp-content\/uploads\/2018\/03\/14524434_1106112876131411_958039263622046936_o.jpg?resize=700%2C400 2x"},"classes":[]},{"id":10491,"url":"http:\/\/www.grieta.org.mx\/index.php\/2016\/04\/16\/se-reactiva-el-movimiento-estudiantil-del-ipn\/","url_meta":{"origin":10730,"position":3},"title":"Se reactiva el movimiento estudiantil del IPN","author":"grieta","date":"16 abril, 2016","format":false,"excerpt":"Somos el medio Foto: Ricardo Ortiz\/Somoselmedio.org Marchan estudiantes del IPN del Casco y Zacatenco a la SEP Ricardo Ortiz Cerca de cinco mil estudiantes del Instituto Polit\u00e9cnico Nacional (IPN) marcharon este jueves 14 de abril, partiendo del Casco de Santo Tom\u00e1s y Zacatenco hasta la Secretar\u00eda de Educaci\u00f3n P\u00fablica (SEP),\u2026","rel":"","context":"En &quot;CINTILLO&quot;","block_context":{"text":"CINTILLO","link":"http:\/\/www.grieta.org.mx\/index.php\/category\/cintillo\/"},"img":{"alt_text":"","src":"https:\/\/i0.wp.com\/www.grieta.org.mx\/wp-content\/uploads\/2018\/03\/14524434_1106112876131411_958039263622046936_o.jpg?resize=350%2C200","width":350,"height":200,"srcset":"https:\/\/i0.wp.com\/www.grieta.org.mx\/wp-content\/uploads\/2018\/03\/14524434_1106112876131411_958039263622046936_o.jpg?resize=350%2C200 1x, https:\/\/i0.wp.com\/www.grieta.org.mx\/wp-content\/uploads\/2018\/03\/14524434_1106112876131411_958039263622046936_o.jpg?resize=525%2C300 1.5x, https:\/\/i0.wp.com\/www.grieta.org.mx\/wp-content\/uploads\/2018\/03\/14524434_1106112876131411_958039263622046936_o.jpg?resize=700%2C400 2x"},"classes":[]},{"id":11404,"url":"http:\/\/www.grieta.org.mx\/index.php\/2016\/04\/22\/cerca-de-10-vocacionales-entran-en-paro\/","url_meta":{"origin":10730,"position":4},"title":"Cerca de 10 Vocacionales entran en paro","author":"grieta","date":"22 abril, 2016","format":false,"excerpt":"Ricardo Ortiz \"No hay raz\u00f3n para que paren estas vocacionales\": Fassnacht Alrededor de 10 vacacionales integradas al Instituto Polit\u00e9cnico Nacional (IPN), entre las que se encuentran la 1, 2, 4, 5, 7, 8, 10, 12, 13 y 15, entraron en paro luego de denunciar la poca informaci\u00f3n por parte de\u2026","rel":"","context":"En &quot;cdmx&quot;","block_context":{"text":"cdmx","link":"http:\/\/www.grieta.org.mx\/index.php\/category\/cdmx\/"},"img":{"alt_text":"","src":"https:\/\/i0.wp.com\/www.grieta.org.mx\/wp-content\/uploads\/2018\/03\/14524434_1106112876131411_958039263622046936_o.jpg?resize=350%2C200","width":350,"height":200,"srcset":"https:\/\/i0.wp.com\/www.grieta.org.mx\/wp-content\/uploads\/2018\/03\/14524434_1106112876131411_958039263622046936_o.jpg?resize=350%2C200 1x, https:\/\/i0.wp.com\/www.grieta.org.mx\/wp-content\/uploads\/2018\/03\/14524434_1106112876131411_958039263622046936_o.jpg?resize=525%2C300 1.5x, https:\/\/i0.wp.com\/www.grieta.org.mx\/wp-content\/uploads\/2018\/03\/14524434_1106112876131411_958039263622046936_o.jpg?resize=700%2C400 2x"},"classes":[]},{"id":10435,"url":"http:\/\/www.grieta.org.mx\/index.php\/2016\/04\/15\/estudiantes-se-manifiestan-tras-anuncio-de-que-el-ipn-queda-adscrito-a-la-oficina-de-nuno\/","url_meta":{"origin":10730,"position":5},"title":"Estudiantes se manifiestan tras anuncio de que el IPN queda adscrito a la oficina de Nu\u00f1o","author":"grieta","date":"15 abril, 2016","format":false,"excerpt":"Animal Pol\u00edtico Redacci\u00f3n Animal Pol\u00edtico Un d\u00eda despu\u00e9s de que se anunciara que el Instituto Polit\u00e9cnico Nacional (IPN) queda adscrito a la Oficina del secretario de Educaci\u00f3n P\u00fablica, Aurelio Nu\u00f1o, estudiantes de esa instituci\u00f3n educativa salieron a manifestarse, exigiendo una explicaci\u00f3n sobre los cambios. Un sector de la\u00a0protesta se dirigi\u00f3\u2026","rel":"","context":"En &quot;CINTILLO&quot;","block_context":{"text":"CINTILLO","link":"http:\/\/www.grieta.org.mx\/index.php\/category\/cintillo\/"},"img":{"alt_text":"","src":"https:\/\/i0.wp.com\/www.grieta.org.mx\/wp-content\/uploads\/2018\/03\/14524434_1106112876131411_958039263622046936_o.jpg?resize=350%2C200","width":350,"height":200,"srcset":"https:\/\/i0.wp.com\/www.grieta.org.mx\/wp-content\/uploads\/2018\/03\/14524434_1106112876131411_958039263622046936_o.jpg?resize=350%2C200 1x, https:\/\/i0.wp.com\/www.grieta.org.mx\/wp-content\/uploads\/2018\/03\/14524434_1106112876131411_958039263622046936_o.jpg?resize=525%2C300 1.5x, https:\/\/i0.wp.com\/www.grieta.org.mx\/wp-content\/uploads\/2018\/03\/14524434_1106112876131411_958039263622046936_o.jpg?resize=700%2C400 2x"},"classes":[]}],"_links":{"self":[{"href":"http:\/\/www.grieta.org.mx\/index.php\/wp-json\/wp\/v2\/posts\/10730","targetHints":{"allow":["GET"]}}],"collection":[{"href":"http:\/\/www.grieta.org.mx\/index.php\/wp-json\/wp\/v2\/posts"}],"about":[{"href":"http:\/\/www.grieta.org.mx\/index.php\/wp-json\/wp\/v2\/types\/post"}],"author":[{"embeddable":true,"href":"http:\/\/www.grieta.org.mx\/index.php\/wp-json\/wp\/v2\/users\/2"}],"replies":[{"embeddable":true,"href":"http:\/\/www.grieta.org.mx\/index.php\/wp-json\/wp\/v2\/comments?post=10730"}],"version-history":[{"count":1,"href":"http:\/\/www.grieta.org.mx\/index.php\/wp-json\/wp\/v2\/posts\/10730\/revisions"}],"predecessor-version":[{"id":10733,"href":"http:\/\/www.grieta.org.mx\/index.php\/wp-json\/wp\/v2\/posts\/10730\/revisions\/10733"}],"wp:featuredmedia":[{"embeddable":true,"href":"http:\/\/www.grieta.org.mx\/index.php\/wp-json\/wp\/v2\/media\/21928"}],"wp:attachment":[{"href":"http:\/\/www.grieta.org.mx\/index.php\/wp-json\/wp\/v2\/media?parent=10730"}],"wp:term":[{"taxonomy":"category","embeddable":true,"href":"http:\/\/www.grieta.org.mx\/index.php\/wp-json\/wp\/v2\/categories?post=10730"},{"taxonomy":"post_tag","embeddable":true,"href":"http:\/\/www.grieta.org.mx\/index.php\/wp-json\/wp\/v2\/tags?post=10730"}],"curies":[{"name":"wp","href":"https:\/\/api.w.org\/{rel}","templated":true}]}}