{"id":10688,"date":"2016-04-16T03:04:06","date_gmt":"2016-04-16T03:04:06","guid":{"rendered":"http:\/\/www.grieta.org.mx\/?p=10688"},"modified":"2016-04-22T03:04:46","modified_gmt":"2016-04-22T03:04:46","slug":"se-manifiestan-docentes-de-la-entidad-para-exigir-la-reinstalacion-de-180-companeros-despedidos","status":"publish","type":"post","link":"http:\/\/www.grieta.org.mx\/index.php\/2016\/04\/16\/se-manifiestan-docentes-de-la-entidad-para-exigir-la-reinstalacion-de-180-companeros-despedidos\/","title":{"rendered":"Se manifiestan docentes de la entidad para exigir la reinstalaci\u00f3n de 180 compa\u00f1eros despedidos"},"content":{"rendered":"<p>Isaura L\u00f3pez Villalobos<\/p>\n<p>El magisterio de Jalisco exige la reinstalaci\u00f3n laboral de 180 maestros y maestras del sistema de educaci\u00f3n b\u00e1sico y del Colegio de Bachilleres cesados por no presentar el examen de evaluaci\u00f3n; denuncian que a la fecha el Contrato Colectivo a\u00fan no est\u00e1 armonizado con la modificaci\u00f3n realizada a la Ley General de Educaci\u00f3n.<\/p>\n<p>Cerca de 800 personas se manifestaron este viernes en apoyo de los docentes que han sido despedidos en la entidad; maestros, maestras, alumnos, padres de familia se unieron al contingente que por casi dos horas recorrieron las avenidas Vallarta, Chapultepec-Pedro Moreno e Hidalgo.<\/p>\n<p>En las pancartas se pod\u00eda leer: &#8220;Basta de reformas absurdas que s\u00f3lo empobrecen al pa\u00eds&#8221;, &#8220;luchar por lo justo es justo, luchar por luchar no tiene sentido&#8221;, &#8220;Una evaluaci\u00f3n no define la capacidad de un maestro&#8221;, &#8220;No a la reforma educativa&#8221;.<\/p>\n<p>La manifestaci\u00f3n concluy\u00f3 en Plaza de Armas frente a Palacio de Gobierno, donde los representantes gremiales anunciaron que mantendr\u00e1n un plant\u00f3n permanente, como parte de las acciones que se vienen realizando a nivel nacional, a decir de los inconformes Jalisco es la primera entidad federativa con mayor n\u00famero de maestros despedidos.<\/p>\n<p>El secretario general del Sindicato \u00danico de Acad\u00e9micos del Colegio de Bachilleres del Estado de Jalisco (Cobaej), Epifanio M\u00e9ndez Rojas, se\u00f1al\u00f3 que 104 docentes fueron despedidos supuestamente por la falta de evaluaci\u00f3n, sin embargo en el Contrato Colectivo reciente: &#8220;En ninguna de los incisos, en ninguna clausura dice que es motivo de despido el no aplicar una evaluaci\u00f3n y tambi\u00e9n la Ley Federal de Trabajo&#8221;.<\/p>\n<p>Reiter\u00f3 su inconformidad en el sentido que el personal educativo que cubre a quienes fueron despedidos carecen procesos administrativos para evaluar su perfil acad\u00e9mico: &#8220;Hizo el examen y reprobaron, hay maestros que no hicieron el examen, hay maestros que son parientes de encargados o directivos que est\u00e1n dando clases, entonces decimos que para uno si se aplica la ley y para otros no, no hay congruencia&#8221;.<\/p>\n<p>Los 104 maestros despedidos tienen un mes, quienes sean visto afectados en su econ\u00f3mica al ser el \u00fanico sost\u00e9n familiar: &#8220;Hacemos un llamado al Gobierno Federal y de Jalisco a que sean sensibles en la problem\u00e1tica que est\u00e1n teniendo en su familia estos maestros&#8221;.<\/p>\n<p>Lamenta que a ra\u00edz de las reformas educativas, la aplicaci\u00f3n del examen y cambios estructurales que afecta el entorno laboral educativo del pa\u00eds, afecten tambi\u00e9n las jubilaciones y pensiones de los maestros y maestras de M\u00e9xico.<\/p>\n<p><a href=\"http:\/\/www.oem.com.mx\/eloccidental\/notas\/n4135736.htm\" target=\"_blank\">http:\/\/www.oem.com.mx\/eloccidental\/notas\/n4135736.htm<\/a><\/p>\n","protected":false},"excerpt":{"rendered":"<p>Isaura L\u00f3pez Villalobos El magisterio de Jalisco exige la reinstalaci\u00f3n laboral de 180 maestros y maestras del sistema de educaci\u00f3n b\u00e1sico y del Colegio de Bachilleres cesados por no presentar &hellip; <a href=\"http:\/\/www.grieta.org.mx\/index.php\/2016\/04\/16\/se-manifiestan-docentes-de-la-entidad-para-exigir-la-reinstalacion-de-180-companeros-despedidos\/\" class=\"more-link\">Leer m\u00e1s<\/a><\/p>\n","protected":false},"author":2,"featured_media":21928,"comment_status":"closed","ping_status":"closed","sticky":false,"template":"","format":"standard","meta":{"ngg_post_thumbnail":0,"_jetpack_newsletter_access":"","_jetpack_dont_email_post_to_subs":false,"_jetpack_newsletter_tier_id":0,"_jetpack_memberships_contains_paywalled_content":false,"_jetpack_memberships_contains_paid_content":false,"footnotes":""},"categories":[80,230],"tags":[135,147],"class_list":["post-10688","post","type-post","status-publish","format-standard","has-post-thumbnail","hentry","category-cintillo","category-jalisco","tag-reforma-educativa","tag-trabajo","entry"],"jetpack_featured_media_url":"http:\/\/www.grieta.org.mx\/wp-content\/uploads\/2018\/03\/14524434_1106112876131411_958039263622046936_o.jpg","jetpack_sharing_enabled":true,"jetpack_shortlink":"https:\/\/wp.me\/p7ZJR4-2Mo","jetpack_likes_enabled":false,"jetpack-related-posts":[{"id":20853,"url":"http:\/\/www.grieta.org.mx\/index.php\/2016\/09\/02\/demandan-en-marcha-reinstalacion-de-maestros-despedidos-morelos\/","url_meta":{"origin":10688,"position":0},"title":"Demandan en marcha reinstalaci\u00f3n de maestros despedidos (MORELOS)","author":"grieta","date":"2 septiembre, 2016","format":false,"excerpt":"Tlaulli Preciado, Morelos. Como parte de las acciones nacionales, maestros de Morelos volvieron a salir este jueves a las calles de Cuernavaca para demandar la abrogaci\u00f3n de la reforma educativa y exigir la reinstalaci\u00f3n de los 25 profesores de la entidad cesados por no haber presentado la evaluaci\u00f3n de permanencia.\u2026","rel":"","context":"En &quot;CINTILLO&quot;","block_context":{"text":"CINTILLO","link":"http:\/\/www.grieta.org.mx\/index.php\/category\/cintillo\/"},"img":{"alt_text":"","src":"https:\/\/i0.wp.com\/www.grieta.org.mx\/wp-content\/uploads\/2018\/03\/14524434_1106112876131411_958039263622046936_o.jpg?resize=350%2C200","width":350,"height":200,"srcset":"https:\/\/i0.wp.com\/www.grieta.org.mx\/wp-content\/uploads\/2018\/03\/14524434_1106112876131411_958039263622046936_o.jpg?resize=350%2C200 1x, https:\/\/i0.wp.com\/www.grieta.org.mx\/wp-content\/uploads\/2018\/03\/14524434_1106112876131411_958039263622046936_o.jpg?resize=525%2C300 1.5x, https:\/\/i0.wp.com\/www.grieta.org.mx\/wp-content\/uploads\/2018\/03\/14524434_1106112876131411_958039263622046936_o.jpg?resize=700%2C400 2x"},"classes":[]},{"id":35489,"url":"http:\/\/www.grieta.org.mx\/index.php\/2019\/06\/21\/exigen-maestros-su-reinstalacion-tras-ser-cesados-por-la-anterior-reforma-educativa-jalisco\/","url_meta":{"origin":10688,"position":1},"title":"Exigen maestros su reinstalaci\u00f3n tras ser cesados por la anterior reforma educativa (Jalisco)","author":"grieta","date":"21 junio, 2019","format":false,"excerpt":"Foto: Rosario Bare\u00f1o Son 183\u00a0 docentes en Jalisco con antiguedad de hasta 20 a\u00f1os que fueron cesados; 72 de educaci\u00f3n b\u00e1sica y 111 de educaci\u00f3n media-superior Rosario Bare\u00f1o \/ El Occidental Exigen maestros la reinstalaci\u00f3n de sus plazas tras ser cesados en marzo del 2016 por no aceptar ser evaluados\u2026","rel":"","context":"En &quot;CINTILLO&quot;","block_context":{"text":"CINTILLO","link":"http:\/\/www.grieta.org.mx\/index.php\/category\/cintillo\/"},"img":{"alt_text":"","src":"https:\/\/i0.wp.com\/www.grieta.org.mx\/wp-content\/uploads\/2019\/06\/mestros.jpg?resize=350%2C200","width":350,"height":200,"srcset":"https:\/\/i0.wp.com\/www.grieta.org.mx\/wp-content\/uploads\/2019\/06\/mestros.jpg?resize=350%2C200 1x, https:\/\/i0.wp.com\/www.grieta.org.mx\/wp-content\/uploads\/2019\/06\/mestros.jpg?resize=525%2C300 1.5x, https:\/\/i0.wp.com\/www.grieta.org.mx\/wp-content\/uploads\/2019\/06\/mestros.jpg?resize=700%2C400 2x"},"classes":[]},{"id":12819,"url":"http:\/\/www.grieta.org.mx\/index.php\/2016\/05\/22\/reclaman-con-mitin-reinstalacion-de-docentes-jalisco\/","url_meta":{"origin":10688,"position":2},"title":"Reclaman con mitin reinstalaci\u00f3n de docentes (Jalisco)","author":"grieta","date":"22 mayo, 2016","format":false,"excerpt":"Violeta Mel\u00e9ndez Un grupo de maestros lleva un mes en protesta en la Plaza de la Liberaci\u00f3n para exigir se reinstalen a sus 185 hom\u00f3logos que fueron cesados del sistema educativo p\u00fablico por resistirse a presentar la evaluaci\u00f3n docente; los paristas, que han suspendido clases en algunas escuelas, sostienen que\u2026","rel":"","context":"En &quot;CINTILLO&quot;","block_context":{"text":"CINTILLO","link":"http:\/\/www.grieta.org.mx\/index.php\/category\/cintillo\/"},"img":{"alt_text":"","src":"https:\/\/i0.wp.com\/www.grieta.org.mx\/wp-content\/uploads\/2018\/03\/14524434_1106112876131411_958039263622046936_o.jpg?resize=350%2C200","width":350,"height":200,"srcset":"https:\/\/i0.wp.com\/www.grieta.org.mx\/wp-content\/uploads\/2018\/03\/14524434_1106112876131411_958039263622046936_o.jpg?resize=350%2C200 1x, https:\/\/i0.wp.com\/www.grieta.org.mx\/wp-content\/uploads\/2018\/03\/14524434_1106112876131411_958039263622046936_o.jpg?resize=525%2C300 1.5x, https:\/\/i0.wp.com\/www.grieta.org.mx\/wp-content\/uploads\/2018\/03\/14524434_1106112876131411_958039263622046936_o.jpg?resize=700%2C400 2x"},"classes":[]},{"id":3171,"url":"http:\/\/www.grieta.org.mx\/index.php\/2016\/08\/23\/movilizaciones-contra-la-reforma-educativa-y-la-evaluacion-magisterial-en-jalisco\/","url_meta":{"origin":10688,"position":3},"title":"Movilizaciones contra la Reforma educativa y evaluaci\u00f3n magisterial en Jalisco","author":"grieta","date":"23 agosto, 2016","format":false,"excerpt":"23\/08\/16. Maestros se manifestaron en el Aeropuerto Internacional de Guadalajara contra la Reforma Educativa Canal 44 23\/08\/16. Maestros en la regi\u00f3n de Los Altos trabajan bajo protesta (Video)Canal 44 27\/07\/16. Bloquean maestros casetasAM Lagos de Moreno 17\/07\/16. Frente Magisterial advierte accionesNtr Guadalajara 04\/07\/16. Abuchean a Aurelio Nu\u00f1o en JaliscoProceso 23\/06\/16.\u2026","rel":"","context":"En &quot;Jalisco&quot;","block_context":{"text":"Jalisco","link":"http:\/\/www.grieta.org.mx\/index.php\/category\/noticias-nacionales\/jalisco\/"},"img":{"alt_text":"","src":"https:\/\/i0.wp.com\/www.grieta.org.mx\/wp-content\/uploads\/2018\/03\/14524434_1106112876131411_958039263622046936_o.jpg?resize=350%2C200","width":350,"height":200,"srcset":"https:\/\/i0.wp.com\/www.grieta.org.mx\/wp-content\/uploads\/2018\/03\/14524434_1106112876131411_958039263622046936_o.jpg?resize=350%2C200 1x, https:\/\/i0.wp.com\/www.grieta.org.mx\/wp-content\/uploads\/2018\/03\/14524434_1106112876131411_958039263622046936_o.jpg?resize=525%2C300 1.5x, https:\/\/i0.wp.com\/www.grieta.org.mx\/wp-content\/uploads\/2018\/03\/14524434_1106112876131411_958039263622046936_o.jpg?resize=700%2C400 2x"},"classes":[]},{"id":17012,"url":"http:\/\/www.grieta.org.mx\/index.php\/2016\/07\/13\/maestros-de-morelos-amenazan-con-no-iniciar-proximo-ciclo-escolar\/","url_meta":{"origin":10688,"position":4},"title":"Maestros de Morelos amenazan con no iniciar pr\u00f3ximo ciclo escolar","author":"grieta","date":"13 julio, 2016","format":false,"excerpt":"Rubicela Morelos Cruz, corresponsal Cuernavaca, Mor. A unas horas de encabezar una marcha contra la reforma educativa y en favor de la reinstalaci\u00f3n de 25 maestros, el vocero del Movimiento Magisterial de Bases (MBB), Alejandro Trujillo Gonz\u00e1lez, anunci\u00f3 la inauguraci\u00f3n del 13 Curso Taller Nacional del Educador Popular. El curso\u2026","rel":"","context":"En &quot;Morelos&quot;","block_context":{"text":"Morelos","link":"http:\/\/www.grieta.org.mx\/index.php\/category\/noticias-nacionales\/morelos\/"},"img":{"alt_text":"","src":"https:\/\/i0.wp.com\/www.grieta.org.mx\/wp-content\/uploads\/2018\/03\/14524434_1106112876131411_958039263622046936_o.jpg?resize=350%2C200","width":350,"height":200,"srcset":"https:\/\/i0.wp.com\/www.grieta.org.mx\/wp-content\/uploads\/2018\/03\/14524434_1106112876131411_958039263622046936_o.jpg?resize=350%2C200 1x, https:\/\/i0.wp.com\/www.grieta.org.mx\/wp-content\/uploads\/2018\/03\/14524434_1106112876131411_958039263622046936_o.jpg?resize=525%2C300 1.5x, https:\/\/i0.wp.com\/www.grieta.org.mx\/wp-content\/uploads\/2018\/03\/14524434_1106112876131411_958039263622046936_o.jpg?resize=700%2C400 2x"},"classes":[]},{"id":38181,"url":"http:\/\/www.grieta.org.mx\/index.php\/2019\/08\/23\/maestros-de-telebachilleratos-de-yucatan-demandan-reinstalacion-video\/","url_meta":{"origin":10688,"position":5},"title":"Maestros de Telebachilleratos de Yucat\u00e1n demandan reinstalaci\u00f3n (Video)","author":"grieta","date":"23 agosto, 2019","format":false,"excerpt":"Jes\u00fas Mej\u00eda\/LectorMx M\u00e9rida, Yucat\u00e1n.- Unos 30 profesores del Telebachillerato Comunitario del Estado de Yucat\u00e1n (TCEY) demandaron la reinstalaci\u00f3n de 150 docentes que fueron despedidos, seg\u00fan dijeron, sin causa justificada. Rub\u00ed Capistr\u00e1n Arroyo, representante del Frente \u00danico Nacional de Trabajadores del TCEY, declar\u00f3 que fueron notificados de la rescisi\u00f3n de sus\u2026","rel":"","context":"En &quot;CINTILLO&quot;","block_context":{"text":"CINTILLO","link":"http:\/\/www.grieta.org.mx\/index.php\/category\/cintillo\/"},"img":{"alt_text":"","src":"https:\/\/i0.wp.com\/www.grieta.org.mx\/wp-content\/uploads\/2019\/08\/IMG-20190823-WA0012-1280x640-e1566584870440.jpg?resize=350%2C200","width":350,"height":200,"srcset":"https:\/\/i0.wp.com\/www.grieta.org.mx\/wp-content\/uploads\/2019\/08\/IMG-20190823-WA0012-1280x640-e1566584870440.jpg?resize=350%2C200 1x, https:\/\/i0.wp.com\/www.grieta.org.mx\/wp-content\/uploads\/2019\/08\/IMG-20190823-WA0012-1280x640-e1566584870440.jpg?resize=525%2C300 1.5x, https:\/\/i0.wp.com\/www.grieta.org.mx\/wp-content\/uploads\/2019\/08\/IMG-20190823-WA0012-1280x640-e1566584870440.jpg?resize=700%2C400 2x"},"classes":[]}],"_links":{"self":[{"href":"http:\/\/www.grieta.org.mx\/index.php\/wp-json\/wp\/v2\/posts\/10688","targetHints":{"allow":["GET"]}}],"collection":[{"href":"http:\/\/www.grieta.org.mx\/index.php\/wp-json\/wp\/v2\/posts"}],"about":[{"href":"http:\/\/www.grieta.org.mx\/index.php\/wp-json\/wp\/v2\/types\/post"}],"author":[{"embeddable":true,"href":"http:\/\/www.grieta.org.mx\/index.php\/wp-json\/wp\/v2\/users\/2"}],"replies":[{"embeddable":true,"href":"http:\/\/www.grieta.org.mx\/index.php\/wp-json\/wp\/v2\/comments?post=10688"}],"version-history":[{"count":1,"href":"http:\/\/www.grieta.org.mx\/index.php\/wp-json\/wp\/v2\/posts\/10688\/revisions"}],"predecessor-version":[{"id":10689,"href":"http:\/\/www.grieta.org.mx\/index.php\/wp-json\/wp\/v2\/posts\/10688\/revisions\/10689"}],"wp:featuredmedia":[{"embeddable":true,"href":"http:\/\/www.grieta.org.mx\/index.php\/wp-json\/wp\/v2\/media\/21928"}],"wp:attachment":[{"href":"http:\/\/www.grieta.org.mx\/index.php\/wp-json\/wp\/v2\/media?parent=10688"}],"wp:term":[{"taxonomy":"category","embeddable":true,"href":"http:\/\/www.grieta.org.mx\/index.php\/wp-json\/wp\/v2\/categories?post=10688"},{"taxonomy":"post_tag","embeddable":true,"href":"http:\/\/www.grieta.org.mx\/index.php\/wp-json\/wp\/v2\/tags?post=10688"}],"curies":[{"name":"wp","href":"https:\/\/api.w.org\/{rel}","templated":true}]}}