{"id":10682,"date":"2016-04-07T02:37:40","date_gmt":"2016-04-07T02:37:40","guid":{"rendered":"http:\/\/www.grieta.org.mx\/?p=10682"},"modified":"2016-04-23T18:04:28","modified_gmt":"2016-04-23T18:04:28","slug":"militarizacion-en-colima","status":"publish","type":"post","link":"http:\/\/www.grieta.org.mx\/index.php\/2016\/04\/07\/militarizacion-en-colima\/","title":{"rendered":"Militarizaci\u00f3n en Colima"},"content":{"rendered":"<p><strong>07\/04\/16. <\/strong><a href=\"http:\/\/www.grieta.org.mx\/index.php\/2016\/04\/07\/gobierno-y-congreso-regalan-terreno-parota-herrada-de-10-mdp-a-la-semar\/\" >Gobierno y Congreso regalan terreno \u201cParota Herrada\u201d de 10 MdP a la Semar<\/a><br \/><em>Colima Noticias<\/em><br  \/><\/p>\n","protected":false},"excerpt":{"rendered":"<p>07\/04\/16. Gobierno y Congreso regalan terreno \u201cParota Herrada\u201d de 10 MdP a la SemarColima Noticias<\/p>\n","protected":false},"author":2,"featured_media":21928,"comment_status":"closed","ping_status":"closed","sticky":false,"template":"","format":"standard","meta":{"ngg_post_thumbnail":0,"_jetpack_newsletter_access":"","_jetpack_dont_email_post_to_subs":false,"_jetpack_newsletter_tier_id":0,"_jetpack_memberships_contains_paywalled_content":false,"_jetpack_memberships_contains_paid_content":false,"footnotes":""},"categories":[13],"tags":[],"class_list":["post-10682","post","type-post","status-publish","format-standard","has-post-thumbnail","hentry","category-colima","entry"],"jetpack_featured_media_url":"http:\/\/www.grieta.org.mx\/wp-content\/uploads\/2018\/03\/14524434_1106112876131411_958039263622046936_o.jpg","jetpack_sharing_enabled":true,"jetpack_shortlink":"https:\/\/wp.me\/p7ZJR4-2Mi","jetpack_likes_enabled":false,"jetpack-related-posts":[{"id":10680,"url":"http:\/\/www.grieta.org.mx\/index.php\/2016\/04\/07\/gobierno-y-congreso-regalan-terreno-parota-herrada-de-10-mdp-a-la-semar\/","url_meta":{"origin":10682,"position":0},"title":"Gobierno y Congreso regalan terreno \u201cParota Herrada\u201d de 10 MdP a la Semar","author":"grieta","date":"7 abril, 2016","format":false,"excerpt":"*El inmueble, ubicado en Villa de \u00c1lvarez, era propiedad del Director del Sistema Estatal de Protecci\u00f3n Civil, Melchor Urz\u00faa. Juan Carlos Flores|COLIMANOTICIAS Colima, Col.- El Congreso del Estado autoriz\u00f3, por unanimidad, desincorporar un inmueble del gobierno del Estado de aproximadamente 341 hect\u00e1reas en el municipio de Villa de \u00c1lvarez a\u2026","rel":"","context":"En &quot;CINTILLO&quot;","block_context":{"text":"CINTILLO","link":"http:\/\/www.grieta.org.mx\/index.php\/category\/cintillo\/"},"img":{"alt_text":"","src":"https:\/\/i0.wp.com\/www.grieta.org.mx\/wp-content\/uploads\/2018\/03\/14524434_1106112876131411_958039263622046936_o.jpg?resize=350%2C200","width":350,"height":200,"srcset":"https:\/\/i0.wp.com\/www.grieta.org.mx\/wp-content\/uploads\/2018\/03\/14524434_1106112876131411_958039263622046936_o.jpg?resize=350%2C200 1x, https:\/\/i0.wp.com\/www.grieta.org.mx\/wp-content\/uploads\/2018\/03\/14524434_1106112876131411_958039263622046936_o.jpg?resize=525%2C300 1.5x, https:\/\/i0.wp.com\/www.grieta.org.mx\/wp-content\/uploads\/2018\/03\/14524434_1106112876131411_958039263622046936_o.jpg?resize=700%2C400 2x"},"classes":[]},{"id":37949,"url":"http:\/\/www.grieta.org.mx\/index.php\/2019\/08\/15\/ignacio-peralta-este-ano-guardia-nacional-colima\/","url_meta":{"origin":10682,"position":1},"title":"Ignacio Peralta: Este a\u00f1o, Guardia Nacional (Colima)","author":"grieta","date":"15 agosto, 2019","format":false,"excerpt":"Foto: Rocio Amescua Jes\u00fas Murgu\u00eda Rubio \/ El Mundo desde Colima El gobernador Jos\u00e9 Ignacio Peralta S\u00e1nchez asegur\u00f3 existe franco di\u00e1logo con el gobierno federal en materia de seguridad, buscando mejorar la situaci\u00f3n que enfrenta la entidad, con mejores estrategias promotoras de tranquilidad y paz, y en torno a la\u2026","rel":"","context":"En &quot;CINTILLO&quot;","block_context":{"text":"CINTILLO","link":"http:\/\/www.grieta.org.mx\/index.php\/category\/cintillo\/"},"img":{"alt_text":"","src":"https:\/\/i0.wp.com\/www.grieta.org.mx\/wp-content\/uploads\/2019\/08\/p01-f5-ago15-800x445.jpg?resize=350%2C200","width":350,"height":200,"srcset":"https:\/\/i0.wp.com\/www.grieta.org.mx\/wp-content\/uploads\/2019\/08\/p01-f5-ago15-800x445.jpg?resize=350%2C200 1x, https:\/\/i0.wp.com\/www.grieta.org.mx\/wp-content\/uploads\/2019\/08\/p01-f5-ago15-800x445.jpg?resize=525%2C300 1.5x, https:\/\/i0.wp.com\/www.grieta.org.mx\/wp-content\/uploads\/2019\/08\/p01-f5-ago15-800x445.jpg?resize=700%2C400 2x"},"classes":[]},{"id":1931,"url":"http:\/\/www.grieta.org.mx\/index.php\/2016\/08\/08\/lucha-y-resistencia-de-la-comunidad-nahua-de-zacualpan\/","url_meta":{"origin":10682,"position":2},"title":"Resistencia de la comunidad nahua de Zacualpan contra la miner\u00eda.","author":"grieta","date":"8 agosto, 2016","format":false,"excerpt":"08\/08\/16. Tomar\u00e1 posesi\u00f3n Taurino Rinc\u00f3n del manantial Ojo de Agua en ZacualpanColima Noticias 03\/04\/16. Que Nacho no se meta con ZacualpanPerriodismo 01\/04\/16. Protestan en Zacualpan contra nuevo presidente de Junta MunicipalPerriodismo 29\/03\/16. Autoridad comunal de Zacualpan rompe el di\u00e1logo con el gobierno; pide intervenci\u00f3n del CongresoDiario Avanzada 27\/03\/16. Y ahora,\u2026","rel":"","context":"En &quot;14. Zacualpan&quot;","block_context":{"text":"14. Zacualpan","link":"http:\/\/www.grieta.org.mx\/index.php\/category\/espejos-de-la-resistencia\/14-zacualpan\/"},"img":{"alt_text":"","src":"https:\/\/i0.wp.com\/www.grieta.org.mx\/wp-content\/uploads\/2018\/03\/14524434_1106112876131411_958039263622046936_o.jpg?resize=350%2C200","width":350,"height":200,"srcset":"https:\/\/i0.wp.com\/www.grieta.org.mx\/wp-content\/uploads\/2018\/03\/14524434_1106112876131411_958039263622046936_o.jpg?resize=350%2C200 1x, https:\/\/i0.wp.com\/www.grieta.org.mx\/wp-content\/uploads\/2018\/03\/14524434_1106112876131411_958039263622046936_o.jpg?resize=525%2C300 1.5x, https:\/\/i0.wp.com\/www.grieta.org.mx\/wp-content\/uploads\/2018\/03\/14524434_1106112876131411_958039263622046936_o.jpg?resize=700%2C400 2x"},"classes":[]},{"id":48240,"url":"http:\/\/www.grieta.org.mx\/index.php\/2020\/04\/21\/asumen-militares-seguridad-en-instalaciones-de-imss-colima\/","url_meta":{"origin":10682,"position":3},"title":"Asumen militares seguridad en instalaciones de IMSS Colima","author":"grieta","date":"21 abril, 2020","format":false,"excerpt":"Foto: Especial Redacci\u00f3n \/ El Noticiero en L\u00ednea Elementos de la Sedena, Marina Armada y Guardia Nacional desplegaron un operativo en instalaciones y almacenes del IMSS en Colima, a fin de garantizar la seguridad del personal m\u00e9dico y de enfermer\u00eda y proteger material y equipo m\u00e9dico. Este operativo forma parte\u2026","rel":"","context":"En &quot;CINTILLO&quot;","block_context":{"text":"CINTILLO","link":"http:\/\/www.grieta.org.mx\/index.php\/category\/cintillo\/"},"img":{"alt_text":"","src":"https:\/\/i0.wp.com\/www.grieta.org.mx\/wp-content\/uploads\/2020\/04\/GUARDIA.jpg?resize=350%2C200","width":350,"height":200,"srcset":"https:\/\/i0.wp.com\/www.grieta.org.mx\/wp-content\/uploads\/2020\/04\/GUARDIA.jpg?resize=350%2C200 1x, https:\/\/i0.wp.com\/www.grieta.org.mx\/wp-content\/uploads\/2020\/04\/GUARDIA.jpg?resize=525%2C300 1.5x, https:\/\/i0.wp.com\/www.grieta.org.mx\/wp-content\/uploads\/2020\/04\/GUARDIA.jpg?resize=700%2C400 2x"},"classes":[]},{"id":51311,"url":"http:\/\/www.grieta.org.mx\/index.php\/2020\/06\/24\/colima-cuenta-con-247-mdp-para-mejorar-la-seguridad-y-no-ha-invertido-un-solo-peso\/","url_meta":{"origin":10682,"position":4},"title":"Colima cuenta con 247 MDP para mejorar la seguridad y no ha invertido un solo peso","author":"grieta","date":"24 junio, 2020","format":false,"excerpt":"Foto: Diario Avanzada Heidi de Le\u00f3n Guti\u00e9rrez \/ Diario Avanzada Colima, M\u00e9xico, Avanzada (24\/06\/2020).-\u00a0Hasta el pasado mes de abril, el Gobierno de Colima no hab\u00eda ejercido un solo peso del Fondo de Aportaciones para la Seguridad P\u00fablica (FASP) a pesar de que es l\u00edder en homicidios dolosos en el pa\u00eds\u2026","rel":"","context":"En &quot;CINTILLO&quot;","block_context":{"text":"CINTILLO","link":"http:\/\/www.grieta.org.mx\/index.php\/category\/cintillo\/"},"img":{"alt_text":"","src":"https:\/\/i0.wp.com\/www.grieta.org.mx\/wp-content\/uploads\/2018\/03\/14524434_1106112876131411_958039263622046936_o.jpg?resize=350%2C200","width":350,"height":200,"srcset":"https:\/\/i0.wp.com\/www.grieta.org.mx\/wp-content\/uploads\/2018\/03\/14524434_1106112876131411_958039263622046936_o.jpg?resize=350%2C200 1x, https:\/\/i0.wp.com\/www.grieta.org.mx\/wp-content\/uploads\/2018\/03\/14524434_1106112876131411_958039263622046936_o.jpg?resize=525%2C300 1.5x, https:\/\/i0.wp.com\/www.grieta.org.mx\/wp-content\/uploads\/2018\/03\/14524434_1106112876131411_958039263622046936_o.jpg?resize=700%2C400 2x"},"classes":[]},{"id":50727,"url":"http:\/\/www.grieta.org.mx\/index.php\/2020\/06\/10\/colima-reporto-en-abril-un-gasto-de-49-mdp-para-adquirir-ventiladores-no-llegaron\/","url_meta":{"origin":10682,"position":5},"title":"Colima report\u00f3 en abril un gasto de 49 MDP para adquirir ventiladores\u2026 no llegaron","author":"grieta","date":"10 junio, 2020","format":false,"excerpt":"foto: Diario Avanzada Heidi de Le\u00f3n Guti\u00e9rrez \/ Diario Avanzada Colima, M\u00e9xico, Avanzada (10\/06\/2020).- Desde el pasado mes de abril, el Gobierno de Colima report\u00f3 que compr\u00f3 50 ventiladores adulto-pedi\u00e1tricos que servir\u00e1n para atender a los enfermos del Covid-19 y por los cuales pag\u00f3 49 millones de pesos, pero a\u2026","rel":"","context":"En &quot;CINTILLO&quot;","block_context":{"text":"CINTILLO","link":"http:\/\/www.grieta.org.mx\/index.php\/category\/cintillo\/"},"img":{"alt_text":"","src":"https:\/\/i0.wp.com\/www.grieta.org.mx\/wp-content\/uploads\/2020\/06\/Salud-Covid-2.jpeg?resize=350%2C200","width":350,"height":200,"srcset":"https:\/\/i0.wp.com\/www.grieta.org.mx\/wp-content\/uploads\/2020\/06\/Salud-Covid-2.jpeg?resize=350%2C200 1x, https:\/\/i0.wp.com\/www.grieta.org.mx\/wp-content\/uploads\/2020\/06\/Salud-Covid-2.jpeg?resize=525%2C300 1.5x, https:\/\/i0.wp.com\/www.grieta.org.mx\/wp-content\/uploads\/2020\/06\/Salud-Covid-2.jpeg?resize=700%2C400 2x"},"classes":[]}],"_links":{"self":[{"href":"http:\/\/www.grieta.org.mx\/index.php\/wp-json\/wp\/v2\/posts\/10682","targetHints":{"allow":["GET"]}}],"collection":[{"href":"http:\/\/www.grieta.org.mx\/index.php\/wp-json\/wp\/v2\/posts"}],"about":[{"href":"http:\/\/www.grieta.org.mx\/index.php\/wp-json\/wp\/v2\/types\/post"}],"author":[{"embeddable":true,"href":"http:\/\/www.grieta.org.mx\/index.php\/wp-json\/wp\/v2\/users\/2"}],"replies":[{"embeddable":true,"href":"http:\/\/www.grieta.org.mx\/index.php\/wp-json\/wp\/v2\/comments?post=10682"}],"version-history":[{"count":1,"href":"http:\/\/www.grieta.org.mx\/index.php\/wp-json\/wp\/v2\/posts\/10682\/revisions"}],"predecessor-version":[{"id":10705,"href":"http:\/\/www.grieta.org.mx\/index.php\/wp-json\/wp\/v2\/posts\/10682\/revisions\/10705"}],"wp:featuredmedia":[{"embeddable":true,"href":"http:\/\/www.grieta.org.mx\/index.php\/wp-json\/wp\/v2\/media\/21928"}],"wp:attachment":[{"href":"http:\/\/www.grieta.org.mx\/index.php\/wp-json\/wp\/v2\/media?parent=10682"}],"wp:term":[{"taxonomy":"category","embeddable":true,"href":"http:\/\/www.grieta.org.mx\/index.php\/wp-json\/wp\/v2\/categories?post=10682"},{"taxonomy":"post_tag","embeddable":true,"href":"http:\/\/www.grieta.org.mx\/index.php\/wp-json\/wp\/v2\/tags?post=10682"}],"curies":[{"name":"wp","href":"https:\/\/api.w.org\/{rel}","templated":true}]}}