{"id":10649,"date":"2016-04-05T00:03:39","date_gmt":"2016-04-05T00:03:39","guid":{"rendered":"http:\/\/www.grieta.org.mx\/?p=10649"},"modified":"2016-04-22T00:06:57","modified_gmt":"2016-04-22T00:06:57","slug":"avanza-coahuila-en-infraestructura-militar","status":"publish","type":"post","link":"http:\/\/www.grieta.org.mx\/index.php\/2016\/04\/05\/avanza-coahuila-en-infraestructura-militar\/","title":{"rendered":"Avanza Coahuila en infraestructura militar"},"content":{"rendered":"<p>Torre\u00f3n, Coah.- Coahuila avanza en la construcci\u00f3n de m\u00e1s infraestructura militar; as\u00ed se dio a conocer en la reuni\u00f3n de trabajo que sostuvo el Gobernador Rub\u00e9n Moreira con el subsecretario de la Defensa Nacional, General No\u00e9 Sandoval Alc\u00e1zar.<\/p>\n<p>Coahuila construye un gran cuartel militar para un regimiento de Caballer\u00eda en Piedras Negras m\u00e1s seis bases militares en los municipios de Allende, Guerrero, Hidalgo, Candela, Viesca y Ju\u00e1rez y prepara la construcci\u00f3n de otro cuartel en el municipio de San Pedro.<\/p>\n<p>En la reuni\u00f3n efectuada en las instalaciones de la Estaci\u00f3n Militar de Torre\u00f3n, se indic\u00f3 que el Gobierno del estado seguir\u00e1 luchando contra el narcotr\u00e1fico y apoyando al Ej\u00e9rcito en esta misi\u00f3n.<\/p>\n<p>En la reuni\u00f3n estuvieron el General Uribe Toledo Sibaja, Comandante de la XI Regi\u00f3n Militar; el General Jens Pedro Lohmann Iturburu, Comandante de la Sexta Zona Militar.<\/p>\n<p>Tambi\u00e9n el Alcalde Miguel \u00c1ngel Riquelme Sol\u00eds y el Procurador General de Justicia de Coahuila, Homero Ramos Gloria; as\u00ed como el Secretario de Finanzas, Ismael Ramos Flores.<\/p>\n<p><a href=\"http:\/\/www.zocalo.com.mx\/seccion\/articulo\/avanza-coahuila-en-infraestructura-militar-1459885047\" target=\"_blank\">http:\/\/www.zocalo.com.mx\/seccion\/articulo\/avanza-coahuila-en-infraestructura-militar-1459885047<\/a><\/p>\n","protected":false},"excerpt":{"rendered":"<p>Torre\u00f3n, Coah.- Coahuila avanza en la construcci\u00f3n de m\u00e1s infraestructura militar; as\u00ed se dio a conocer en la reuni\u00f3n de trabajo que sostuvo el Gobernador Rub\u00e9n Moreira con el subsecretario &hellip; <a href=\"http:\/\/www.grieta.org.mx\/index.php\/2016\/04\/05\/avanza-coahuila-en-infraestructura-militar\/\" class=\"more-link\">Leer m\u00e1s<\/a><\/p>\n","protected":false},"author":2,"featured_media":21928,"comment_status":"closed","ping_status":"closed","sticky":false,"template":"","format":"standard","meta":{"ngg_post_thumbnail":0,"_jetpack_newsletter_access":"","_jetpack_dont_email_post_to_subs":false,"_jetpack_newsletter_tier_id":0,"_jetpack_memberships_contains_paywalled_content":false,"_jetpack_memberships_contains_paid_content":false,"footnotes":""},"categories":[80,250],"tags":[614,298,615],"class_list":["post-10649","post","type-post","status-publish","format-standard","has-post-thumbnail","hentry","category-cintillo","category-coahuila","tag-militarizacion","tag-piedras-negras","tag-san-pedro-de-las-colonias","entry"],"jetpack_featured_media_url":"http:\/\/www.grieta.org.mx\/wp-content\/uploads\/2018\/03\/14524434_1106112876131411_958039263622046936_o.jpg","jetpack_sharing_enabled":true,"jetpack_shortlink":"https:\/\/wp.me\/p7ZJR4-2LL","jetpack_likes_enabled":false,"jetpack-related-posts":[{"id":10651,"url":"http:\/\/www.grieta.org.mx\/index.php\/2016\/01\/05\/enterate-sedena-construira-cuartel-militar-en-coahuila\/","url_meta":{"origin":10649,"position":0},"title":"\u00a1Ent\u00e9rate! Sedena construir\u00e1 cuartel militar en Coahuila","author":"grieta","date":"5 enero, 2016","format":false,"excerpt":"Magda Guardiola \u00bfEn qu\u00e9 consiste? Ser\u00e1 ubicado en 300 hect\u00e1reas del municipio de San Pedro de las Colonias y concentrar\u00e1 tres mil efectivos; se estima que el costo de esta brigada sea de 500 millones de pesos y que inicie operaciones en 2017. El dato... Este nuevo cuartel ser\u00e1 m\u00e1s\u2026","rel":"","context":"En &quot;CINTILLO&quot;","block_context":{"text":"CINTILLO","link":"http:\/\/www.grieta.org.mx\/index.php\/category\/cintillo\/"},"img":{"alt_text":"","src":"https:\/\/i0.wp.com\/www.grieta.org.mx\/wp-content\/uploads\/2018\/03\/14524434_1106112876131411_958039263622046936_o.jpg?resize=350%2C200","width":350,"height":200,"srcset":"https:\/\/i0.wp.com\/www.grieta.org.mx\/wp-content\/uploads\/2018\/03\/14524434_1106112876131411_958039263622046936_o.jpg?resize=350%2C200 1x, https:\/\/i0.wp.com\/www.grieta.org.mx\/wp-content\/uploads\/2018\/03\/14524434_1106112876131411_958039263622046936_o.jpg?resize=525%2C300 1.5x, https:\/\/i0.wp.com\/www.grieta.org.mx\/wp-content\/uploads\/2018\/03\/14524434_1106112876131411_958039263622046936_o.jpg?resize=700%2C400 2x"},"classes":[]},{"id":12757,"url":"http:\/\/www.grieta.org.mx\/index.php\/2016\/05\/12\/nueva-brigada-militar-para-norte-del-pais-con-inversion-privada\/","url_meta":{"origin":10649,"position":1},"title":"Nueva brigada militar para norte del pa\u00eds, con inversi\u00f3n privada","author":"grieta","date":"12 mayo, 2016","format":false,"excerpt":"Torre\u00f3n, Coah. El secretario de la Defensa Nacional, General Salvador Cienfuegos Zepeda, encabez\u00f3 la firma de un convenio para la construcci\u00f3n de una brigada de la polic\u00eda militar en el municipio de San Pedro de las Colonias que tendr\u00e1 una inversi\u00f3n compartida entre la iniciativa privada y los gobiernos de\u2026","rel":"","context":"En &quot;CINTILLO&quot;","block_context":{"text":"CINTILLO","link":"http:\/\/www.grieta.org.mx\/index.php\/category\/cintillo\/"},"img":{"alt_text":"","src":"https:\/\/i0.wp.com\/www.grieta.org.mx\/wp-content\/uploads\/2018\/03\/14524434_1106112876131411_958039263622046936_o.jpg?resize=350%2C200","width":350,"height":200,"srcset":"https:\/\/i0.wp.com\/www.grieta.org.mx\/wp-content\/uploads\/2018\/03\/14524434_1106112876131411_958039263622046936_o.jpg?resize=350%2C200 1x, https:\/\/i0.wp.com\/www.grieta.org.mx\/wp-content\/uploads\/2018\/03\/14524434_1106112876131411_958039263622046936_o.jpg?resize=525%2C300 1.5x, https:\/\/i0.wp.com\/www.grieta.org.mx\/wp-content\/uploads\/2018\/03\/14524434_1106112876131411_958039263622046936_o.jpg?resize=700%2C400 2x"},"classes":[]},{"id":10653,"url":"http:\/\/www.grieta.org.mx\/index.php\/2016\/05\/22\/militarizacion-en-coahuila\/","url_meta":{"origin":10649,"position":2},"title":"Militarizaci\u00f3n en Coahuila","author":"grieta","date":"22 mayo, 2016","format":false,"excerpt":"19\/05\/16. Llega un nuevo contingente del Ej\u00e9rcito con 400 elementos a PN Capital Coahuila 12\/05\/16. Nueva brigada militar para norte del pa\u00eds, con inversi\u00f3n privada La Jornada 05\/04\/16. Avanza Coahuila en infraestructura militar Z\u00f3calo Saltillo 05\/01\/16. \u00a1Ent\u00e9rate! Sedena construir\u00e1 cuartel militar en Coahuila Uno Tv","rel":"","context":"En &quot;Coahuila&quot;","block_context":{"text":"Coahuila","link":"http:\/\/www.grieta.org.mx\/index.php\/category\/noticias-nacionales\/coahuila\/"},"img":{"alt_text":"","src":"https:\/\/i0.wp.com\/www.grieta.org.mx\/wp-content\/uploads\/2018\/03\/14524434_1106112876131411_958039263622046936_o.jpg?resize=350%2C200","width":350,"height":200,"srcset":"https:\/\/i0.wp.com\/www.grieta.org.mx\/wp-content\/uploads\/2018\/03\/14524434_1106112876131411_958039263622046936_o.jpg?resize=350%2C200 1x, https:\/\/i0.wp.com\/www.grieta.org.mx\/wp-content\/uploads\/2018\/03\/14524434_1106112876131411_958039263622046936_o.jpg?resize=525%2C300 1.5x, https:\/\/i0.wp.com\/www.grieta.org.mx\/wp-content\/uploads\/2018\/03\/14524434_1106112876131411_958039263622046936_o.jpg?resize=700%2C400 2x"},"classes":[]},{"id":26690,"url":"http:\/\/www.grieta.org.mx\/index.php\/2018\/09\/22\/exhuman-cuerpos-y-encuentran-restos-oseos-de-mas-en-torreon-y-piedras-negras-coahuila\/","url_meta":{"origin":10649,"position":3},"title":"Exhuman cuerpos y encuentran restos \u00f3seos de m\u00e1s en Torre\u00f3n y Piedras Negras (Coahuila)","author":"grieta","date":"22 septiembre, 2018","format":false,"excerpt":"Ya han encontrado m\u00e1s cuerpos de los registrados Armando R\u00edos\/VANGUARDIA MX En la \u00faltima semana, ya van dos ocasiones en que la Fiscal\u00eda General del Estado y los colectivos de familiares de personas desaparecidas, encuentran m\u00e1s cuerpos de los registrados dentro de las jornadas de exhumaciones que se est\u00e1n realizando\u2026","rel":"","context":"En &quot;CINTILLO&quot;","block_context":{"text":"CINTILLO","link":"http:\/\/www.grieta.org.mx\/index.php\/category\/cintillo\/"},"img":{"alt_text":"","src":"https:\/\/i0.wp.com\/www.grieta.org.mx\/wp-content\/uploads\/2018\/09\/Cuerpos-de-mas.jpg?resize=350%2C200","width":350,"height":200,"srcset":"https:\/\/i0.wp.com\/www.grieta.org.mx\/wp-content\/uploads\/2018\/09\/Cuerpos-de-mas.jpg?resize=350%2C200 1x, https:\/\/i0.wp.com\/www.grieta.org.mx\/wp-content\/uploads\/2018\/09\/Cuerpos-de-mas.jpg?resize=525%2C300 1.5x, https:\/\/i0.wp.com\/www.grieta.org.mx\/wp-content\/uploads\/2018\/09\/Cuerpos-de-mas.jpg?resize=700%2C400 2x"},"classes":[]},{"id":61816,"url":"http:\/\/www.grieta.org.mx\/index.php\/2021\/09\/19\/bloquean-llegada-de-mas-migrantes-a-piedras-negras-coahuila\/","url_meta":{"origin":10649,"position":4},"title":"Bloquean llegada de m\u00e1s migrantes a Piedras Negras (Coahuila)","author":"grieta","date":"19 septiembre, 2021","format":false,"excerpt":"Josu\u00e9 Rodr\u00edguez\/ VANGUARDIA MX Indocumentados arribaron a PN e intentaron burlar a polic\u00edas y agentes de migraci\u00f3n para buscar quedarse en la ciudad PIEDRAS NEGRAS.- El alcalde de Piedras Negras, Claudio Bres Garza, relat\u00f3 que, migrantes que buscaban ingresar a Piedras Negras, se bajaron de un transporte for\u00e1neo y se\u2026","rel":"","context":"En &quot;CINTILLO&quot;","block_context":{"text":"CINTILLO","link":"http:\/\/www.grieta.org.mx\/index.php\/category\/cintillo\/"},"img":{"alt_text":"","src":"https:\/\/i0.wp.com\/www.grieta.org.mx\/wp-content\/uploads\/2021\/09\/Mig16_1-268158_20210919085434.jpg?resize=350%2C200","width":350,"height":200,"srcset":"https:\/\/i0.wp.com\/www.grieta.org.mx\/wp-content\/uploads\/2021\/09\/Mig16_1-268158_20210919085434.jpg?resize=350%2C200 1x, https:\/\/i0.wp.com\/www.grieta.org.mx\/wp-content\/uploads\/2021\/09\/Mig16_1-268158_20210919085434.jpg?resize=525%2C300 1.5x, https:\/\/i0.wp.com\/www.grieta.org.mx\/wp-content\/uploads\/2021\/09\/Mig16_1-268158_20210919085434.jpg?resize=700%2C400 2x"},"classes":[]},{"id":12619,"url":"http:\/\/www.grieta.org.mx\/index.php\/2016\/05\/19\/llega-un-nuevo-contingente-del-ejercito-con-400-elementos-a-pn\/","url_meta":{"origin":10649,"position":5},"title":"Llega un nuevo contingente del Ej\u00e9rcito con 400 elementos a PN (Coahuila)","author":"grieta","date":"19 mayo, 2016","format":false,"excerpt":"El edil puntualiz\u00f3 que con esta cantidad de efectivos se llega a la meta de tener 700 elementos Por Norma Ruth Ram\u00edrez Plascencia Piedras Negras, Coah.- Al dar la bienvenida a un segundo convoy militar integrado por 400 elementos de la Sedena, el alcalde Fernando Puron Johnston reiter\u00f3 que Piedras\u2026","rel":"","context":"En &quot;CINTILLO&quot;","block_context":{"text":"CINTILLO","link":"http:\/\/www.grieta.org.mx\/index.php\/category\/cintillo\/"},"img":{"alt_text":"","src":"https:\/\/i0.wp.com\/www.grieta.org.mx\/wp-content\/uploads\/2018\/03\/14524434_1106112876131411_958039263622046936_o.jpg?resize=350%2C200","width":350,"height":200,"srcset":"https:\/\/i0.wp.com\/www.grieta.org.mx\/wp-content\/uploads\/2018\/03\/14524434_1106112876131411_958039263622046936_o.jpg?resize=350%2C200 1x, https:\/\/i0.wp.com\/www.grieta.org.mx\/wp-content\/uploads\/2018\/03\/14524434_1106112876131411_958039263622046936_o.jpg?resize=525%2C300 1.5x, https:\/\/i0.wp.com\/www.grieta.org.mx\/wp-content\/uploads\/2018\/03\/14524434_1106112876131411_958039263622046936_o.jpg?resize=700%2C400 2x"},"classes":[]}],"_links":{"self":[{"href":"http:\/\/www.grieta.org.mx\/index.php\/wp-json\/wp\/v2\/posts\/10649","targetHints":{"allow":["GET"]}}],"collection":[{"href":"http:\/\/www.grieta.org.mx\/index.php\/wp-json\/wp\/v2\/posts"}],"about":[{"href":"http:\/\/www.grieta.org.mx\/index.php\/wp-json\/wp\/v2\/types\/post"}],"author":[{"embeddable":true,"href":"http:\/\/www.grieta.org.mx\/index.php\/wp-json\/wp\/v2\/users\/2"}],"replies":[{"embeddable":true,"href":"http:\/\/www.grieta.org.mx\/index.php\/wp-json\/wp\/v2\/comments?post=10649"}],"version-history":[{"count":1,"href":"http:\/\/www.grieta.org.mx\/index.php\/wp-json\/wp\/v2\/posts\/10649\/revisions"}],"predecessor-version":[{"id":10650,"href":"http:\/\/www.grieta.org.mx\/index.php\/wp-json\/wp\/v2\/posts\/10649\/revisions\/10650"}],"wp:featuredmedia":[{"embeddable":true,"href":"http:\/\/www.grieta.org.mx\/index.php\/wp-json\/wp\/v2\/media\/21928"}],"wp:attachment":[{"href":"http:\/\/www.grieta.org.mx\/index.php\/wp-json\/wp\/v2\/media?parent=10649"}],"wp:term":[{"taxonomy":"category","embeddable":true,"href":"http:\/\/www.grieta.org.mx\/index.php\/wp-json\/wp\/v2\/categories?post=10649"},{"taxonomy":"post_tag","embeddable":true,"href":"http:\/\/www.grieta.org.mx\/index.php\/wp-json\/wp\/v2\/tags?post=10649"}],"curies":[{"name":"wp","href":"https:\/\/api.w.org\/{rel}","templated":true}]}}