{"id":10631,"date":"2016-04-16T02:35:35","date_gmt":"2016-04-16T02:35:35","guid":{"rendered":"http:\/\/www.grieta.org.mx\/?p=10631"},"modified":"2016-04-20T02:38:41","modified_gmt":"2016-04-20T02:38:41","slug":"en-rechazo-a-la-reforma-educativa-la-seccion-22-acciona-en-el-istmo","status":"publish","type":"post","link":"http:\/\/www.grieta.org.mx\/index.php\/2016\/04\/16\/en-rechazo-a-la-reforma-educativa-la-seccion-22-acciona-en-el-istmo\/","title":{"rendered":"En rechazo a la reforma educativa la secci\u00f3n 22 acciona en el istmo"},"content":{"rendered":"<p>Diana Manzo, Oaxaca<\/p>\n<p>Juchit\u00e1n 16 abr (#Istmopress) .- Unos 2 mil maestros de la Secci\u00f3n 22 de la CNTE en el Istmo de Tehuantepec encabezaron dos bloqueos carreteros  como parte de sus acciones contra la reforma educativa, ley de educaci\u00f3n en Oaxaca y exigencia de la libertad de presos pol\u00edticos.<\/p>\n<p>Alrededor de las 10:00 horas los profesores de los sectores Juchit\u00e1n, Salina Cruz y Reforma de Pineda se ubicaron a la altura del puente Zanatepec y con piedras bloquearon el transito vehicular al estado de Chiapas y la segunda concentraci\u00f3n encabezada por maestros de los sectores Mat\u00edas Romero, Tehuantepec e Ixtepec accionaron en el crucero de Mat\u00edas  Romero que dej\u00f3 sin paso  a los automovilistas al estado de Veracruz.<\/p>\n<p>Los trabajadores de la educaci\u00f3n  manifestaron a las autoridades tanto federal como de Oaxaca,  un alto  a la represi\u00f3n por medio de ordenes de aprehensi\u00f3n, debido a que este jueves fue detenido  en la capital oaxaque\u00f1a el Secretario de Finanzas Aciel Sibaja Mendoza, quien se encuentra recluido en el penal de Miahuatl\u00e1n.<\/p>\n<p>Algunos profesores portaban  pancartas y lonas  en donde manifestaron su rechazo a la reforma educativa, la cual llamaron es una reforma laboral que atenta contra la soberan\u00eda de la educaci\u00f3n en el pa\u00eds.<\/p>\n<p>Cesar Mart\u00ednez, delegado representativo  de la Secci\u00f3n 22 ante la CNTE inform\u00f3 que este paro de labores no solo ocurri\u00f3 en el estado de Oaxaca sino de manera simult\u00e1nea en los estados de Chiapas, Veracruz, Guerrero, Michoac\u00e1n y en el norte del pa\u00eds.<\/p>\n<p>Se\u00f1al\u00f3 que el repudio contra la Secretaria de Educaci\u00f3n Publica (SEP) es el despido de 4 mil maestros por no acudir a la evaluaci\u00f3n docente el a\u00f1o pasado como parte de la reforma educativa.<\/p>\n<p>\u201cNos quieren imponer una reforma educativa que es laboral, donde los derechos de os trabajadores se violentan adem\u00e1s de que no es un cambio en las aulas, sino en la fiscalizaci\u00f3n, por eso estamos en contra\u201d, dijo.<\/p>\n<p>El profesor indic\u00f3 que con esta movilizaci\u00f3n se esta dando el inicio a las protestas nacionales en el pa\u00eds con rumbo al paro nacional que comenzar\u00e1 el pr\u00f3ximo 15 de mayo.<\/p>\n<p>\u201cLos maestros de Oaxaca hemos insistido en una mesa de negociaci\u00f3n con Gabino Cu\u00e9 para dialogar sobre la libertad de nuestros compa\u00f1eros presos, a quienes se les acusa de delitos que no cometieron, asimismo rechazamos la ley educativa que hace una semana avalaron las y los diputados de Oaxaca, quienes se les olvida porque fueron elegidos\u201d, expres\u00f3.<\/p>\n<p>Los profesores se\u00f1alaron que no les ocupa los descuentos anunciados por la SEP a lo que dijeron \u201cla raz\u00f3n los asiste\u201d y seguir\u00e1n manifest\u00e1ndose hasta lograr la libertad de sus compa\u00f1eros.<\/p>\n<p>Entre otros puntos, los maestros exigen al gobierno federal la aparici\u00f3n con vida de los  43 normalistas de Ayotzinapa y un alto a la represi\u00f3n de normalistas en el pa\u00eds.<\/p>\n<p>Las clases se suspendieron en el 90 por ciento de las escuelas de la entidad, laborando \u00fanicamente los profesores de la secci\u00f3n 59 del SNTE.<\/p>\n<p><a href=\"http:\/\/www.istmopress.com.mx\/istmo\/rechazo-la-reforma-educativa-la-seccion-22-acciona-istmo\/\" target=\"_blank\">http:\/\/www.istmopress.com.mx\/istmo\/rechazo-la-reforma-educativa-la-seccion-22-acciona-istmo\/<\/a><\/p>\n","protected":false},"excerpt":{"rendered":"<p>Diana Manzo, Oaxaca Juchit\u00e1n 16 abr (#Istmopress) .- Unos 2 mil maestros de la Secci\u00f3n 22 de la CNTE en el Istmo de Tehuantepec encabezaron dos bloqueos carreteros como parte &hellip; <a href=\"http:\/\/www.grieta.org.mx\/index.php\/2016\/04\/16\/en-rechazo-a-la-reforma-educativa-la-seccion-22-acciona-en-el-istmo\/\" class=\"more-link\">Leer m\u00e1s<\/a><\/p>\n","protected":false},"author":2,"featured_media":21928,"comment_status":"closed","ping_status":"closed","sticky":false,"template":"","format":"standard","meta":{"ngg_post_thumbnail":0,"_jetpack_newsletter_access":"","_jetpack_dont_email_post_to_subs":false,"_jetpack_newsletter_tier_id":0,"_jetpack_memberships_contains_paywalled_content":false,"_jetpack_memberships_contains_paid_content":false,"footnotes":""},"categories":[80],"tags":[133,93,180,135],"class_list":["post-10631","post","type-post","status-publish","format-standard","has-post-thumbnail","hentry","category-cintillo","tag-maestros","tag-oaxaca","tag-protesta","tag-reforma-educativa","entry"],"jetpack_featured_media_url":"http:\/\/www.grieta.org.mx\/wp-content\/uploads\/2018\/03\/14524434_1106112876131411_958039263622046936_o.jpg","jetpack_sharing_enabled":true,"jetpack_shortlink":"https:\/\/wp.me\/p7ZJR4-2Lt","jetpack_likes_enabled":false,"jetpack-related-posts":[{"id":5110,"url":"http:\/\/www.grieta.org.mx\/index.php\/2015\/08\/10\/maestros-de-la-seccion-22-toman-de-forma-indefinida-coordinacion-de-ieepo-en-juchitan\/","url_meta":{"origin":10631,"position":0},"title":"Maestros de la secci\u00f3n 22 \u201ctoman\u201d de forma indefinida coordinaci\u00f3n de IEEPO en Juchit\u00e1n","author":"grieta","date":"10 agosto, 2015","format":false,"excerpt":"P\u00e1gina 3. Diana Manzo, Jucht\u00e1n, Oaxaca.- Maestros de la secci\u00f3n 22 de la regi\u00f3n Istmo despu\u00e9s de reunirse con trabajadores de la coordinaci\u00f3n regional del IEEPO en Juchit\u00e1n acordaron una \u201ctoma\u201d de forma indefinida para el resguardo de las instalaciones y exigir al gobierno de Oaxaca la instalaci\u00f3n de una\u2026","rel":"","context":"En &quot;CINTILLO&quot;","block_context":{"text":"CINTILLO","link":"http:\/\/www.grieta.org.mx\/index.php\/category\/cintillo\/"},"img":{"alt_text":"","src":"https:\/\/i0.wp.com\/www.grieta.org.mx\/wp-content\/uploads\/2018\/03\/14524434_1106112876131411_958039263622046936_o.jpg?resize=350%2C200","width":350,"height":200,"srcset":"https:\/\/i0.wp.com\/www.grieta.org.mx\/wp-content\/uploads\/2018\/03\/14524434_1106112876131411_958039263622046936_o.jpg?resize=350%2C200 1x, https:\/\/i0.wp.com\/www.grieta.org.mx\/wp-content\/uploads\/2018\/03\/14524434_1106112876131411_958039263622046936_o.jpg?resize=525%2C300 1.5x, https:\/\/i0.wp.com\/www.grieta.org.mx\/wp-content\/uploads\/2018\/03\/14524434_1106112876131411_958039263622046936_o.jpg?resize=700%2C400 2x"},"classes":[]},{"id":14577,"url":"http:\/\/www.grieta.org.mx\/index.php\/2016\/06\/17\/se-suman-trabajadores-del-sector-salud-en-apoyo-a-la-seccion-22-istmo\/","url_meta":{"origin":10631,"position":1},"title":"Se suman trabajadores del sector Salud en apoyo a la secci\u00f3n 22 Istmo","author":"grieta","date":"17 junio, 2016","format":false,"excerpt":"Istmopress. E. Santiago, Tehuantepec, Oaxaca, 17 junio.- Trabajadores del sector Salud, IMSS e ISSSTE, marcharon en esta ciudad para sumarse al bloqueo que mantienen padres de familia y maestros de la secci\u00f3n 22, a la altura del campo rojo, en la carretera Panamericana. Los m\u00e9dicos, enfermeras y administrativos partieron con\u2026","rel":"","context":"En &quot;CINTILLO&quot;","block_context":{"text":"CINTILLO","link":"http:\/\/www.grieta.org.mx\/index.php\/category\/cintillo\/"},"img":{"alt_text":"","src":"https:\/\/i0.wp.com\/www.grieta.org.mx\/wp-content\/uploads\/2018\/03\/14524434_1106112876131411_958039263622046936_o.jpg?resize=350%2C200","width":350,"height":200,"srcset":"https:\/\/i0.wp.com\/www.grieta.org.mx\/wp-content\/uploads\/2018\/03\/14524434_1106112876131411_958039263622046936_o.jpg?resize=350%2C200 1x, https:\/\/i0.wp.com\/www.grieta.org.mx\/wp-content\/uploads\/2018\/03\/14524434_1106112876131411_958039263622046936_o.jpg?resize=525%2C300 1.5x, https:\/\/i0.wp.com\/www.grieta.org.mx\/wp-content\/uploads\/2018\/03\/14524434_1106112876131411_958039263622046936_o.jpg?resize=700%2C400 2x"},"classes":[]},{"id":16161,"url":"http:\/\/www.grieta.org.mx\/index.php\/2016\/07\/07\/23-dias-cumplen-los-bloqueos-de-la-cnte-en-el-istmo-de-tehuantepec\/","url_meta":{"origin":10631,"position":2},"title":"23 d\u00edas cumplen los bloqueos de la CNTE en el Istmo de Tehuantepec","author":"grieta","date":"7 julio, 2016","format":false,"excerpt":"P\u00e1gina 3. Diana Manzo, Juchit\u00e1n, Oaxaca.- Los bloqueos carreteros en el Istmo de Tehuantepec que encabeza la secci\u00f3n 22 de la CNTE, padres de familia y organizaciones sociales se mantienen firmes tras sumar 23 d\u00edas consecutivos en la exigencia de rechazo a la reforma educativa y libertad a los dirigentes\u2026","rel":"","context":"En &quot;CINTILLO&quot;","block_context":{"text":"CINTILLO","link":"http:\/\/www.grieta.org.mx\/index.php\/category\/cintillo\/"},"img":{"alt_text":"","src":"https:\/\/i0.wp.com\/www.grieta.org.mx\/wp-content\/uploads\/2018\/03\/14524434_1106112876131411_958039263622046936_o.jpg?resize=350%2C200","width":350,"height":200,"srcset":"https:\/\/i0.wp.com\/www.grieta.org.mx\/wp-content\/uploads\/2018\/03\/14524434_1106112876131411_958039263622046936_o.jpg?resize=350%2C200 1x, https:\/\/i0.wp.com\/www.grieta.org.mx\/wp-content\/uploads\/2018\/03\/14524434_1106112876131411_958039263622046936_o.jpg?resize=525%2C300 1.5x, https:\/\/i0.wp.com\/www.grieta.org.mx\/wp-content\/uploads\/2018\/03\/14524434_1106112876131411_958039263622046936_o.jpg?resize=700%2C400 2x"},"classes":[]},{"id":12903,"url":"http:\/\/www.grieta.org.mx\/index.php\/2016\/05\/24\/seccion-22-custodia-el-ieepo-en-el-istmo\/","url_meta":{"origin":10631,"position":3},"title":"Secci\u00f3n 22 custodia el IEEPO en el istmo","author":"grieta","date":"24 mayo, 2016","format":false,"excerpt":"Diana Manzo, Oaxaca. #Juchit\u00e1n 24 may (#Istmopress) .- Profesores de la Secci\u00f3n 22 de la CNTE cumplieron una semana de mantener \u201ctomada\u201d las oficinas principales de la Delegaci\u00f3n regi\u00f3n Istmo del Instituto Estatal de Educaci\u00f3n P\u00fablica de Oaxaca (IEEPO) como parte de sus acciones del paro nacional en contra de\u2026","rel":"","context":"En &quot;CINTILLO&quot;","block_context":{"text":"CINTILLO","link":"http:\/\/www.grieta.org.mx\/index.php\/category\/cintillo\/"},"img":{"alt_text":"","src":"https:\/\/i0.wp.com\/www.grieta.org.mx\/wp-content\/uploads\/2018\/03\/14524434_1106112876131411_958039263622046936_o.jpg?resize=350%2C200","width":350,"height":200,"srcset":"https:\/\/i0.wp.com\/www.grieta.org.mx\/wp-content\/uploads\/2018\/03\/14524434_1106112876131411_958039263622046936_o.jpg?resize=350%2C200 1x, https:\/\/i0.wp.com\/www.grieta.org.mx\/wp-content\/uploads\/2018\/03\/14524434_1106112876131411_958039263622046936_o.jpg?resize=525%2C300 1.5x, https:\/\/i0.wp.com\/www.grieta.org.mx\/wp-content\/uploads\/2018\/03\/14524434_1106112876131411_958039263622046936_o.jpg?resize=700%2C400 2x"},"classes":[]},{"id":16165,"url":"http:\/\/www.grieta.org.mx\/index.php\/2016\/07\/06\/por-tercer-dia-consecutivo-maestros-bloquean-plazas-comerciales\/","url_meta":{"origin":10631,"position":4},"title":"Por tercer d\u00eda consecutivo, maestros bloquean plazas comerciales (Oaxaca)","author":"grieta","date":"6 julio, 2016","format":false,"excerpt":"P\u00e1gina 3. Arturo Rodr\u00edguez\/Pedro Mat\u00edas, Oaxaca.- Por tercer d\u00eda consecutivo, maestros de la Secci\u00f3n 22 del Sindicato Nacional de Trabajadores de la Educaci\u00f3n (SNTE) realizaron por lo menos 13 bloqueos carreteros y la toma de centros comerciales como parte del plan de acci\u00f3n de 72 horas que acord\u00f3 la CNTE.La\u2026","rel":"","context":"En &quot;CINTILLO&quot;","block_context":{"text":"CINTILLO","link":"http:\/\/www.grieta.org.mx\/index.php\/category\/cintillo\/"},"img":{"alt_text":"","src":"https:\/\/i0.wp.com\/www.grieta.org.mx\/wp-content\/uploads\/2018\/03\/14524434_1106112876131411_958039263622046936_o.jpg?resize=350%2C200","width":350,"height":200,"srcset":"https:\/\/i0.wp.com\/www.grieta.org.mx\/wp-content\/uploads\/2018\/03\/14524434_1106112876131411_958039263622046936_o.jpg?resize=350%2C200 1x, https:\/\/i0.wp.com\/www.grieta.org.mx\/wp-content\/uploads\/2018\/03\/14524434_1106112876131411_958039263622046936_o.jpg?resize=525%2C300 1.5x, https:\/\/i0.wp.com\/www.grieta.org.mx\/wp-content\/uploads\/2018\/03\/14524434_1106112876131411_958039263622046936_o.jpg?resize=700%2C400 2x"},"classes":[]},{"id":13634,"url":"http:\/\/www.grieta.org.mx\/index.php\/2016\/06\/04\/normalistas-realizan-colecta-de-viveres-en-apoyo-a-la-seccion-22\/","url_meta":{"origin":10631,"position":5},"title":"Normalistas realizan colecta de  v\u00edveres en apoyo a la secci\u00f3n 22","author":"grieta","date":"4 junio, 2016","format":false,"excerpt":"Istmopress. Diana Manzo, Juchit\u00e1n Oaxaca.- Estudiantes egresadas y activas de la Escuela Normal Urbana Federal del Istmo (ENUFI) realizan una colecta de v\u00edveres en diversas localidades del Istmo de Tehuantepec en apoyo a los maestros de la secci\u00f3n 22 de la CNTE quienes desde el pasado 15 de mayo se\u2026","rel":"","context":"En &quot;CINTILLO&quot;","block_context":{"text":"CINTILLO","link":"http:\/\/www.grieta.org.mx\/index.php\/category\/cintillo\/"},"img":{"alt_text":"","src":"https:\/\/i0.wp.com\/www.grieta.org.mx\/wp-content\/uploads\/2018\/03\/14524434_1106112876131411_958039263622046936_o.jpg?resize=350%2C200","width":350,"height":200,"srcset":"https:\/\/i0.wp.com\/www.grieta.org.mx\/wp-content\/uploads\/2018\/03\/14524434_1106112876131411_958039263622046936_o.jpg?resize=350%2C200 1x, https:\/\/i0.wp.com\/www.grieta.org.mx\/wp-content\/uploads\/2018\/03\/14524434_1106112876131411_958039263622046936_o.jpg?resize=525%2C300 1.5x, https:\/\/i0.wp.com\/www.grieta.org.mx\/wp-content\/uploads\/2018\/03\/14524434_1106112876131411_958039263622046936_o.jpg?resize=700%2C400 2x"},"classes":[]}],"_links":{"self":[{"href":"http:\/\/www.grieta.org.mx\/index.php\/wp-json\/wp\/v2\/posts\/10631","targetHints":{"allow":["GET"]}}],"collection":[{"href":"http:\/\/www.grieta.org.mx\/index.php\/wp-json\/wp\/v2\/posts"}],"about":[{"href":"http:\/\/www.grieta.org.mx\/index.php\/wp-json\/wp\/v2\/types\/post"}],"author":[{"embeddable":true,"href":"http:\/\/www.grieta.org.mx\/index.php\/wp-json\/wp\/v2\/users\/2"}],"replies":[{"embeddable":true,"href":"http:\/\/www.grieta.org.mx\/index.php\/wp-json\/wp\/v2\/comments?post=10631"}],"version-history":[{"count":1,"href":"http:\/\/www.grieta.org.mx\/index.php\/wp-json\/wp\/v2\/posts\/10631\/revisions"}],"predecessor-version":[{"id":10633,"href":"http:\/\/www.grieta.org.mx\/index.php\/wp-json\/wp\/v2\/posts\/10631\/revisions\/10633"}],"wp:featuredmedia":[{"embeddable":true,"href":"http:\/\/www.grieta.org.mx\/index.php\/wp-json\/wp\/v2\/media\/21928"}],"wp:attachment":[{"href":"http:\/\/www.grieta.org.mx\/index.php\/wp-json\/wp\/v2\/media?parent=10631"}],"wp:term":[{"taxonomy":"category","embeddable":true,"href":"http:\/\/www.grieta.org.mx\/index.php\/wp-json\/wp\/v2\/categories?post=10631"},{"taxonomy":"post_tag","embeddable":true,"href":"http:\/\/www.grieta.org.mx\/index.php\/wp-json\/wp\/v2\/tags?post=10631"}],"curies":[{"name":"wp","href":"https:\/\/api.w.org\/{rel}","templated":true}]}}