{"id":10579,"date":"2016-04-07T14:32:10","date_gmt":"2016-04-07T14:32:10","guid":{"rendered":"http:\/\/www.grieta.org.mx\/?p=10579"},"modified":"2016-04-18T14:36:02","modified_gmt":"2016-04-18T14:36:02","slug":"agrede-policia-municipal-de-orizaba-a-nahuas-en-veracruz","status":"publish","type":"post","link":"http:\/\/www.grieta.org.mx\/index.php\/2016\/04\/07\/agrede-policia-municipal-de-orizaba-a-nahuas-en-veracruz\/","title":{"rendered":"Agrede polic\u00eda municipal de Orizaba a nahuas en Veracruz"},"content":{"rendered":"<blockquote><p>Heridos y detenidos de los que no se sabe su paraderos, entre los saldos del operativo de desalojo de vendedores ambulantes. <\/p><\/blockquote>\n<p>El Centro de Derechos Humanos Toaltepeyolo denunci\u00f3 agresiones y detenciones contra mujeres y hombres nahuas que venden artesan\u00edas en las inmediaciones del mercado Melchor Ocampo en Orizaba, Veracruz, por parte de elementos de la polic\u00eda municipal en un operativo realizado el 5 de abril. Los familiares de las personas detenidas denunciaron que tras el enfrentamiento derivado de la agresi\u00f3n, no contaban con informaci\u00f3n sobre el estado de salud y la situaci\u00f3n jur\u00eddica de las personas detenidas.<\/p>\n<p>\u201cDesde hace varios a\u00f1os, acciones de gobierno estatal, municipal y federal, mediante programas como \u2018recuperaci\u00f3n de espacios p\u00fablicos\u2019 y \u2018pueblos m\u00e1gicos\u2019, proh\u00edben el comercio ambulante en las ciudades, sin tomar en cuenta elementos hist\u00f3ricos, culturales, sociales y econ\u00f3micos de esta actividad. Desde 2008, las administraciones municipales en Orizaba han recrudecido las medidas que criminalizan este trabajo, amparados en reglamentos municipales que no pueden estar por encima de la Constituci\u00f3n. Esto se traduce en hostigamiento, agresiones, despojo y detenciones de hombres y mujeres vendedores ambulantes. La Comisi\u00f3n Estatal de Derechos Humanos de Veracruz ha emitido al menos dos recomendaciones al gobierno municipal de Orizaba por la violaci\u00f3n de los derechos humanos de comerciantes ambulantes\u201d, record\u00f3 el centro de derechos humanos.<\/p>\n<p>El centro de derechos humanos exigi\u00f3 que se d\u00e9 a conocer p\u00fablicamente la lista de personas detenidas, as\u00ed como su estado de salud y situaci\u00f3n jur\u00eddica; se garantice el debido proceso, bajo el principio de presunci\u00f3n de inocencia, de las personas detenidas como resultado de estos hechos; se investiguen las agresiones de la fuerza p\u00fablica y se castigue a los responsables materiales e intelectuales; cesen los actos de hostigamiento, amenazas y violencia en contra de quienes ejercen su derecho al trabajo como artesanos y comerciantes en las calles de Orizaba, y que haya garant\u00eda por parte de las autoridades responsables de que no se repetir\u00e1n hechos de violencia en contra de artesanos y comerciantes en las calles de Orizaba.<\/p>\n<p>Las y los defensores recordaron que el art\u00edculo 1 de la Constituci\u00f3n obliga a todas las autoridades a promover, proteger, respetar y garantizar los derechos humanos de los cuales gozan todas las personas, y subrayaron que el art\u00edculo 2 reconoce la composici\u00f3n pluricultural de la naci\u00f3n y obliga a que todas las autoridades act\u00faen en consecuencia, reconociendo la deuda hist\u00f3rica que como naci\u00f3n hay con los pueblos ind\u00edgenas. \u201cApelamos al di\u00e1logo, la negociaci\u00f3n y el consenso para la resoluci\u00f3n pac\u00edfica que privilegie condiciones de vida digna para quienes hist\u00f3ricamente han sido discriminados\u201d, finalizaron.<\/p>\n<blockquote class=\"wp-embedded-content\" data-secret=\"w2v274Sz4K\"><p><a href=\"http:\/\/centroprodh.org.mx\/sididh_2_0_alfa\/?p=44518\">Agrede polic\u00eda municipal de Orizaba a nahuas en Veracruz<\/a><\/p><\/blockquote>\n<p><iframe loading=\"lazy\" class=\"wp-embedded-content\" sandbox=\"allow-scripts\" security=\"restricted\" style=\"position: absolute; clip: rect(1px, 1px, 1px, 1px);\" title=\"&#171;Agrede polic\u00eda municipal de Orizaba a nahuas en Veracruz&#187; &#8212; Sididh 3.0 Actualizando el Estado de los Derechos Humanos\" src=\"http:\/\/centroprodh.org.mx\/sididh_2_0_alfa\/?p=44518&#038;embed=true#?secret=w2v274Sz4K\" data-secret=\"w2v274Sz4K\" width=\"600\" height=\"338\" frameborder=\"0\" marginwidth=\"0\" marginheight=\"0\" scrolling=\"no\"><\/iframe><\/p>\n","protected":false},"excerpt":{"rendered":"<p>Heridos y detenidos de los que no se sabe su paraderos, entre los saldos del operativo de desalojo de vendedores ambulantes. El Centro de Derechos Humanos Toaltepeyolo denunci\u00f3 agresiones y &hellip; <a href=\"http:\/\/www.grieta.org.mx\/index.php\/2016\/04\/07\/agrede-policia-municipal-de-orizaba-a-nahuas-en-veracruz\/\" class=\"more-link\">Leer m\u00e1s<\/a><\/p>\n","protected":false},"author":2,"featured_media":21928,"comment_status":"closed","ping_status":"closed","sticky":false,"template":"","format":"standard","meta":{"ngg_post_thumbnail":0,"_jetpack_newsletter_access":"","_jetpack_dont_email_post_to_subs":false,"_jetpack_newsletter_tier_id":0,"_jetpack_memberships_contains_paywalled_content":false,"_jetpack_memberships_contains_paid_content":false,"footnotes":""},"categories":[80,257],"tags":[248],"class_list":["post-10579","post","type-post","status-publish","format-standard","has-post-thumbnail","hentry","category-cintillo","category-veracruz","tag-desalojo","entry"],"jetpack_featured_media_url":"http:\/\/www.grieta.org.mx\/wp-content\/uploads\/2018\/03\/14524434_1106112876131411_958039263622046936_o.jpg","jetpack_sharing_enabled":true,"jetpack_shortlink":"https:\/\/wp.me\/p7ZJR4-2KD","jetpack_likes_enabled":false,"jetpack-related-posts":[{"id":10578,"url":"http:\/\/www.grieta.org.mx\/index.php\/2016\/06\/30\/desalojan-a-vendedores-ambulantes-y-artesanos-en-veracruz\/","url_meta":{"origin":10579,"position":0},"title":"Desalojan a vendedores ambulantes y artesanos en Veracruz","author":"grieta","date":"30 junio, 2016","format":false,"excerpt":"30\/06\/16. Aceptan ixhuatecos acuerdos con Orizaba Imagen del Golfo 07\/04\/16. Ind\u00edgenas Ixhuatecos exigen cese de agresiones del gobierno de Orizaba Regeneraci\u00f3n 07\/04\/16. Agrede polic\u00eda municipal de Orizaba a nahuas en Veracruz Sistema Integral de Informaci\u00f3n en Derecho Humanos","rel":"","context":"En &quot;NOTICIAS NACIONALES&quot;","block_context":{"text":"NOTICIAS NACIONALES","link":"http:\/\/www.grieta.org.mx\/index.php\/category\/noticias-nacionales\/"},"img":{"alt_text":"","src":"https:\/\/i0.wp.com\/www.grieta.org.mx\/wp-content\/uploads\/2018\/03\/14524434_1106112876131411_958039263622046936_o.jpg?resize=350%2C200","width":350,"height":200,"srcset":"https:\/\/i0.wp.com\/www.grieta.org.mx\/wp-content\/uploads\/2018\/03\/14524434_1106112876131411_958039263622046936_o.jpg?resize=350%2C200 1x, https:\/\/i0.wp.com\/www.grieta.org.mx\/wp-content\/uploads\/2018\/03\/14524434_1106112876131411_958039263622046936_o.jpg?resize=525%2C300 1.5x, https:\/\/i0.wp.com\/www.grieta.org.mx\/wp-content\/uploads\/2018\/03\/14524434_1106112876131411_958039263622046936_o.jpg?resize=700%2C400 2x"},"classes":[]},{"id":10582,"url":"http:\/\/www.grieta.org.mx\/index.php\/2016\/04\/07\/indigenas-ixhuatecos-exigen-cese-de-agresiones-del-gobierno-de-orizaba\/","url_meta":{"origin":10579,"position":1},"title":"Ind\u00edgenas Ixhuatecos exigen cese de agresiones del gobierno de Orizaba","author":"grieta","date":"7 abril, 2016","format":false,"excerpt":"El gobierno de Orizaba, Veracruz, ha recrudecido el hostigamiento contra vendedores ambulantes de artesan\u00edas de origen ind\u00edgena. Este martes mujeres y hombres fueron agredidos por polic\u00edas municipales que utilizaron toletes para despojar a mujeres de sus productos. Edith Peredo Este martes, mujeres y hombres masewal (nahuas) del municipio de Ixhuatlacillo,\u2026","rel":"","context":"En &quot;CINTILLO&quot;","block_context":{"text":"CINTILLO","link":"http:\/\/www.grieta.org.mx\/index.php\/category\/cintillo\/"},"img":{"alt_text":"","src":"https:\/\/i0.wp.com\/www.grieta.org.mx\/wp-content\/uploads\/2018\/03\/14524434_1106112876131411_958039263622046936_o.jpg?resize=350%2C200","width":350,"height":200,"srcset":"https:\/\/i0.wp.com\/www.grieta.org.mx\/wp-content\/uploads\/2018\/03\/14524434_1106112876131411_958039263622046936_o.jpg?resize=350%2C200 1x, https:\/\/i0.wp.com\/www.grieta.org.mx\/wp-content\/uploads\/2018\/03\/14524434_1106112876131411_958039263622046936_o.jpg?resize=525%2C300 1.5x, https:\/\/i0.wp.com\/www.grieta.org.mx\/wp-content\/uploads\/2018\/03\/14524434_1106112876131411_958039263622046936_o.jpg?resize=700%2C400 2x"},"classes":[]},{"id":16671,"url":"http:\/\/www.grieta.org.mx\/index.php\/2016\/07\/12\/tras-atentado-contra-activista-renuncia-inspector-de-policia-de-orizaba-veracruz\/","url_meta":{"origin":10579,"position":2},"title":"Tras atentado contra activista, renuncia inspector de Polic\u00eda de Orizaba, Veracruz","author":"grieta","date":"12 julio, 2016","format":false,"excerpt":"Orizaba, Veracruz.- La tarde de este martes el ayuntamiento de Orizaba inform\u00f3 sobre la renuncia del capit\u00e1n Alfonso Zenteno P\u00e9rez al cargo de inspector de la Polic\u00eda Municipal de Orizaba, tras los hechos registrados la semana pasada en los que una mujer perdi\u00f3 la vida en el choque entre una\u2026","rel":"","context":"En &quot;CINTILLO&quot;","block_context":{"text":"CINTILLO","link":"http:\/\/www.grieta.org.mx\/index.php\/category\/cintillo\/"},"img":{"alt_text":"","src":"https:\/\/i0.wp.com\/www.grieta.org.mx\/wp-content\/uploads\/2018\/03\/14524434_1106112876131411_958039263622046936_o.jpg?resize=350%2C200","width":350,"height":200,"srcset":"https:\/\/i0.wp.com\/www.grieta.org.mx\/wp-content\/uploads\/2018\/03\/14524434_1106112876131411_958039263622046936_o.jpg?resize=350%2C200 1x, https:\/\/i0.wp.com\/www.grieta.org.mx\/wp-content\/uploads\/2018\/03\/14524434_1106112876131411_958039263622046936_o.jpg?resize=525%2C300 1.5x, https:\/\/i0.wp.com\/www.grieta.org.mx\/wp-content\/uploads\/2018\/03\/14524434_1106112876131411_958039263622046936_o.jpg?resize=700%2C400 2x"},"classes":[]},{"id":34181,"url":"http:\/\/www.grieta.org.mx\/index.php\/2019\/05\/24\/rescatan-a-49-migrantes-transportados-en-camioneta-por-veracruz\/","url_meta":{"origin":10579,"position":3},"title":"Rescatan a 49 migrantes transportados en camioneta por Veracruz","author":"grieta","date":"24 mayo, 2019","format":false,"excerpt":"Redacci\u00f3n \/ Vanguardia Los migrantes fueron asegurados durante un operativo realizado por personal de la Polic\u00eda Naval en Coatzacoalcos Un grupo de 49 indocumentados originarios de Guatemala, El Salvador y Honduras, fueron rescatados cuando eran transportados en una camioneta de redilas, durante un operativo realizado por personal de la Polic\u00eda\u2026","rel":"","context":"En &quot;CINTILLO&quot;","block_context":{"text":"CINTILLO","link":"http:\/\/www.grieta.org.mx\/index.php\/category\/cintillo\/"},"img":{"alt_text":"","src":"https:\/\/i0.wp.com\/www.grieta.org.mx\/wp-content\/uploads\/2019\/06\/010caravana_migrante_basilica.jpg?resize=350%2C200","width":350,"height":200,"srcset":"https:\/\/i0.wp.com\/www.grieta.org.mx\/wp-content\/uploads\/2019\/06\/010caravana_migrante_basilica.jpg?resize=350%2C200 1x, https:\/\/i0.wp.com\/www.grieta.org.mx\/wp-content\/uploads\/2019\/06\/010caravana_migrante_basilica.jpg?resize=525%2C300 1.5x, https:\/\/i0.wp.com\/www.grieta.org.mx\/wp-content\/uploads\/2019\/06\/010caravana_migrante_basilica.jpg?resize=700%2C400 2x, https:\/\/i0.wp.com\/www.grieta.org.mx\/wp-content\/uploads\/2019\/06\/010caravana_migrante_basilica.jpg?resize=1050%2C600 3x, https:\/\/i0.wp.com\/www.grieta.org.mx\/wp-content\/uploads\/2019\/06\/010caravana_migrante_basilica.jpg?resize=1400%2C800 4x"},"classes":[]},{"id":41017,"url":"http:\/\/www.grieta.org.mx\/index.php\/2019\/10\/20\/activistas-colocan-panuelo-verde-a-monumentos-de-orizaba-veracruz\/","url_meta":{"origin":10579,"position":4},"title":"Activistas colocan pa\u00f1uelo verde a monumentos de Orizaba (Veracruz)","author":"grieta","date":"20 octubre, 2019","format":false,"excerpt":"Redacci\u00f3n \/ La Silla Rota Un grupo de feministas se manifest\u00f3 con la llamada \"ola verde\" y coloc\u00f3 pa\u00f1uelos en las principales estatuas de Orizaba en apoyo a la interrupci\u00f3n legal del embarazo. Los activistas, miembros de diferentes colectivos, se reunieron alrededor de las 4:00 horas de este domingo para\u2026","rel":"","context":"En &quot;CINTILLO&quot;","block_context":{"text":"CINTILLO","link":"http:\/\/www.grieta.org.mx\/index.php\/category\/cintillo\/"},"img":{"alt_text":"","src":"https:\/\/i0.wp.com\/www.grieta.org.mx\/wp-content\/uploads\/2019\/11\/panueloverdeorilsr-focus-0-0-983-557.jpg?resize=350%2C200","width":350,"height":200,"srcset":"https:\/\/i0.wp.com\/www.grieta.org.mx\/wp-content\/uploads\/2019\/11\/panueloverdeorilsr-focus-0-0-983-557.jpg?resize=350%2C200 1x, https:\/\/i0.wp.com\/www.grieta.org.mx\/wp-content\/uploads\/2019\/11\/panueloverdeorilsr-focus-0-0-983-557.jpg?resize=525%2C300 1.5x, https:\/\/i0.wp.com\/www.grieta.org.mx\/wp-content\/uploads\/2019\/11\/panueloverdeorilsr-focus-0-0-983-557.jpg?resize=700%2C400 2x"},"classes":[]},{"id":53337,"url":"http:\/\/www.grieta.org.mx\/index.php\/2020\/09\/14\/integrantes-de-colectivo-de-familias-de-desaparecidos-convocan-a-marcha-veracruz\/","url_meta":{"origin":10579,"position":5},"title":"Integrantes de colectivo de Familias de desaparecidos, convocan a marcha (Veracruz)","author":"grieta","date":"14 septiembre, 2020","format":false,"excerpt":"\u00a0 Mayra Figueiras Hern\u00e1ndez | El Sol de Orizaba Orizaba, Ver.- La b\u00fasqueda de los desaparecidos en Veracruz es simulada, pues ni el gobierno estatal ni las instituciones que fueron creadas para ello los buscan, asever\u00f3 Ana Lilia Jim\u00e9nez Sandoval, integrante del Colectivo Familias de Desaparecidos Orizaba-C\u00f3rdoba. Por ello, pese\u2026","rel":"","context":"En &quot;CINTILLO&quot;","block_context":{"text":"CINTILLO","link":"http:\/\/www.grieta.org.mx\/index.php\/category\/cintillo\/"},"img":{"alt_text":"","src":"https:\/\/i0.wp.com\/www.grieta.org.mx\/wp-content\/uploads\/2020\/09\/desaparecidos1-marcha.gif?resize=350%2C200","width":350,"height":200,"srcset":"https:\/\/i0.wp.com\/www.grieta.org.mx\/wp-content\/uploads\/2020\/09\/desaparecidos1-marcha.gif?resize=350%2C200 1x, https:\/\/i0.wp.com\/www.grieta.org.mx\/wp-content\/uploads\/2020\/09\/desaparecidos1-marcha.gif?resize=525%2C300 1.5x, https:\/\/i0.wp.com\/www.grieta.org.mx\/wp-content\/uploads\/2020\/09\/desaparecidos1-marcha.gif?resize=700%2C400 2x"},"classes":[]}],"_links":{"self":[{"href":"http:\/\/www.grieta.org.mx\/index.php\/wp-json\/wp\/v2\/posts\/10579","targetHints":{"allow":["GET"]}}],"collection":[{"href":"http:\/\/www.grieta.org.mx\/index.php\/wp-json\/wp\/v2\/posts"}],"about":[{"href":"http:\/\/www.grieta.org.mx\/index.php\/wp-json\/wp\/v2\/types\/post"}],"author":[{"embeddable":true,"href":"http:\/\/www.grieta.org.mx\/index.php\/wp-json\/wp\/v2\/users\/2"}],"replies":[{"embeddable":true,"href":"http:\/\/www.grieta.org.mx\/index.php\/wp-json\/wp\/v2\/comments?post=10579"}],"version-history":[{"count":1,"href":"http:\/\/www.grieta.org.mx\/index.php\/wp-json\/wp\/v2\/posts\/10579\/revisions"}],"predecessor-version":[{"id":10580,"href":"http:\/\/www.grieta.org.mx\/index.php\/wp-json\/wp\/v2\/posts\/10579\/revisions\/10580"}],"wp:featuredmedia":[{"embeddable":true,"href":"http:\/\/www.grieta.org.mx\/index.php\/wp-json\/wp\/v2\/media\/21928"}],"wp:attachment":[{"href":"http:\/\/www.grieta.org.mx\/index.php\/wp-json\/wp\/v2\/media?parent=10579"}],"wp:term":[{"taxonomy":"category","embeddable":true,"href":"http:\/\/www.grieta.org.mx\/index.php\/wp-json\/wp\/v2\/categories?post=10579"},{"taxonomy":"post_tag","embeddable":true,"href":"http:\/\/www.grieta.org.mx\/index.php\/wp-json\/wp\/v2\/tags?post=10579"}],"curies":[{"name":"wp","href":"https:\/\/api.w.org\/{rel}","templated":true}]}}