{"id":10548,"date":"2016-03-27T13:36:54","date_gmt":"2016-03-27T13:36:54","guid":{"rendered":"http:\/\/www.grieta.org.mx\/?p=10548"},"modified":"2016-04-18T13:39:25","modified_gmt":"2016-04-18T13:39:25","slug":"identifican-a-cuatro-cuerpos-del-basurero-de-minatitlan-eran-los-desaparecidos-de-coatzacoalcos","status":"publish","type":"post","link":"http:\/\/www.grieta.org.mx\/index.php\/2016\/03\/27\/identifican-a-cuatro-cuerpos-del-basurero-de-minatitlan-eran-los-desaparecidos-de-coatzacoalcos\/","title":{"rendered":"Identifican a cuatro cuerpos del basurero de Minatitl\u00e1n eran los desaparecidos de Coatzacoalcos"},"content":{"rendered":"<p>Coatzacoalcos, Ver.- Cuatro personas que fueron reportadas como privadas de su libertad la madrugada del jueves, aparecieron sin  vida en el tiradero de Las Matas, confirmaron familiares de las v\u00edctimas.<\/p>\n<p>Los familiares hab\u00edan bloqueado durante m\u00e1s de 12 horas el acceso a Coatzacoalcos en el puente Calzadas, en sus pancartas se\u00f1alaban como sospechosos a la polic\u00eda veracruzana y a fuerzas armadas.<\/p>\n<p>Los ahora finados son Jonathan Guill\u00e9n G\u00f3mez, de 23 a\u00f1os de edad, comerciante; Cristian Francisco Hong, de 36 a\u00f1os, taxista \u2013los dos fueron sustra\u00eddos de una casa en la avenida Chabacano #2-; Mario Antonio Ahedo Guill\u00e9n, de 26 a\u00f1os, ayudante de alba\u00f1il; Carlos Esteban P\u00e9rez Tol\u00edn, mec\u00e1nico \u2013ambos sacados de una casa en Rancho Alegre II.<\/p>\n<p>Estas v\u00edctimas aparecieron en el tiradero de las Matas como parte del saldo reportado por el gobierno de Veracruz mediante un comunicado en donde inform\u00f3 sobre un enfrentamiento entre elementos de la Fuerza Civil y civiles armados que viajaban en dos coches de lujo.<\/p>\n<p>En ese lugar, inform\u00f3 el gobierno, fueron abatidos dos hombres y una mujer que lanzaron disparos contra los oficiales cuando intentaron someterlos a una revisi\u00f3n porque los vieron sospechosos al interior del tiradero.<\/p>\n<p>Despu\u00e9s el enfrentamiento, aparecieron otros tres cad\u00e1veres, uno de ellos en la cajuela de las unidades en las cuales se desplazaban los presuntos agresores y otros dos cuerpos tirados en la misma \u00e1rea.<\/p>\n<p>La muerte de estas personas sin embargo no ha sido aclarada por las autoridades, m\u00e1xime que la familia denunci\u00f3 violaciones a sus derechos humanos al momento de la sustracci\u00f3n de los mismos la madrugada del jueves por personas que, sospechan, actuaban como elementos del orden o personal castrense.<\/p>\n<p>En las pancartas mostradas el d\u00eda del bloqueo en el puente Calzadas, los inconformes dejaron patente su molestia y petici\u00f3n para que se investigara a los elementos de la polic\u00eda y a militares por estos hechos.<\/p>\n<p>De los cinco a\u00fan queda pendiente uno por aparecer, Fausto Isaac Cruz Avi\u00f1a, de 40 a\u00f1os, comerciante de autos, domiciliado en Campeche 404 de la colonia Petrolera.<\/p>\n<p>http:\/\/noreste.net\/noticia\/identifican-a-tres-cuerpos-del-basurero-de-minatitlan\/<\/p>\n","protected":false},"excerpt":{"rendered":"<p>Coatzacoalcos, Ver.- Cuatro personas que fueron reportadas como privadas de su libertad la madrugada del jueves, aparecieron sin vida en el tiradero de Las Matas, confirmaron familiares de las v\u00edctimas. &hellip; <a href=\"http:\/\/www.grieta.org.mx\/index.php\/2016\/03\/27\/identifican-a-cuatro-cuerpos-del-basurero-de-minatitlan-eran-los-desaparecidos-de-coatzacoalcos\/\" class=\"more-link\">Leer m\u00e1s<\/a><\/p>\n","protected":false},"author":2,"featured_media":21928,"comment_status":"closed","ping_status":"closed","sticky":false,"template":"","format":"standard","meta":{"ngg_post_thumbnail":0,"_jetpack_newsletter_access":"","_jetpack_dont_email_post_to_subs":false,"_jetpack_newsletter_tier_id":0,"_jetpack_memberships_contains_paywalled_content":false,"_jetpack_memberships_contains_paid_content":false,"footnotes":""},"categories":[80],"tags":[],"class_list":["post-10548","post","type-post","status-publish","format-standard","has-post-thumbnail","hentry","category-cintillo","entry"],"jetpack_featured_media_url":"http:\/\/www.grieta.org.mx\/wp-content\/uploads\/2018\/03\/14524434_1106112876131411_958039263622046936_o.jpg","jetpack_sharing_enabled":true,"jetpack_shortlink":"https:\/\/wp.me\/p7ZJR4-2K8","jetpack_likes_enabled":false,"jetpack-related-posts":[{"id":5022,"url":"http:\/\/www.grieta.org.mx\/index.php\/2016\/03\/25\/otra-vez-veracruz-levantan-a-4-jovenes-y-sospechan-de-policia-o-ejercito\/","url_meta":{"origin":10548,"position":0},"title":"Otra vez Veracruz: \u201cLevantan\u201d a 4 j\u00f3venes y sospechan de Polic\u00eda o Ej\u00e9rcito","author":"Admin","date":"25 marzo, 2016","format":false,"excerpt":"XALAPA, Ver. (apro).- Cuatro hombres fueron \u201clevantados\u201d la madrugada del jueves pasado en distintos eventos en el puerto de Coatzacoalcos, al sur de Veracruz, y este viernes, desesperados por la inacci\u00f3n de las autoridades, familiares de los j\u00f3venes montaron un plant\u00f3n en la carretera Coatzacoalcos-Minatitl\u00e1n. Fausto Isaac Cruz Avi\u00f1a, Mario\u2026","rel":"","context":"En &quot;CINTILLO&quot;","block_context":{"text":"CINTILLO","link":"http:\/\/www.grieta.org.mx\/index.php\/category\/cintillo\/"},"img":{"alt_text":"","src":"https:\/\/i0.wp.com\/www.grieta.org.mx\/wp-content\/uploads\/2018\/03\/14524434_1106112876131411_958039263622046936_o.jpg?resize=350%2C200","width":350,"height":200,"srcset":"https:\/\/i0.wp.com\/www.grieta.org.mx\/wp-content\/uploads\/2018\/03\/14524434_1106112876131411_958039263622046936_o.jpg?resize=350%2C200 1x, https:\/\/i0.wp.com\/www.grieta.org.mx\/wp-content\/uploads\/2018\/03\/14524434_1106112876131411_958039263622046936_o.jpg?resize=525%2C300 1.5x, https:\/\/i0.wp.com\/www.grieta.org.mx\/wp-content\/uploads\/2018\/03\/14524434_1106112876131411_958039263622046936_o.jpg?resize=700%2C400 2x"},"classes":[]},{"id":53481,"url":"http:\/\/www.grieta.org.mx\/index.php\/2020\/08\/28\/a-un-ano-de-la-masacre-de-coatzacoalcos-ni-justicia-ni-apoyos-para-los-huerfanos-veracruz\/","url_meta":{"origin":10548,"position":1},"title":"A un a\u00f1o de la masacre de Coatzacoalcos, ni justicia ni apoyos para los hu\u00e9rfanos (Veracruz)","author":"grieta","date":"28 agosto, 2020","format":false,"excerpt":"No\u00e9 Zavaleta \/ Proceso XALAPA, Ver. (apro).- Un a\u00f1o despu\u00e9s de la masacre en el table dance Caballo Blanco de Coatzacoalcos, familiares de los 32 fallecidos se manifestaron frente a sus instalaciones para reclamar por la falta de justicia y el incumplimiento con la entrega de becas educativas prometidas a\u2026","rel":"","context":"En &quot;CINTILLO&quot;","block_context":{"text":"CINTILLO","link":"http:\/\/www.grieta.org.mx\/index.php\/category\/cintillo\/"},"img":{"alt_text":"","src":"https:\/\/i0.wp.com\/www.grieta.org.mx\/wp-content\/uploads\/2020\/09\/caballo-blanco-3-870x522-1.jpg?resize=350%2C200","width":350,"height":200,"srcset":"https:\/\/i0.wp.com\/www.grieta.org.mx\/wp-content\/uploads\/2020\/09\/caballo-blanco-3-870x522-1.jpg?resize=350%2C200 1x, https:\/\/i0.wp.com\/www.grieta.org.mx\/wp-content\/uploads\/2020\/09\/caballo-blanco-3-870x522-1.jpg?resize=525%2C300 1.5x, https:\/\/i0.wp.com\/www.grieta.org.mx\/wp-content\/uploads\/2020\/09\/caballo-blanco-3-870x522-1.jpg?resize=700%2C400 2x"},"classes":[]},{"id":8518,"url":"http:\/\/www.grieta.org.mx\/index.php\/2015\/03\/27\/ciudadanos-arriesgan-sus-vidas-deteniendo-a-ladrones-en-coatzacoalcos\/","url_meta":{"origin":10548,"position":2},"title":"Ciudadanos arriesgan sus vidas deteniendo a ladrones en Coatzacoalcos","author":"Admin","date":"27 marzo, 2015","format":false,"excerpt":"Coatzacoalcos, Ver.- En Coatzacoalcos son los ciudadanos los que hacen el trabajo de los elementos de la Secretar\u00eda de Seguridad P\u00fablica del general Arturo Berm\u00fadez, pues ayer por la tarde de nuevo apresaron a unos ladrones cuando los sorprendieron hurtando en un negocio. Cuatro presuntos ladrones fueron entregados a las\u2026","rel":"","context":"En &quot;CINTILLO&quot;","block_context":{"text":"CINTILLO","link":"http:\/\/www.grieta.org.mx\/index.php\/category\/cintillo\/"},"img":{"alt_text":"","src":"https:\/\/i0.wp.com\/www.grieta.org.mx\/wp-content\/uploads\/2018\/03\/14524434_1106112876131411_958039263622046936_o.jpg?resize=350%2C200","width":350,"height":200,"srcset":"https:\/\/i0.wp.com\/www.grieta.org.mx\/wp-content\/uploads\/2018\/03\/14524434_1106112876131411_958039263622046936_o.jpg?resize=350%2C200 1x, https:\/\/i0.wp.com\/www.grieta.org.mx\/wp-content\/uploads\/2018\/03\/14524434_1106112876131411_958039263622046936_o.jpg?resize=525%2C300 1.5x, https:\/\/i0.wp.com\/www.grieta.org.mx\/wp-content\/uploads\/2018\/03\/14524434_1106112876131411_958039263622046936_o.jpg?resize=700%2C400 2x"},"classes":[]},{"id":39840,"url":"http:\/\/www.grieta.org.mx\/index.php\/2019\/08\/27\/los-detiene-la-policia-de-veracruz-y-aparecen-asesinados-en-un-video\/","url_meta":{"origin":10548,"position":3},"title":"Los detiene la polic\u00eda de Veracruz y aparecen asesinados en un video","author":"grieta","date":"27 agosto, 2019","format":false,"excerpt":"Texto: Miguel \u00c1ngel Le\u00f3n Carmona \/ E-Consulta Veracruz Fotos: E-Consulta Veracruz y Rub\u00e9n Espinosa \/ Cuartoscuro Los dos j\u00f3venes fueron detenidos la noche del 24 de agosto por elementos de la Secretar\u00eda de Seguridad P\u00fablica a bordo de una patrulla con n\u00famero 3225 y aparecieron dos d\u00edas despu\u00e9s en un\u2026","rel":"","context":"En &quot;CINTILLO&quot;","block_context":{"text":"CINTILLO","link":"http:\/\/www.grieta.org.mx\/index.php\/category\/cintillo\/"},"img":{"alt_text":"","src":"https:\/\/i0.wp.com\/www.grieta.org.mx\/wp-content\/uploads\/2019\/10\/Jovenes_Veracruz_policia_degollados-2-1140x570.jpg?resize=350%2C200","width":350,"height":200,"srcset":"https:\/\/i0.wp.com\/www.grieta.org.mx\/wp-content\/uploads\/2019\/10\/Jovenes_Veracruz_policia_degollados-2-1140x570.jpg?resize=350%2C200 1x, https:\/\/i0.wp.com\/www.grieta.org.mx\/wp-content\/uploads\/2019\/10\/Jovenes_Veracruz_policia_degollados-2-1140x570.jpg?resize=525%2C300 1.5x, https:\/\/i0.wp.com\/www.grieta.org.mx\/wp-content\/uploads\/2019\/10\/Jovenes_Veracruz_policia_degollados-2-1140x570.jpg?resize=700%2C400 2x, https:\/\/i0.wp.com\/www.grieta.org.mx\/wp-content\/uploads\/2019\/10\/Jovenes_Veracruz_policia_degollados-2-1140x570.jpg?resize=1050%2C600 3x"},"classes":[]},{"id":43315,"url":"http:\/\/www.grieta.org.mx\/index.php\/2019\/11\/19\/colectivos-clausuran-semefo-de-coatzacoalcos-incineraba-huesos-sin-identificar-acusan-veracruz\/","url_meta":{"origin":10548,"position":4},"title":"Colectivos \u201cclausuran\u201d Semefo de Coatzacoalcos; incineraba huesos sin identificar, acusan (Veracruz)","author":"grieta","date":"19 noviembre, 2019","format":false,"excerpt":"No\u00e9 Zavaleta \/ Proceso XALAPA, Ver. (apro).- Integrantes de colectivos de desaparecidos del sur de Veracruz clausuraron el Servicio M\u00e9dico Forense de Coatzacoalcos para frenar los trabajos de remodelaci\u00f3n y exigir a la Fiscal\u00eda General del Estado una investigaci\u00f3n a fondo sobre los huesos calcinados en el traspatio del inmueble.\u2026","rel":"","context":"En &quot;CINTILLO&quot;","block_context":{"text":"CINTILLO","link":"http:\/\/www.grieta.org.mx\/index.php\/category\/cintillo\/"},"img":{"alt_text":"","src":"https:\/\/i0.wp.com\/www.grieta.org.mx\/wp-content\/uploads\/2020\/01\/semefo-ver-870x522.jpg?resize=350%2C200","width":350,"height":200,"srcset":"https:\/\/i0.wp.com\/www.grieta.org.mx\/wp-content\/uploads\/2020\/01\/semefo-ver-870x522.jpg?resize=350%2C200 1x, https:\/\/i0.wp.com\/www.grieta.org.mx\/wp-content\/uploads\/2020\/01\/semefo-ver-870x522.jpg?resize=525%2C300 1.5x, https:\/\/i0.wp.com\/www.grieta.org.mx\/wp-content\/uploads\/2020\/01\/semefo-ver-870x522.jpg?resize=700%2C400 2x"},"classes":[]},{"id":8498,"url":"http:\/\/www.grieta.org.mx\/index.php\/2015\/04\/20\/se-organizan-vecinos-en-colonias-de-coatzacoalcos-para-defenderse-de-delincuencia\/","url_meta":{"origin":10548,"position":5},"title":"Se organizan vecinos en colonias de Coatzacoalcos para defenderse de delincuencia","author":"Admin","date":"20 abril, 2015","format":false,"excerpt":"Coatzacoalcos, Ver.-La situaci\u00f3n del alza de la delincuencia com\u00fan en Coatzacoalcos ha llegado al grado de que vecinos de una colonia popular se han organizado en un esquema de autodefensas contra los ladrones. Habitantes de la colonia Los Almendros, de Coatzacoalcos, esta semana colocaron lonas y pancartas con la leyenda\u2026","rel":"","context":"En &quot;CINTILLO&quot;","block_context":{"text":"CINTILLO","link":"http:\/\/www.grieta.org.mx\/index.php\/category\/cintillo\/"},"img":{"alt_text":"","src":"https:\/\/i0.wp.com\/www.grieta.org.mx\/wp-content\/uploads\/2018\/03\/14524434_1106112876131411_958039263622046936_o.jpg?resize=350%2C200","width":350,"height":200,"srcset":"https:\/\/i0.wp.com\/www.grieta.org.mx\/wp-content\/uploads\/2018\/03\/14524434_1106112876131411_958039263622046936_o.jpg?resize=350%2C200 1x, https:\/\/i0.wp.com\/www.grieta.org.mx\/wp-content\/uploads\/2018\/03\/14524434_1106112876131411_958039263622046936_o.jpg?resize=525%2C300 1.5x, https:\/\/i0.wp.com\/www.grieta.org.mx\/wp-content\/uploads\/2018\/03\/14524434_1106112876131411_958039263622046936_o.jpg?resize=700%2C400 2x"},"classes":[]}],"_links":{"self":[{"href":"http:\/\/www.grieta.org.mx\/index.php\/wp-json\/wp\/v2\/posts\/10548","targetHints":{"allow":["GET"]}}],"collection":[{"href":"http:\/\/www.grieta.org.mx\/index.php\/wp-json\/wp\/v2\/posts"}],"about":[{"href":"http:\/\/www.grieta.org.mx\/index.php\/wp-json\/wp\/v2\/types\/post"}],"author":[{"embeddable":true,"href":"http:\/\/www.grieta.org.mx\/index.php\/wp-json\/wp\/v2\/users\/2"}],"replies":[{"embeddable":true,"href":"http:\/\/www.grieta.org.mx\/index.php\/wp-json\/wp\/v2\/comments?post=10548"}],"version-history":[{"count":1,"href":"http:\/\/www.grieta.org.mx\/index.php\/wp-json\/wp\/v2\/posts\/10548\/revisions"}],"predecessor-version":[{"id":10550,"href":"http:\/\/www.grieta.org.mx\/index.php\/wp-json\/wp\/v2\/posts\/10548\/revisions\/10550"}],"wp:featuredmedia":[{"embeddable":true,"href":"http:\/\/www.grieta.org.mx\/index.php\/wp-json\/wp\/v2\/media\/21928"}],"wp:attachment":[{"href":"http:\/\/www.grieta.org.mx\/index.php\/wp-json\/wp\/v2\/media?parent=10548"}],"wp:term":[{"taxonomy":"category","embeddable":true,"href":"http:\/\/www.grieta.org.mx\/index.php\/wp-json\/wp\/v2\/categories?post=10548"},{"taxonomy":"post_tag","embeddable":true,"href":"http:\/\/www.grieta.org.mx\/index.php\/wp-json\/wp\/v2\/tags?post=10548"}],"curies":[{"name":"wp","href":"https:\/\/api.w.org\/{rel}","templated":true}]}}