{"id":10483,"date":"2016-04-15T22:14:19","date_gmt":"2016-04-15T22:14:19","guid":{"rendered":"http:\/\/www.grieta.org.mx\/?p=10483"},"modified":"2016-04-16T22:24:21","modified_gmt":"2016-04-16T22:24:21","slug":"baja-california-presente-en-informe-de-derechos-humanos-de-eu","status":"publish","type":"post","link":"http:\/\/www.grieta.org.mx\/index.php\/2016\/04\/15\/baja-california-presente-en-informe-de-derechos-humanos-de-eu\/","title":{"rendered":"Baja California presente en informe de Derechos Humanos de EU"},"content":{"rendered":"<p><img loading=\"lazy\" decoding=\"async\" data-attachment-id=\"10484\" data-permalink=\"http:\/\/www.grieta.org.mx\/index.php\/2016\/04\/15\/baja-california-presente-en-informe-de-derechos-humanos-de-eu\/tortura-bc\/\" data-orig-file=\"http:\/\/www.grieta.org.mx\/wp-content\/uploads\/2016\/04\/tortura-bc.jpg\" data-orig-size=\"660,440\" data-comments-opened=\"0\" data-image-meta=\"{&quot;aperture&quot;:&quot;0&quot;,&quot;credit&quot;:&quot;&quot;,&quot;camera&quot;:&quot;&quot;,&quot;caption&quot;:&quot;&quot;,&quot;created_timestamp&quot;:&quot;0&quot;,&quot;copyright&quot;:&quot;&quot;,&quot;focal_length&quot;:&quot;0&quot;,&quot;iso&quot;:&quot;0&quot;,&quot;shutter_speed&quot;:&quot;0&quot;,&quot;title&quot;:&quot;&quot;,&quot;orientation&quot;:&quot;0&quot;}\" data-image-title=\"tortura bc\" data-image-description=\"\" data-image-caption=\"\" data-medium-file=\"http:\/\/www.grieta.org.mx\/wp-content\/uploads\/2016\/04\/tortura-bc-300x200.jpg\" data-large-file=\"http:\/\/www.grieta.org.mx\/wp-content\/uploads\/2016\/04\/tortura-bc.jpg\" src=\"http:\/\/www.grieta.org.mx\/wp-content\/uploads\/2016\/04\/tortura-bc.jpg\" alt=\"tortura bc\" width=\"660\" height=\"440\" class=\"alignnone size-full wp-image-10484\" srcset=\"http:\/\/www.grieta.org.mx\/wp-content\/uploads\/2016\/04\/tortura-bc.jpg 660w, http:\/\/www.grieta.org.mx\/wp-content\/uploads\/2016\/04\/tortura-bc-300x200.jpg 300w\" sizes=\"auto, (max-width: 660px) 100vw, 660px\" \/><\/p>\n<p>Tijuana, 15 de abril.- Dos casos de tortura y uno de secuestro en Baja California fueron utilizados como ejemplo en el Informe de Derechos Humanos 2015, que present\u00f3 Estados Unidos como parte de su evaluaci\u00f3n anual. <\/p>\n<p>De acuerdo con el documento de 34 p\u00e1ginas -secci\u00f3n M\u00e9xico-, el pa\u00eds vive una crisis en la materia.<\/p>\n<p>Tan solo el a\u00f1o pasado se documentaron desapariciones, torturas, detenciones arbitrarias de las corporaciones, as\u00ed como explotaci\u00f3n de hombres, mujeres y ni\u00f1os. <\/p>\n<p>En el caso de Baja California fueron exhibidos dos casos en el apartado de Tortura, Tratos crueles o degradantes e inhumanos, en donde presentaron la primera recomendaci\u00f3n que emite por el Comit\u00e9 Contra la Tortura (CAT) de la ONU, contra el Estado mexicano. <\/p>\n<p>El 7 de octubre ese organismo pidi\u00f3 liberar a cuatro hombres acusados de secuestro y detenidos por el Ej\u00e9rcito Mexicano en Playas de Rosarito, en 2009, debido a que se comprob\u00f3 que las autoridades mintieron en el parte, adem\u00e1s de haberlos torturado. <\/p>\n<p>Otro de los casos es el Adri\u00e1n V\u00e1squez Lagunes, un propietario de taxis que fue detenido y torturado por polic\u00edas estatales que seg\u00fan lo identificaron como Gonzalo Insunza, &#8220;Macho Prieto&#8221;, un lugarteniente del c\u00e1rtel de Sinaloa.<\/p>\n<p>Su libertad por desvanecimiento de datos se registr\u00f3 el 1 de diciembre de 2015 por la defensa de la abogada Sandra Esquer, directora del Centro de Derechos Humanos de Baja California, quien demostr\u00f3 la tortura de tres polic\u00edas estatales y que mintieron en el parte polic\u00edaco, adem\u00e1s de la presi\u00f3n de Amnist\u00eda Internacional.<\/p>\n<p>En el apartado de desapariciones, el informe se\u00f1ala la detenci\u00f3n de cuatro personas que integraban una banda de secuestro de migrantes entre Tijuana y Tecate. Seg\u00fan el documento la fiscal\u00eda estatal reconoci\u00f3 que estaban implicados en por lo menos 70 plagios m\u00e1s. <\/p>\n<p>Adem\u00e1s explicaron que durante su detenci\u00f3n, en septiembre pasado, rescataron a nueve v\u00edctimas, quienes dijeron haber sido torturadas, golpeadas y en algunos casos, incluso abusadas sexualmente. <\/p>\n<p>Link para informe completo: <a href=\"http:\/\/www.state.gov\/documents\/organization\/253239.pdf\" target=\"_blank\">http:\/\/www.state.gov\/documents\/organization\/253239.pdf<\/a><\/p>\n<p><a href=\"http:\/\/jornadabc.mx\/tijuana\/15-04-2016\/baja-california-presente-en-informe-de-derechos-humanos-de-eu\" target=\"_blank\">http:\/\/jornadabc.mx\/tijuana\/15-04-2016\/baja-california-presente-en-informe-de-derechos-humanos-de-eu<\/a> <\/p>\n","protected":false},"excerpt":{"rendered":"<p>Tijuana, 15 de abril.- Dos casos de tortura y uno de secuestro en Baja California fueron utilizados como ejemplo en el Informe de Derechos Humanos 2015, que present\u00f3 Estados Unidos &hellip; <a href=\"http:\/\/www.grieta.org.mx\/index.php\/2016\/04\/15\/baja-california-presente-en-informe-de-derechos-humanos-de-eu\/\" class=\"more-link\">Leer m\u00e1s<\/a><\/p>\n","protected":false},"author":2,"featured_media":21928,"comment_status":"closed","ping_status":"closed","sticky":false,"template":"","format":"standard","meta":{"ngg_post_thumbnail":0,"_jetpack_newsletter_access":"","_jetpack_dont_email_post_to_subs":false,"_jetpack_newsletter_tier_id":0,"_jetpack_memberships_contains_paywalled_content":false,"_jetpack_memberships_contains_paid_content":false,"footnotes":""},"categories":[80],"tags":[174,325],"class_list":["post-10483","post","type-post","status-publish","format-standard","has-post-thumbnail","hentry","category-cintillo","tag-derechos-humanos","tag-tortura","entry"],"jetpack_featured_media_url":"http:\/\/www.grieta.org.mx\/wp-content\/uploads\/2018\/03\/14524434_1106112876131411_958039263622046936_o.jpg","jetpack_sharing_enabled":true,"jetpack_shortlink":"https:\/\/wp.me\/p7ZJR4-2J5","jetpack_likes_enabled":false,"jetpack-related-posts":[{"id":6913,"url":"http:\/\/www.grieta.org.mx\/index.php\/2016\/08\/17\/tortura-en-baja-california\/","url_meta":{"origin":10483,"position":0},"title":"Abuso polic\u00edaco y tortura en Baja California","author":"grieta","date":"17 agosto, 2016","format":false,"excerpt":"17\/08\/16. CEDH emite recomendaci\u00f3n contra ministeriales torturadores en BC La Jornada Baja California 06\/08\/16. Pese al NSJP contin\u00faan pr\u00e1cticas de tortura: CEDH BC Unimexicali 06\/08\/16. Recomienda CEDH al Ayuntamiento por muerte de un hombre La Jornada Baja California 14\/07\/16. Casi 50 quejas contra tortura de polic\u00edas de BC en lo\u2026","rel":"","context":"En &quot;Baja California&quot;","block_context":{"text":"Baja California","link":"http:\/\/www.grieta.org.mx\/index.php\/category\/noticias-nacionales\/baja-california\/"},"img":{"alt_text":"","src":"https:\/\/i0.wp.com\/www.grieta.org.mx\/wp-content\/uploads\/2018\/03\/14524434_1106112876131411_958039263622046936_o.jpg?resize=350%2C200","width":350,"height":200,"srcset":"https:\/\/i0.wp.com\/www.grieta.org.mx\/wp-content\/uploads\/2018\/03\/14524434_1106112876131411_958039263622046936_o.jpg?resize=350%2C200 1x, https:\/\/i0.wp.com\/www.grieta.org.mx\/wp-content\/uploads\/2018\/03\/14524434_1106112876131411_958039263622046936_o.jpg?resize=525%2C300 1.5x, https:\/\/i0.wp.com\/www.grieta.org.mx\/wp-content\/uploads\/2018\/03\/14524434_1106112876131411_958039263622046936_o.jpg?resize=700%2C400 2x"},"classes":[]},{"id":20009,"url":"http:\/\/www.grieta.org.mx\/index.php\/2016\/08\/17\/cedh-emite-recomendacion-contra-ministeriales-torturadores-en-bc\/","url_meta":{"origin":10483,"position":1},"title":"CEDH emite recomendaci\u00f3n contra ministeriales torturadores en BC","author":"grieta","date":"17 agosto, 2016","format":false,"excerpt":"POR ANTONIO HERAS Tijuana, 17 de agosto.- Polic\u00edas ministeriales aplicaron toques el\u00e9ctricos en genitales de dos hombres a quienes golpearon y trataron de asfixiar con bolsas de pl\u00e1stico, para obligarlos a declararse culpables del delito de robo de veh\u00edculo, cuando se encontraban en la Procuradur\u00eda de Justicia de Baja California\u2026","rel":"","context":"En &quot;CINTILLO&quot;","block_context":{"text":"CINTILLO","link":"http:\/\/www.grieta.org.mx\/index.php\/category\/cintillo\/"},"img":{"alt_text":"","src":"https:\/\/i0.wp.com\/www.grieta.org.mx\/wp-content\/uploads\/2018\/03\/14524434_1106112876131411_958039263622046936_o.jpg?resize=350%2C200","width":350,"height":200,"srcset":"https:\/\/i0.wp.com\/www.grieta.org.mx\/wp-content\/uploads\/2018\/03\/14524434_1106112876131411_958039263622046936_o.jpg?resize=350%2C200 1x, https:\/\/i0.wp.com\/www.grieta.org.mx\/wp-content\/uploads\/2018\/03\/14524434_1106112876131411_958039263622046936_o.jpg?resize=525%2C300 1.5x, https:\/\/i0.wp.com\/www.grieta.org.mx\/wp-content\/uploads\/2018\/03\/14524434_1106112876131411_958039263622046936_o.jpg?resize=700%2C400 2x"},"classes":[]},{"id":20365,"url":"http:\/\/www.grieta.org.mx\/index.php\/2016\/08\/06\/pese-al-nsjp-continuan-practicas-de-tortura-cedh-bc\/","url_meta":{"origin":10483,"position":2},"title":"Pese al NSJP contin\u00faan pr\u00e1cticas de tortura: CEDH BC","author":"grieta","date":"6 agosto, 2016","format":false,"excerpt":"Por: Santiago Flores. TIJUANA, B. C..- A escasos dos meses de la entrada en vigor del Nuevo Sistema de Justicia Penal en Tijuana, las autoridades ministeriales de Baja California, mantienen las pr\u00e1cticas que a lo largo del a\u00f1o generaron 96 expedientes de queja contra servidores p\u00fablicos adscritos a la Procuradur\u00eda\u2026","rel":"","context":"En &quot;CINTILLO&quot;","block_context":{"text":"CINTILLO","link":"http:\/\/www.grieta.org.mx\/index.php\/category\/cintillo\/"},"img":{"alt_text":"","src":"https:\/\/i0.wp.com\/www.grieta.org.mx\/wp-content\/uploads\/2018\/03\/14524434_1106112876131411_958039263622046936_o.jpg?resize=350%2C200","width":350,"height":200,"srcset":"https:\/\/i0.wp.com\/www.grieta.org.mx\/wp-content\/uploads\/2018\/03\/14524434_1106112876131411_958039263622046936_o.jpg?resize=350%2C200 1x, https:\/\/i0.wp.com\/www.grieta.org.mx\/wp-content\/uploads\/2018\/03\/14524434_1106112876131411_958039263622046936_o.jpg?resize=525%2C300 1.5x, https:\/\/i0.wp.com\/www.grieta.org.mx\/wp-content\/uploads\/2018\/03\/14524434_1106112876131411_958039263622046936_o.jpg?resize=700%2C400 2x"},"classes":[]},{"id":20014,"url":"http:\/\/www.grieta.org.mx\/index.php\/2016\/07\/14\/casi-50-quejas-contra-tortura-de-policias-de-bc-en-lo-que-va-del-ano-cedh\/","url_meta":{"origin":10483,"position":3},"title":"Casi 50 quejas contra tortura de polic\u00edas de BC en lo que va del a\u00f1o: CEDH","author":"grieta","date":"14 julio, 2016","format":false,"excerpt":"POR ANTONIO HERAS Mexicali, 14 de julio.- Medio centenar de quejas por tortura y 17 por tratos crueles, degradantes o inhumanos se registraron en Baja California durante el primer semestre de 2016, la mayor\u00eda de ellas por hechos cometidos en Tijuana, de acuerdo a la Comisi\u00f3n Estatal de Derechos Humanos\u2026","rel":"","context":"En &quot;CINTILLO&quot;","block_context":{"text":"CINTILLO","link":"http:\/\/www.grieta.org.mx\/index.php\/category\/cintillo\/"},"img":{"alt_text":"","src":"https:\/\/i0.wp.com\/www.grieta.org.mx\/wp-content\/uploads\/2018\/03\/14524434_1106112876131411_958039263622046936_o.jpg?resize=350%2C200","width":350,"height":200,"srcset":"https:\/\/i0.wp.com\/www.grieta.org.mx\/wp-content\/uploads\/2018\/03\/14524434_1106112876131411_958039263622046936_o.jpg?resize=350%2C200 1x, https:\/\/i0.wp.com\/www.grieta.org.mx\/wp-content\/uploads\/2018\/03\/14524434_1106112876131411_958039263622046936_o.jpg?resize=525%2C300 1.5x, https:\/\/i0.wp.com\/www.grieta.org.mx\/wp-content\/uploads\/2018\/03\/14524434_1106112876131411_958039263622046936_o.jpg?resize=700%2C400 2x"},"classes":[]},{"id":6924,"url":"http:\/\/www.grieta.org.mx\/index.php\/2015\/11\/12\/se-disparan-mas-de-700-por-ciento-quejas-por-tortura-en-bc\/","url_meta":{"origin":10483,"position":4},"title":"Se disparan m\u00e1s de 700 por ciento quejas por tortura en BC","author":"grieta","date":"12 noviembre, 2015","format":false,"excerpt":"Gabriela Mart\u00ednez, Tijuana, B.C. En solo nueve meses, de enero a septiembre de 2015, las quejas por tortura y tratos crueles e inhumanos o degradantes se dispararon 712 por ciento en Baja California, y lo cuestionable: las corporaciones se\u00f1aladas se niegan a reconocer cabalmente las recomendaciones de la Comisi\u00f3n Estatal\u2026","rel":"","context":"En &quot;CINTILLO&quot;","block_context":{"text":"CINTILLO","link":"http:\/\/www.grieta.org.mx\/index.php\/category\/cintillo\/"},"img":{"alt_text":"","src":"https:\/\/i0.wp.com\/www.grieta.org.mx\/wp-content\/uploads\/2018\/03\/14524434_1106112876131411_958039263622046936_o.jpg?resize=350%2C200","width":350,"height":200,"srcset":"https:\/\/i0.wp.com\/www.grieta.org.mx\/wp-content\/uploads\/2018\/03\/14524434_1106112876131411_958039263622046936_o.jpg?resize=350%2C200 1x, https:\/\/i0.wp.com\/www.grieta.org.mx\/wp-content\/uploads\/2018\/03\/14524434_1106112876131411_958039263622046936_o.jpg?resize=525%2C300 1.5x, https:\/\/i0.wp.com\/www.grieta.org.mx\/wp-content\/uploads\/2018\/03\/14524434_1106112876131411_958039263622046936_o.jpg?resize=700%2C400 2x"},"classes":[]},{"id":43898,"url":"http:\/\/www.grieta.org.mx\/index.php\/2020\/01\/28\/investiga-la-codhet-22-probables-casos-de-tortura-en-tamaulipas\/","url_meta":{"origin":10483,"position":5},"title":"Investiga la CODHET 22 probables casos de tortura en Tamaulipas","author":"grieta","date":"28 enero, 2020","format":false,"excerpt":"Lupita \u00c1lvarez\/Gaceta UAT 28 enero 2020 Cd. Victoria, Tamaulipas.- La Comisi\u00f3n de Derechos Humanos del Estado de Tamaulipas (CODHET) investiga 22 probables casos de tortura, cometidos principalmente por agentes de distintas corporaciones polic\u00edacas. La presidenta del organismo, Olivia Lemus Mart\u00ednez dijo que \u201cson 22 asuntos que se han recibido en\u2026","rel":"","context":"En &quot;Abuso policiaco y tortura en Tamaulipas&quot;","block_context":{"text":"Abuso policiaco y tortura en Tamaulipas","link":"http:\/\/www.grieta.org.mx\/index.php\/category\/noticias-nacionales\/tamaulipas\/abuso-policiaco-y-tortura-en-tamaulipas\/"},"img":{"alt_text":"","src":"https:\/\/i0.wp.com\/www.grieta.org.mx\/wp-content\/uploads\/2020\/02\/TOR-300x128.jpg?resize=350%2C200","width":350,"height":200},"classes":[]}],"_links":{"self":[{"href":"http:\/\/www.grieta.org.mx\/index.php\/wp-json\/wp\/v2\/posts\/10483","targetHints":{"allow":["GET"]}}],"collection":[{"href":"http:\/\/www.grieta.org.mx\/index.php\/wp-json\/wp\/v2\/posts"}],"about":[{"href":"http:\/\/www.grieta.org.mx\/index.php\/wp-json\/wp\/v2\/types\/post"}],"author":[{"embeddable":true,"href":"http:\/\/www.grieta.org.mx\/index.php\/wp-json\/wp\/v2\/users\/2"}],"replies":[{"embeddable":true,"href":"http:\/\/www.grieta.org.mx\/index.php\/wp-json\/wp\/v2\/comments?post=10483"}],"version-history":[{"count":1,"href":"http:\/\/www.grieta.org.mx\/index.php\/wp-json\/wp\/v2\/posts\/10483\/revisions"}],"predecessor-version":[{"id":10485,"href":"http:\/\/www.grieta.org.mx\/index.php\/wp-json\/wp\/v2\/posts\/10483\/revisions\/10485"}],"wp:featuredmedia":[{"embeddable":true,"href":"http:\/\/www.grieta.org.mx\/index.php\/wp-json\/wp\/v2\/media\/21928"}],"wp:attachment":[{"href":"http:\/\/www.grieta.org.mx\/index.php\/wp-json\/wp\/v2\/media?parent=10483"}],"wp:term":[{"taxonomy":"category","embeddable":true,"href":"http:\/\/www.grieta.org.mx\/index.php\/wp-json\/wp\/v2\/categories?post=10483"},{"taxonomy":"post_tag","embeddable":true,"href":"http:\/\/www.grieta.org.mx\/index.php\/wp-json\/wp\/v2\/tags?post=10483"}],"curies":[{"name":"wp","href":"https:\/\/api.w.org\/{rel}","templated":true}]}}