{"id":10439,"date":"2016-04-15T04:50:57","date_gmt":"2016-04-15T04:50:57","guid":{"rendered":"http:\/\/www.grieta.org.mx\/?p=10439"},"modified":"2016-04-15T04:50:57","modified_gmt":"2016-04-15T04:50:57","slug":"politecnicos-protestan-frente-a-la-sep-acusan-violacion-a-su-autonomia","status":"publish","type":"post","link":"http:\/\/www.grieta.org.mx\/index.php\/2016\/04\/15\/politecnicos-protestan-frente-a-la-sep-acusan-violacion-a-su-autonomia\/","title":{"rendered":"Polit\u00e9cnicos protestan frente a la SEP; acusan \u201cviolaci\u00f3n a su autonom\u00eda\u201d"},"content":{"rendered":"<p>Sin embargo<\/p>\n<p>Por Redacci\u00f3n <\/p>\n<p>Los polit\u00e9cnicos manifiestan en la marcha su inconformidad por la falta de informaci\u00f3n y las posibles consecuencias que este acuerdo representa para ellos.<\/p>\n<p><img loading=\"lazy\" decoding=\"async\" data-attachment-id=\"10440\" data-permalink=\"http:\/\/www.grieta.org.mx\/index.php\/2016\/04\/15\/politecnicos-protestan-frente-a-la-sep-acusan-violacion-a-su-autonomia\/sep\/\" data-orig-file=\"http:\/\/www.grieta.org.mx\/wp-content\/uploads\/2016\/04\/SEp.jpg\" data-orig-size=\"700,370\" data-comments-opened=\"0\" data-image-meta=\"{&quot;aperture&quot;:&quot;0&quot;,&quot;credit&quot;:&quot;&quot;,&quot;camera&quot;:&quot;&quot;,&quot;caption&quot;:&quot;&quot;,&quot;created_timestamp&quot;:&quot;0&quot;,&quot;copyright&quot;:&quot;&quot;,&quot;focal_length&quot;:&quot;0&quot;,&quot;iso&quot;:&quot;0&quot;,&quot;shutter_speed&quot;:&quot;0&quot;,&quot;title&quot;:&quot;&quot;,&quot;orientation&quot;:&quot;1&quot;}\" data-image-title=\"SEp\" data-image-description=\"\" data-image-caption=\"\" data-medium-file=\"http:\/\/www.grieta.org.mx\/wp-content\/uploads\/2016\/04\/SEp-300x159.jpg\" data-large-file=\"http:\/\/www.grieta.org.mx\/wp-content\/uploads\/2016\/04\/SEp.jpg\" src=\"http:\/\/www.grieta.org.mx\/wp-content\/uploads\/2016\/04\/SEp.jpg\" alt=\"SEp\" width=\"700\" height=\"370\" class=\"alignnone size-full wp-image-10440\" srcset=\"http:\/\/www.grieta.org.mx\/wp-content\/uploads\/2016\/04\/SEp.jpg 700w, http:\/\/www.grieta.org.mx\/wp-content\/uploads\/2016\/04\/SEp-300x159.jpg 300w\" sizes=\"auto, (max-width: 700px) 100vw, 700px\" \/><\/p>\n<p>La comitiva uni\u00f3 a dos planteles los cuales se dirigen a las oficinas de la SEP. Foto: Twitter @Coordinadora1DM.<\/p>\n<p>Ciudad de M\u00e9xico, 14 de abril (SinEmbargo).\u2013 Estudiantes del Instituto Polit\u00e9cnico Nacional (IPN) salieron de los planteles Zacatenco y Casco de Santo Tom\u00e1s rumbo a las oficinas de la Secretar\u00eda de Educaci\u00f3n P\u00fablica (SEP) porque consideran que recientes acuerdos violan su autonom\u00eda.<\/p>\n<p>Y es que dicha instituci\u00f3n, dependiente de la SEP, ha sido adscrita a la Secretar\u00eda de Educaci\u00f3n Superior (SES). Tal anuncio fue publicado en el Diario Oficial de la Federaci\u00f3n, el cual le otorga car\u00e1cter legal.<\/p>\n<p>A su vez, los polit\u00e9cnicos manifiestan en la marcha su inconformidad por la falta de informaci\u00f3n y las posibles consecuencias que este acuerdo representa para ellos.<\/p>\n<p>Sin embargo, la propia SEP indic\u00f3 en un primer momento sobre la adscripci\u00f3n de las Vocacionales a la SES, pero despu\u00e9s afirm\u00f3 que tales escuelas ser\u00edan vinculadas a la Oficina del titular de la SEP. Ante ello, los estudiantes dijeron que era un maltrato a su instituci\u00f3n.<\/p>\n<p><a href=\"http:\/\/www.sinembargo.mx\/14-04-2016\/1648438\" target=\"_blank\">http:\/\/www.sinembargo.mx\/14-04-2016\/1648438<\/a><\/p>\n","protected":false},"excerpt":{"rendered":"<p>Sin embargo Por Redacci\u00f3n Los polit\u00e9cnicos manifiestan en la marcha su inconformidad por la falta de informaci\u00f3n y las posibles consecuencias que este acuerdo representa para ellos. La comitiva uni\u00f3 &hellip; <a href=\"http:\/\/www.grieta.org.mx\/index.php\/2016\/04\/15\/politecnicos-protestan-frente-a-la-sep-acusan-violacion-a-su-autonomia\/\" class=\"more-link\">Leer m\u00e1s<\/a><\/p>\n","protected":false},"author":2,"featured_media":21928,"comment_status":"closed","ping_status":"closed","sticky":false,"template":"","format":"standard","meta":{"ngg_post_thumbnail":0,"_jetpack_newsletter_access":"","_jetpack_dont_email_post_to_subs":false,"_jetpack_newsletter_tier_id":0,"_jetpack_memberships_contains_paywalled_content":false,"_jetpack_memberships_contains_paid_content":false,"footnotes":""},"categories":[80],"tags":[606,607],"class_list":["post-10439","post","type-post","status-publish","format-standard","has-post-thumbnail","hentry","category-cintillo","tag-ipn","tag-sep","entry"],"jetpack_featured_media_url":"http:\/\/www.grieta.org.mx\/wp-content\/uploads\/2018\/03\/14524434_1106112876131411_958039263622046936_o.jpg","jetpack_sharing_enabled":true,"jetpack_shortlink":"https:\/\/wp.me\/p7ZJR4-2In","jetpack_likes_enabled":false,"jetpack-related-posts":[{"id":10436,"url":"http:\/\/www.grieta.org.mx\/index.php\/2016\/05\/14\/conflictos-y-movilizaciones-en-el-instituto-politecnico-nacional\/","url_meta":{"origin":10439,"position":0},"title":"Conflictos y movilizaciones en el Instituto Polit\u00e9cnico Nacional","author":"grieta","date":"14 mayo, 2016","format":false,"excerpt":"13\/05\/16. La defensa del Poli es una cuesti\u00f3n de autonom\u00eda y de una generaci\u00f3n que lo siente suyoDesinform\u00e9monos 23\/04\/16. Estudiantes dan plazo a director del IPN para esclarecer acuerdos con SEPSomos el medio 22\/04\/16. Cerca de 10 Vocacionales entran en paroSomos el medio 16\/04\/16. SEP intenta nigunearnos, error en la\u2026","rel":"","context":"En &quot;Ciudad de M\u00e9xico&quot;","block_context":{"text":"Ciudad de M\u00e9xico","link":"http:\/\/www.grieta.org.mx\/index.php\/category\/noticias-nacionales\/ciudad-de-mexico\/"},"img":{"alt_text":"","src":"https:\/\/i0.wp.com\/www.grieta.org.mx\/wp-content\/uploads\/2018\/03\/14524434_1106112876131411_958039263622046936_o.jpg?resize=350%2C200","width":350,"height":200,"srcset":"https:\/\/i0.wp.com\/www.grieta.org.mx\/wp-content\/uploads\/2018\/03\/14524434_1106112876131411_958039263622046936_o.jpg?resize=350%2C200 1x, https:\/\/i0.wp.com\/www.grieta.org.mx\/wp-content\/uploads\/2018\/03\/14524434_1106112876131411_958039263622046936_o.jpg?resize=525%2C300 1.5x, https:\/\/i0.wp.com\/www.grieta.org.mx\/wp-content\/uploads\/2018\/03\/14524434_1106112876131411_958039263622046936_o.jpg?resize=700%2C400 2x"},"classes":[]},{"id":10491,"url":"http:\/\/www.grieta.org.mx\/index.php\/2016\/04\/16\/se-reactiva-el-movimiento-estudiantil-del-ipn\/","url_meta":{"origin":10439,"position":1},"title":"Se reactiva el movimiento estudiantil del IPN","author":"grieta","date":"16 abril, 2016","format":false,"excerpt":"Somos el medio Foto: Ricardo Ortiz\/Somoselmedio.org Marchan estudiantes del IPN del Casco y Zacatenco a la SEP Ricardo Ortiz Cerca de cinco mil estudiantes del Instituto Polit\u00e9cnico Nacional (IPN) marcharon este jueves 14 de abril, partiendo del Casco de Santo Tom\u00e1s y Zacatenco hasta la Secretar\u00eda de Educaci\u00f3n P\u00fablica (SEP),\u2026","rel":"","context":"En &quot;CINTILLO&quot;","block_context":{"text":"CINTILLO","link":"http:\/\/www.grieta.org.mx\/index.php\/category\/cintillo\/"},"img":{"alt_text":"","src":"https:\/\/i0.wp.com\/www.grieta.org.mx\/wp-content\/uploads\/2018\/03\/14524434_1106112876131411_958039263622046936_o.jpg?resize=350%2C200","width":350,"height":200,"srcset":"https:\/\/i0.wp.com\/www.grieta.org.mx\/wp-content\/uploads\/2018\/03\/14524434_1106112876131411_958039263622046936_o.jpg?resize=350%2C200 1x, https:\/\/i0.wp.com\/www.grieta.org.mx\/wp-content\/uploads\/2018\/03\/14524434_1106112876131411_958039263622046936_o.jpg?resize=525%2C300 1.5x, https:\/\/i0.wp.com\/www.grieta.org.mx\/wp-content\/uploads\/2018\/03\/14524434_1106112876131411_958039263622046936_o.jpg?resize=700%2C400 2x"},"classes":[]},{"id":10435,"url":"http:\/\/www.grieta.org.mx\/index.php\/2016\/04\/15\/estudiantes-se-manifiestan-tras-anuncio-de-que-el-ipn-queda-adscrito-a-la-oficina-de-nuno\/","url_meta":{"origin":10439,"position":2},"title":"Estudiantes se manifiestan tras anuncio de que el IPN queda adscrito a la oficina de Nu\u00f1o","author":"grieta","date":"15 abril, 2016","format":false,"excerpt":"Animal Pol\u00edtico Redacci\u00f3n Animal Pol\u00edtico Un d\u00eda despu\u00e9s de que se anunciara que el Instituto Polit\u00e9cnico Nacional (IPN) queda adscrito a la Oficina del secretario de Educaci\u00f3n P\u00fablica, Aurelio Nu\u00f1o, estudiantes de esa instituci\u00f3n educativa salieron a manifestarse, exigiendo una explicaci\u00f3n sobre los cambios. Un sector de la\u00a0protesta se dirigi\u00f3\u2026","rel":"","context":"En &quot;CINTILLO&quot;","block_context":{"text":"CINTILLO","link":"http:\/\/www.grieta.org.mx\/index.php\/category\/cintillo\/"},"img":{"alt_text":"","src":"https:\/\/i0.wp.com\/www.grieta.org.mx\/wp-content\/uploads\/2018\/03\/14524434_1106112876131411_958039263622046936_o.jpg?resize=350%2C200","width":350,"height":200,"srcset":"https:\/\/i0.wp.com\/www.grieta.org.mx\/wp-content\/uploads\/2018\/03\/14524434_1106112876131411_958039263622046936_o.jpg?resize=350%2C200 1x, https:\/\/i0.wp.com\/www.grieta.org.mx\/wp-content\/uploads\/2018\/03\/14524434_1106112876131411_958039263622046936_o.jpg?resize=525%2C300 1.5x, https:\/\/i0.wp.com\/www.grieta.org.mx\/wp-content\/uploads\/2018\/03\/14524434_1106112876131411_958039263622046936_o.jpg?resize=700%2C400 2x"},"classes":[]},{"id":11409,"url":"http:\/\/www.grieta.org.mx\/index.php\/2016\/04\/23\/estudiantes-dan-plazo-a-director-del-ipn-para-esclarecer-acuerdos-con-sep\/","url_meta":{"origin":10439,"position":3},"title":"Estudiantes dan plazo a director del IPN para esclarecer acuerdos con SEP","author":"grieta","date":"23 abril, 2016","format":false,"excerpt":"Ricardo Ortiz Foto: Ricardo Ortiz\/Somoselmedio.org En caso de que no se presente, exigir\u00e1n su destituci\u00f3n del IPN Este jueves 21 de abril de 2016, cerca de dos mil estudiantes de diferentes escuelas, pertenecientes al Instituto Polit\u00e9cnico Nacional (IPN), realizaron una marcha alrededor de las 14:00 horas, misma que parti\u00f3 de\u2026","rel":"","context":"En &quot;cdmx&quot;","block_context":{"text":"cdmx","link":"http:\/\/www.grieta.org.mx\/index.php\/category\/cdmx\/"},"img":{"alt_text":"","src":"https:\/\/i0.wp.com\/www.grieta.org.mx\/wp-content\/uploads\/2018\/03\/14524434_1106112876131411_958039263622046936_o.jpg?resize=350%2C200","width":350,"height":200,"srcset":"https:\/\/i0.wp.com\/www.grieta.org.mx\/wp-content\/uploads\/2018\/03\/14524434_1106112876131411_958039263622046936_o.jpg?resize=350%2C200 1x, https:\/\/i0.wp.com\/www.grieta.org.mx\/wp-content\/uploads\/2018\/03\/14524434_1106112876131411_958039263622046936_o.jpg?resize=525%2C300 1.5x, https:\/\/i0.wp.com\/www.grieta.org.mx\/wp-content\/uploads\/2018\/03\/14524434_1106112876131411_958039263622046936_o.jpg?resize=700%2C400 2x"},"classes":[]},{"id":10730,"url":"http:\/\/www.grieta.org.mx\/index.php\/2016\/04\/16\/sep-intenta-nigunearnos-error-en-la-adscripcion-demuestra-que-no-tiene-plan-para-ipn-estudiantes\/","url_meta":{"origin":10439,"position":4},"title":"SEP intenta nigunearnos, error en la adscripci\u00f3n demuestra que no tiene plan para IPN: estudiantes","author":"grieta","date":"16 abril, 2016","format":false,"excerpt":"Sergio Rinc\u00f3n (16 de abril, 2016.Revoluci\u00f3nTRESPUNTOCERO).- La comunidad del Instituto Polit\u00e9cnico de Nacional (IPN) denunci\u00f3 que la Secretar\u00eda de Educaci\u00f3n P\u00fablica (SEP) intenta provocar un ambiente de incertidumbre, desinformaci\u00f3n e incluso dividir o afectar el movimiento estudiantil con los cambios y errores en las adscripciones publicadas en el Diario Oficial\u2026","rel":"","context":"En &quot;CINTILLO&quot;","block_context":{"text":"CINTILLO","link":"http:\/\/www.grieta.org.mx\/index.php\/category\/cintillo\/"},"img":{"alt_text":"","src":"https:\/\/i0.wp.com\/www.grieta.org.mx\/wp-content\/uploads\/2018\/03\/14524434_1106112876131411_958039263622046936_o.jpg?resize=350%2C200","width":350,"height":200,"srcset":"https:\/\/i0.wp.com\/www.grieta.org.mx\/wp-content\/uploads\/2018\/03\/14524434_1106112876131411_958039263622046936_o.jpg?resize=350%2C200 1x, https:\/\/i0.wp.com\/www.grieta.org.mx\/wp-content\/uploads\/2018\/03\/14524434_1106112876131411_958039263622046936_o.jpg?resize=525%2C300 1.5x, https:\/\/i0.wp.com\/www.grieta.org.mx\/wp-content\/uploads\/2018\/03\/14524434_1106112876131411_958039263622046936_o.jpg?resize=700%2C400 2x"},"classes":[]},{"id":9607,"url":"http:\/\/www.grieta.org.mx\/index.php\/2015\/10\/13\/maestros-de-la-cnte-protestan-contra-la-reforma-educativa\/","url_meta":{"origin":10439,"position":5},"title":"Maestros de la CNTE protestan contra la Reforma Educativa","author":"grieta","date":"13 octubre, 2015","format":false,"excerpt":"Somos el medio 13 octubre, 2015 Tabasco, Guerrero, Michoac\u00e1n, Oaxaca y\u00a0Chiapas, estados que se sumaron a la protesta por Perseo Greco \u00a0 M\u00e9xico, DF. 12 de octubre. Profesores de la Coordinadora Nacional de Trabajadores de la Educaci\u00f3n (CNTE) se reunieron en el Distrito Federal y en diferentes estados para protestar\u2026","rel":"","context":"En &quot;CINTILLO&quot;","block_context":{"text":"CINTILLO","link":"http:\/\/www.grieta.org.mx\/index.php\/category\/cintillo\/"},"img":{"alt_text":"","src":"https:\/\/i0.wp.com\/www.grieta.org.mx\/wp-content\/uploads\/2018\/03\/14524434_1106112876131411_958039263622046936_o.jpg?resize=350%2C200","width":350,"height":200,"srcset":"https:\/\/i0.wp.com\/www.grieta.org.mx\/wp-content\/uploads\/2018\/03\/14524434_1106112876131411_958039263622046936_o.jpg?resize=350%2C200 1x, https:\/\/i0.wp.com\/www.grieta.org.mx\/wp-content\/uploads\/2018\/03\/14524434_1106112876131411_958039263622046936_o.jpg?resize=525%2C300 1.5x, https:\/\/i0.wp.com\/www.grieta.org.mx\/wp-content\/uploads\/2018\/03\/14524434_1106112876131411_958039263622046936_o.jpg?resize=700%2C400 2x"},"classes":[]}],"_links":{"self":[{"href":"http:\/\/www.grieta.org.mx\/index.php\/wp-json\/wp\/v2\/posts\/10439","targetHints":{"allow":["GET"]}}],"collection":[{"href":"http:\/\/www.grieta.org.mx\/index.php\/wp-json\/wp\/v2\/posts"}],"about":[{"href":"http:\/\/www.grieta.org.mx\/index.php\/wp-json\/wp\/v2\/types\/post"}],"author":[{"embeddable":true,"href":"http:\/\/www.grieta.org.mx\/index.php\/wp-json\/wp\/v2\/users\/2"}],"replies":[{"embeddable":true,"href":"http:\/\/www.grieta.org.mx\/index.php\/wp-json\/wp\/v2\/comments?post=10439"}],"version-history":[{"count":1,"href":"http:\/\/www.grieta.org.mx\/index.php\/wp-json\/wp\/v2\/posts\/10439\/revisions"}],"predecessor-version":[{"id":10441,"href":"http:\/\/www.grieta.org.mx\/index.php\/wp-json\/wp\/v2\/posts\/10439\/revisions\/10441"}],"wp:featuredmedia":[{"embeddable":true,"href":"http:\/\/www.grieta.org.mx\/index.php\/wp-json\/wp\/v2\/media\/21928"}],"wp:attachment":[{"href":"http:\/\/www.grieta.org.mx\/index.php\/wp-json\/wp\/v2\/media?parent=10439"}],"wp:term":[{"taxonomy":"category","embeddable":true,"href":"http:\/\/www.grieta.org.mx\/index.php\/wp-json\/wp\/v2\/categories?post=10439"},{"taxonomy":"post_tag","embeddable":true,"href":"http:\/\/www.grieta.org.mx\/index.php\/wp-json\/wp\/v2\/tags?post=10439"}],"curies":[{"name":"wp","href":"https:\/\/api.w.org\/{rel}","templated":true}]}}