{"id":10435,"date":"2016-04-15T04:15:44","date_gmt":"2016-04-15T04:15:44","guid":{"rendered":"http:\/\/www.grieta.org.mx\/?p=10435"},"modified":"2016-04-15T04:15:44","modified_gmt":"2016-04-15T04:15:44","slug":"estudiantes-se-manifiestan-tras-anuncio-de-que-el-ipn-queda-adscrito-a-la-oficina-de-nuno","status":"publish","type":"post","link":"http:\/\/www.grieta.org.mx\/index.php\/2016\/04\/15\/estudiantes-se-manifiestan-tras-anuncio-de-que-el-ipn-queda-adscrito-a-la-oficina-de-nuno\/","title":{"rendered":"Estudiantes se manifiestan tras anuncio de que el IPN queda adscrito a la oficina de Nu\u00f1o"},"content":{"rendered":"<figure class=\"entry-featureimage\">\n<div class=\"image-wrapper\">Animal Pol\u00edtico<\/div>\n<div class=\"image-wrapper\"><\/div>\n<div class=\"image-wrapper\"><img decoding=\"async\" src=\"http:\/\/static.animalpolitico.com\/wp-content\/uploads\/2016\/04\/IPNProtesta-940x600.jpg\" alt=\"Estudiantes se manifiestan tras anuncio de que el IPN queda adscrito a la oficina de Nu\u00f1o\" \/><\/div>\n<\/figure>\n<aside class=\"entry-sidebar\">\n<div class=\"entry-meta\">\n<div class=\"author-box\">\n<h3 class=\"entry-published\">Redacci\u00f3n Animal Pol\u00edtico<\/h3>\n<\/div>\n<\/div>\n<\/aside>\n<p>Un d\u00eda despu\u00e9s de que se anunciara que el Instituto Polit\u00e9cnico Nacional (IPN) queda adscrito a la Oficina del secretario de Educaci\u00f3n P\u00fablica, Aurelio Nu\u00f1o, estudiantes de esa instituci\u00f3n educativa salieron a manifestarse, exigiendo una explicaci\u00f3n sobre los cambios.<\/p>\n<p>Un sector de la\u00a0protesta se dirigi\u00f3 hacia la direcci\u00f3n del IPN, ubicada en la avenida Miguel\u00a0Oth\u00f3n de Mendizabal, en la delegaci\u00f3n Gustavo A. Madero de la Ciudad de M\u00e9xico.<\/p>\n<p><strong>\u201cExigimos que el director general del Instituto Polit\u00e9cnico Nacional, Enrique Fern\u00e1ndez Fassnacht, d\u00e9 una explicaci\u00f3n<\/strong> del por qu\u00e9 est\u00e1 cambiando la relaci\u00f3n del Instituto con la Secretar\u00eda de Educaci\u00f3n P\u00fablica. El argumento de que se trata de una simple reestructuraci\u00f3n admnistrativa por parte de la Secretar\u00eda de Educaci\u00f3n P\u00fablica no ha convencido a la comunidad\u201d,\u00a0se lee en un texto que se atribuye a un comit\u00e9 estudiantil del IPN.<\/p>\n<p>En un comunicado, publicado el pasado mi\u00e9rcoles 13 de abril, la SEP inform\u00f3 sobre la instrucci\u00f3n del presidente Enrique Pe\u00f1a Nieto, para que el IPN, que cumpli\u00f3 80 a\u00f1os de su fundaci\u00f3n, quede adscrito\u00a0a la Oficina del secretario de Educaci\u00f3n P\u00fablica, Aurelio Nu\u00f1o.<\/p>\n<p>\u201cCreado en 1936 por el presidente L\u00e1zaro C\u00e1rdenas, el IPN se ha consolidado como uno de los pilares de la educaci\u00f3n media superior y superior en nuestro pa\u00eds. En ocho d\u00e9cadas, M\u00e9xico se ha beneficiado de la creatividad, el empe\u00f1o y la innovaci\u00f3n constante de la Comunidad Polit\u00e9cnica\u201d, se lee <a href=\"http:\/\/www.gob.mx\/sep\/prensa\/comunicado-163-el-instituto-politecnico-nacional-se-adscribe-a-la-oficina-del-secretario-de-educacion-publica\" target=\"_blank\">en el bolet\u00edn de la Secretar\u00eda.<\/a><\/p>\n<p>\u201cCon esta acci\u00f3n, <strong>se dar\u00e1 un renovado impulso a las actividades educativas<\/strong>, cient\u00edficas y tecnol\u00f3gicas del Instituto Polit\u00e9cnico Nacional, adem\u00e1s de que se favorecer\u00e1 una mejor coordinaci\u00f3n entre ambas instituciones\u201d, agrega el mensaje.<\/p>\n<p>De acuerdo con la emisora Radio Red, adem\u00e1s de las manifestaciones y marchas de estudiantes, se dio un paro de labores en las vocacionales 6 y 14.<\/p>\n<p>El director actual del IPN,\u00a0Enrique Fern\u00e1ndez Fassnatcht, lleg\u00f3 al cargo en 2014, despu\u00e9s de que se registraran protestas estudiantiles y en lugar de\u00a0Yolox\u00f3chitl Bustamante.<\/p>\n<p>En un comunicado el 11 de abril pasado,\u00a0Fern\u00e1ndez Fassnatcht inform\u00f3 sobre la firma de las reglas de operaci\u00f3n de la comisi\u00f3n encargada de organizar el pr\u00f3ximo Congreso Nacional Polit\u00e9cnico.<\/p>\n<p><strong>\u201cVamos a garantizar la participaci\u00f3n libre y democr\u00e1tica de todos los polit\u00e9cnicos\u201d<\/strong>, indic\u00f3 el texto.<\/p>\n<blockquote class=\"wp-embedded-content\" data-secret=\"wGfIWJnVWI\"><p><a href=\"https:\/\/www.animalpolitico.com\/2016\/04\/estudiantes-se-manifiestan-tras-anuncio-de-que-el-ipn-queda-ascrito-a-la-oficina-de-nuno\/\">Estudiantes se manifiestan tras anuncio de que el IPN queda adscrito a la oficina de Nu\u00f1o<\/a><\/p><\/blockquote>\n<p><iframe loading=\"lazy\" class=\"wp-embedded-content\" sandbox=\"allow-scripts\" security=\"restricted\" style=\"position: absolute; clip: rect(1px, 1px, 1px, 1px);\" title=\"&#8220;Estudiantes se manifiestan tras anuncio de que el IPN queda adscrito a la oficina de Nu\u00f1o&#8221; &#8212; Animal Pol\u00edtico\" src=\"https:\/\/www.animalpolitico.com\/2016\/04\/estudiantes-se-manifiestan-tras-anuncio-de-que-el-ipn-queda-ascrito-a-la-oficina-de-nuno\/embed\/#?secret=wGfIWJnVWI\" data-secret=\"wGfIWJnVWI\" width=\"600\" height=\"338\" frameborder=\"0\" marginwidth=\"0\" marginheight=\"0\" scrolling=\"no\"><\/iframe><\/p>\n<p>&nbsp;<\/p>\n<p>&nbsp;<\/p>\n","protected":false},"excerpt":{"rendered":"<p>Animal Pol\u00edtico Redacci\u00f3n Animal Pol\u00edtico Un d\u00eda despu\u00e9s de que se anunciara que el Instituto Polit\u00e9cnico Nacional (IPN) queda adscrito a la Oficina del secretario de Educaci\u00f3n P\u00fablica, Aurelio Nu\u00f1o, &hellip; <a href=\"http:\/\/www.grieta.org.mx\/index.php\/2016\/04\/15\/estudiantes-se-manifiestan-tras-anuncio-de-que-el-ipn-queda-adscrito-a-la-oficina-de-nuno\/\" class=\"more-link\">Leer m\u00e1s<\/a><\/p>\n","protected":false},"author":2,"featured_media":21928,"comment_status":"closed","ping_status":"closed","sticky":false,"template":"","format":"standard","meta":{"ngg_post_thumbnail":0,"_jetpack_newsletter_access":"","_jetpack_dont_email_post_to_subs":false,"_jetpack_newsletter_tier_id":0,"_jetpack_memberships_contains_paywalled_content":false,"_jetpack_memberships_contains_paid_content":false,"footnotes":""},"categories":[80],"tags":[606,607],"class_list":["post-10435","post","type-post","status-publish","format-standard","has-post-thumbnail","hentry","category-cintillo","tag-ipn","tag-sep","entry"],"jetpack_featured_media_url":"http:\/\/www.grieta.org.mx\/wp-content\/uploads\/2018\/03\/14524434_1106112876131411_958039263622046936_o.jpg","jetpack_sharing_enabled":true,"jetpack_shortlink":"https:\/\/wp.me\/p7ZJR4-2Ij","jetpack_likes_enabled":false,"jetpack-related-posts":[{"id":10436,"url":"http:\/\/www.grieta.org.mx\/index.php\/2016\/05\/14\/conflictos-y-movilizaciones-en-el-instituto-politecnico-nacional\/","url_meta":{"origin":10435,"position":0},"title":"Conflictos y movilizaciones en el Instituto Polit\u00e9cnico Nacional","author":"grieta","date":"14 mayo, 2016","format":false,"excerpt":"13\/05\/16. La defensa del Poli es una cuesti\u00f3n de autonom\u00eda y de una generaci\u00f3n que lo siente suyoDesinform\u00e9monos 23\/04\/16. Estudiantes dan plazo a director del IPN para esclarecer acuerdos con SEPSomos el medio 22\/04\/16. Cerca de 10 Vocacionales entran en paroSomos el medio 16\/04\/16. SEP intenta nigunearnos, error en la\u2026","rel":"","context":"En &quot;Ciudad de M\u00e9xico&quot;","block_context":{"text":"Ciudad de M\u00e9xico","link":"http:\/\/www.grieta.org.mx\/index.php\/category\/noticias-nacionales\/ciudad-de-mexico\/"},"img":{"alt_text":"","src":"https:\/\/i0.wp.com\/www.grieta.org.mx\/wp-content\/uploads\/2018\/03\/14524434_1106112876131411_958039263622046936_o.jpg?resize=350%2C200","width":350,"height":200,"srcset":"https:\/\/i0.wp.com\/www.grieta.org.mx\/wp-content\/uploads\/2018\/03\/14524434_1106112876131411_958039263622046936_o.jpg?resize=350%2C200 1x, https:\/\/i0.wp.com\/www.grieta.org.mx\/wp-content\/uploads\/2018\/03\/14524434_1106112876131411_958039263622046936_o.jpg?resize=525%2C300 1.5x, https:\/\/i0.wp.com\/www.grieta.org.mx\/wp-content\/uploads\/2018\/03\/14524434_1106112876131411_958039263622046936_o.jpg?resize=700%2C400 2x"},"classes":[]},{"id":10725,"url":"http:\/\/www.grieta.org.mx\/index.php\/2016\/04\/16\/amagan-con-escalar-protestas-contra-nuno\/","url_meta":{"origin":10435,"position":1},"title":"Amagan con escalar protestas contra Nu\u00f1o","author":"grieta","date":"16 abril, 2016","format":false,"excerpt":"Juli\u00e1n S\u00e1nchez Alumnos del IPN, UNAM y UAM, por frente contra reforma educativa; titular de SEP les pide no dejarse confundir Estudiantes del Instituto Polit\u00e9cnico Nacional (IPN) y de las universidades Aut\u00f3noma Metropolitana (UAM) y la Nacional Aut\u00f3noma de M\u00e9xico (UNAM) advirtieron que protestar\u00e1n en los actos donde se presente\u2026","rel":"","context":"En &quot;CINTILLO&quot;","block_context":{"text":"CINTILLO","link":"http:\/\/www.grieta.org.mx\/index.php\/category\/cintillo\/"},"img":{"alt_text":"","src":"https:\/\/i0.wp.com\/www.grieta.org.mx\/wp-content\/uploads\/2018\/03\/14524434_1106112876131411_958039263622046936_o.jpg?resize=350%2C200","width":350,"height":200,"srcset":"https:\/\/i0.wp.com\/www.grieta.org.mx\/wp-content\/uploads\/2018\/03\/14524434_1106112876131411_958039263622046936_o.jpg?resize=350%2C200 1x, https:\/\/i0.wp.com\/www.grieta.org.mx\/wp-content\/uploads\/2018\/03\/14524434_1106112876131411_958039263622046936_o.jpg?resize=525%2C300 1.5x, https:\/\/i0.wp.com\/www.grieta.org.mx\/wp-content\/uploads\/2018\/03\/14524434_1106112876131411_958039263622046936_o.jpg?resize=700%2C400 2x"},"classes":[]},{"id":10491,"url":"http:\/\/www.grieta.org.mx\/index.php\/2016\/04\/16\/se-reactiva-el-movimiento-estudiantil-del-ipn\/","url_meta":{"origin":10435,"position":2},"title":"Se reactiva el movimiento estudiantil del IPN","author":"grieta","date":"16 abril, 2016","format":false,"excerpt":"Somos el medio Foto: Ricardo Ortiz\/Somoselmedio.org Marchan estudiantes del IPN del Casco y Zacatenco a la SEP Ricardo Ortiz Cerca de cinco mil estudiantes del Instituto Polit\u00e9cnico Nacional (IPN) marcharon este jueves 14 de abril, partiendo del Casco de Santo Tom\u00e1s y Zacatenco hasta la Secretar\u00eda de Educaci\u00f3n P\u00fablica (SEP),\u2026","rel":"","context":"En &quot;CINTILLO&quot;","block_context":{"text":"CINTILLO","link":"http:\/\/www.grieta.org.mx\/index.php\/category\/cintillo\/"},"img":{"alt_text":"","src":"https:\/\/i0.wp.com\/www.grieta.org.mx\/wp-content\/uploads\/2018\/03\/14524434_1106112876131411_958039263622046936_o.jpg?resize=350%2C200","width":350,"height":200,"srcset":"https:\/\/i0.wp.com\/www.grieta.org.mx\/wp-content\/uploads\/2018\/03\/14524434_1106112876131411_958039263622046936_o.jpg?resize=350%2C200 1x, https:\/\/i0.wp.com\/www.grieta.org.mx\/wp-content\/uploads\/2018\/03\/14524434_1106112876131411_958039263622046936_o.jpg?resize=525%2C300 1.5x, https:\/\/i0.wp.com\/www.grieta.org.mx\/wp-content\/uploads\/2018\/03\/14524434_1106112876131411_958039263622046936_o.jpg?resize=700%2C400 2x"},"classes":[]},{"id":11409,"url":"http:\/\/www.grieta.org.mx\/index.php\/2016\/04\/23\/estudiantes-dan-plazo-a-director-del-ipn-para-esclarecer-acuerdos-con-sep\/","url_meta":{"origin":10435,"position":3},"title":"Estudiantes dan plazo a director del IPN para esclarecer acuerdos con SEP","author":"grieta","date":"23 abril, 2016","format":false,"excerpt":"Ricardo Ortiz Foto: Ricardo Ortiz\/Somoselmedio.org En caso de que no se presente, exigir\u00e1n su destituci\u00f3n del IPN Este jueves 21 de abril de 2016, cerca de dos mil estudiantes de diferentes escuelas, pertenecientes al Instituto Polit\u00e9cnico Nacional (IPN), realizaron una marcha alrededor de las 14:00 horas, misma que parti\u00f3 de\u2026","rel":"","context":"En &quot;cdmx&quot;","block_context":{"text":"cdmx","link":"http:\/\/www.grieta.org.mx\/index.php\/category\/cdmx\/"},"img":{"alt_text":"","src":"https:\/\/i0.wp.com\/www.grieta.org.mx\/wp-content\/uploads\/2018\/03\/14524434_1106112876131411_958039263622046936_o.jpg?resize=350%2C200","width":350,"height":200,"srcset":"https:\/\/i0.wp.com\/www.grieta.org.mx\/wp-content\/uploads\/2018\/03\/14524434_1106112876131411_958039263622046936_o.jpg?resize=350%2C200 1x, https:\/\/i0.wp.com\/www.grieta.org.mx\/wp-content\/uploads\/2018\/03\/14524434_1106112876131411_958039263622046936_o.jpg?resize=525%2C300 1.5x, https:\/\/i0.wp.com\/www.grieta.org.mx\/wp-content\/uploads\/2018\/03\/14524434_1106112876131411_958039263622046936_o.jpg?resize=700%2C400 2x"},"classes":[]},{"id":10730,"url":"http:\/\/www.grieta.org.mx\/index.php\/2016\/04\/16\/sep-intenta-nigunearnos-error-en-la-adscripcion-demuestra-que-no-tiene-plan-para-ipn-estudiantes\/","url_meta":{"origin":10435,"position":4},"title":"SEP intenta nigunearnos, error en la adscripci\u00f3n demuestra que no tiene plan para IPN: estudiantes","author":"grieta","date":"16 abril, 2016","format":false,"excerpt":"Sergio Rinc\u00f3n (16 de abril, 2016.Revoluci\u00f3nTRESPUNTOCERO).- La comunidad del Instituto Polit\u00e9cnico de Nacional (IPN) denunci\u00f3 que la Secretar\u00eda de Educaci\u00f3n P\u00fablica (SEP) intenta provocar un ambiente de incertidumbre, desinformaci\u00f3n e incluso dividir o afectar el movimiento estudiantil con los cambios y errores en las adscripciones publicadas en el Diario Oficial\u2026","rel":"","context":"En &quot;CINTILLO&quot;","block_context":{"text":"CINTILLO","link":"http:\/\/www.grieta.org.mx\/index.php\/category\/cintillo\/"},"img":{"alt_text":"","src":"https:\/\/i0.wp.com\/www.grieta.org.mx\/wp-content\/uploads\/2018\/03\/14524434_1106112876131411_958039263622046936_o.jpg?resize=350%2C200","width":350,"height":200,"srcset":"https:\/\/i0.wp.com\/www.grieta.org.mx\/wp-content\/uploads\/2018\/03\/14524434_1106112876131411_958039263622046936_o.jpg?resize=350%2C200 1x, https:\/\/i0.wp.com\/www.grieta.org.mx\/wp-content\/uploads\/2018\/03\/14524434_1106112876131411_958039263622046936_o.jpg?resize=525%2C300 1.5x, https:\/\/i0.wp.com\/www.grieta.org.mx\/wp-content\/uploads\/2018\/03\/14524434_1106112876131411_958039263622046936_o.jpg?resize=700%2C400 2x"},"classes":[]},{"id":43887,"url":"http:\/\/www.grieta.org.mx\/index.php\/2020\/01\/29\/continua-paro-en-tres-escuelas-del-ipn-ciudad-de-mexico\/","url_meta":{"origin":10435,"position":5},"title":"Contin\u00faa paro en tres escuelas del IPN (Ciudad de M\u00e9xico)","author":"grieta","date":"29 enero, 2020","format":false,"excerpt":"La Escuela Nacional de Medicina y Homeopat\u00eda. (Archivo) Alma Paola Wong \/ Milenio El Instituto Polit\u00e9cnico Nacional garantiz\u00f3 que todos los estudiantes podr\u00e1n inscribirse; sin embargo, los alumnos aseguraron que hasta esta ma\u00f1ana no se hab\u00eda establecido comunicaci\u00f3n con las autoridades. La Escuela Nacional de Ciencias Biol\u00f3gicas (ENCB) en el\u2026","rel":"","context":"En &quot;CINTILLO&quot;","block_context":{"text":"CINTILLO","link":"http:\/\/www.grieta.org.mx\/index.php\/category\/cintillo\/"},"img":{"alt_text":"","src":"https:\/\/i0.wp.com\/www.grieta.org.mx\/wp-content\/uploads\/2020\/02\/Contin%C3%BAa-paro-en-tres-escuelas-del-IPN-cdmx-feb.jpeg?resize=350%2C200","width":350,"height":200,"srcset":"https:\/\/i0.wp.com\/www.grieta.org.mx\/wp-content\/uploads\/2020\/02\/Contin%C3%BAa-paro-en-tres-escuelas-del-IPN-cdmx-feb.jpeg?resize=350%2C200 1x, https:\/\/i0.wp.com\/www.grieta.org.mx\/wp-content\/uploads\/2020\/02\/Contin%C3%BAa-paro-en-tres-escuelas-del-IPN-cdmx-feb.jpeg?resize=525%2C300 1.5x, https:\/\/i0.wp.com\/www.grieta.org.mx\/wp-content\/uploads\/2020\/02\/Contin%C3%BAa-paro-en-tres-escuelas-del-IPN-cdmx-feb.jpeg?resize=700%2C400 2x"},"classes":[]}],"_links":{"self":[{"href":"http:\/\/www.grieta.org.mx\/index.php\/wp-json\/wp\/v2\/posts\/10435","targetHints":{"allow":["GET"]}}],"collection":[{"href":"http:\/\/www.grieta.org.mx\/index.php\/wp-json\/wp\/v2\/posts"}],"about":[{"href":"http:\/\/www.grieta.org.mx\/index.php\/wp-json\/wp\/v2\/types\/post"}],"author":[{"embeddable":true,"href":"http:\/\/www.grieta.org.mx\/index.php\/wp-json\/wp\/v2\/users\/2"}],"replies":[{"embeddable":true,"href":"http:\/\/www.grieta.org.mx\/index.php\/wp-json\/wp\/v2\/comments?post=10435"}],"version-history":[{"count":1,"href":"http:\/\/www.grieta.org.mx\/index.php\/wp-json\/wp\/v2\/posts\/10435\/revisions"}],"predecessor-version":[{"id":10437,"href":"http:\/\/www.grieta.org.mx\/index.php\/wp-json\/wp\/v2\/posts\/10435\/revisions\/10437"}],"wp:featuredmedia":[{"embeddable":true,"href":"http:\/\/www.grieta.org.mx\/index.php\/wp-json\/wp\/v2\/media\/21928"}],"wp:attachment":[{"href":"http:\/\/www.grieta.org.mx\/index.php\/wp-json\/wp\/v2\/media?parent=10435"}],"wp:term":[{"taxonomy":"category","embeddable":true,"href":"http:\/\/www.grieta.org.mx\/index.php\/wp-json\/wp\/v2\/categories?post=10435"},{"taxonomy":"post_tag","embeddable":true,"href":"http:\/\/www.grieta.org.mx\/index.php\/wp-json\/wp\/v2\/tags?post=10435"}],"curies":[{"name":"wp","href":"https:\/\/api.w.org\/{rel}","templated":true}]}}