{"id":10411,"date":"2016-04-13T23:56:10","date_gmt":"2016-04-13T23:56:10","guid":{"rendered":"http:\/\/www.grieta.org.mx\/?p=10411"},"modified":"2018-08-03T17:43:42","modified_gmt":"2018-08-03T22:43:42","slug":"hoy-consulta-sobre-siembra-de-soya-transgenica","status":"publish","type":"post","link":"http:\/\/www.grieta.org.mx\/index.php\/2016\/04\/13\/hoy-consulta-sobre-siembra-de-soya-transgenica\/","title":{"rendered":"Hoy, consulta sobre siembra de soya transg\u00e9nica"},"content":{"rendered":"<p>HOPELCHEN, Cam., 13 de abril.- Todo se encuentra listo para que hoy se lleve a cabo la consulta sobre la pertinencia de la siembra de soya gen\u00e9ticamente modificada, esto en acatamiento al mandato de la Suprema Corte de Justicia de la Naci\u00f3n, en el sentido de conocer la opini\u00f3n de comunidades y productores ind\u00edgenas asentados en el municipio que interpusieron recurso ante el m\u00e1ximo tribunal del pa\u00eds, y es por ello que una comisi\u00f3n intersecretarial ser\u00e1 la encargada de este proceso.<br \/>\nDio a conocer lo anterior David Chay Vela, director del Centro para el Desarrollo Ind\u00edgena de este municipio, quien agreg\u00f3 que como instituci\u00f3n tiene el compromiso de que este proceso sea abierto, libre, informado y m\u00e1s que nada que se conozca y respete las opiniones de las etnias.<br \/>\nChay Vela precis\u00f3 que para ello est\u00e1n invitadas las comunidades y grupos de productores del municipio, invitaci\u00f3n que se transmiti\u00f3 a trav\u00e9s de comisarios ejidales, comisarios y agentes municipales, as\u00ed como de grupos sociales organizados, quienes hicieron lo propio en sus respectivas localidades.<br \/>\nLa Comisi\u00f3n Intersecretarial de Bioseguridad de los Organismos Gen\u00e9ticamente Modificados (CIBIOGEM) es la encargada de este proceso y la Comisi\u00f3n para el Desarrollo de los Pueblos Ind\u00edgenas es coadyuvante para que este proceso se lleve de acuerdo a la normatividad establecida, derivado de una inconformidad de productores y comunidades ind\u00edgenas afectados por la siembra de soya gen\u00e9ticamente modificado, que aunque cient\u00edficamente no se tiene nada en concreto, el caso es poner el tema sobre la mesa para que se conozcan diversas opiniones que puedan ser a favor o en contra surgidas de quienes se sienten afectados.<br \/>\nAsimismo, Chay Vela adelant\u00f3 que hoy jueves, en el auditorio de la Comisi\u00f3n para el Desarrollo de los Pueblos Ind\u00edgenas de esta ciudad se har\u00e1 entrega de recursos por un monto de 4 millones 389 mil pesos del programa para el mejoramiento de la producci\u00f3n y productividad ind\u00edgena 2016, que se entregar\u00e1n a 21 organizaciones de la jurisdicci\u00f3n de ese centro de desarrollo ind\u00edgena.<br \/>\nEste evento es previo a la consulta sobre la siembra de soya gen\u00e9ticamente modificada que se llevar\u00e1 a cabo a las 11 horas en el sal\u00f3n de usos m\u00faltiples del centro cultural Los Chenes.<br \/>\n(Jorge Alberto Uc Moreno)<\/p>\n<p><a href=\"https:\/\/www.poresto.net\/ver_nota.php?zona=yucatan&#038;idSeccion=31&#038;idTitulo=471365\" target=\"_blank\">https:\/\/www.poresto.net\/ver_nota.php?zona=yucatan&#038;idSeccion=31&#038;idTitulo=471365<\/a><\/p>\n","protected":false},"excerpt":{"rendered":"<p>HOPELCHEN, Cam., 13 de abril.- Todo se encuentra listo para que hoy se lleve a cabo la consulta sobre la pertinencia de la siembra de soya gen\u00e9ticamente modificada, esto en &hellip; <a href=\"http:\/\/www.grieta.org.mx\/index.php\/2016\/04\/13\/hoy-consulta-sobre-siembra-de-soya-transgenica\/\" class=\"more-link\">Leer m\u00e1s<\/a><\/p>\n","protected":false},"author":2,"featured_media":21928,"comment_status":"closed","ping_status":"closed","sticky":false,"template":"","format":"standard","meta":{"ngg_post_thumbnail":0,"_jetpack_newsletter_access":"","_jetpack_dont_email_post_to_subs":false,"_jetpack_newsletter_tier_id":0,"_jetpack_memberships_contains_paywalled_content":false,"_jetpack_memberships_contains_paid_content":false,"footnotes":""},"categories":[60,123,11,80,958,976,984,1,954,2,28,1151,1152,1153,36],"tags":[219,159],"class_list":{"0":"post-10411","1":"post","2":"type-post","3":"status-publish","4":"format-standard","5":"has-post-thumbnail","6":"hentry","7":"category-16-pueblo-maya","8":"category-campeche","10":"category-cintillo","11":"category-esp-campeche","12":"category-esp-quintana-roo","13":"category-esp-yucatan","14":"category-espejos-de-la-resistencia","15":"category-espejos-estados","16":"category-noticias-nacionales","17":"category-quintana-roo","18":"category-se-organizan-para-frenar-avance-de-transgenicos-en-yucatan-campeche-y-quintana-roo","19":"category-se-organizan-para-frenar-avance-de-transgenicos-en-yucatan-campeche-y-quintana-roo-yucatan","20":"category-se-organizan-para-frenar-avance-de-transgenicos-en-yucatan-campeche-y-quintana-roo-quintana-roo","21":"category-yucatan","22":"tag-consulta","23":"tag-transgenicos","24":"entry"},"jetpack_featured_media_url":"http:\/\/www.grieta.org.mx\/wp-content\/uploads\/2018\/03\/14524434_1106112876131411_958039263622046936_o.jpg","jetpack_sharing_enabled":true,"jetpack_shortlink":"https:\/\/wp.me\/p7ZJR4-2HV","jetpack_likes_enabled":false,"jetpack-related-posts":[{"id":17044,"url":"http:\/\/www.grieta.org.mx\/index.php\/2016\/07\/05\/dicen-no-a-transgenicos-campeche\/","url_meta":{"origin":10411,"position":0},"title":"Dicen no a transg\u00e9nicos (Campeche)","author":"grieta","date":"5 julio, 2016","format":false,"excerpt":"Hopelch\u00e9n: En Iturbide no se sembrar\u00e1 ning\u00fan cent\u00edmetro de soya transg\u00e9nica, advirti\u00f3 el comisario ejidal Abelardo Brice\u00f1o Montoy, quien dijo que en asamblea, los ejidatarios acordaron que no se d\u00e9 lugar a cultivos con semillas gen\u00e9ticamente modificadas, pues ponen en riesgo al sector ap\u00edcola. En entrevista con TRIBUNA la autoridad\u2026","rel":"","context":"En &quot;16. Pueblo Maya&quot;","block_context":{"text":"16. Pueblo Maya","link":"http:\/\/www.grieta.org.mx\/index.php\/category\/espejos-de-la-resistencia\/16-pueblo-maya\/"},"img":{"alt_text":"","src":"https:\/\/i0.wp.com\/www.grieta.org.mx\/wp-content\/uploads\/2018\/03\/14524434_1106112876131411_958039263622046936_o.jpg?resize=350%2C200","width":350,"height":200,"srcset":"https:\/\/i0.wp.com\/www.grieta.org.mx\/wp-content\/uploads\/2018\/03\/14524434_1106112876131411_958039263622046936_o.jpg?resize=350%2C200 1x, https:\/\/i0.wp.com\/www.grieta.org.mx\/wp-content\/uploads\/2018\/03\/14524434_1106112876131411_958039263622046936_o.jpg?resize=525%2C300 1.5x, https:\/\/i0.wp.com\/www.grieta.org.mx\/wp-content\/uploads\/2018\/03\/14524434_1106112876131411_958039263622046936_o.jpg?resize=700%2C400 2x"},"classes":[]},{"id":11490,"url":"http:\/\/www.grieta.org.mx\/index.php\/2016\/04\/26\/continua-la-siembra-de-soya-transgenica-en-q-roo\/","url_meta":{"origin":10411,"position":1},"title":"Contin\u00faa la siembra de soya transg\u00e9nica en Q. Roo","author":"grieta","date":"26 abril, 2016","format":false,"excerpt":"Sentencia de amparo no responde la anulaci\u00f3n del permiso que le otorgaron a Monsanto. Javier Ortiz\/SIPSE BACALAR, Q. Roo.- Tras a\u00f1o y medio de esperar resoluci\u00f3n del juez sexto de distrito, productores de ma\u00edz y apicultores de varias comunidades del municipio de Bacalar, se dijeron decepcionados, pues s\u00f3lo recibieron resoluci\u00f3n\u2026","rel":"","context":"En &quot;16. Pueblo Maya&quot;","block_context":{"text":"16. Pueblo Maya","link":"http:\/\/www.grieta.org.mx\/index.php\/category\/espejos-de-la-resistencia\/16-pueblo-maya\/"},"img":{"alt_text":"","src":"https:\/\/i0.wp.com\/www.grieta.org.mx\/wp-content\/uploads\/2018\/03\/14524434_1106112876131411_958039263622046936_o.jpg?resize=350%2C200","width":350,"height":200,"srcset":"https:\/\/i0.wp.com\/www.grieta.org.mx\/wp-content\/uploads\/2018\/03\/14524434_1106112876131411_958039263622046936_o.jpg?resize=350%2C200 1x, https:\/\/i0.wp.com\/www.grieta.org.mx\/wp-content\/uploads\/2018\/03\/14524434_1106112876131411_958039263622046936_o.jpg?resize=525%2C300 1.5x, https:\/\/i0.wp.com\/www.grieta.org.mx\/wp-content\/uploads\/2018\/03\/14524434_1106112876131411_958039263622046936_o.jpg?resize=700%2C400 2x"},"classes":[]},{"id":912,"url":"http:\/\/www.grieta.org.mx\/index.php\/2016\/09\/13\/se-organizan-para-frenar-avance-de-transgenicos-en-yucatan-campeche-y-quintana-roo\/","url_meta":{"origin":10411,"position":2},"title":"Se organizan para frenar avance de transg\u00e9nicos en Yucat\u00e1n, Campeche y Quintana Roo","author":"grieta","date":"13 septiembre, 2016","format":false,"excerpt":"13\/04\/16. Conformaci\u00f3n de la Misi\u00f3n de Observaci\u00f3n de la Consulta al pueblo Maya sobre la siembra de soya gen\u00e9ticamente modificada de la empresa Monsanto Cayacyucatan 01\/04\/16. Irregularidades en Consulta Ind\u00edgena sobre la siembra de soya gen\u00e9ticamente en Campeche Infolliteras 22\/02\/16. Campeche, en mapa global sobre Riesgos Ambientales. Lo catalogan por\u2026","rel":"","context":"En &quot;16. Pueblo Maya&quot;","block_context":{"text":"16. Pueblo Maya","link":"http:\/\/www.grieta.org.mx\/index.php\/category\/espejos-de-la-resistencia\/16-pueblo-maya\/"},"img":{"alt_text":"","src":"https:\/\/i0.wp.com\/www.grieta.org.mx\/wp-content\/uploads\/2018\/03\/14524434_1106112876131411_958039263622046936_o.jpg?resize=350%2C200","width":350,"height":200,"srcset":"https:\/\/i0.wp.com\/www.grieta.org.mx\/wp-content\/uploads\/2018\/03\/14524434_1106112876131411_958039263622046936_o.jpg?resize=350%2C200 1x, https:\/\/i0.wp.com\/www.grieta.org.mx\/wp-content\/uploads\/2018\/03\/14524434_1106112876131411_958039263622046936_o.jpg?resize=525%2C300 1.5x, https:\/\/i0.wp.com\/www.grieta.org.mx\/wp-content\/uploads\/2018\/03\/14524434_1106112876131411_958039263622046936_o.jpg?resize=700%2C400 2x"},"classes":[]},{"id":17435,"url":"http:\/\/www.grieta.org.mx\/index.php\/2016\/07\/20\/firmas-contra-transgenicos-campeche\/","url_meta":{"origin":10411,"position":3},"title":"Firmas contra transg\u00e9nicos (Campeche)","author":"grieta","date":"20 julio, 2016","format":false,"excerpt":"Ejidatarios de Iturbide, Hopelch\u00e9n, entregaron ayer documento con 540 firmas a la Comisi\u00f3n de Derechos Humanos del Estado de Campeche (Codhecam), en que rechazan la siembra de soya transg\u00e9nica, ya que la consideran da\u00f1ina para la salud y de inter\u00e9s exclusivo de menonitas. Los comisarios ejidal y municipal Abelardo Brice\u00f1o\u2026","rel":"","context":"En &quot;16. Pueblo Maya&quot;","block_context":{"text":"16. Pueblo Maya","link":"http:\/\/www.grieta.org.mx\/index.php\/category\/espejos-de-la-resistencia\/16-pueblo-maya\/"},"img":{"alt_text":"","src":"https:\/\/i0.wp.com\/www.grieta.org.mx\/wp-content\/uploads\/2018\/03\/14524434_1106112876131411_958039263622046936_o.jpg?resize=350%2C200","width":350,"height":200,"srcset":"https:\/\/i0.wp.com\/www.grieta.org.mx\/wp-content\/uploads\/2018\/03\/14524434_1106112876131411_958039263622046936_o.jpg?resize=350%2C200 1x, https:\/\/i0.wp.com\/www.grieta.org.mx\/wp-content\/uploads\/2018\/03\/14524434_1106112876131411_958039263622046936_o.jpg?resize=525%2C300 1.5x, https:\/\/i0.wp.com\/www.grieta.org.mx\/wp-content\/uploads\/2018\/03\/14524434_1106112876131411_958039263622046936_o.jpg?resize=700%2C400 2x"},"classes":[]},{"id":15367,"url":"http:\/\/www.grieta.org.mx\/index.php\/2016\/06\/19\/suspenden-a-monsanto-permiso-de-siembra-de-soya-modificada-en-yucatan\/","url_meta":{"origin":10411,"position":4},"title":"Suspenden a Monsanto permiso de siembra de soya modificada en Yucat\u00e1n","author":"grieta","date":"19 junio, 2016","format":false,"excerpt":"La trasnacional recibi\u00f3 el aviso de parte del sector agropecuario el pasado martes 14 de junio, luego de una resoluci\u00f3n de un juzgado con sede en Yucat\u00e1n; estim\u00f3 que habr\u00eda alrededor de 6 mil agricultores afectados. La empresa productora de semillas Monsanto inform\u00f3 que el pasado martes recibi\u00f3 una notificaci\u00f3n\u2026","rel":"","context":"En &quot;16. Pueblo Maya&quot;","block_context":{"text":"16. Pueblo Maya","link":"http:\/\/www.grieta.org.mx\/index.php\/category\/espejos-de-la-resistencia\/16-pueblo-maya\/"},"img":{"alt_text":"","src":"https:\/\/i0.wp.com\/www.grieta.org.mx\/wp-content\/uploads\/2018\/03\/14524434_1106112876131411_958039263622046936_o.jpg?resize=350%2C200","width":350,"height":200,"srcset":"https:\/\/i0.wp.com\/www.grieta.org.mx\/wp-content\/uploads\/2018\/03\/14524434_1106112876131411_958039263622046936_o.jpg?resize=350%2C200 1x, https:\/\/i0.wp.com\/www.grieta.org.mx\/wp-content\/uploads\/2018\/03\/14524434_1106112876131411_958039263622046936_o.jpg?resize=525%2C300 1.5x, https:\/\/i0.wp.com\/www.grieta.org.mx\/wp-content\/uploads\/2018\/03\/14524434_1106112876131411_958039263622046936_o.jpg?resize=700%2C400 2x"},"classes":[]},{"id":1363,"url":"http:\/\/www.grieta.org.mx\/index.php\/2015\/11\/20\/campesinos-votaran-para-decidir-sobre-siembra-de-soya-transgenica\/","url_meta":{"origin":10411,"position":5},"title":"Campesinos votar\u00e1n para decidir sobre siembra de soya transg\u00e9nica","author":"grieta","date":"20 noviembre, 2015","format":false,"excerpt":"M\u00c9RIDA, Yucat\u00e1n, 20 de noviembre.\u2013 Los municipios de Peto, Oxcutzcab,Teabo,Santa Elena, Tekax,Tzucacab y Tizim\u00edn emitar\u00e1n sus votos a favor o en contra sobre el asunto de la siembra de la soya transg\u00e9nica en sus tierras que forma parte del proyecto Monsanto de sembrar y patentar semillas en tierras peninsulares; esto\u2026","rel":"","context":"En &quot;16. Pueblo Maya&quot;","block_context":{"text":"16. Pueblo Maya","link":"http:\/\/www.grieta.org.mx\/index.php\/category\/espejos-de-la-resistencia\/16-pueblo-maya\/"},"img":{"alt_text":"","src":"https:\/\/i0.wp.com\/www.grieta.org.mx\/wp-content\/uploads\/2018\/03\/14524434_1106112876131411_958039263622046936_o.jpg?resize=350%2C200","width":350,"height":200,"srcset":"https:\/\/i0.wp.com\/www.grieta.org.mx\/wp-content\/uploads\/2018\/03\/14524434_1106112876131411_958039263622046936_o.jpg?resize=350%2C200 1x, https:\/\/i0.wp.com\/www.grieta.org.mx\/wp-content\/uploads\/2018\/03\/14524434_1106112876131411_958039263622046936_o.jpg?resize=525%2C300 1.5x, https:\/\/i0.wp.com\/www.grieta.org.mx\/wp-content\/uploads\/2018\/03\/14524434_1106112876131411_958039263622046936_o.jpg?resize=700%2C400 2x"},"classes":[]}],"_links":{"self":[{"href":"http:\/\/www.grieta.org.mx\/index.php\/wp-json\/wp\/v2\/posts\/10411","targetHints":{"allow":["GET"]}}],"collection":[{"href":"http:\/\/www.grieta.org.mx\/index.php\/wp-json\/wp\/v2\/posts"}],"about":[{"href":"http:\/\/www.grieta.org.mx\/index.php\/wp-json\/wp\/v2\/types\/post"}],"author":[{"embeddable":true,"href":"http:\/\/www.grieta.org.mx\/index.php\/wp-json\/wp\/v2\/users\/2"}],"replies":[{"embeddable":true,"href":"http:\/\/www.grieta.org.mx\/index.php\/wp-json\/wp\/v2\/comments?post=10411"}],"version-history":[{"count":1,"href":"http:\/\/www.grieta.org.mx\/index.php\/wp-json\/wp\/v2\/posts\/10411\/revisions"}],"predecessor-version":[{"id":10413,"href":"http:\/\/www.grieta.org.mx\/index.php\/wp-json\/wp\/v2\/posts\/10411\/revisions\/10413"}],"wp:featuredmedia":[{"embeddable":true,"href":"http:\/\/www.grieta.org.mx\/index.php\/wp-json\/wp\/v2\/media\/21928"}],"wp:attachment":[{"href":"http:\/\/www.grieta.org.mx\/index.php\/wp-json\/wp\/v2\/media?parent=10411"}],"wp:term":[{"taxonomy":"category","embeddable":true,"href":"http:\/\/www.grieta.org.mx\/index.php\/wp-json\/wp\/v2\/categories?post=10411"},{"taxonomy":"post_tag","embeddable":true,"href":"http:\/\/www.grieta.org.mx\/index.php\/wp-json\/wp\/v2\/tags?post=10411"}],"curies":[{"name":"wp","href":"https:\/\/api.w.org\/{rel}","templated":true}]}}